{"id":1823,"date":"2024-07-07T11:45:24","date_gmt":"2024-07-07T11:45:24","guid":{"rendered":"https:\/\/stourm.news\/?p=1823"},"modified":"2024-07-07T11:45:24","modified_gmt":"2024-07-07T11:45:24","slug":"rodeo-urbain-a-vannes-apres-un-mariage-deux-vehicules-accidentes","status":"publish","type":"post","link":"https:\/\/stourm.news\/?p=1823","title":{"rendered":"Rod\u00e9o urbain \u00e0 Vannes apr\u00e8s un mariage : deux v\u00e9hicules accident\u00e9s"},"content":{"rendered":"<p style=\"text-align: justify;\">Ce samedi 6 juillet, un convoi d\u2019automobiles de forte cylindr\u00e9e s\u2019est adonn\u00e9 \u00e0 <strong>un rod\u00e9o urbain<\/strong> c\u00e9l\u00e9brant <strong>un mariage<\/strong> \u00e0 Vannes. Les auteurs qui ont accident\u00e9 leurs v\u00e9hicules, ont \u00e9t\u00e9 verbalis\u00e9s pour conduites dangereuses et d\u00e9fauts d\u2019assurances.<\/p>\n<p style=\"text-align: justify;\">\u00c0 Vannes, ce samedi 6 juillet, un mariage avec une centaine de convives a \u00e9t\u00e9 c\u00e9l\u00e9br\u00e9 dans l\u2019apr\u00e8s-midi. En d\u00e9but de soir\u00e9e, plusieurs invit\u00e9s ont c\u00e9l\u00e9br\u00e9 l\u2019\u00e9v\u00e8nement au volant de voitures de locations de forte cylindr\u00e9e, en se livrant \u00e0 des rod\u00e9os automobiles.<\/p>\n<p style=\"text-align: justify;\">Source : <a href=\"https:\/\/www.letelegramme.fr\/morbihan\/vannes-56000\/rodeo-urbain-a-vannes-apres-un-mariage-deux-vehicules-accidentes-6621186.php\">Le T\u00e9l\u00e9gramme<\/a><\/p>\n","protected":false},"excerpt":{"rendered":"<p>Ce samedi 6 juillet, un convoi d\u2019automobiles de forte cylindr\u00e9e s\u2019est adonn\u00e9 \u00e0 un rod\u00e9o urbain c\u00e9l\u00e9brant un mariage \u00e0 Vannes. Les auteurs qui ont accident\u00e9 leurs v\u00e9hicules, ont \u00e9t\u00e9 verbalis\u00e9s pour conduites dangereuses et d\u00e9fauts d\u2019assurances. \u00c0 Vannes, ce samedi 6 juillet, un mariage avec une centaine de convives a \u00e9t\u00e9 c\u00e9l\u00e9br\u00e9 dans l\u2019apr\u00e8s-midi. [&hellip;]<\/p>\n","protected":false},"author":1,"featured_media":1824,"comment_status":"open","ping_status":"open","sticky":false,"template":"","format":"standard","meta":{"sb_editor_width":"","footnotes":""},"categories":[52,40,62],"tags":[],"class_list":["post-1823","post","type-post","status-publish","format-standard","has-post-thumbnail","hentry","category-faits-divers","category-morbihan","category-revue-de-presse"],"relative_dates":{"created":"2 ans ago","modified":"2 ans ago"},"yoast_head":"<!-- This site is optimized with the Yoast SEO plugin v26.3 - https:\/\/yoast.com\/wordpress\/plugins\/seo\/ -->\n<title>Rod\u00e9o urbain \u00e0 Vannes apr\u00e8s un mariage : deux v\u00e9hicules accident\u00e9s - STOURM<\/title>\n<meta name=\"robots\" content=\"index, follow, max-snippet:-1, max-image-preview:large, max-video-preview:-1\" \/>\n<link rel=\"canonical\" href=\"https:\/\/stourm.news\/?p=1823\" \/>\n<meta property=\"og:locale\" content=\"fr_FR\" \/>\n<meta property=\"og:type\" content=\"article\" \/>\n<meta property=\"og:title\" content=\"Rod\u00e9o urbain \u00e0 Vannes apr\u00e8s un mariage : deux v\u00e9hicules accident\u00e9s - STOURM\" \/>\n<meta property=\"og:description\" content=\"Ce samedi 6 juillet, un convoi d\u2019automobiles de forte cylindr\u00e9e s\u2019est adonn\u00e9 \u00e0 un rod\u00e9o urbain c\u00e9l\u00e9brant un mariage \u00e0 Vannes. Les auteurs qui ont accident\u00e9 leurs v\u00e9hicules, ont \u00e9t\u00e9 verbalis\u00e9s pour conduites dangereuses et d\u00e9fauts d\u2019assurances. \u00c0 Vannes, ce samedi 6 juillet, un mariage avec une centaine de convives a \u00e9t\u00e9 c\u00e9l\u00e9br\u00e9 dans l\u2019apr\u00e8s-midi. [&hellip;]\" \/>\n<meta property=\"og:url\" content=\"https:\/\/stourm.news\/?p=1823\" \/>\n<meta property=\"og:site_name\" content=\"STOURM\" \/>\n<meta property=\"article:publisher\" content=\"https:\/\/www.facebook.com\/stourmnews\/\" \/>\n<meta property=\"article:published_time\" content=\"2024-07-07T11:45:24+00:00\" \/>\n<meta property=\"og:image\" content=\"https:\/\/stourm.news\/wp-content\/uploads\/2024\/07\/1444x920_illustration-voiture-decoree-mariage.webp\" \/>\n\t<meta property=\"og:image:width\" content=\"1296\" \/>\n\t<meta property=\"og:image:height\" content=\"825\" \/>\n\t<meta property=\"og:image:type\" content=\"image\/webp\" \/>\n<meta name=\"author\" content=\"La r\u00e9daction\" \/>\n<meta name=\"twitter:card\" content=\"summary_large_image\" \/>\n<meta name=\"twitter:label1\" content=\"\u00c9crit par\" \/>\n\t<meta name=\"twitter:data1\" content=\"La r\u00e9daction\" \/>\n\t<meta name=\"twitter:label2\" content=\"Dur\u00e9e de lecture estim\u00e9e\" \/>\n\t<meta name=\"twitter:data2\" content=\"1 minute\" \/>\n<script type=\"application\/ld+json\" class=\"yoast-schema-graph\">{\"@context\":\"https:\/\/schema.org\",\"@graph\":[{\"@type\":\"Article\",\"@id\":\"https:\/\/stourm.news\/?p=1823#article\",\"isPartOf\":{\"@id\":\"https:\/\/stourm.news\/?p=1823\"},\"author\":{\"name\":\"La r\u00e9daction\",\"@id\":\"https:\/\/stourm.news\/#\/schema\/person\/c3e1dc65988632e190969234ef046cf9\"},\"headline\":\"Rod\u00e9o urbain \u00e0 Vannes apr\u00e8s un mariage : deux v\u00e9hicules accident\u00e9s\",\"datePublished\":\"2024-07-07T11:45:24+00:00\",\"mainEntityOfPage\":{\"@id\":\"https:\/\/stourm.news\/?p=1823\"},\"wordCount\":115,\"commentCount\":0,\"publisher\":{\"@id\":\"https:\/\/stourm.news\/#organization\"},\"image\":{\"@id\":\"https:\/\/stourm.news\/?p=1823#primaryimage\"},\"thumbnailUrl\":\"https:\/\/stourm.news\/wp-content\/uploads\/2024\/07\/1444x920_illustration-voiture-decoree-mariage.webp\",\"articleSection\":[\"Faits divers\",\"Morbihan\",\"Revue de presse\"],\"inLanguage\":\"fr-FR\",\"potentialAction\":[{\"@type\":\"CommentAction\",\"name\":\"Comment\",\"target\":[\"https:\/\/stourm.news\/?p=1823#respond\"]}]},{\"@type\":\"WebPage\",\"@id\":\"https:\/\/stourm.news\/?p=1823\",\"url\":\"https:\/\/stourm.news\/?p=1823\",\"name\":\"Rod\u00e9o urbain \u00e0 Vannes apr\u00e8s un mariage : deux v\u00e9hicules accident\u00e9s - STOURM\",\"isPartOf\":{\"@id\":\"https:\/\/stourm.news\/#website\"},\"primaryImageOfPage\":{\"@id\":\"https:\/\/stourm.news\/?p=1823#primaryimage\"},\"image\":{\"@id\":\"https:\/\/stourm.news\/?p=1823#primaryimage\"},\"thumbnailUrl\":\"https:\/\/stourm.news\/wp-content\/uploads\/2024\/07\/1444x920_illustration-voiture-decoree-mariage.webp\",\"datePublished\":\"2024-07-07T11:45:24+00:00\",\"breadcrumb\":{\"@id\":\"https:\/\/stourm.news\/?p=1823#breadcrumb\"},\"inLanguage\":\"fr-FR\",\"potentialAction\":[{\"@type\":\"ReadAction\",\"target\":[\"https:\/\/stourm.news\/?p=1823\"]}]},{\"@type\":\"ImageObject\",\"inLanguage\":\"fr-FR\",\"@id\":\"https:\/\/stourm.news\/?p=1823#primaryimage\",\"url\":\"https:\/\/stourm.news\/wp-content\/uploads\/2024\/07\/1444x920_illustration-voiture-decoree-mariage.webp\",\"contentUrl\":\"https:\/\/stourm.news\/wp-content\/uploads\/2024\/07\/1444x920_illustration-voiture-decoree-mariage.webp\",\"width\":1296,\"height\":825},{\"@type\":\"BreadcrumbList\",\"@id\":\"https:\/\/stourm.news\/?p=1823#breadcrumb\",\"itemListElement\":[{\"@type\":\"ListItem\",\"position\":1,\"name\":\"Accueil\",\"item\":\"https:\/\/stourm.news\/\"},{\"@type\":\"ListItem\",\"position\":2,\"name\":\"Rod\u00e9o urbain \u00e0 Vannes apr\u00e8s un mariage : deux v\u00e9hicules accident\u00e9s\"}]},{\"@type\":\"WebSite\",\"@id\":\"https:\/\/stourm.news\/#website\",\"url\":\"https:\/\/stourm.news\/\",\"name\":\"Stourm\",\"description\":\"Kazetenn Strollad Broadel Breizh\",\"publisher\":{\"@id\":\"https:\/\/stourm.news\/#organization\"},\"potentialAction\":[{\"@type\":\"SearchAction\",\"target\":{\"@type\":\"EntryPoint\",\"urlTemplate\":\"https:\/\/stourm.news\/?s={search_term_string}\"},\"query-input\":{\"@type\":\"PropertyValueSpecification\",\"valueRequired\":true,\"valueName\":\"search_term_string\"}}],\"inLanguage\":\"fr-FR\"},{\"@type\":\"Organization\",\"@id\":\"https:\/\/stourm.news\/#organization\",\"name\":\"Stourm\",\"url\":\"https:\/\/stourm.news\/\",\"logo\":{\"@type\":\"ImageObject\",\"inLanguage\":\"fr-FR\",\"@id\":\"https:\/\/stourm.news\/#\/schema\/logo\/image\/\",\"url\":\"https:\/\/stourm.news\/wp-content\/uploads\/2025\/11\/cropped-Capture-decran-2025-11-28-a-15.19.07.png\",\"contentUrl\":\"https:\/\/stourm.news\/wp-content\/uploads\/2025\/11\/cropped-Capture-decran-2025-11-28-a-15.19.07.png\",\"width\":1855,\"height\":383,\"caption\":\"Stourm\"},\"image\":{\"@id\":\"https:\/\/stourm.news\/#\/schema\/logo\/image\/\"},\"sameAs\":[\"https:\/\/www.facebook.com\/stourmnews\/\"]},{\"@type\":\"Person\",\"@id\":\"https:\/\/stourm.news\/#\/schema\/person\/c3e1dc65988632e190969234ef046cf9\",\"name\":\"La r\u00e9daction\",\"image\":{\"@type\":\"ImageObject\",\"inLanguage\":\"fr-FR\",\"@id\":\"https:\/\/stourm.news\/#\/schema\/person\/image\/\",\"url\":\"https:\/\/secure.gravatar.com\/avatar\/7463443f194b6b5fb706b074ca0ef59a0cfcfd720cb47764b0ec5a952ce422b3?s=96&d=mm&r=g\",\"contentUrl\":\"https:\/\/secure.gravatar.com\/avatar\/7463443f194b6b5fb706b074ca0ef59a0cfcfd720cb47764b0ec5a952ce422b3?s=96&d=mm&r=g\",\"caption\":\"La r\u00e9daction\"},\"sameAs\":[\"https:\/\/stourm.news\"],\"url\":\"https:\/\/stourm.news\/?author=1\"}]}<\/script>\n<!-- \/ Yoast SEO plugin. -->","yoast_head_json":{"title":"Rod\u00e9o urbain \u00e0 Vannes apr\u00e8s un mariage : deux v\u00e9hicules accident\u00e9s - STOURM","robots":{"index":"index","follow":"follow","max-snippet":"max-snippet:-1","max-image-preview":"max-image-preview:large","max-video-preview":"max-video-preview:-1"},"canonical":"https:\/\/stourm.news\/?p=1823","og_locale":"fr_FR","og_type":"article","og_title":"Rod\u00e9o urbain \u00e0 Vannes apr\u00e8s un mariage : deux v\u00e9hicules accident\u00e9s - STOURM","og_description":"Ce samedi 6 juillet, un convoi d\u2019automobiles de forte cylindr\u00e9e s\u2019est adonn\u00e9 \u00e0 un rod\u00e9o urbain c\u00e9l\u00e9brant un mariage \u00e0 Vannes. Les auteurs qui ont accident\u00e9 leurs v\u00e9hicules, ont \u00e9t\u00e9 verbalis\u00e9s pour conduites dangereuses et d\u00e9fauts d\u2019assurances. \u00c0 Vannes, ce samedi 6 juillet, un mariage avec une centaine de convives a \u00e9t\u00e9 c\u00e9l\u00e9br\u00e9 dans l\u2019apr\u00e8s-midi. [&hellip;]","og_url":"https:\/\/stourm.news\/?p=1823","og_site_name":"STOURM","article_publisher":"https:\/\/www.facebook.com\/stourmnews\/","article_published_time":"2024-07-07T11:45:24+00:00","og_image":[{"width":1296,"height":825,"url":"https:\/\/stourm.news\/wp-content\/uploads\/2024\/07\/1444x920_illustration-voiture-decoree-mariage.webp","type":"image\/webp"}],"author":"La r\u00e9daction","twitter_card":"summary_large_image","twitter_misc":{"\u00c9crit par":"La r\u00e9daction","Dur\u00e9e de lecture estim\u00e9e":"1 minute"},"schema":{"@context":"https:\/\/schema.org","@graph":[{"@type":"Article","@id":"https:\/\/stourm.news\/?p=1823#article","isPartOf":{"@id":"https:\/\/stourm.news\/?p=1823"},"author":{"name":"La r\u00e9daction","@id":"https:\/\/stourm.news\/#\/schema\/person\/c3e1dc65988632e190969234ef046cf9"},"headline":"Rod\u00e9o urbain \u00e0 Vannes apr\u00e8s un mariage : deux v\u00e9hicules accident\u00e9s","datePublished":"2024-07-07T11:45:24+00:00","mainEntityOfPage":{"@id":"https:\/\/stourm.news\/?p=1823"},"wordCount":115,"commentCount":0,"publisher":{"@id":"https:\/\/stourm.news\/#organization"},"image":{"@id":"https:\/\/stourm.news\/?p=1823#primaryimage"},"thumbnailUrl":"https:\/\/stourm.news\/wp-content\/uploads\/2024\/07\/1444x920_illustration-voiture-decoree-mariage.webp","articleSection":["Faits divers","Morbihan","Revue de presse"],"inLanguage":"fr-FR","potentialAction":[{"@type":"CommentAction","name":"Comment","target":["https:\/\/stourm.news\/?p=1823#respond"]}]},{"@type":"WebPage","@id":"https:\/\/stourm.news\/?p=1823","url":"https:\/\/stourm.news\/?p=1823","name":"Rod\u00e9o urbain \u00e0 Vannes apr\u00e8s un mariage : deux v\u00e9hicules accident\u00e9s - STOURM","isPartOf":{"@id":"https:\/\/stourm.news\/#website"},"primaryImageOfPage":{"@id":"https:\/\/stourm.news\/?p=1823#primaryimage"},"image":{"@id":"https:\/\/stourm.news\/?p=1823#primaryimage"},"thumbnailUrl":"https:\/\/stourm.news\/wp-content\/uploads\/2024\/07\/1444x920_illustration-voiture-decoree-mariage.webp","datePublished":"2024-07-07T11:45:24+00:00","breadcrumb":{"@id":"https:\/\/stourm.news\/?p=1823#breadcrumb"},"inLanguage":"fr-FR","potentialAction":[{"@type":"ReadAction","target":["https:\/\/stourm.news\/?p=1823"]}]},{"@type":"ImageObject","inLanguage":"fr-FR","@id":"https:\/\/stourm.news\/?p=1823#primaryimage","url":"https:\/\/stourm.news\/wp-content\/uploads\/2024\/07\/1444x920_illustration-voiture-decoree-mariage.webp","contentUrl":"https:\/\/stourm.news\/wp-content\/uploads\/2024\/07\/1444x920_illustration-voiture-decoree-mariage.webp","width":1296,"height":825},{"@type":"BreadcrumbList","@id":"https:\/\/stourm.news\/?p=1823#breadcrumb","itemListElement":[{"@type":"ListItem","position":1,"name":"Accueil","item":"https:\/\/stourm.news\/"},{"@type":"ListItem","position":2,"name":"Rod\u00e9o urbain \u00e0 Vannes apr\u00e8s un mariage : deux v\u00e9hicules accident\u00e9s"}]},{"@type":"WebSite","@id":"https:\/\/stourm.news\/#website","url":"https:\/\/stourm.news\/","name":"Stourm","description":"Kazetenn Strollad Broadel Breizh","publisher":{"@id":"https:\/\/stourm.news\/#organization"},"potentialAction":[{"@type":"SearchAction","target":{"@type":"EntryPoint","urlTemplate":"https:\/\/stourm.news\/?s={search_term_string}"},"query-input":{"@type":"PropertyValueSpecification","valueRequired":true,"valueName":"search_term_string"}}],"inLanguage":"fr-FR"},{"@type":"Organization","@id":"https:\/\/stourm.news\/#organization","name":"Stourm","url":"https:\/\/stourm.news\/","logo":{"@type":"ImageObject","inLanguage":"fr-FR","@id":"https:\/\/stourm.news\/#\/schema\/logo\/image\/","url":"https:\/\/stourm.news\/wp-content\/uploads\/2025\/11\/cropped-Capture-decran-2025-11-28-a-15.19.07.png","contentUrl":"https:\/\/stourm.news\/wp-content\/uploads\/2025\/11\/cropped-Capture-decran-2025-11-28-a-15.19.07.png","width":1855,"height":383,"caption":"Stourm"},"image":{"@id":"https:\/\/stourm.news\/#\/schema\/logo\/image\/"},"sameAs":["https:\/\/www.facebook.com\/stourmnews\/"]},{"@type":"Person","@id":"https:\/\/stourm.news\/#\/schema\/person\/c3e1dc65988632e190969234ef046cf9","name":"La r\u00e9daction","image":{"@type":"ImageObject","inLanguage":"fr-FR","@id":"https:\/\/stourm.news\/#\/schema\/person\/image\/","url":"https:\/\/secure.gravatar.com\/avatar\/7463443f194b6b5fb706b074ca0ef59a0cfcfd720cb47764b0ec5a952ce422b3?s=96&d=mm&r=g","contentUrl":"https:\/\/secure.gravatar.com\/avatar\/7463443f194b6b5fb706b074ca0ef59a0cfcfd720cb47764b0ec5a952ce422b3?s=96&d=mm&r=g","caption":"La r\u00e9daction"},"sameAs":["https:\/\/stourm.news"],"url":"https:\/\/stourm.news\/?author=1"}]}},"_links":{"self":[{"href":"https:\/\/stourm.news\/index.php?rest_route=\/wp\/v2\/posts\/1823","targetHints":{"allow":["GET"]}}],"collection":[{"href":"https:\/\/stourm.news\/index.php?rest_route=\/wp\/v2\/posts"}],"about":[{"href":"https:\/\/stourm.news\/index.php?rest_route=\/wp\/v2\/types\/post"}],"author":[{"embeddable":true,"href":"https:\/\/stourm.news\/index.php?rest_route=\/wp\/v2\/users\/1"}],"replies":[{"embeddable":true,"href":"https:\/\/stourm.news\/index.php?rest_route=%2Fwp%2Fv2%2Fcomments&post=1823"}],"version-history":[{"count":1,"href":"https:\/\/stourm.news\/index.php?rest_route=\/wp\/v2\/posts\/1823\/revisions"}],"predecessor-version":[{"id":1825,"href":"https:\/\/stourm.news\/index.php?rest_route=\/wp\/v2\/posts\/1823\/revisions\/1825"}],"wp:featuredmedia":[{"embeddable":true,"href":"https:\/\/stourm.news\/index.php?rest_route=\/wp\/v2\/media\/1824"}],"wp:attachment":[{"href":"https:\/\/stourm.news\/index.php?rest_route=%2Fwp%2Fv2%2Fmedia&parent=1823"}],"wp:term":[{"taxonomy":"category","embeddable":true,"href":"https:\/\/stourm.news\/index.php?rest_route=%2Fwp%2Fv2%2Fcategories&post=1823"},{"taxonomy":"post_tag","embeddable":true,"href":"https:\/\/stourm.news\/index.php?rest_route=%2Fwp%2Fv2%2Ftags&post=1823"}],"curies":[{"name":"wp","href":"https:\/\/api.w.org\/{rel}","templated":true}]}}