{"id":1826,"date":"2024-07-07T15:11:25","date_gmt":"2024-07-07T15:11:25","guid":{"rendered":"https:\/\/stourm.news\/?p=1826"},"modified":"2024-07-07T15:11:25","modified_gmt":"2024-07-07T15:11:25","slug":"a-brest-cinq-vehicules-brules-dans-la-nuit-de-samedi-a-dimanche","status":"publish","type":"post","link":"https:\/\/stourm.news\/?p=1826","title":{"rendered":"\u00c0 Brest, cinq v\u00e9hicules br\u00fbl\u00e9s dans la nuit de samedi \u00e0 dimanche"},"content":{"rendered":"<p style=\"text-align: justify;\">Jetant un regard d\u00e9sabus\u00e9 sur les trois carcasses de v\u00e9hicules qui jouxtent sa voiture familiale o\u00f9 elle a install\u00e9 ses enfants, cette riveraine soupire : \u00ab Cela fait deux ans que nous vivons ici \u00e0 <strong>Keredern<\/strong>, mais c\u2019est la premi\u00e8re fois que \u00e7a arrive \u00bb.<\/p>\n<p style=\"text-align: justify;\">Parmi les v\u00e9hicules incendi\u00e9s, le fourgon qu\u2019utilise son mari, artisan peintre, dans le cadre de ses activit\u00e9s professionnelles. \u00ab Nous allons d\u00e9poser plainte \u00bb, confirme l\u2019habitante du quartier, dont la voiture familiale, gar\u00e9e \u00e0 proximit\u00e9, a heureusement pu \u00eatre d\u00e9plac\u00e9e in extremis.<\/p>\n<p style=\"text-align: justify;\">Source : <a href=\"https:\/\/www.letelegramme.fr\/finistere\/brest-29200\/a-brest-cinq-vehicules-brules-dans-la-nuit-de-samedi-a-dimanche-6621309.php\">Le T\u00e9l\u00e9gramme<\/a><\/p>\n","protected":false},"excerpt":{"rendered":"<p>Jetant un regard d\u00e9sabus\u00e9 sur les trois carcasses de v\u00e9hicules qui jouxtent sa voiture familiale o\u00f9 elle a install\u00e9 ses enfants, cette riveraine soupire : \u00ab Cela fait deux ans que nous vivons ici \u00e0 Keredern, mais c\u2019est la premi\u00e8re fois que \u00e7a arrive \u00bb. Parmi les v\u00e9hicules incendi\u00e9s, le fourgon qu\u2019utilise son mari, artisan [&hellip;]<\/p>\n","protected":false},"author":1,"featured_media":1827,"comment_status":"open","ping_status":"open","sticky":false,"template":"","format":"standard","meta":{"sb_editor_width":"","footnotes":""},"categories":[52,38,62],"tags":[],"class_list":["post-1826","post","type-post","status-publish","format-standard","has-post-thumbnail","hentry","category-faits-divers","category-finistere","category-revue-de-presse"],"relative_dates":{"created":"2 ans ago","modified":"2 ans ago"},"yoast_head":"<!-- This site is optimized with the Yoast SEO plugin v26.3 - https:\/\/yoast.com\/wordpress\/plugins\/seo\/ -->\n<title>\u00c0 Brest, cinq v\u00e9hicules br\u00fbl\u00e9s dans la nuit de samedi \u00e0 dimanche - STOURM<\/title>\n<meta name=\"robots\" content=\"index, follow, max-snippet:-1, max-image-preview:large, max-video-preview:-1\" \/>\n<link rel=\"canonical\" href=\"https:\/\/stourm.news\/?p=1826\" \/>\n<meta property=\"og:locale\" content=\"fr_FR\" \/>\n<meta property=\"og:type\" content=\"article\" \/>\n<meta property=\"og:title\" content=\"\u00c0 Brest, cinq v\u00e9hicules br\u00fbl\u00e9s dans la nuit de samedi \u00e0 dimanche - STOURM\" \/>\n<meta property=\"og:description\" content=\"Jetant un regard d\u00e9sabus\u00e9 sur les trois carcasses de v\u00e9hicules qui jouxtent sa voiture familiale o\u00f9 elle a install\u00e9 ses enfants, cette riveraine soupire : \u00ab Cela fait deux ans que nous vivons ici \u00e0 Keredern, mais c\u2019est la premi\u00e8re fois que \u00e7a arrive \u00bb. Parmi les v\u00e9hicules incendi\u00e9s, le fourgon qu\u2019utilise son mari, artisan [&hellip;]\" \/>\n<meta property=\"og:url\" content=\"https:\/\/stourm.news\/?p=1826\" \/>\n<meta property=\"og:site_name\" content=\"STOURM\" \/>\n<meta property=\"article:publisher\" content=\"https:\/\/www.facebook.com\/stourmnews\/\" \/>\n<meta property=\"article:published_time\" content=\"2024-07-07T15:11:25+00:00\" \/>\n<meta property=\"og:image\" content=\"https:\/\/stourm.news\/wp-content\/uploads\/2024\/07\/ea65a2a_1644007957845-080-hl-eruiz-1623354.jpg\" \/>\n\t<meta property=\"og:image:width\" content=\"1280\" \/>\n\t<meta property=\"og:image:height\" content=\"853\" \/>\n\t<meta property=\"og:image:type\" content=\"image\/jpeg\" \/>\n<meta name=\"author\" content=\"La r\u00e9daction\" \/>\n<meta name=\"twitter:card\" content=\"summary_large_image\" \/>\n<meta name=\"twitter:label1\" content=\"\u00c9crit par\" \/>\n\t<meta name=\"twitter:data1\" content=\"La r\u00e9daction\" \/>\n\t<meta name=\"twitter:label2\" content=\"Dur\u00e9e de lecture estim\u00e9e\" \/>\n\t<meta name=\"twitter:data2\" content=\"1 minute\" \/>\n<script type=\"application\/ld+json\" class=\"yoast-schema-graph\">{\"@context\":\"https:\/\/schema.org\",\"@graph\":[{\"@type\":\"Article\",\"@id\":\"https:\/\/stourm.news\/?p=1826#article\",\"isPartOf\":{\"@id\":\"https:\/\/stourm.news\/?p=1826\"},\"author\":{\"name\":\"La r\u00e9daction\",\"@id\":\"https:\/\/stourm.news\/#\/schema\/person\/c3e1dc65988632e190969234ef046cf9\"},\"headline\":\"\u00c0 Brest, cinq v\u00e9hicules br\u00fbl\u00e9s dans la nuit de samedi \u00e0 dimanche\",\"datePublished\":\"2024-07-07T15:11:25+00:00\",\"mainEntityOfPage\":{\"@id\":\"https:\/\/stourm.news\/?p=1826\"},\"wordCount\":111,\"commentCount\":0,\"publisher\":{\"@id\":\"https:\/\/stourm.news\/#organization\"},\"image\":{\"@id\":\"https:\/\/stourm.news\/?p=1826#primaryimage\"},\"thumbnailUrl\":\"https:\/\/stourm.news\/wp-content\/uploads\/2024\/07\/ea65a2a_1644007957845-080-hl-eruiz-1623354.jpg\",\"articleSection\":[\"Faits divers\",\"Finist\u00e8re\",\"Revue de presse\"],\"inLanguage\":\"fr-FR\",\"potentialAction\":[{\"@type\":\"CommentAction\",\"name\":\"Comment\",\"target\":[\"https:\/\/stourm.news\/?p=1826#respond\"]}]},{\"@type\":\"WebPage\",\"@id\":\"https:\/\/stourm.news\/?p=1826\",\"url\":\"https:\/\/stourm.news\/?p=1826\",\"name\":\"\u00c0 Brest, cinq v\u00e9hicules br\u00fbl\u00e9s dans la nuit de samedi \u00e0 dimanche - STOURM\",\"isPartOf\":{\"@id\":\"https:\/\/stourm.news\/#website\"},\"primaryImageOfPage\":{\"@id\":\"https:\/\/stourm.news\/?p=1826#primaryimage\"},\"image\":{\"@id\":\"https:\/\/stourm.news\/?p=1826#primaryimage\"},\"thumbnailUrl\":\"https:\/\/stourm.news\/wp-content\/uploads\/2024\/07\/ea65a2a_1644007957845-080-hl-eruiz-1623354.jpg\",\"datePublished\":\"2024-07-07T15:11:25+00:00\",\"breadcrumb\":{\"@id\":\"https:\/\/stourm.news\/?p=1826#breadcrumb\"},\"inLanguage\":\"fr-FR\",\"potentialAction\":[{\"@type\":\"ReadAction\",\"target\":[\"https:\/\/stourm.news\/?p=1826\"]}]},{\"@type\":\"ImageObject\",\"inLanguage\":\"fr-FR\",\"@id\":\"https:\/\/stourm.news\/?p=1826#primaryimage\",\"url\":\"https:\/\/stourm.news\/wp-content\/uploads\/2024\/07\/ea65a2a_1644007957845-080-hl-eruiz-1623354.jpg\",\"contentUrl\":\"https:\/\/stourm.news\/wp-content\/uploads\/2024\/07\/ea65a2a_1644007957845-080-hl-eruiz-1623354.jpg\",\"width\":1280,\"height\":853,\"caption\":\"France, Nantes - 2022-01-01. Urban violences occurred on New Year s Eve in the Malakoff district of Nantes. Groups of young people attacked the police and several vehicles were set on fire. Photo by Estelle Ruiz\/Hans Lucas.\"},{\"@type\":\"BreadcrumbList\",\"@id\":\"https:\/\/stourm.news\/?p=1826#breadcrumb\",\"itemListElement\":[{\"@type\":\"ListItem\",\"position\":1,\"name\":\"Accueil\",\"item\":\"https:\/\/stourm.news\/\"},{\"@type\":\"ListItem\",\"position\":2,\"name\":\"\u00c0 Brest, cinq v\u00e9hicules br\u00fbl\u00e9s dans la nuit de samedi \u00e0 dimanche\"}]},{\"@type\":\"WebSite\",\"@id\":\"https:\/\/stourm.news\/#website\",\"url\":\"https:\/\/stourm.news\/\",\"name\":\"Stourm\",\"description\":\"Kazetenn Strollad Broadel Breizh\",\"publisher\":{\"@id\":\"https:\/\/stourm.news\/#organization\"},\"potentialAction\":[{\"@type\":\"SearchAction\",\"target\":{\"@type\":\"EntryPoint\",\"urlTemplate\":\"https:\/\/stourm.news\/?s={search_term_string}\"},\"query-input\":{\"@type\":\"PropertyValueSpecification\",\"valueRequired\":true,\"valueName\":\"search_term_string\"}}],\"inLanguage\":\"fr-FR\"},{\"@type\":\"Organization\",\"@id\":\"https:\/\/stourm.news\/#organization\",\"name\":\"Stourm\",\"url\":\"https:\/\/stourm.news\/\",\"logo\":{\"@type\":\"ImageObject\",\"inLanguage\":\"fr-FR\",\"@id\":\"https:\/\/stourm.news\/#\/schema\/logo\/image\/\",\"url\":\"https:\/\/stourm.news\/wp-content\/uploads\/2025\/11\/cropped-Capture-decran-2025-11-28-a-15.19.07.png\",\"contentUrl\":\"https:\/\/stourm.news\/wp-content\/uploads\/2025\/11\/cropped-Capture-decran-2025-11-28-a-15.19.07.png\",\"width\":1855,\"height\":383,\"caption\":\"Stourm\"},\"image\":{\"@id\":\"https:\/\/stourm.news\/#\/schema\/logo\/image\/\"},\"sameAs\":[\"https:\/\/www.facebook.com\/stourmnews\/\"]},{\"@type\":\"Person\",\"@id\":\"https:\/\/stourm.news\/#\/schema\/person\/c3e1dc65988632e190969234ef046cf9\",\"name\":\"La r\u00e9daction\",\"image\":{\"@type\":\"ImageObject\",\"inLanguage\":\"fr-FR\",\"@id\":\"https:\/\/stourm.news\/#\/schema\/person\/image\/\",\"url\":\"https:\/\/secure.gravatar.com\/avatar\/7463443f194b6b5fb706b074ca0ef59a0cfcfd720cb47764b0ec5a952ce422b3?s=96&d=mm&r=g\",\"contentUrl\":\"https:\/\/secure.gravatar.com\/avatar\/7463443f194b6b5fb706b074ca0ef59a0cfcfd720cb47764b0ec5a952ce422b3?s=96&d=mm&r=g\",\"caption\":\"La r\u00e9daction\"},\"sameAs\":[\"https:\/\/stourm.news\"],\"url\":\"https:\/\/stourm.news\/?author=1\"}]}<\/script>\n<!-- \/ Yoast SEO plugin. -->","yoast_head_json":{"title":"\u00c0 Brest, cinq v\u00e9hicules br\u00fbl\u00e9s dans la nuit de samedi \u00e0 dimanche - STOURM","robots":{"index":"index","follow":"follow","max-snippet":"max-snippet:-1","max-image-preview":"max-image-preview:large","max-video-preview":"max-video-preview:-1"},"canonical":"https:\/\/stourm.news\/?p=1826","og_locale":"fr_FR","og_type":"article","og_title":"\u00c0 Brest, cinq v\u00e9hicules br\u00fbl\u00e9s dans la nuit de samedi \u00e0 dimanche - STOURM","og_description":"Jetant un regard d\u00e9sabus\u00e9 sur les trois carcasses de v\u00e9hicules qui jouxtent sa voiture familiale o\u00f9 elle a install\u00e9 ses enfants, cette riveraine soupire : \u00ab Cela fait deux ans que nous vivons ici \u00e0 Keredern, mais c\u2019est la premi\u00e8re fois que \u00e7a arrive \u00bb. Parmi les v\u00e9hicules incendi\u00e9s, le fourgon qu\u2019utilise son mari, artisan [&hellip;]","og_url":"https:\/\/stourm.news\/?p=1826","og_site_name":"STOURM","article_publisher":"https:\/\/www.facebook.com\/stourmnews\/","article_published_time":"2024-07-07T15:11:25+00:00","og_image":[{"width":1280,"height":853,"url":"https:\/\/stourm.news\/wp-content\/uploads\/2024\/07\/ea65a2a_1644007957845-080-hl-eruiz-1623354.jpg","type":"image\/jpeg"}],"author":"La r\u00e9daction","twitter_card":"summary_large_image","twitter_misc":{"\u00c9crit par":"La r\u00e9daction","Dur\u00e9e de lecture estim\u00e9e":"1 minute"},"schema":{"@context":"https:\/\/schema.org","@graph":[{"@type":"Article","@id":"https:\/\/stourm.news\/?p=1826#article","isPartOf":{"@id":"https:\/\/stourm.news\/?p=1826"},"author":{"name":"La r\u00e9daction","@id":"https:\/\/stourm.news\/#\/schema\/person\/c3e1dc65988632e190969234ef046cf9"},"headline":"\u00c0 Brest, cinq v\u00e9hicules br\u00fbl\u00e9s dans la nuit de samedi \u00e0 dimanche","datePublished":"2024-07-07T15:11:25+00:00","mainEntityOfPage":{"@id":"https:\/\/stourm.news\/?p=1826"},"wordCount":111,"commentCount":0,"publisher":{"@id":"https:\/\/stourm.news\/#organization"},"image":{"@id":"https:\/\/stourm.news\/?p=1826#primaryimage"},"thumbnailUrl":"https:\/\/stourm.news\/wp-content\/uploads\/2024\/07\/ea65a2a_1644007957845-080-hl-eruiz-1623354.jpg","articleSection":["Faits divers","Finist\u00e8re","Revue de presse"],"inLanguage":"fr-FR","potentialAction":[{"@type":"CommentAction","name":"Comment","target":["https:\/\/stourm.news\/?p=1826#respond"]}]},{"@type":"WebPage","@id":"https:\/\/stourm.news\/?p=1826","url":"https:\/\/stourm.news\/?p=1826","name":"\u00c0 Brest, cinq v\u00e9hicules br\u00fbl\u00e9s dans la nuit de samedi \u00e0 dimanche - STOURM","isPartOf":{"@id":"https:\/\/stourm.news\/#website"},"primaryImageOfPage":{"@id":"https:\/\/stourm.news\/?p=1826#primaryimage"},"image":{"@id":"https:\/\/stourm.news\/?p=1826#primaryimage"},"thumbnailUrl":"https:\/\/stourm.news\/wp-content\/uploads\/2024\/07\/ea65a2a_1644007957845-080-hl-eruiz-1623354.jpg","datePublished":"2024-07-07T15:11:25+00:00","breadcrumb":{"@id":"https:\/\/stourm.news\/?p=1826#breadcrumb"},"inLanguage":"fr-FR","potentialAction":[{"@type":"ReadAction","target":["https:\/\/stourm.news\/?p=1826"]}]},{"@type":"ImageObject","inLanguage":"fr-FR","@id":"https:\/\/stourm.news\/?p=1826#primaryimage","url":"https:\/\/stourm.news\/wp-content\/uploads\/2024\/07\/ea65a2a_1644007957845-080-hl-eruiz-1623354.jpg","contentUrl":"https:\/\/stourm.news\/wp-content\/uploads\/2024\/07\/ea65a2a_1644007957845-080-hl-eruiz-1623354.jpg","width":1280,"height":853,"caption":"France, Nantes - 2022-01-01. Urban violences occurred on New Year s Eve in the Malakoff district of Nantes. Groups of young people attacked the police and several vehicles were set on fire. Photo by Estelle Ruiz\/Hans Lucas."},{"@type":"BreadcrumbList","@id":"https:\/\/stourm.news\/?p=1826#breadcrumb","itemListElement":[{"@type":"ListItem","position":1,"name":"Accueil","item":"https:\/\/stourm.news\/"},{"@type":"ListItem","position":2,"name":"\u00c0 Brest, cinq v\u00e9hicules br\u00fbl\u00e9s dans la nuit de samedi \u00e0 dimanche"}]},{"@type":"WebSite","@id":"https:\/\/stourm.news\/#website","url":"https:\/\/stourm.news\/","name":"Stourm","description":"Kazetenn Strollad Broadel Breizh","publisher":{"@id":"https:\/\/stourm.news\/#organization"},"potentialAction":[{"@type":"SearchAction","target":{"@type":"EntryPoint","urlTemplate":"https:\/\/stourm.news\/?s={search_term_string}"},"query-input":{"@type":"PropertyValueSpecification","valueRequired":true,"valueName":"search_term_string"}}],"inLanguage":"fr-FR"},{"@type":"Organization","@id":"https:\/\/stourm.news\/#organization","name":"Stourm","url":"https:\/\/stourm.news\/","logo":{"@type":"ImageObject","inLanguage":"fr-FR","@id":"https:\/\/stourm.news\/#\/schema\/logo\/image\/","url":"https:\/\/stourm.news\/wp-content\/uploads\/2025\/11\/cropped-Capture-decran-2025-11-28-a-15.19.07.png","contentUrl":"https:\/\/stourm.news\/wp-content\/uploads\/2025\/11\/cropped-Capture-decran-2025-11-28-a-15.19.07.png","width":1855,"height":383,"caption":"Stourm"},"image":{"@id":"https:\/\/stourm.news\/#\/schema\/logo\/image\/"},"sameAs":["https:\/\/www.facebook.com\/stourmnews\/"]},{"@type":"Person","@id":"https:\/\/stourm.news\/#\/schema\/person\/c3e1dc65988632e190969234ef046cf9","name":"La r\u00e9daction","image":{"@type":"ImageObject","inLanguage":"fr-FR","@id":"https:\/\/stourm.news\/#\/schema\/person\/image\/","url":"https:\/\/secure.gravatar.com\/avatar\/7463443f194b6b5fb706b074ca0ef59a0cfcfd720cb47764b0ec5a952ce422b3?s=96&d=mm&r=g","contentUrl":"https:\/\/secure.gravatar.com\/avatar\/7463443f194b6b5fb706b074ca0ef59a0cfcfd720cb47764b0ec5a952ce422b3?s=96&d=mm&r=g","caption":"La r\u00e9daction"},"sameAs":["https:\/\/stourm.news"],"url":"https:\/\/stourm.news\/?author=1"}]}},"_links":{"self":[{"href":"https:\/\/stourm.news\/index.php?rest_route=\/wp\/v2\/posts\/1826","targetHints":{"allow":["GET"]}}],"collection":[{"href":"https:\/\/stourm.news\/index.php?rest_route=\/wp\/v2\/posts"}],"about":[{"href":"https:\/\/stourm.news\/index.php?rest_route=\/wp\/v2\/types\/post"}],"author":[{"embeddable":true,"href":"https:\/\/stourm.news\/index.php?rest_route=\/wp\/v2\/users\/1"}],"replies":[{"embeddable":true,"href":"https:\/\/stourm.news\/index.php?rest_route=%2Fwp%2Fv2%2Fcomments&post=1826"}],"version-history":[{"count":1,"href":"https:\/\/stourm.news\/index.php?rest_route=\/wp\/v2\/posts\/1826\/revisions"}],"predecessor-version":[{"id":1828,"href":"https:\/\/stourm.news\/index.php?rest_route=\/wp\/v2\/posts\/1826\/revisions\/1828"}],"wp:featuredmedia":[{"embeddable":true,"href":"https:\/\/stourm.news\/index.php?rest_route=\/wp\/v2\/media\/1827"}],"wp:attachment":[{"href":"https:\/\/stourm.news\/index.php?rest_route=%2Fwp%2Fv2%2Fmedia&parent=1826"}],"wp:term":[{"taxonomy":"category","embeddable":true,"href":"https:\/\/stourm.news\/index.php?rest_route=%2Fwp%2Fv2%2Fcategories&post=1826"},{"taxonomy":"post_tag","embeddable":true,"href":"https:\/\/stourm.news\/index.php?rest_route=%2Fwp%2Fv2%2Ftags&post=1826"}],"curies":[{"name":"wp","href":"https:\/\/api.w.org\/{rel}","templated":true}]}}