{"id":1835,"date":"2024-07-12T13:59:56","date_gmt":"2024-07-12T13:59:56","guid":{"rendered":"https:\/\/stourm.news\/?p=1835"},"modified":"2024-07-12T13:59:56","modified_gmt":"2024-07-12T13:59:56","slug":"kanaky-le-fils-dun-leader-independantiste-assassinee-par-les-troupes-doccupation-francaises","status":"publish","type":"post","link":"https:\/\/stourm.news\/?p=1835","title":{"rendered":"Kanaky : le fils d&rsquo;un leader ind\u00e9pendantiste assassin\u00e9e par les troupes d&rsquo;occupation fran\u00e7aises"},"content":{"rendered":"<p style=\"text-align: justify;\">En Kanaky, une dixi\u00e8me personne a \u00e9t\u00e9 assassin\u00e9e par les troupes d&rsquo;occupation fran\u00e7aises.<\/p>\n<blockquote class=\"twitter-tweet\">\n<p dir=\"ltr\" lang=\"fr\">\ud83c\uddf3\ud83c\udde8 Un homme a \u00e9t\u00e9 tu\u00e9 ce mercredi par les forces de l&rsquo;ordre dans le sud de la Nouvelle-Cal\u00e9donie, ce qui porte \u00e0 dix le nombre de morts depuis le d\u00e9but des troubles dans l&rsquo;archipel il y a pr\u00e8s de deux mois, a indiqu\u00e9 le parquet de Noum\u00e9a <a href=\"https:\/\/twitter.com\/hashtag\/AFP?src=hash&amp;ref_src=twsrc%5Etfw\">#AFP<\/a> <a href=\"https:\/\/t.co\/vLevawSvwv\">pic.twitter.com\/vLevawSvwv<\/a><\/p>\n<p>\u2014 Agence France-Presse (@afpfr) <a href=\"https:\/\/twitter.com\/afpfr\/status\/1810946427910070699?ref_src=twsrc%5Etfw\">July 10, 2024<\/a><\/p><\/blockquote>\n<p><script async src=\"https:\/\/platform.twitter.com\/widgets.js\" charset=\"utf-8\"><\/script><\/p>\n<p style=\"text-align: justify;\">Rock Victorin Wamytan a \u00e9t\u00e9 tu\u00e9 par un sniper de la police militaire fran\u00e7aise alors qu&rsquo;il se trouvait sur un barrage routier.<\/p>\n<p><a href=\"https:\/\/www.humanite.fr\/politique\/colonialisme\/il-sappelait-rock-victorin-wamytan-ce-que-lon-sait-du-dixieme-mort-en-kanaky-nouvelle-caledonie-tue-par-le-gign\">L&rsquo;Humanit\u00e9<\/a> :<\/p>\n<blockquote>\n<p style=\"text-align: justify;\">Ce mercredi 10 juillet au matin, il a re\u00e7u une balle en pleine poitrine, tir\u00e9e par un sniper du GIGN. Les faits se sont produits sur la commune du Mont-Dore, \u00e0 la tribu de Saint-Louis, lors d\u2019une op\u00e9ration de d\u00e9blocage d\u2019une route strat\u00e9gique, la seule qui relie le sud de la Grande Terre au reste du territoire.<\/p>\n<p style=\"text-align: justify;\">Il est <strong>le dixi\u00e8me mort<\/strong> lors des r\u00e9voltes qui touchent la Kanaky-Nouvelle-Cal\u00e9donie depuis le 13 mai dernier : deux gendarmes, dont l\u2019un tu\u00e9 par un tir accidentel d\u2019un coll\u00e8gue, <strong>et huit jeunes Kanaks<\/strong>, tous tu\u00e9s par balles, soit par les gendarmes, soit par des miliciens arm\u00e9s. L\u2019un d\u2019eux s\u2019\u00e9taient rendu \u00e0 la police en mai apr\u00e8s le meurtre du jeune Jybril, \u00e2g\u00e9 de 19 ans.<\/p>\n<p style=\"text-align: justify;\">Selon le parquet de Noum\u00e9a, le GIGN a proc\u00e9d\u00e9 \u00e0 un \u00ab tir de riposte \u00bb. \u00ab A ce stade de l\u2019enqu\u00eate, et sous r\u00e9serve des investigations en cours, l\u2019hypoth\u00e8se d\u2019une action de l\u00e9gitime d\u00e9fense pourrait \u00eatre privil\u00e9gi\u00e9e au vu des circonstances ayant amen\u00e9 le gendarme \u00e0 faire usage de son arme de service \u00bb, a estim\u00e9 le procureur.<\/p>\n<p style=\"text-align: justify;\">Deux enqu\u00eates ont \u00e9t\u00e9 ouvertes par le parquet, l\u2019une pour tentative de meurtre sur personne d\u00e9positaire de l\u2019autorit\u00e9 publique, la seconde pour violences volontaires ayant entra\u00een\u00e9 la mort sans intention de la donner.<\/p>\n<p style=\"text-align: justify;\">La veille des faits, le Haut-commissaire de la R\u00e9publique, Louis Le Franc, avait \u00e0 nouveau menac\u00e9 les jeunes. En mai, il avait d\u00e9clar\u00e9 qu\u2019 \u00ab ils prennent le risque de se faire tuer. Des unit\u00e9s d\u2019\u00e9lite de la gendarmerie sont sur zone, comme le GIGN \u00bb.<\/p>\n<p style=\"text-align: justify;\">Le nom de Wamytan est connu sur l\u2019archipel : <strong>Rock Victorin Wamytan<\/strong> est le neveu de Roch Wamytan, grand chef de la tribu de Saint-Louis, pr\u00e9sident du Congr\u00e8s de Kanaky-Nouvelle-Cal\u00e9donie (l\u2019assembl\u00e9e du territoire), une figure ind\u00e9pendantiste, signataire des Accords de Noum\u00e9a de 1998. En mai, il estimait que les dirigeants politiques ind\u00e9pendantistes avaient \u00e9t\u00e9 \u00ab d\u00e9pass\u00e9s par la jeunesse \u00bb kanak, qui paie un tr\u00e8s lourd tribut lors de ces r\u00e9voltes anticoloniales.<\/p>\n<\/blockquote>\n<p style=\"text-align: justify;\">La r\u00e9pression coloniale va en s&rsquo;intensifiant en Kanaky et l&rsquo;impasse politique est d\u00e9sormais totale.<\/p>\n<p style=\"text-align: right;\"><strong>Ewen Broc&rsquo;han<\/strong><\/p>\n","protected":false},"excerpt":{"rendered":"<p>En Kanaky, une dixi\u00e8me personne a \u00e9t\u00e9 assassin\u00e9e par les troupes d&rsquo;occupation fran\u00e7aises. \ud83c\uddf3\ud83c\udde8 Un homme a \u00e9t\u00e9 tu\u00e9 ce mercredi par les forces de l&rsquo;ordre dans le sud de la Nouvelle-Cal\u00e9donie, ce qui porte \u00e0 dix le nombre de morts depuis le d\u00e9but des troubles dans l&rsquo;archipel il y a pr\u00e8s de deux mois, [&hellip;]<\/p>\n","protected":false},"author":1,"featured_media":1836,"comment_status":"open","ping_status":"open","sticky":false,"template":"","format":"standard","meta":{"sb_editor_width":"","footnotes":""},"categories":[66,65],"tags":[],"class_list":["post-1835","post","type-post","status-publish","format-standard","has-post-thumbnail","hentry","category-international","category-principale"],"relative_dates":{"created":"2 ans ago","modified":"2 ans ago"},"yoast_head":"<!-- This site is optimized with the Yoast SEO plugin v26.3 - https:\/\/yoast.com\/wordpress\/plugins\/seo\/ -->\n<title>Kanaky : le fils d&#039;un leader ind\u00e9pendantiste assassin\u00e9e par les troupes d&#039;occupation fran\u00e7aises - STOURM<\/title>\n<meta name=\"robots\" content=\"index, follow, max-snippet:-1, max-image-preview:large, max-video-preview:-1\" \/>\n<link rel=\"canonical\" href=\"https:\/\/stourm.news\/?p=1835\" \/>\n<meta property=\"og:locale\" content=\"fr_FR\" \/>\n<meta property=\"og:type\" content=\"article\" \/>\n<meta property=\"og:title\" content=\"Kanaky : le fils d&#039;un leader ind\u00e9pendantiste assassin\u00e9e par les troupes d&#039;occupation fran\u00e7aises - STOURM\" \/>\n<meta property=\"og:description\" content=\"En Kanaky, une dixi\u00e8me personne a \u00e9t\u00e9 assassin\u00e9e par les troupes d&rsquo;occupation fran\u00e7aises. \ud83c\uddf3\ud83c\udde8 Un homme a \u00e9t\u00e9 tu\u00e9 ce mercredi par les forces de l&rsquo;ordre dans le sud de la Nouvelle-Cal\u00e9donie, ce qui porte \u00e0 dix le nombre de morts depuis le d\u00e9but des troubles dans l&rsquo;archipel il y a pr\u00e8s de deux mois, [&hellip;]\" \/>\n<meta property=\"og:url\" content=\"https:\/\/stourm.news\/?p=1835\" \/>\n<meta property=\"og:site_name\" content=\"STOURM\" \/>\n<meta property=\"article:publisher\" content=\"https:\/\/www.facebook.com\/stourmnews\/\" \/>\n<meta property=\"article:published_time\" content=\"2024-07-12T13:59:56+00:00\" \/>\n<meta property=\"og:image\" content=\"https:\/\/stourm.news\/wp-content\/uploads\/2024\/07\/0c4341586ebe2e6579af46cad110c51e2dab96c5.webp\" \/>\n\t<meta property=\"og:image:width\" content=\"1800\" \/>\n\t<meta property=\"og:image:height\" content=\"1200\" \/>\n\t<meta property=\"og:image:type\" content=\"image\/webp\" \/>\n<meta name=\"author\" content=\"La r\u00e9daction\" \/>\n<meta name=\"twitter:card\" content=\"summary_large_image\" \/>\n<meta name=\"twitter:label1\" content=\"\u00c9crit par\" \/>\n\t<meta name=\"twitter:data1\" content=\"La r\u00e9daction\" \/>\n\t<meta name=\"twitter:label2\" content=\"Dur\u00e9e de lecture estim\u00e9e\" \/>\n\t<meta name=\"twitter:data2\" content=\"1 minute\" \/>\n<script type=\"application\/ld+json\" class=\"yoast-schema-graph\">{\"@context\":\"https:\/\/schema.org\",\"@graph\":[{\"@type\":\"Article\",\"@id\":\"https:\/\/stourm.news\/?p=1835#article\",\"isPartOf\":{\"@id\":\"https:\/\/stourm.news\/?p=1835\"},\"author\":{\"name\":\"La r\u00e9daction\",\"@id\":\"https:\/\/stourm.news\/#\/schema\/person\/c3e1dc65988632e190969234ef046cf9\"},\"headline\":\"Kanaky : le fils d&rsquo;un leader ind\u00e9pendantiste assassin\u00e9e par les troupes d&rsquo;occupation fran\u00e7aises\",\"datePublished\":\"2024-07-12T13:59:56+00:00\",\"mainEntityOfPage\":{\"@id\":\"https:\/\/stourm.news\/?p=1835\"},\"wordCount\":508,\"commentCount\":0,\"publisher\":{\"@id\":\"https:\/\/stourm.news\/#organization\"},\"image\":{\"@id\":\"https:\/\/stourm.news\/?p=1835#primaryimage\"},\"thumbnailUrl\":\"https:\/\/stourm.news\/wp-content\/uploads\/2024\/07\/0c4341586ebe2e6579af46cad110c51e2dab96c5.webp\",\"articleSection\":[\"International\",\"Principale\"],\"inLanguage\":\"fr-FR\",\"potentialAction\":[{\"@type\":\"CommentAction\",\"name\":\"Comment\",\"target\":[\"https:\/\/stourm.news\/?p=1835#respond\"]}]},{\"@type\":\"WebPage\",\"@id\":\"https:\/\/stourm.news\/?p=1835\",\"url\":\"https:\/\/stourm.news\/?p=1835\",\"name\":\"Kanaky : le fils d'un leader ind\u00e9pendantiste assassin\u00e9e par les troupes d'occupation fran\u00e7aises - STOURM\",\"isPartOf\":{\"@id\":\"https:\/\/stourm.news\/#website\"},\"primaryImageOfPage\":{\"@id\":\"https:\/\/stourm.news\/?p=1835#primaryimage\"},\"image\":{\"@id\":\"https:\/\/stourm.news\/?p=1835#primaryimage\"},\"thumbnailUrl\":\"https:\/\/stourm.news\/wp-content\/uploads\/2024\/07\/0c4341586ebe2e6579af46cad110c51e2dab96c5.webp\",\"datePublished\":\"2024-07-12T13:59:56+00:00\",\"breadcrumb\":{\"@id\":\"https:\/\/stourm.news\/?p=1835#breadcrumb\"},\"inLanguage\":\"fr-FR\",\"potentialAction\":[{\"@type\":\"ReadAction\",\"target\":[\"https:\/\/stourm.news\/?p=1835\"]}]},{\"@type\":\"ImageObject\",\"inLanguage\":\"fr-FR\",\"@id\":\"https:\/\/stourm.news\/?p=1835#primaryimage\",\"url\":\"https:\/\/stourm.news\/wp-content\/uploads\/2024\/07\/0c4341586ebe2e6579af46cad110c51e2dab96c5.webp\",\"contentUrl\":\"https:\/\/stourm.news\/wp-content\/uploads\/2024\/07\/0c4341586ebe2e6579af46cad110c51e2dab96c5.webp\",\"width\":1800,\"height\":1200},{\"@type\":\"BreadcrumbList\",\"@id\":\"https:\/\/stourm.news\/?p=1835#breadcrumb\",\"itemListElement\":[{\"@type\":\"ListItem\",\"position\":1,\"name\":\"Accueil\",\"item\":\"https:\/\/stourm.news\/\"},{\"@type\":\"ListItem\",\"position\":2,\"name\":\"Kanaky : le fils d&rsquo;un leader ind\u00e9pendantiste assassin\u00e9e par les troupes d&rsquo;occupation fran\u00e7aises\"}]},{\"@type\":\"WebSite\",\"@id\":\"https:\/\/stourm.news\/#website\",\"url\":\"https:\/\/stourm.news\/\",\"name\":\"Stourm\",\"description\":\"Kazetenn Strollad Broadel Breizh\",\"publisher\":{\"@id\":\"https:\/\/stourm.news\/#organization\"},\"potentialAction\":[{\"@type\":\"SearchAction\",\"target\":{\"@type\":\"EntryPoint\",\"urlTemplate\":\"https:\/\/stourm.news\/?s={search_term_string}\"},\"query-input\":{\"@type\":\"PropertyValueSpecification\",\"valueRequired\":true,\"valueName\":\"search_term_string\"}}],\"inLanguage\":\"fr-FR\"},{\"@type\":\"Organization\",\"@id\":\"https:\/\/stourm.news\/#organization\",\"name\":\"Stourm\",\"url\":\"https:\/\/stourm.news\/\",\"logo\":{\"@type\":\"ImageObject\",\"inLanguage\":\"fr-FR\",\"@id\":\"https:\/\/stourm.news\/#\/schema\/logo\/image\/\",\"url\":\"https:\/\/stourm.news\/wp-content\/uploads\/2025\/11\/cropped-Capture-decran-2025-11-28-a-15.19.07.png\",\"contentUrl\":\"https:\/\/stourm.news\/wp-content\/uploads\/2025\/11\/cropped-Capture-decran-2025-11-28-a-15.19.07.png\",\"width\":1855,\"height\":383,\"caption\":\"Stourm\"},\"image\":{\"@id\":\"https:\/\/stourm.news\/#\/schema\/logo\/image\/\"},\"sameAs\":[\"https:\/\/www.facebook.com\/stourmnews\/\"]},{\"@type\":\"Person\",\"@id\":\"https:\/\/stourm.news\/#\/schema\/person\/c3e1dc65988632e190969234ef046cf9\",\"name\":\"La r\u00e9daction\",\"image\":{\"@type\":\"ImageObject\",\"inLanguage\":\"fr-FR\",\"@id\":\"https:\/\/stourm.news\/#\/schema\/person\/image\/\",\"url\":\"https:\/\/secure.gravatar.com\/avatar\/7463443f194b6b5fb706b074ca0ef59a0cfcfd720cb47764b0ec5a952ce422b3?s=96&d=mm&r=g\",\"contentUrl\":\"https:\/\/secure.gravatar.com\/avatar\/7463443f194b6b5fb706b074ca0ef59a0cfcfd720cb47764b0ec5a952ce422b3?s=96&d=mm&r=g\",\"caption\":\"La r\u00e9daction\"},\"sameAs\":[\"https:\/\/stourm.news\"],\"url\":\"https:\/\/stourm.news\/?author=1\"}]}<\/script>\n<!-- \/ Yoast SEO plugin. -->","yoast_head_json":{"title":"Kanaky : le fils d'un leader ind\u00e9pendantiste assassin\u00e9e par les troupes d'occupation fran\u00e7aises - STOURM","robots":{"index":"index","follow":"follow","max-snippet":"max-snippet:-1","max-image-preview":"max-image-preview:large","max-video-preview":"max-video-preview:-1"},"canonical":"https:\/\/stourm.news\/?p=1835","og_locale":"fr_FR","og_type":"article","og_title":"Kanaky : le fils d'un leader ind\u00e9pendantiste assassin\u00e9e par les troupes d'occupation fran\u00e7aises - STOURM","og_description":"En Kanaky, une dixi\u00e8me personne a \u00e9t\u00e9 assassin\u00e9e par les troupes d&rsquo;occupation fran\u00e7aises. \ud83c\uddf3\ud83c\udde8 Un homme a \u00e9t\u00e9 tu\u00e9 ce mercredi par les forces de l&rsquo;ordre dans le sud de la Nouvelle-Cal\u00e9donie, ce qui porte \u00e0 dix le nombre de morts depuis le d\u00e9but des troubles dans l&rsquo;archipel il y a pr\u00e8s de deux mois, [&hellip;]","og_url":"https:\/\/stourm.news\/?p=1835","og_site_name":"STOURM","article_publisher":"https:\/\/www.facebook.com\/stourmnews\/","article_published_time":"2024-07-12T13:59:56+00:00","og_image":[{"width":1800,"height":1200,"url":"https:\/\/stourm.news\/wp-content\/uploads\/2024\/07\/0c4341586ebe2e6579af46cad110c51e2dab96c5.webp","type":"image\/webp"}],"author":"La r\u00e9daction","twitter_card":"summary_large_image","twitter_misc":{"\u00c9crit par":"La r\u00e9daction","Dur\u00e9e de lecture estim\u00e9e":"1 minute"},"schema":{"@context":"https:\/\/schema.org","@graph":[{"@type":"Article","@id":"https:\/\/stourm.news\/?p=1835#article","isPartOf":{"@id":"https:\/\/stourm.news\/?p=1835"},"author":{"name":"La r\u00e9daction","@id":"https:\/\/stourm.news\/#\/schema\/person\/c3e1dc65988632e190969234ef046cf9"},"headline":"Kanaky : le fils d&rsquo;un leader ind\u00e9pendantiste assassin\u00e9e par les troupes d&rsquo;occupation fran\u00e7aises","datePublished":"2024-07-12T13:59:56+00:00","mainEntityOfPage":{"@id":"https:\/\/stourm.news\/?p=1835"},"wordCount":508,"commentCount":0,"publisher":{"@id":"https:\/\/stourm.news\/#organization"},"image":{"@id":"https:\/\/stourm.news\/?p=1835#primaryimage"},"thumbnailUrl":"https:\/\/stourm.news\/wp-content\/uploads\/2024\/07\/0c4341586ebe2e6579af46cad110c51e2dab96c5.webp","articleSection":["International","Principale"],"inLanguage":"fr-FR","potentialAction":[{"@type":"CommentAction","name":"Comment","target":["https:\/\/stourm.news\/?p=1835#respond"]}]},{"@type":"WebPage","@id":"https:\/\/stourm.news\/?p=1835","url":"https:\/\/stourm.news\/?p=1835","name":"Kanaky : le fils d'un leader ind\u00e9pendantiste assassin\u00e9e par les troupes d'occupation fran\u00e7aises - STOURM","isPartOf":{"@id":"https:\/\/stourm.news\/#website"},"primaryImageOfPage":{"@id":"https:\/\/stourm.news\/?p=1835#primaryimage"},"image":{"@id":"https:\/\/stourm.news\/?p=1835#primaryimage"},"thumbnailUrl":"https:\/\/stourm.news\/wp-content\/uploads\/2024\/07\/0c4341586ebe2e6579af46cad110c51e2dab96c5.webp","datePublished":"2024-07-12T13:59:56+00:00","breadcrumb":{"@id":"https:\/\/stourm.news\/?p=1835#breadcrumb"},"inLanguage":"fr-FR","potentialAction":[{"@type":"ReadAction","target":["https:\/\/stourm.news\/?p=1835"]}]},{"@type":"ImageObject","inLanguage":"fr-FR","@id":"https:\/\/stourm.news\/?p=1835#primaryimage","url":"https:\/\/stourm.news\/wp-content\/uploads\/2024\/07\/0c4341586ebe2e6579af46cad110c51e2dab96c5.webp","contentUrl":"https:\/\/stourm.news\/wp-content\/uploads\/2024\/07\/0c4341586ebe2e6579af46cad110c51e2dab96c5.webp","width":1800,"height":1200},{"@type":"BreadcrumbList","@id":"https:\/\/stourm.news\/?p=1835#breadcrumb","itemListElement":[{"@type":"ListItem","position":1,"name":"Accueil","item":"https:\/\/stourm.news\/"},{"@type":"ListItem","position":2,"name":"Kanaky : le fils d&rsquo;un leader ind\u00e9pendantiste assassin\u00e9e par les troupes d&rsquo;occupation fran\u00e7aises"}]},{"@type":"WebSite","@id":"https:\/\/stourm.news\/#website","url":"https:\/\/stourm.news\/","name":"Stourm","description":"Kazetenn Strollad Broadel Breizh","publisher":{"@id":"https:\/\/stourm.news\/#organization"},"potentialAction":[{"@type":"SearchAction","target":{"@type":"EntryPoint","urlTemplate":"https:\/\/stourm.news\/?s={search_term_string}"},"query-input":{"@type":"PropertyValueSpecification","valueRequired":true,"valueName":"search_term_string"}}],"inLanguage":"fr-FR"},{"@type":"Organization","@id":"https:\/\/stourm.news\/#organization","name":"Stourm","url":"https:\/\/stourm.news\/","logo":{"@type":"ImageObject","inLanguage":"fr-FR","@id":"https:\/\/stourm.news\/#\/schema\/logo\/image\/","url":"https:\/\/stourm.news\/wp-content\/uploads\/2025\/11\/cropped-Capture-decran-2025-11-28-a-15.19.07.png","contentUrl":"https:\/\/stourm.news\/wp-content\/uploads\/2025\/11\/cropped-Capture-decran-2025-11-28-a-15.19.07.png","width":1855,"height":383,"caption":"Stourm"},"image":{"@id":"https:\/\/stourm.news\/#\/schema\/logo\/image\/"},"sameAs":["https:\/\/www.facebook.com\/stourmnews\/"]},{"@type":"Person","@id":"https:\/\/stourm.news\/#\/schema\/person\/c3e1dc65988632e190969234ef046cf9","name":"La r\u00e9daction","image":{"@type":"ImageObject","inLanguage":"fr-FR","@id":"https:\/\/stourm.news\/#\/schema\/person\/image\/","url":"https:\/\/secure.gravatar.com\/avatar\/7463443f194b6b5fb706b074ca0ef59a0cfcfd720cb47764b0ec5a952ce422b3?s=96&d=mm&r=g","contentUrl":"https:\/\/secure.gravatar.com\/avatar\/7463443f194b6b5fb706b074ca0ef59a0cfcfd720cb47764b0ec5a952ce422b3?s=96&d=mm&r=g","caption":"La r\u00e9daction"},"sameAs":["https:\/\/stourm.news"],"url":"https:\/\/stourm.news\/?author=1"}]}},"_links":{"self":[{"href":"https:\/\/stourm.news\/index.php?rest_route=\/wp\/v2\/posts\/1835","targetHints":{"allow":["GET"]}}],"collection":[{"href":"https:\/\/stourm.news\/index.php?rest_route=\/wp\/v2\/posts"}],"about":[{"href":"https:\/\/stourm.news\/index.php?rest_route=\/wp\/v2\/types\/post"}],"author":[{"embeddable":true,"href":"https:\/\/stourm.news\/index.php?rest_route=\/wp\/v2\/users\/1"}],"replies":[{"embeddable":true,"href":"https:\/\/stourm.news\/index.php?rest_route=%2Fwp%2Fv2%2Fcomments&post=1835"}],"version-history":[{"count":1,"href":"https:\/\/stourm.news\/index.php?rest_route=\/wp\/v2\/posts\/1835\/revisions"}],"predecessor-version":[{"id":1837,"href":"https:\/\/stourm.news\/index.php?rest_route=\/wp\/v2\/posts\/1835\/revisions\/1837"}],"wp:featuredmedia":[{"embeddable":true,"href":"https:\/\/stourm.news\/index.php?rest_route=\/wp\/v2\/media\/1836"}],"wp:attachment":[{"href":"https:\/\/stourm.news\/index.php?rest_route=%2Fwp%2Fv2%2Fmedia&parent=1835"}],"wp:term":[{"taxonomy":"category","embeddable":true,"href":"https:\/\/stourm.news\/index.php?rest_route=%2Fwp%2Fv2%2Fcategories&post=1835"},{"taxonomy":"post_tag","embeddable":true,"href":"https:\/\/stourm.news\/index.php?rest_route=%2Fwp%2Fv2%2Ftags&post=1835"}],"curies":[{"name":"wp","href":"https:\/\/api.w.org\/{rel}","templated":true}]}}