{"id":1850,"date":"2024-07-17T15:19:23","date_gmt":"2024-07-17T15:19:23","guid":{"rendered":"https:\/\/stourm.news\/?p=1850"},"modified":"2024-07-17T15:19:23","modified_gmt":"2024-07-17T15:19:23","slug":"nouvellement-elu-le-depute-ben-maguire-demande-lautonomie-de-la-cornouailles","status":"publish","type":"post","link":"https:\/\/stourm.news\/?p=1850","title":{"rendered":"Nouvellement \u00e9lu, le d\u00e9put\u00e9 Ben Maguire demande l&rsquo;autonomie de la Cornouailles"},"content":{"rendered":"<p style=\"text-align: justify;\">Nouvellement \u00e9lu \u00e0 Westminster, le d\u00e9put\u00e9 cornouaillais Ben Maguire a demand\u00e9 l&rsquo;autonomie de la nation brittonique.<\/p>\n<p style=\"text-align: justify;\">\u00ab\u00a0<strong>Je demande que la d\u00e9centralisation en Cornouailles soit incluse dans le discours du roi. Je crois fermement que les communaut\u00e9s locales sont les mieux plac\u00e9es pour prendre leurs propres d\u00e9cisions\u00a0\u00bb<\/strong> a \u00e9crit sur Twitter le parlementaire. <strong>\u00ab\u00a0J&rsquo;ai \u00e9crit au Premier ministre pour lui demander, ainsi qu&rsquo;\u00e0 son gouvernement, de saisir cette occasion historique pour la Cornouailles\u00a0\u00bb<\/strong> ajoute-t-il.<\/p>\n<blockquote class=\"twitter-tweet\">\n<p dir=\"ltr\" lang=\"en\">I&rsquo;m calling for Cornish devolution to be included in the King&rsquo;s Speech. I&rsquo;m a strong believer that local communities are best placed to make their own decisions.<\/p>\n<p>I have written to the Prime Minister asking him &amp; his government to seize this historic opportunity for Cornwall. \ud83d\udc47 <a href=\"https:\/\/t.co\/XuceyK5dFi\">pic.twitter.com\/XuceyK5dFi<\/a><\/p>\n<p>\u2014 Ben Maguire MP for North Cornwall (@BenMaguireNC) <a href=\"https:\/\/twitter.com\/BenMaguireNC\/status\/1812952406369706249?ref_src=twsrc%5Etfw\">July 15, 2024<\/a><\/p><\/blockquote>\n<p><script async src=\"https:\/\/platform.twitter.com\/widgets.js\" charset=\"utf-8\"><\/script><\/p>\n<p style=\"text-align: justify;\">Le mouvement d&rsquo;affirmation identitaire se renforce dans la nation brittonique. Lors de leur investiture, les 6 d\u00e9put\u00e9s cornouaillais nouvellement \u00e9lus ont pr\u00eat\u00e9 serment en breton.<\/p>\n<p style=\"text-align: right;\"><strong>Ewen Broc&rsquo;han<\/strong><\/p>\n","protected":false},"excerpt":{"rendered":"<p>Nouvellement \u00e9lu \u00e0 Westminster, le d\u00e9put\u00e9 cornouaillais Ben Maguire a demand\u00e9 l&rsquo;autonomie de la nation brittonique. \u00ab\u00a0Je demande que la d\u00e9centralisation en Cornouailles soit incluse dans le discours du roi. Je crois fermement que les communaut\u00e9s locales sont les mieux plac\u00e9es pour prendre leurs propres d\u00e9cisions\u00a0\u00bb a \u00e9crit sur Twitter le parlementaire. \u00ab\u00a0J&rsquo;ai \u00e9crit au [&hellip;]<\/p>\n","protected":false},"author":1,"featured_media":1851,"comment_status":"open","ping_status":"open","sticky":false,"template":"","format":"standard","meta":{"sb_editor_width":"","footnotes":""},"categories":[66,65],"tags":[],"class_list":["post-1850","post","type-post","status-publish","format-standard","has-post-thumbnail","hentry","category-international","category-principale"],"relative_dates":{"created":"2 ans ago","modified":"2 ans ago"},"yoast_head":"<!-- This site is optimized with the Yoast SEO plugin v26.3 - https:\/\/yoast.com\/wordpress\/plugins\/seo\/ -->\n<title>Nouvellement \u00e9lu, le d\u00e9put\u00e9 Ben Maguire demande l&#039;autonomie de la Cornouailles - STOURM<\/title>\n<meta name=\"robots\" content=\"index, follow, max-snippet:-1, max-image-preview:large, max-video-preview:-1\" \/>\n<link rel=\"canonical\" href=\"https:\/\/stourm.news\/?p=1850\" \/>\n<meta property=\"og:locale\" content=\"fr_FR\" \/>\n<meta property=\"og:type\" content=\"article\" \/>\n<meta property=\"og:title\" content=\"Nouvellement \u00e9lu, le d\u00e9put\u00e9 Ben Maguire demande l&#039;autonomie de la Cornouailles - STOURM\" \/>\n<meta property=\"og:description\" content=\"Nouvellement \u00e9lu \u00e0 Westminster, le d\u00e9put\u00e9 cornouaillais Ben Maguire a demand\u00e9 l&rsquo;autonomie de la nation brittonique. \u00ab\u00a0Je demande que la d\u00e9centralisation en Cornouailles soit incluse dans le discours du roi. Je crois fermement que les communaut\u00e9s locales sont les mieux plac\u00e9es pour prendre leurs propres d\u00e9cisions\u00a0\u00bb a \u00e9crit sur Twitter le parlementaire. \u00ab\u00a0J&rsquo;ai \u00e9crit au [&hellip;]\" \/>\n<meta property=\"og:url\" content=\"https:\/\/stourm.news\/?p=1850\" \/>\n<meta property=\"og:site_name\" content=\"STOURM\" \/>\n<meta property=\"article:publisher\" content=\"https:\/\/www.facebook.com\/stourmnews\/\" \/>\n<meta property=\"article:published_time\" content=\"2024-07-17T15:19:23+00:00\" \/>\n<meta property=\"og:image\" content=\"https:\/\/stourm.news\/wp-content\/uploads\/2024\/07\/GRMQTCzW8AAM5DE.jpg\" \/>\n\t<meta property=\"og:image:width\" content=\"2048\" \/>\n\t<meta property=\"og:image:height\" content=\"1536\" \/>\n\t<meta property=\"og:image:type\" content=\"image\/jpeg\" \/>\n<meta name=\"author\" content=\"La r\u00e9daction\" \/>\n<meta name=\"twitter:card\" content=\"summary_large_image\" \/>\n<meta name=\"twitter:label1\" content=\"\u00c9crit par\" \/>\n\t<meta name=\"twitter:data1\" content=\"La r\u00e9daction\" \/>\n\t<meta name=\"twitter:label2\" content=\"Dur\u00e9e de lecture estim\u00e9e\" \/>\n\t<meta name=\"twitter:data2\" content=\"1 minute\" \/>\n<script type=\"application\/ld+json\" class=\"yoast-schema-graph\">{\"@context\":\"https:\/\/schema.org\",\"@graph\":[{\"@type\":\"Article\",\"@id\":\"https:\/\/stourm.news\/?p=1850#article\",\"isPartOf\":{\"@id\":\"https:\/\/stourm.news\/?p=1850\"},\"author\":{\"name\":\"La r\u00e9daction\",\"@id\":\"https:\/\/stourm.news\/#\/schema\/person\/c3e1dc65988632e190969234ef046cf9\"},\"headline\":\"Nouvellement \u00e9lu, le d\u00e9put\u00e9 Ben Maguire demande l&rsquo;autonomie de la Cornouailles\",\"datePublished\":\"2024-07-17T15:19:23+00:00\",\"mainEntityOfPage\":{\"@id\":\"https:\/\/stourm.news\/?p=1850\"},\"wordCount\":185,\"commentCount\":0,\"publisher\":{\"@id\":\"https:\/\/stourm.news\/#organization\"},\"image\":{\"@id\":\"https:\/\/stourm.news\/?p=1850#primaryimage\"},\"thumbnailUrl\":\"https:\/\/stourm.news\/wp-content\/uploads\/2024\/07\/GRMQTCzW8AAM5DE.jpg\",\"articleSection\":[\"International\",\"Principale\"],\"inLanguage\":\"fr-FR\",\"potentialAction\":[{\"@type\":\"CommentAction\",\"name\":\"Comment\",\"target\":[\"https:\/\/stourm.news\/?p=1850#respond\"]}]},{\"@type\":\"WebPage\",\"@id\":\"https:\/\/stourm.news\/?p=1850\",\"url\":\"https:\/\/stourm.news\/?p=1850\",\"name\":\"Nouvellement \u00e9lu, le d\u00e9put\u00e9 Ben Maguire demande l'autonomie de la Cornouailles - STOURM\",\"isPartOf\":{\"@id\":\"https:\/\/stourm.news\/#website\"},\"primaryImageOfPage\":{\"@id\":\"https:\/\/stourm.news\/?p=1850#primaryimage\"},\"image\":{\"@id\":\"https:\/\/stourm.news\/?p=1850#primaryimage\"},\"thumbnailUrl\":\"https:\/\/stourm.news\/wp-content\/uploads\/2024\/07\/GRMQTCzW8AAM5DE.jpg\",\"datePublished\":\"2024-07-17T15:19:23+00:00\",\"breadcrumb\":{\"@id\":\"https:\/\/stourm.news\/?p=1850#breadcrumb\"},\"inLanguage\":\"fr-FR\",\"potentialAction\":[{\"@type\":\"ReadAction\",\"target\":[\"https:\/\/stourm.news\/?p=1850\"]}]},{\"@type\":\"ImageObject\",\"inLanguage\":\"fr-FR\",\"@id\":\"https:\/\/stourm.news\/?p=1850#primaryimage\",\"url\":\"https:\/\/stourm.news\/wp-content\/uploads\/2024\/07\/GRMQTCzW8AAM5DE.jpg\",\"contentUrl\":\"https:\/\/stourm.news\/wp-content\/uploads\/2024\/07\/GRMQTCzW8AAM5DE.jpg\",\"width\":2048,\"height\":1536},{\"@type\":\"BreadcrumbList\",\"@id\":\"https:\/\/stourm.news\/?p=1850#breadcrumb\",\"itemListElement\":[{\"@type\":\"ListItem\",\"position\":1,\"name\":\"Accueil\",\"item\":\"https:\/\/stourm.news\/\"},{\"@type\":\"ListItem\",\"position\":2,\"name\":\"Nouvellement \u00e9lu, le d\u00e9put\u00e9 Ben Maguire demande l&rsquo;autonomie de la Cornouailles\"}]},{\"@type\":\"WebSite\",\"@id\":\"https:\/\/stourm.news\/#website\",\"url\":\"https:\/\/stourm.news\/\",\"name\":\"Stourm\",\"description\":\"Kazetenn Strollad Broadel Breizh\",\"publisher\":{\"@id\":\"https:\/\/stourm.news\/#organization\"},\"potentialAction\":[{\"@type\":\"SearchAction\",\"target\":{\"@type\":\"EntryPoint\",\"urlTemplate\":\"https:\/\/stourm.news\/?s={search_term_string}\"},\"query-input\":{\"@type\":\"PropertyValueSpecification\",\"valueRequired\":true,\"valueName\":\"search_term_string\"}}],\"inLanguage\":\"fr-FR\"},{\"@type\":\"Organization\",\"@id\":\"https:\/\/stourm.news\/#organization\",\"name\":\"Stourm\",\"url\":\"https:\/\/stourm.news\/\",\"logo\":{\"@type\":\"ImageObject\",\"inLanguage\":\"fr-FR\",\"@id\":\"https:\/\/stourm.news\/#\/schema\/logo\/image\/\",\"url\":\"https:\/\/stourm.news\/wp-content\/uploads\/2025\/11\/cropped-Capture-decran-2025-11-28-a-15.19.07.png\",\"contentUrl\":\"https:\/\/stourm.news\/wp-content\/uploads\/2025\/11\/cropped-Capture-decran-2025-11-28-a-15.19.07.png\",\"width\":1855,\"height\":383,\"caption\":\"Stourm\"},\"image\":{\"@id\":\"https:\/\/stourm.news\/#\/schema\/logo\/image\/\"},\"sameAs\":[\"https:\/\/www.facebook.com\/stourmnews\/\"]},{\"@type\":\"Person\",\"@id\":\"https:\/\/stourm.news\/#\/schema\/person\/c3e1dc65988632e190969234ef046cf9\",\"name\":\"La r\u00e9daction\",\"image\":{\"@type\":\"ImageObject\",\"inLanguage\":\"fr-FR\",\"@id\":\"https:\/\/stourm.news\/#\/schema\/person\/image\/\",\"url\":\"https:\/\/secure.gravatar.com\/avatar\/7463443f194b6b5fb706b074ca0ef59a0cfcfd720cb47764b0ec5a952ce422b3?s=96&d=mm&r=g\",\"contentUrl\":\"https:\/\/secure.gravatar.com\/avatar\/7463443f194b6b5fb706b074ca0ef59a0cfcfd720cb47764b0ec5a952ce422b3?s=96&d=mm&r=g\",\"caption\":\"La r\u00e9daction\"},\"sameAs\":[\"https:\/\/stourm.news\"],\"url\":\"https:\/\/stourm.news\/?author=1\"}]}<\/script>\n<!-- \/ Yoast SEO plugin. -->","yoast_head_json":{"title":"Nouvellement \u00e9lu, le d\u00e9put\u00e9 Ben Maguire demande l'autonomie de la Cornouailles - STOURM","robots":{"index":"index","follow":"follow","max-snippet":"max-snippet:-1","max-image-preview":"max-image-preview:large","max-video-preview":"max-video-preview:-1"},"canonical":"https:\/\/stourm.news\/?p=1850","og_locale":"fr_FR","og_type":"article","og_title":"Nouvellement \u00e9lu, le d\u00e9put\u00e9 Ben Maguire demande l'autonomie de la Cornouailles - STOURM","og_description":"Nouvellement \u00e9lu \u00e0 Westminster, le d\u00e9put\u00e9 cornouaillais Ben Maguire a demand\u00e9 l&rsquo;autonomie de la nation brittonique. \u00ab\u00a0Je demande que la d\u00e9centralisation en Cornouailles soit incluse dans le discours du roi. Je crois fermement que les communaut\u00e9s locales sont les mieux plac\u00e9es pour prendre leurs propres d\u00e9cisions\u00a0\u00bb a \u00e9crit sur Twitter le parlementaire. \u00ab\u00a0J&rsquo;ai \u00e9crit au [&hellip;]","og_url":"https:\/\/stourm.news\/?p=1850","og_site_name":"STOURM","article_publisher":"https:\/\/www.facebook.com\/stourmnews\/","article_published_time":"2024-07-17T15:19:23+00:00","og_image":[{"width":2048,"height":1536,"url":"https:\/\/stourm.news\/wp-content\/uploads\/2024\/07\/GRMQTCzW8AAM5DE.jpg","type":"image\/jpeg"}],"author":"La r\u00e9daction","twitter_card":"summary_large_image","twitter_misc":{"\u00c9crit par":"La r\u00e9daction","Dur\u00e9e de lecture estim\u00e9e":"1 minute"},"schema":{"@context":"https:\/\/schema.org","@graph":[{"@type":"Article","@id":"https:\/\/stourm.news\/?p=1850#article","isPartOf":{"@id":"https:\/\/stourm.news\/?p=1850"},"author":{"name":"La r\u00e9daction","@id":"https:\/\/stourm.news\/#\/schema\/person\/c3e1dc65988632e190969234ef046cf9"},"headline":"Nouvellement \u00e9lu, le d\u00e9put\u00e9 Ben Maguire demande l&rsquo;autonomie de la Cornouailles","datePublished":"2024-07-17T15:19:23+00:00","mainEntityOfPage":{"@id":"https:\/\/stourm.news\/?p=1850"},"wordCount":185,"commentCount":0,"publisher":{"@id":"https:\/\/stourm.news\/#organization"},"image":{"@id":"https:\/\/stourm.news\/?p=1850#primaryimage"},"thumbnailUrl":"https:\/\/stourm.news\/wp-content\/uploads\/2024\/07\/GRMQTCzW8AAM5DE.jpg","articleSection":["International","Principale"],"inLanguage":"fr-FR","potentialAction":[{"@type":"CommentAction","name":"Comment","target":["https:\/\/stourm.news\/?p=1850#respond"]}]},{"@type":"WebPage","@id":"https:\/\/stourm.news\/?p=1850","url":"https:\/\/stourm.news\/?p=1850","name":"Nouvellement \u00e9lu, le d\u00e9put\u00e9 Ben Maguire demande l'autonomie de la Cornouailles - STOURM","isPartOf":{"@id":"https:\/\/stourm.news\/#website"},"primaryImageOfPage":{"@id":"https:\/\/stourm.news\/?p=1850#primaryimage"},"image":{"@id":"https:\/\/stourm.news\/?p=1850#primaryimage"},"thumbnailUrl":"https:\/\/stourm.news\/wp-content\/uploads\/2024\/07\/GRMQTCzW8AAM5DE.jpg","datePublished":"2024-07-17T15:19:23+00:00","breadcrumb":{"@id":"https:\/\/stourm.news\/?p=1850#breadcrumb"},"inLanguage":"fr-FR","potentialAction":[{"@type":"ReadAction","target":["https:\/\/stourm.news\/?p=1850"]}]},{"@type":"ImageObject","inLanguage":"fr-FR","@id":"https:\/\/stourm.news\/?p=1850#primaryimage","url":"https:\/\/stourm.news\/wp-content\/uploads\/2024\/07\/GRMQTCzW8AAM5DE.jpg","contentUrl":"https:\/\/stourm.news\/wp-content\/uploads\/2024\/07\/GRMQTCzW8AAM5DE.jpg","width":2048,"height":1536},{"@type":"BreadcrumbList","@id":"https:\/\/stourm.news\/?p=1850#breadcrumb","itemListElement":[{"@type":"ListItem","position":1,"name":"Accueil","item":"https:\/\/stourm.news\/"},{"@type":"ListItem","position":2,"name":"Nouvellement \u00e9lu, le d\u00e9put\u00e9 Ben Maguire demande l&rsquo;autonomie de la Cornouailles"}]},{"@type":"WebSite","@id":"https:\/\/stourm.news\/#website","url":"https:\/\/stourm.news\/","name":"Stourm","description":"Kazetenn Strollad Broadel Breizh","publisher":{"@id":"https:\/\/stourm.news\/#organization"},"potentialAction":[{"@type":"SearchAction","target":{"@type":"EntryPoint","urlTemplate":"https:\/\/stourm.news\/?s={search_term_string}"},"query-input":{"@type":"PropertyValueSpecification","valueRequired":true,"valueName":"search_term_string"}}],"inLanguage":"fr-FR"},{"@type":"Organization","@id":"https:\/\/stourm.news\/#organization","name":"Stourm","url":"https:\/\/stourm.news\/","logo":{"@type":"ImageObject","inLanguage":"fr-FR","@id":"https:\/\/stourm.news\/#\/schema\/logo\/image\/","url":"https:\/\/stourm.news\/wp-content\/uploads\/2025\/11\/cropped-Capture-decran-2025-11-28-a-15.19.07.png","contentUrl":"https:\/\/stourm.news\/wp-content\/uploads\/2025\/11\/cropped-Capture-decran-2025-11-28-a-15.19.07.png","width":1855,"height":383,"caption":"Stourm"},"image":{"@id":"https:\/\/stourm.news\/#\/schema\/logo\/image\/"},"sameAs":["https:\/\/www.facebook.com\/stourmnews\/"]},{"@type":"Person","@id":"https:\/\/stourm.news\/#\/schema\/person\/c3e1dc65988632e190969234ef046cf9","name":"La r\u00e9daction","image":{"@type":"ImageObject","inLanguage":"fr-FR","@id":"https:\/\/stourm.news\/#\/schema\/person\/image\/","url":"https:\/\/secure.gravatar.com\/avatar\/7463443f194b6b5fb706b074ca0ef59a0cfcfd720cb47764b0ec5a952ce422b3?s=96&d=mm&r=g","contentUrl":"https:\/\/secure.gravatar.com\/avatar\/7463443f194b6b5fb706b074ca0ef59a0cfcfd720cb47764b0ec5a952ce422b3?s=96&d=mm&r=g","caption":"La r\u00e9daction"},"sameAs":["https:\/\/stourm.news"],"url":"https:\/\/stourm.news\/?author=1"}]}},"_links":{"self":[{"href":"https:\/\/stourm.news\/index.php?rest_route=\/wp\/v2\/posts\/1850","targetHints":{"allow":["GET"]}}],"collection":[{"href":"https:\/\/stourm.news\/index.php?rest_route=\/wp\/v2\/posts"}],"about":[{"href":"https:\/\/stourm.news\/index.php?rest_route=\/wp\/v2\/types\/post"}],"author":[{"embeddable":true,"href":"https:\/\/stourm.news\/index.php?rest_route=\/wp\/v2\/users\/1"}],"replies":[{"embeddable":true,"href":"https:\/\/stourm.news\/index.php?rest_route=%2Fwp%2Fv2%2Fcomments&post=1850"}],"version-history":[{"count":1,"href":"https:\/\/stourm.news\/index.php?rest_route=\/wp\/v2\/posts\/1850\/revisions"}],"predecessor-version":[{"id":1852,"href":"https:\/\/stourm.news\/index.php?rest_route=\/wp\/v2\/posts\/1850\/revisions\/1852"}],"wp:featuredmedia":[{"embeddable":true,"href":"https:\/\/stourm.news\/index.php?rest_route=\/wp\/v2\/media\/1851"}],"wp:attachment":[{"href":"https:\/\/stourm.news\/index.php?rest_route=%2Fwp%2Fv2%2Fmedia&parent=1850"}],"wp:term":[{"taxonomy":"category","embeddable":true,"href":"https:\/\/stourm.news\/index.php?rest_route=%2Fwp%2Fv2%2Fcategories&post=1850"},{"taxonomy":"post_tag","embeddable":true,"href":"https:\/\/stourm.news\/index.php?rest_route=%2Fwp%2Fv2%2Ftags&post=1850"}],"curies":[{"name":"wp","href":"https:\/\/api.w.org\/{rel}","templated":true}]}}