{"id":1853,"date":"2024-07-17T15:27:02","date_gmt":"2024-07-17T15:27:02","guid":{"rendered":"https:\/\/stourm.news\/?p=1853"},"modified":"2024-07-17T15:27:02","modified_gmt":"2024-07-17T15:27:02","slug":"pour-ses-15-ans-la-vallee-des-saints-deploie-le-drapeau-national-breton-xxxl","status":"publish","type":"post","link":"https:\/\/stourm.news\/?p=1853","title":{"rendered":"Pour ses 15 ans, la Vall\u00e9e des Saints d\u00e9ploie le drapeau national breton XXXL"},"content":{"rendered":"<p style=\"text-align: justify;\">Un gigantesque Gwenn ha Du d\u00e9ploy\u00e9 et l\u2019hymne national jou\u00e9, le lundi 15 juillet 2024, la Bretagne \u00e9tait \u00e0 l\u2019honneur des derni\u00e8res animations de la Vall\u00e9e des Saints de Carno\u00ebt qui f\u00eate cette semaine ses 15 ans.<\/p>\n<p><img fetchpriority=\"high\" decoding=\"async\" class=\"alignnone size-medium\" src=\"https:\/\/maville.com\/photosmvi\/2024\/07\/16\/P34450485D6383944G.jpg\" width=\"1024\" height=\"732\" \/><\/p>\n<p>Pour d\u00e9couvrir la Vall\u00e9e des Saints :<\/p>\n<p><iframe title=\"YouTube video player\" src=\"https:\/\/www.youtube.com\/embed\/9OiaQqIxvsw?si=dCEMP5wTNje8U-_r\" width=\"560\" height=\"315\" frameborder=\"0\" allowfullscreen=\"allowfullscreen\"><\/iframe><\/p>\n<p style=\"text-align: right;\"><strong>Ewen Broc&rsquo;han<\/strong><\/p>\n","protected":false},"excerpt":{"rendered":"<p>Un gigantesque Gwenn ha Du d\u00e9ploy\u00e9 et l\u2019hymne national jou\u00e9, le lundi 15 juillet 2024, la Bretagne \u00e9tait \u00e0 l\u2019honneur des derni\u00e8res animations de la Vall\u00e9e des Saints de Carno\u00ebt qui f\u00eate cette semaine ses 15 ans. Pour d\u00e9couvrir la Vall\u00e9e des Saints : Ewen Broc&rsquo;han<\/p>\n","protected":false},"author":1,"featured_media":1854,"comment_status":"open","ping_status":"open","sticky":false,"template":"","format":"standard","meta":{"sb_editor_width":"","footnotes":""},"categories":[58,65],"tags":[],"class_list":["post-1853","post","type-post","status-publish","format-standard","has-post-thumbnail","hentry","category-breizh","category-principale"],"relative_dates":{"created":"2 ans ago","modified":"2 ans ago"},"yoast_head":"<!-- This site is optimized with the Yoast SEO plugin v26.3 - https:\/\/yoast.com\/wordpress\/plugins\/seo\/ -->\n<title>Pour ses 15 ans, la Vall\u00e9e des Saints d\u00e9ploie le drapeau national breton XXXL - STOURM<\/title>\n<meta name=\"robots\" content=\"index, follow, max-snippet:-1, max-image-preview:large, max-video-preview:-1\" \/>\n<link rel=\"canonical\" href=\"https:\/\/stourm.news\/?p=1853\" \/>\n<meta property=\"og:locale\" content=\"fr_FR\" \/>\n<meta property=\"og:type\" content=\"article\" \/>\n<meta property=\"og:title\" content=\"Pour ses 15 ans, la Vall\u00e9e des Saints d\u00e9ploie le drapeau national breton XXXL - STOURM\" \/>\n<meta property=\"og:description\" content=\"Un gigantesque Gwenn ha Du d\u00e9ploy\u00e9 et l\u2019hymne national jou\u00e9, le lundi 15 juillet 2024, la Bretagne \u00e9tait \u00e0 l\u2019honneur des derni\u00e8res animations de la Vall\u00e9e des Saints de Carno\u00ebt qui f\u00eate cette semaine ses 15 ans. Pour d\u00e9couvrir la Vall\u00e9e des Saints : Ewen Broc&rsquo;han\" \/>\n<meta property=\"og:url\" content=\"https:\/\/stourm.news\/?p=1853\" \/>\n<meta property=\"og:site_name\" content=\"STOURM\" \/>\n<meta property=\"article:publisher\" content=\"https:\/\/www.facebook.com\/stourmnews\/\" \/>\n<meta property=\"article:published_time\" content=\"2024-07-17T15:27:02+00:00\" \/>\n<meta property=\"og:image\" content=\"https:\/\/stourm.news\/wp-content\/uploads\/2024\/07\/Capture-decran-2024-07-18-a-00.21.54.png\" \/>\n\t<meta property=\"og:image:width\" content=\"1542\" \/>\n\t<meta property=\"og:image:height\" content=\"940\" \/>\n\t<meta property=\"og:image:type\" content=\"image\/png\" \/>\n<meta name=\"author\" content=\"La r\u00e9daction\" \/>\n<meta name=\"twitter:card\" content=\"summary_large_image\" \/>\n<meta name=\"twitter:label1\" content=\"\u00c9crit par\" \/>\n\t<meta name=\"twitter:data1\" content=\"La r\u00e9daction\" \/>\n\t<meta name=\"twitter:label2\" content=\"Dur\u00e9e de lecture estim\u00e9e\" \/>\n\t<meta name=\"twitter:data2\" content=\"1 minute\" \/>\n<script type=\"application\/ld+json\" class=\"yoast-schema-graph\">{\"@context\":\"https:\/\/schema.org\",\"@graph\":[{\"@type\":\"Article\",\"@id\":\"https:\/\/stourm.news\/?p=1853#article\",\"isPartOf\":{\"@id\":\"https:\/\/stourm.news\/?p=1853\"},\"author\":{\"name\":\"La r\u00e9daction\",\"@id\":\"https:\/\/stourm.news\/#\/schema\/person\/c3e1dc65988632e190969234ef046cf9\"},\"headline\":\"Pour ses 15 ans, la Vall\u00e9e des Saints d\u00e9ploie le drapeau national breton XXXL\",\"datePublished\":\"2024-07-17T15:27:02+00:00\",\"mainEntityOfPage\":{\"@id\":\"https:\/\/stourm.news\/?p=1853\"},\"wordCount\":66,\"commentCount\":0,\"publisher\":{\"@id\":\"https:\/\/stourm.news\/#organization\"},\"image\":{\"@id\":\"https:\/\/stourm.news\/?p=1853#primaryimage\"},\"thumbnailUrl\":\"https:\/\/stourm.news\/wp-content\/uploads\/2024\/07\/Capture-decran-2024-07-18-a-00.21.54.png\",\"articleSection\":[\"Breizh\",\"Principale\"],\"inLanguage\":\"fr-FR\",\"potentialAction\":[{\"@type\":\"CommentAction\",\"name\":\"Comment\",\"target\":[\"https:\/\/stourm.news\/?p=1853#respond\"]}]},{\"@type\":\"WebPage\",\"@id\":\"https:\/\/stourm.news\/?p=1853\",\"url\":\"https:\/\/stourm.news\/?p=1853\",\"name\":\"Pour ses 15 ans, la Vall\u00e9e des Saints d\u00e9ploie le drapeau national breton XXXL - STOURM\",\"isPartOf\":{\"@id\":\"https:\/\/stourm.news\/#website\"},\"primaryImageOfPage\":{\"@id\":\"https:\/\/stourm.news\/?p=1853#primaryimage\"},\"image\":{\"@id\":\"https:\/\/stourm.news\/?p=1853#primaryimage\"},\"thumbnailUrl\":\"https:\/\/stourm.news\/wp-content\/uploads\/2024\/07\/Capture-decran-2024-07-18-a-00.21.54.png\",\"datePublished\":\"2024-07-17T15:27:02+00:00\",\"breadcrumb\":{\"@id\":\"https:\/\/stourm.news\/?p=1853#breadcrumb\"},\"inLanguage\":\"fr-FR\",\"potentialAction\":[{\"@type\":\"ReadAction\",\"target\":[\"https:\/\/stourm.news\/?p=1853\"]}]},{\"@type\":\"ImageObject\",\"inLanguage\":\"fr-FR\",\"@id\":\"https:\/\/stourm.news\/?p=1853#primaryimage\",\"url\":\"https:\/\/stourm.news\/wp-content\/uploads\/2024\/07\/Capture-decran-2024-07-18-a-00.21.54.png\",\"contentUrl\":\"https:\/\/stourm.news\/wp-content\/uploads\/2024\/07\/Capture-decran-2024-07-18-a-00.21.54.png\",\"width\":1542,\"height\":940},{\"@type\":\"BreadcrumbList\",\"@id\":\"https:\/\/stourm.news\/?p=1853#breadcrumb\",\"itemListElement\":[{\"@type\":\"ListItem\",\"position\":1,\"name\":\"Accueil\",\"item\":\"https:\/\/stourm.news\/\"},{\"@type\":\"ListItem\",\"position\":2,\"name\":\"Pour ses 15 ans, la Vall\u00e9e des Saints d\u00e9ploie le drapeau national breton XXXL\"}]},{\"@type\":\"WebSite\",\"@id\":\"https:\/\/stourm.news\/#website\",\"url\":\"https:\/\/stourm.news\/\",\"name\":\"Stourm\",\"description\":\"Kazetenn Strollad Broadel Breizh\",\"publisher\":{\"@id\":\"https:\/\/stourm.news\/#organization\"},\"potentialAction\":[{\"@type\":\"SearchAction\",\"target\":{\"@type\":\"EntryPoint\",\"urlTemplate\":\"https:\/\/stourm.news\/?s={search_term_string}\"},\"query-input\":{\"@type\":\"PropertyValueSpecification\",\"valueRequired\":true,\"valueName\":\"search_term_string\"}}],\"inLanguage\":\"fr-FR\"},{\"@type\":\"Organization\",\"@id\":\"https:\/\/stourm.news\/#organization\",\"name\":\"Stourm\",\"url\":\"https:\/\/stourm.news\/\",\"logo\":{\"@type\":\"ImageObject\",\"inLanguage\":\"fr-FR\",\"@id\":\"https:\/\/stourm.news\/#\/schema\/logo\/image\/\",\"url\":\"https:\/\/stourm.news\/wp-content\/uploads\/2025\/11\/cropped-Capture-decran-2025-11-28-a-15.19.07.png\",\"contentUrl\":\"https:\/\/stourm.news\/wp-content\/uploads\/2025\/11\/cropped-Capture-decran-2025-11-28-a-15.19.07.png\",\"width\":1855,\"height\":383,\"caption\":\"Stourm\"},\"image\":{\"@id\":\"https:\/\/stourm.news\/#\/schema\/logo\/image\/\"},\"sameAs\":[\"https:\/\/www.facebook.com\/stourmnews\/\"]},{\"@type\":\"Person\",\"@id\":\"https:\/\/stourm.news\/#\/schema\/person\/c3e1dc65988632e190969234ef046cf9\",\"name\":\"La r\u00e9daction\",\"image\":{\"@type\":\"ImageObject\",\"inLanguage\":\"fr-FR\",\"@id\":\"https:\/\/stourm.news\/#\/schema\/person\/image\/\",\"url\":\"https:\/\/secure.gravatar.com\/avatar\/7463443f194b6b5fb706b074ca0ef59a0cfcfd720cb47764b0ec5a952ce422b3?s=96&d=mm&r=g\",\"contentUrl\":\"https:\/\/secure.gravatar.com\/avatar\/7463443f194b6b5fb706b074ca0ef59a0cfcfd720cb47764b0ec5a952ce422b3?s=96&d=mm&r=g\",\"caption\":\"La r\u00e9daction\"},\"sameAs\":[\"https:\/\/stourm.news\"],\"url\":\"https:\/\/stourm.news\/?author=1\"}]}<\/script>\n<!-- \/ Yoast SEO plugin. -->","yoast_head_json":{"title":"Pour ses 15 ans, la Vall\u00e9e des Saints d\u00e9ploie le drapeau national breton XXXL - STOURM","robots":{"index":"index","follow":"follow","max-snippet":"max-snippet:-1","max-image-preview":"max-image-preview:large","max-video-preview":"max-video-preview:-1"},"canonical":"https:\/\/stourm.news\/?p=1853","og_locale":"fr_FR","og_type":"article","og_title":"Pour ses 15 ans, la Vall\u00e9e des Saints d\u00e9ploie le drapeau national breton XXXL - STOURM","og_description":"Un gigantesque Gwenn ha Du d\u00e9ploy\u00e9 et l\u2019hymne national jou\u00e9, le lundi 15 juillet 2024, la Bretagne \u00e9tait \u00e0 l\u2019honneur des derni\u00e8res animations de la Vall\u00e9e des Saints de Carno\u00ebt qui f\u00eate cette semaine ses 15 ans. Pour d\u00e9couvrir la Vall\u00e9e des Saints : Ewen Broc&rsquo;han","og_url":"https:\/\/stourm.news\/?p=1853","og_site_name":"STOURM","article_publisher":"https:\/\/www.facebook.com\/stourmnews\/","article_published_time":"2024-07-17T15:27:02+00:00","og_image":[{"width":1542,"height":940,"url":"https:\/\/stourm.news\/wp-content\/uploads\/2024\/07\/Capture-decran-2024-07-18-a-00.21.54.png","type":"image\/png"}],"author":"La r\u00e9daction","twitter_card":"summary_large_image","twitter_misc":{"\u00c9crit par":"La r\u00e9daction","Dur\u00e9e de lecture estim\u00e9e":"1 minute"},"schema":{"@context":"https:\/\/schema.org","@graph":[{"@type":"Article","@id":"https:\/\/stourm.news\/?p=1853#article","isPartOf":{"@id":"https:\/\/stourm.news\/?p=1853"},"author":{"name":"La r\u00e9daction","@id":"https:\/\/stourm.news\/#\/schema\/person\/c3e1dc65988632e190969234ef046cf9"},"headline":"Pour ses 15 ans, la Vall\u00e9e des Saints d\u00e9ploie le drapeau national breton XXXL","datePublished":"2024-07-17T15:27:02+00:00","mainEntityOfPage":{"@id":"https:\/\/stourm.news\/?p=1853"},"wordCount":66,"commentCount":0,"publisher":{"@id":"https:\/\/stourm.news\/#organization"},"image":{"@id":"https:\/\/stourm.news\/?p=1853#primaryimage"},"thumbnailUrl":"https:\/\/stourm.news\/wp-content\/uploads\/2024\/07\/Capture-decran-2024-07-18-a-00.21.54.png","articleSection":["Breizh","Principale"],"inLanguage":"fr-FR","potentialAction":[{"@type":"CommentAction","name":"Comment","target":["https:\/\/stourm.news\/?p=1853#respond"]}]},{"@type":"WebPage","@id":"https:\/\/stourm.news\/?p=1853","url":"https:\/\/stourm.news\/?p=1853","name":"Pour ses 15 ans, la Vall\u00e9e des Saints d\u00e9ploie le drapeau national breton XXXL - STOURM","isPartOf":{"@id":"https:\/\/stourm.news\/#website"},"primaryImageOfPage":{"@id":"https:\/\/stourm.news\/?p=1853#primaryimage"},"image":{"@id":"https:\/\/stourm.news\/?p=1853#primaryimage"},"thumbnailUrl":"https:\/\/stourm.news\/wp-content\/uploads\/2024\/07\/Capture-decran-2024-07-18-a-00.21.54.png","datePublished":"2024-07-17T15:27:02+00:00","breadcrumb":{"@id":"https:\/\/stourm.news\/?p=1853#breadcrumb"},"inLanguage":"fr-FR","potentialAction":[{"@type":"ReadAction","target":["https:\/\/stourm.news\/?p=1853"]}]},{"@type":"ImageObject","inLanguage":"fr-FR","@id":"https:\/\/stourm.news\/?p=1853#primaryimage","url":"https:\/\/stourm.news\/wp-content\/uploads\/2024\/07\/Capture-decran-2024-07-18-a-00.21.54.png","contentUrl":"https:\/\/stourm.news\/wp-content\/uploads\/2024\/07\/Capture-decran-2024-07-18-a-00.21.54.png","width":1542,"height":940},{"@type":"BreadcrumbList","@id":"https:\/\/stourm.news\/?p=1853#breadcrumb","itemListElement":[{"@type":"ListItem","position":1,"name":"Accueil","item":"https:\/\/stourm.news\/"},{"@type":"ListItem","position":2,"name":"Pour ses 15 ans, la Vall\u00e9e des Saints d\u00e9ploie le drapeau national breton XXXL"}]},{"@type":"WebSite","@id":"https:\/\/stourm.news\/#website","url":"https:\/\/stourm.news\/","name":"Stourm","description":"Kazetenn Strollad Broadel Breizh","publisher":{"@id":"https:\/\/stourm.news\/#organization"},"potentialAction":[{"@type":"SearchAction","target":{"@type":"EntryPoint","urlTemplate":"https:\/\/stourm.news\/?s={search_term_string}"},"query-input":{"@type":"PropertyValueSpecification","valueRequired":true,"valueName":"search_term_string"}}],"inLanguage":"fr-FR"},{"@type":"Organization","@id":"https:\/\/stourm.news\/#organization","name":"Stourm","url":"https:\/\/stourm.news\/","logo":{"@type":"ImageObject","inLanguage":"fr-FR","@id":"https:\/\/stourm.news\/#\/schema\/logo\/image\/","url":"https:\/\/stourm.news\/wp-content\/uploads\/2025\/11\/cropped-Capture-decran-2025-11-28-a-15.19.07.png","contentUrl":"https:\/\/stourm.news\/wp-content\/uploads\/2025\/11\/cropped-Capture-decran-2025-11-28-a-15.19.07.png","width":1855,"height":383,"caption":"Stourm"},"image":{"@id":"https:\/\/stourm.news\/#\/schema\/logo\/image\/"},"sameAs":["https:\/\/www.facebook.com\/stourmnews\/"]},{"@type":"Person","@id":"https:\/\/stourm.news\/#\/schema\/person\/c3e1dc65988632e190969234ef046cf9","name":"La r\u00e9daction","image":{"@type":"ImageObject","inLanguage":"fr-FR","@id":"https:\/\/stourm.news\/#\/schema\/person\/image\/","url":"https:\/\/secure.gravatar.com\/avatar\/7463443f194b6b5fb706b074ca0ef59a0cfcfd720cb47764b0ec5a952ce422b3?s=96&d=mm&r=g","contentUrl":"https:\/\/secure.gravatar.com\/avatar\/7463443f194b6b5fb706b074ca0ef59a0cfcfd720cb47764b0ec5a952ce422b3?s=96&d=mm&r=g","caption":"La r\u00e9daction"},"sameAs":["https:\/\/stourm.news"],"url":"https:\/\/stourm.news\/?author=1"}]}},"_links":{"self":[{"href":"https:\/\/stourm.news\/index.php?rest_route=\/wp\/v2\/posts\/1853","targetHints":{"allow":["GET"]}}],"collection":[{"href":"https:\/\/stourm.news\/index.php?rest_route=\/wp\/v2\/posts"}],"about":[{"href":"https:\/\/stourm.news\/index.php?rest_route=\/wp\/v2\/types\/post"}],"author":[{"embeddable":true,"href":"https:\/\/stourm.news\/index.php?rest_route=\/wp\/v2\/users\/1"}],"replies":[{"embeddable":true,"href":"https:\/\/stourm.news\/index.php?rest_route=%2Fwp%2Fv2%2Fcomments&post=1853"}],"version-history":[{"count":1,"href":"https:\/\/stourm.news\/index.php?rest_route=\/wp\/v2\/posts\/1853\/revisions"}],"predecessor-version":[{"id":1855,"href":"https:\/\/stourm.news\/index.php?rest_route=\/wp\/v2\/posts\/1853\/revisions\/1855"}],"wp:featuredmedia":[{"embeddable":true,"href":"https:\/\/stourm.news\/index.php?rest_route=\/wp\/v2\/media\/1854"}],"wp:attachment":[{"href":"https:\/\/stourm.news\/index.php?rest_route=%2Fwp%2Fv2%2Fmedia&parent=1853"}],"wp:term":[{"taxonomy":"category","embeddable":true,"href":"https:\/\/stourm.news\/index.php?rest_route=%2Fwp%2Fv2%2Fcategories&post=1853"},{"taxonomy":"post_tag","embeddable":true,"href":"https:\/\/stourm.news\/index.php?rest_route=%2Fwp%2Fv2%2Ftags&post=1853"}],"curies":[{"name":"wp","href":"https:\/\/api.w.org\/{rel}","templated":true}]}}