{"id":1859,"date":"2024-07-23T01:07:54","date_gmt":"2024-07-23T01:07:54","guid":{"rendered":"https:\/\/stourm.news\/?p=1859"},"modified":"2024-07-23T01:07:54","modified_gmt":"2024-07-23T01:07:54","slug":"irlande-la-population-incendie-un-centre-destine-a-limplantation-de-500-migrants-clandestins","status":"publish","type":"post","link":"https:\/\/stourm.news\/?p=1859","title":{"rendered":"Irlande : la population incendie un centre destin\u00e9 \u00e0 l&rsquo;implantation de 500 migrants clandestins"},"content":{"rendered":"<p style=\"text-align: justify;\">En Irlande, la mobilisation populaire contre la colonisation de peuplement organis\u00e9e par le gouvernement pro-UE de Dublin se poursuit. \u00c0 Coolock, le b\u00e2timent qui devait accueillir 500 migrants clandestins a \u00e9t\u00e9 incendi\u00e9 par la population autochtone.<\/p>\n<blockquote class=\"twitter-tweet\">\n<p dir=\"ltr\" lang=\"en\">\ud83d\udccdCoolock, EXCLUSIVE footage from inside the Crown Paints building<\/p>\n<p>I&rsquo;ve been passed on footage from early this morning showing the extent of the damage done so far from the 3 fires at Coolock Crown Paints building, which is to be used to house 500 undocumented migrants. <a href=\"https:\/\/t.co\/2HD845rXI1\">https:\/\/t.co\/2HD845rXI1<\/a> <a href=\"https:\/\/t.co\/f7YZ8VNo3l\">pic.twitter.com\/f7YZ8VNo3l<\/a><\/p>\n<p>\u2014 Terry K (@TezTruth81) <a href=\"https:\/\/twitter.com\/TezTruth81\/status\/1814921387313652170?ref_src=twsrc%5Etfw\">July 21, 2024<\/a><\/p><\/blockquote>\n<p><script async src=\"https:\/\/platform.twitter.com\/widgets.js\" charset=\"utf-8\"><\/script><\/p>\n<p style=\"text-align: justify;\">Les Irlandais sont de plus en plus mobilisation contre le gouvernement anti-irlandais.<\/p>\n<p style=\"text-align: justify;\"><em><strong>Il est facile de se d\u00e9courager lorsque l&rsquo;on est ignor\u00e9 par son gouvernement.<\/strong><\/em><\/p>\n<p style=\"text-align: justify;\"><em><strong>Cette semaine, les habitants de Coolock ont \u00e9t\u00e9 battus, asperg\u00e9s de gaz poivr\u00e9 et menac\u00e9s d&rsquo;accusation de terrorisme.<\/strong><\/em><\/p>\n<p style=\"text-align: justify;\"><em><strong>Au lieu de s&rsquo;\u00e9loigner, leur mouvement s&rsquo;est d\u00e9velopp\u00e9 et la communaut\u00e9 s&rsquo;est resserr\u00e9e.<\/strong><\/em><\/p>\n<blockquote class=\"twitter-tweet\">\n<p dir=\"ltr\" lang=\"en\">It\u2019s easy to become dejected when you are ignored by your government.<\/p>\n<p>This week the people of Coolock were beaten, pepper sprayed and threatened with terrorism charges.<\/p>\n<p>Instead of walking away, their movement has grown and the community has tightened.<\/p>\n<p>God bless Coolock \ud83d\ude4f\ud83c\uddee\ud83c\uddea <a href=\"https:\/\/t.co\/3YPPy8GgTS\">pic.twitter.com\/3YPPy8GgTS<\/a><\/p>\n<p>\u2014 MichaeloKeeffe (@Mick_O_Keeffe) <a href=\"https:\/\/twitter.com\/Mick_O_Keeffe\/status\/1814835664698949684?ref_src=twsrc%5Etfw\">July 21, 2024<\/a><\/p><\/blockquote>\n<p><script async src=\"https:\/\/platform.twitter.com\/widgets.js\" charset=\"utf-8\"><\/script><\/p>\n<p style=\"text-align: right;\"><strong>Ewen Broc&rsquo;han<\/strong><\/p>\n","protected":false},"excerpt":{"rendered":"<p>En Irlande, la mobilisation populaire contre la colonisation de peuplement organis\u00e9e par le gouvernement pro-UE de Dublin se poursuit. \u00c0 Coolock, le b\u00e2timent qui devait accueillir 500 migrants clandestins a \u00e9t\u00e9 incendi\u00e9 par la population autochtone. \ud83d\udccdCoolock, EXCLUSIVE footage from inside the Crown Paints building I&rsquo;ve been passed on footage from early this morning showing [&hellip;]<\/p>\n","protected":false},"author":1,"featured_media":1860,"comment_status":"open","ping_status":"open","sticky":false,"template":"","format":"standard","meta":{"sb_editor_width":"","footnotes":""},"categories":[33,66,65],"tags":[],"class_list":["post-1859","post","type-post","status-publish","format-standard","has-post-thumbnail","hentry","category-immigration","category-international","category-principale"],"relative_dates":{"created":"2 ans ago","modified":"2 ans ago"},"yoast_head":"<!-- This site is optimized with the Yoast SEO plugin v26.3 - https:\/\/yoast.com\/wordpress\/plugins\/seo\/ -->\n<title>Irlande : la population incendie un centre destin\u00e9 \u00e0 l&#039;implantation de 500 migrants clandestins - STOURM<\/title>\n<meta name=\"robots\" content=\"index, follow, max-snippet:-1, max-image-preview:large, max-video-preview:-1\" \/>\n<link rel=\"canonical\" href=\"https:\/\/stourm.news\/?p=1859\" \/>\n<meta property=\"og:locale\" content=\"fr_FR\" \/>\n<meta property=\"og:type\" content=\"article\" \/>\n<meta property=\"og:title\" content=\"Irlande : la population incendie un centre destin\u00e9 \u00e0 l&#039;implantation de 500 migrants clandestins - STOURM\" \/>\n<meta property=\"og:description\" content=\"En Irlande, la mobilisation populaire contre la colonisation de peuplement organis\u00e9e par le gouvernement pro-UE de Dublin se poursuit. \u00c0 Coolock, le b\u00e2timent qui devait accueillir 500 migrants clandestins a \u00e9t\u00e9 incendi\u00e9 par la population autochtone. \ud83d\udccdCoolock, EXCLUSIVE footage from inside the Crown Paints building I&rsquo;ve been passed on footage from early this morning showing [&hellip;]\" \/>\n<meta property=\"og:url\" content=\"https:\/\/stourm.news\/?p=1859\" \/>\n<meta property=\"og:site_name\" content=\"STOURM\" \/>\n<meta property=\"article:publisher\" content=\"https:\/\/www.facebook.com\/stourmnews\/\" \/>\n<meta property=\"article:published_time\" content=\"2024-07-23T01:07:54+00:00\" \/>\n<meta property=\"og:image\" content=\"https:\/\/stourm.news\/wp-content\/uploads\/2024\/07\/00209932-1600.webp\" \/>\n\t<meta property=\"og:image:width\" content=\"1600\" \/>\n\t<meta property=\"og:image:height\" content=\"900\" \/>\n\t<meta property=\"og:image:type\" content=\"image\/webp\" \/>\n<meta name=\"author\" content=\"La r\u00e9daction\" \/>\n<meta name=\"twitter:card\" content=\"summary_large_image\" \/>\n<meta name=\"twitter:label1\" content=\"\u00c9crit par\" \/>\n\t<meta name=\"twitter:data1\" content=\"La r\u00e9daction\" \/>\n\t<meta name=\"twitter:label2\" content=\"Dur\u00e9e de lecture estim\u00e9e\" \/>\n\t<meta name=\"twitter:data2\" content=\"1 minute\" \/>\n<script type=\"application\/ld+json\" class=\"yoast-schema-graph\">{\"@context\":\"https:\/\/schema.org\",\"@graph\":[{\"@type\":\"Article\",\"@id\":\"https:\/\/stourm.news\/?p=1859#article\",\"isPartOf\":{\"@id\":\"https:\/\/stourm.news\/?p=1859\"},\"author\":{\"name\":\"La r\u00e9daction\",\"@id\":\"https:\/\/stourm.news\/#\/schema\/person\/c3e1dc65988632e190969234ef046cf9\"},\"headline\":\"Irlande : la population incendie un centre destin\u00e9 \u00e0 l&rsquo;implantation de 500 migrants clandestins\",\"datePublished\":\"2024-07-23T01:07:54+00:00\",\"mainEntityOfPage\":{\"@id\":\"https:\/\/stourm.news\/?p=1859\"},\"wordCount\":232,\"commentCount\":0,\"publisher\":{\"@id\":\"https:\/\/stourm.news\/#organization\"},\"image\":{\"@id\":\"https:\/\/stourm.news\/?p=1859#primaryimage\"},\"thumbnailUrl\":\"https:\/\/stourm.news\/wp-content\/uploads\/2024\/07\/00209932-1600.webp\",\"articleSection\":[\"Immigration\",\"International\",\"Principale\"],\"inLanguage\":\"fr-FR\",\"potentialAction\":[{\"@type\":\"CommentAction\",\"name\":\"Comment\",\"target\":[\"https:\/\/stourm.news\/?p=1859#respond\"]}]},{\"@type\":\"WebPage\",\"@id\":\"https:\/\/stourm.news\/?p=1859\",\"url\":\"https:\/\/stourm.news\/?p=1859\",\"name\":\"Irlande : la population incendie un centre destin\u00e9 \u00e0 l'implantation de 500 migrants clandestins - STOURM\",\"isPartOf\":{\"@id\":\"https:\/\/stourm.news\/#website\"},\"primaryImageOfPage\":{\"@id\":\"https:\/\/stourm.news\/?p=1859#primaryimage\"},\"image\":{\"@id\":\"https:\/\/stourm.news\/?p=1859#primaryimage\"},\"thumbnailUrl\":\"https:\/\/stourm.news\/wp-content\/uploads\/2024\/07\/00209932-1600.webp\",\"datePublished\":\"2024-07-23T01:07:54+00:00\",\"breadcrumb\":{\"@id\":\"https:\/\/stourm.news\/?p=1859#breadcrumb\"},\"inLanguage\":\"fr-FR\",\"potentialAction\":[{\"@type\":\"ReadAction\",\"target\":[\"https:\/\/stourm.news\/?p=1859\"]}]},{\"@type\":\"ImageObject\",\"inLanguage\":\"fr-FR\",\"@id\":\"https:\/\/stourm.news\/?p=1859#primaryimage\",\"url\":\"https:\/\/stourm.news\/wp-content\/uploads\/2024\/07\/00209932-1600.webp\",\"contentUrl\":\"https:\/\/stourm.news\/wp-content\/uploads\/2024\/07\/00209932-1600.webp\",\"width\":1600,\"height\":900},{\"@type\":\"BreadcrumbList\",\"@id\":\"https:\/\/stourm.news\/?p=1859#breadcrumb\",\"itemListElement\":[{\"@type\":\"ListItem\",\"position\":1,\"name\":\"Accueil\",\"item\":\"https:\/\/stourm.news\/\"},{\"@type\":\"ListItem\",\"position\":2,\"name\":\"Irlande : la population incendie un centre destin\u00e9 \u00e0 l&rsquo;implantation de 500 migrants clandestins\"}]},{\"@type\":\"WebSite\",\"@id\":\"https:\/\/stourm.news\/#website\",\"url\":\"https:\/\/stourm.news\/\",\"name\":\"Stourm\",\"description\":\"Kazetenn Strollad Broadel Breizh\",\"publisher\":{\"@id\":\"https:\/\/stourm.news\/#organization\"},\"potentialAction\":[{\"@type\":\"SearchAction\",\"target\":{\"@type\":\"EntryPoint\",\"urlTemplate\":\"https:\/\/stourm.news\/?s={search_term_string}\"},\"query-input\":{\"@type\":\"PropertyValueSpecification\",\"valueRequired\":true,\"valueName\":\"search_term_string\"}}],\"inLanguage\":\"fr-FR\"},{\"@type\":\"Organization\",\"@id\":\"https:\/\/stourm.news\/#organization\",\"name\":\"Stourm\",\"url\":\"https:\/\/stourm.news\/\",\"logo\":{\"@type\":\"ImageObject\",\"inLanguage\":\"fr-FR\",\"@id\":\"https:\/\/stourm.news\/#\/schema\/logo\/image\/\",\"url\":\"https:\/\/stourm.news\/wp-content\/uploads\/2025\/11\/cropped-Capture-decran-2025-11-28-a-15.19.07.png\",\"contentUrl\":\"https:\/\/stourm.news\/wp-content\/uploads\/2025\/11\/cropped-Capture-decran-2025-11-28-a-15.19.07.png\",\"width\":1855,\"height\":383,\"caption\":\"Stourm\"},\"image\":{\"@id\":\"https:\/\/stourm.news\/#\/schema\/logo\/image\/\"},\"sameAs\":[\"https:\/\/www.facebook.com\/stourmnews\/\"]},{\"@type\":\"Person\",\"@id\":\"https:\/\/stourm.news\/#\/schema\/person\/c3e1dc65988632e190969234ef046cf9\",\"name\":\"La r\u00e9daction\",\"image\":{\"@type\":\"ImageObject\",\"inLanguage\":\"fr-FR\",\"@id\":\"https:\/\/stourm.news\/#\/schema\/person\/image\/\",\"url\":\"https:\/\/secure.gravatar.com\/avatar\/7463443f194b6b5fb706b074ca0ef59a0cfcfd720cb47764b0ec5a952ce422b3?s=96&d=mm&r=g\",\"contentUrl\":\"https:\/\/secure.gravatar.com\/avatar\/7463443f194b6b5fb706b074ca0ef59a0cfcfd720cb47764b0ec5a952ce422b3?s=96&d=mm&r=g\",\"caption\":\"La r\u00e9daction\"},\"sameAs\":[\"https:\/\/stourm.news\"],\"url\":\"https:\/\/stourm.news\/?author=1\"}]}<\/script>\n<!-- \/ Yoast SEO plugin. -->","yoast_head_json":{"title":"Irlande : la population incendie un centre destin\u00e9 \u00e0 l'implantation de 500 migrants clandestins - STOURM","robots":{"index":"index","follow":"follow","max-snippet":"max-snippet:-1","max-image-preview":"max-image-preview:large","max-video-preview":"max-video-preview:-1"},"canonical":"https:\/\/stourm.news\/?p=1859","og_locale":"fr_FR","og_type":"article","og_title":"Irlande : la population incendie un centre destin\u00e9 \u00e0 l'implantation de 500 migrants clandestins - STOURM","og_description":"En Irlande, la mobilisation populaire contre la colonisation de peuplement organis\u00e9e par le gouvernement pro-UE de Dublin se poursuit. \u00c0 Coolock, le b\u00e2timent qui devait accueillir 500 migrants clandestins a \u00e9t\u00e9 incendi\u00e9 par la population autochtone. \ud83d\udccdCoolock, EXCLUSIVE footage from inside the Crown Paints building I&rsquo;ve been passed on footage from early this morning showing [&hellip;]","og_url":"https:\/\/stourm.news\/?p=1859","og_site_name":"STOURM","article_publisher":"https:\/\/www.facebook.com\/stourmnews\/","article_published_time":"2024-07-23T01:07:54+00:00","og_image":[{"width":1600,"height":900,"url":"https:\/\/stourm.news\/wp-content\/uploads\/2024\/07\/00209932-1600.webp","type":"image\/webp"}],"author":"La r\u00e9daction","twitter_card":"summary_large_image","twitter_misc":{"\u00c9crit par":"La r\u00e9daction","Dur\u00e9e de lecture estim\u00e9e":"1 minute"},"schema":{"@context":"https:\/\/schema.org","@graph":[{"@type":"Article","@id":"https:\/\/stourm.news\/?p=1859#article","isPartOf":{"@id":"https:\/\/stourm.news\/?p=1859"},"author":{"name":"La r\u00e9daction","@id":"https:\/\/stourm.news\/#\/schema\/person\/c3e1dc65988632e190969234ef046cf9"},"headline":"Irlande : la population incendie un centre destin\u00e9 \u00e0 l&rsquo;implantation de 500 migrants clandestins","datePublished":"2024-07-23T01:07:54+00:00","mainEntityOfPage":{"@id":"https:\/\/stourm.news\/?p=1859"},"wordCount":232,"commentCount":0,"publisher":{"@id":"https:\/\/stourm.news\/#organization"},"image":{"@id":"https:\/\/stourm.news\/?p=1859#primaryimage"},"thumbnailUrl":"https:\/\/stourm.news\/wp-content\/uploads\/2024\/07\/00209932-1600.webp","articleSection":["Immigration","International","Principale"],"inLanguage":"fr-FR","potentialAction":[{"@type":"CommentAction","name":"Comment","target":["https:\/\/stourm.news\/?p=1859#respond"]}]},{"@type":"WebPage","@id":"https:\/\/stourm.news\/?p=1859","url":"https:\/\/stourm.news\/?p=1859","name":"Irlande : la population incendie un centre destin\u00e9 \u00e0 l'implantation de 500 migrants clandestins - STOURM","isPartOf":{"@id":"https:\/\/stourm.news\/#website"},"primaryImageOfPage":{"@id":"https:\/\/stourm.news\/?p=1859#primaryimage"},"image":{"@id":"https:\/\/stourm.news\/?p=1859#primaryimage"},"thumbnailUrl":"https:\/\/stourm.news\/wp-content\/uploads\/2024\/07\/00209932-1600.webp","datePublished":"2024-07-23T01:07:54+00:00","breadcrumb":{"@id":"https:\/\/stourm.news\/?p=1859#breadcrumb"},"inLanguage":"fr-FR","potentialAction":[{"@type":"ReadAction","target":["https:\/\/stourm.news\/?p=1859"]}]},{"@type":"ImageObject","inLanguage":"fr-FR","@id":"https:\/\/stourm.news\/?p=1859#primaryimage","url":"https:\/\/stourm.news\/wp-content\/uploads\/2024\/07\/00209932-1600.webp","contentUrl":"https:\/\/stourm.news\/wp-content\/uploads\/2024\/07\/00209932-1600.webp","width":1600,"height":900},{"@type":"BreadcrumbList","@id":"https:\/\/stourm.news\/?p=1859#breadcrumb","itemListElement":[{"@type":"ListItem","position":1,"name":"Accueil","item":"https:\/\/stourm.news\/"},{"@type":"ListItem","position":2,"name":"Irlande : la population incendie un centre destin\u00e9 \u00e0 l&rsquo;implantation de 500 migrants clandestins"}]},{"@type":"WebSite","@id":"https:\/\/stourm.news\/#website","url":"https:\/\/stourm.news\/","name":"Stourm","description":"Kazetenn Strollad Broadel Breizh","publisher":{"@id":"https:\/\/stourm.news\/#organization"},"potentialAction":[{"@type":"SearchAction","target":{"@type":"EntryPoint","urlTemplate":"https:\/\/stourm.news\/?s={search_term_string}"},"query-input":{"@type":"PropertyValueSpecification","valueRequired":true,"valueName":"search_term_string"}}],"inLanguage":"fr-FR"},{"@type":"Organization","@id":"https:\/\/stourm.news\/#organization","name":"Stourm","url":"https:\/\/stourm.news\/","logo":{"@type":"ImageObject","inLanguage":"fr-FR","@id":"https:\/\/stourm.news\/#\/schema\/logo\/image\/","url":"https:\/\/stourm.news\/wp-content\/uploads\/2025\/11\/cropped-Capture-decran-2025-11-28-a-15.19.07.png","contentUrl":"https:\/\/stourm.news\/wp-content\/uploads\/2025\/11\/cropped-Capture-decran-2025-11-28-a-15.19.07.png","width":1855,"height":383,"caption":"Stourm"},"image":{"@id":"https:\/\/stourm.news\/#\/schema\/logo\/image\/"},"sameAs":["https:\/\/www.facebook.com\/stourmnews\/"]},{"@type":"Person","@id":"https:\/\/stourm.news\/#\/schema\/person\/c3e1dc65988632e190969234ef046cf9","name":"La r\u00e9daction","image":{"@type":"ImageObject","inLanguage":"fr-FR","@id":"https:\/\/stourm.news\/#\/schema\/person\/image\/","url":"https:\/\/secure.gravatar.com\/avatar\/7463443f194b6b5fb706b074ca0ef59a0cfcfd720cb47764b0ec5a952ce422b3?s=96&d=mm&r=g","contentUrl":"https:\/\/secure.gravatar.com\/avatar\/7463443f194b6b5fb706b074ca0ef59a0cfcfd720cb47764b0ec5a952ce422b3?s=96&d=mm&r=g","caption":"La r\u00e9daction"},"sameAs":["https:\/\/stourm.news"],"url":"https:\/\/stourm.news\/?author=1"}]}},"_links":{"self":[{"href":"https:\/\/stourm.news\/index.php?rest_route=\/wp\/v2\/posts\/1859","targetHints":{"allow":["GET"]}}],"collection":[{"href":"https:\/\/stourm.news\/index.php?rest_route=\/wp\/v2\/posts"}],"about":[{"href":"https:\/\/stourm.news\/index.php?rest_route=\/wp\/v2\/types\/post"}],"author":[{"embeddable":true,"href":"https:\/\/stourm.news\/index.php?rest_route=\/wp\/v2\/users\/1"}],"replies":[{"embeddable":true,"href":"https:\/\/stourm.news\/index.php?rest_route=%2Fwp%2Fv2%2Fcomments&post=1859"}],"version-history":[{"count":1,"href":"https:\/\/stourm.news\/index.php?rest_route=\/wp\/v2\/posts\/1859\/revisions"}],"predecessor-version":[{"id":1861,"href":"https:\/\/stourm.news\/index.php?rest_route=\/wp\/v2\/posts\/1859\/revisions\/1861"}],"wp:featuredmedia":[{"embeddable":true,"href":"https:\/\/stourm.news\/index.php?rest_route=\/wp\/v2\/media\/1860"}],"wp:attachment":[{"href":"https:\/\/stourm.news\/index.php?rest_route=%2Fwp%2Fv2%2Fmedia&parent=1859"}],"wp:term":[{"taxonomy":"category","embeddable":true,"href":"https:\/\/stourm.news\/index.php?rest_route=%2Fwp%2Fv2%2Fcategories&post=1859"},{"taxonomy":"post_tag","embeddable":true,"href":"https:\/\/stourm.news\/index.php?rest_route=%2Fwp%2Fv2%2Ftags&post=1859"}],"curies":[{"name":"wp","href":"https:\/\/api.w.org\/{rel}","templated":true}]}}