{"id":1871,"date":"2024-07-23T15:15:22","date_gmt":"2024-07-23T15:15:22","guid":{"rendered":"https:\/\/stourm.news\/?p=1871"},"modified":"2024-07-23T15:15:22","modified_gmt":"2024-07-23T15:15:22","slug":"rennes-coups-de-couteau-a-la-gorge-la-rixe-fait-2-blesses","status":"publish","type":"post","link":"https:\/\/stourm.news\/?p=1871","title":{"rendered":"Rennes : coups de couteau \u00e0 la gorge , la rixe fait 2 bless\u00e9s"},"content":{"rendered":"<p style=\"text-align: justify;\">Une <strong>rixe<\/strong> a eu lieu dans la nuit du lundi 22 au mardi 23 juillet, place de Bretagne \u00e0 Rennes, faisant au moins deux bless\u00e9s <strong>\u00e0 coups de couteau<\/strong>, confirme S\u00e9bastien Farges, procureur de la R\u00e9publique adjoint au parquet de Rennes, sans donner d\u2019autres \u00e9l\u00e9ments \u00e0 ce stade.<\/p>\n<p style=\"text-align: justify;\">Selon nos informations, les faits ont eu lieu juste apr\u00e8s minuit. La police s\u2019est d\u00e9plac\u00e9e sur les lieux alors que deux hommes \u00e9taient pris en charge par les pompiers.<\/p>\n<p style=\"text-align: justify;\">L\u2019un d\u2019eux aurait re\u00e7u <strong>plusieurs coups de couteau<\/strong> \u00e0 la gorge, au dos et \u00e0 la cuisse. L\u2019autre \u00e0 l\u2019abdomen. Pour les deux, leurs jours ne sont pas en danger.<\/p>\n<p style=\"text-align: justify;\">Un ami \u00e0 eux aurait indiqu\u00e9 \u00e0 la police qu\u2019une dispute aurait \u00e9clat\u00e9e avec cinq autres jeunes sous fond d\u2019alcool. Cette derni\u00e8re a alors d\u00e9g\u00e9n\u00e9r\u00e9, provoquant les coups de couteau.<\/p>\n<p>Source : <a href=\"https:\/\/actu.fr\/bretagne\/rennes_35238\/rennes-deux-blesses-a-coups-de-couteau-en-pleine-nuit-place-de-bretagne_61389900.html\">Actu.fr<\/a><\/p>\n","protected":false},"excerpt":{"rendered":"<p>Une rixe a eu lieu dans la nuit du lundi 22 au mardi 23 juillet, place de Bretagne \u00e0 Rennes, faisant au moins deux bless\u00e9s \u00e0 coups de couteau, confirme S\u00e9bastien Farges, procureur de la R\u00e9publique adjoint au parquet de Rennes, sans donner d\u2019autres \u00e9l\u00e9ments \u00e0 ce stade. Selon nos informations, les faits ont eu [&hellip;]<\/p>\n","protected":false},"author":1,"featured_media":1874,"comment_status":"open","ping_status":"open","sticky":false,"template":"","format":"standard","meta":{"sb_editor_width":"","footnotes":""},"categories":[31,41,62],"tags":[],"class_list":["post-1871","post","type-post","status-publish","format-standard","has-post-thumbnail","hentry","category-agression","category-ille-et-vilaine","category-revue-de-presse"],"relative_dates":{"created":"2 ans ago","modified":"2 ans ago"},"yoast_head":"<!-- This site is optimized with the Yoast SEO plugin v26.3 - https:\/\/yoast.com\/wordpress\/plugins\/seo\/ -->\n<title>Rennes : coups de couteau \u00e0 la gorge , la rixe fait 2 bless\u00e9s - STOURM<\/title>\n<meta name=\"robots\" content=\"index, follow, max-snippet:-1, max-image-preview:large, max-video-preview:-1\" \/>\n<link rel=\"canonical\" href=\"https:\/\/stourm.news\/?p=1871\" \/>\n<meta property=\"og:locale\" content=\"fr_FR\" \/>\n<meta property=\"og:type\" content=\"article\" \/>\n<meta property=\"og:title\" content=\"Rennes : coups de couteau \u00e0 la gorge , la rixe fait 2 bless\u00e9s - STOURM\" \/>\n<meta property=\"og:description\" content=\"Une rixe a eu lieu dans la nuit du lundi 22 au mardi 23 juillet, place de Bretagne \u00e0 Rennes, faisant au moins deux bless\u00e9s \u00e0 coups de couteau, confirme S\u00e9bastien Farges, procureur de la R\u00e9publique adjoint au parquet de Rennes, sans donner d\u2019autres \u00e9l\u00e9ments \u00e0 ce stade. Selon nos informations, les faits ont eu [&hellip;]\" \/>\n<meta property=\"og:url\" content=\"https:\/\/stourm.news\/?p=1871\" \/>\n<meta property=\"og:site_name\" content=\"STOURM\" \/>\n<meta property=\"article:publisher\" content=\"https:\/\/www.facebook.com\/stourmnews\/\" \/>\n<meta property=\"article:published_time\" content=\"2024-07-23T15:15:22+00:00\" \/>\n<meta property=\"og:image\" content=\"https:\/\/stourm.news\/wp-content\/uploads\/2024\/07\/pompiers-nuit-rennes-960x640-1.jpg\" \/>\n\t<meta property=\"og:image:width\" content=\"960\" \/>\n\t<meta property=\"og:image:height\" content=\"640\" \/>\n\t<meta property=\"og:image:type\" content=\"image\/jpeg\" \/>\n<meta name=\"author\" content=\"La r\u00e9daction\" \/>\n<meta name=\"twitter:card\" content=\"summary_large_image\" \/>\n<meta name=\"twitter:label1\" content=\"\u00c9crit par\" \/>\n\t<meta name=\"twitter:data1\" content=\"La r\u00e9daction\" \/>\n\t<meta name=\"twitter:label2\" content=\"Dur\u00e9e de lecture estim\u00e9e\" \/>\n\t<meta name=\"twitter:data2\" content=\"1 minute\" \/>\n<script type=\"application\/ld+json\" class=\"yoast-schema-graph\">{\"@context\":\"https:\/\/schema.org\",\"@graph\":[{\"@type\":\"Article\",\"@id\":\"https:\/\/stourm.news\/?p=1871#article\",\"isPartOf\":{\"@id\":\"https:\/\/stourm.news\/?p=1871\"},\"author\":{\"name\":\"La r\u00e9daction\",\"@id\":\"https:\/\/stourm.news\/#\/schema\/person\/c3e1dc65988632e190969234ef046cf9\"},\"headline\":\"Rennes : coups de couteau \u00e0 la gorge , la rixe fait 2 bless\u00e9s\",\"datePublished\":\"2024-07-23T15:15:22+00:00\",\"mainEntityOfPage\":{\"@id\":\"https:\/\/stourm.news\/?p=1871\"},\"wordCount\":162,\"commentCount\":0,\"publisher\":{\"@id\":\"https:\/\/stourm.news\/#organization\"},\"image\":{\"@id\":\"https:\/\/stourm.news\/?p=1871#primaryimage\"},\"thumbnailUrl\":\"https:\/\/stourm.news\/wp-content\/uploads\/2024\/07\/pompiers-nuit-rennes-960x640-1.jpg\",\"articleSection\":[\"Agression\",\"Ille-et-Vilaine\",\"Revue de presse\"],\"inLanguage\":\"fr-FR\",\"potentialAction\":[{\"@type\":\"CommentAction\",\"name\":\"Comment\",\"target\":[\"https:\/\/stourm.news\/?p=1871#respond\"]}]},{\"@type\":\"WebPage\",\"@id\":\"https:\/\/stourm.news\/?p=1871\",\"url\":\"https:\/\/stourm.news\/?p=1871\",\"name\":\"Rennes : coups de couteau \u00e0 la gorge , la rixe fait 2 bless\u00e9s - STOURM\",\"isPartOf\":{\"@id\":\"https:\/\/stourm.news\/#website\"},\"primaryImageOfPage\":{\"@id\":\"https:\/\/stourm.news\/?p=1871#primaryimage\"},\"image\":{\"@id\":\"https:\/\/stourm.news\/?p=1871#primaryimage\"},\"thumbnailUrl\":\"https:\/\/stourm.news\/wp-content\/uploads\/2024\/07\/pompiers-nuit-rennes-960x640-1.jpg\",\"datePublished\":\"2024-07-23T15:15:22+00:00\",\"breadcrumb\":{\"@id\":\"https:\/\/stourm.news\/?p=1871#breadcrumb\"},\"inLanguage\":\"fr-FR\",\"potentialAction\":[{\"@type\":\"ReadAction\",\"target\":[\"https:\/\/stourm.news\/?p=1871\"]}]},{\"@type\":\"ImageObject\",\"inLanguage\":\"fr-FR\",\"@id\":\"https:\/\/stourm.news\/?p=1871#primaryimage\",\"url\":\"https:\/\/stourm.news\/wp-content\/uploads\/2024\/07\/pompiers-nuit-rennes-960x640-1.jpg\",\"contentUrl\":\"https:\/\/stourm.news\/wp-content\/uploads\/2024\/07\/pompiers-nuit-rennes-960x640-1.jpg\",\"width\":960,\"height\":640},{\"@type\":\"BreadcrumbList\",\"@id\":\"https:\/\/stourm.news\/?p=1871#breadcrumb\",\"itemListElement\":[{\"@type\":\"ListItem\",\"position\":1,\"name\":\"Accueil\",\"item\":\"https:\/\/stourm.news\/\"},{\"@type\":\"ListItem\",\"position\":2,\"name\":\"Rennes : coups de couteau \u00e0 la gorge , la rixe fait 2 bless\u00e9s\"}]},{\"@type\":\"WebSite\",\"@id\":\"https:\/\/stourm.news\/#website\",\"url\":\"https:\/\/stourm.news\/\",\"name\":\"Stourm\",\"description\":\"Kazetenn Strollad Broadel Breizh\",\"publisher\":{\"@id\":\"https:\/\/stourm.news\/#organization\"},\"potentialAction\":[{\"@type\":\"SearchAction\",\"target\":{\"@type\":\"EntryPoint\",\"urlTemplate\":\"https:\/\/stourm.news\/?s={search_term_string}\"},\"query-input\":{\"@type\":\"PropertyValueSpecification\",\"valueRequired\":true,\"valueName\":\"search_term_string\"}}],\"inLanguage\":\"fr-FR\"},{\"@type\":\"Organization\",\"@id\":\"https:\/\/stourm.news\/#organization\",\"name\":\"Stourm\",\"url\":\"https:\/\/stourm.news\/\",\"logo\":{\"@type\":\"ImageObject\",\"inLanguage\":\"fr-FR\",\"@id\":\"https:\/\/stourm.news\/#\/schema\/logo\/image\/\",\"url\":\"https:\/\/stourm.news\/wp-content\/uploads\/2025\/11\/cropped-Capture-decran-2025-11-28-a-15.19.07.png\",\"contentUrl\":\"https:\/\/stourm.news\/wp-content\/uploads\/2025\/11\/cropped-Capture-decran-2025-11-28-a-15.19.07.png\",\"width\":1855,\"height\":383,\"caption\":\"Stourm\"},\"image\":{\"@id\":\"https:\/\/stourm.news\/#\/schema\/logo\/image\/\"},\"sameAs\":[\"https:\/\/www.facebook.com\/stourmnews\/\"]},{\"@type\":\"Person\",\"@id\":\"https:\/\/stourm.news\/#\/schema\/person\/c3e1dc65988632e190969234ef046cf9\",\"name\":\"La r\u00e9daction\",\"image\":{\"@type\":\"ImageObject\",\"inLanguage\":\"fr-FR\",\"@id\":\"https:\/\/stourm.news\/#\/schema\/person\/image\/\",\"url\":\"https:\/\/secure.gravatar.com\/avatar\/7463443f194b6b5fb706b074ca0ef59a0cfcfd720cb47764b0ec5a952ce422b3?s=96&d=mm&r=g\",\"contentUrl\":\"https:\/\/secure.gravatar.com\/avatar\/7463443f194b6b5fb706b074ca0ef59a0cfcfd720cb47764b0ec5a952ce422b3?s=96&d=mm&r=g\",\"caption\":\"La r\u00e9daction\"},\"sameAs\":[\"https:\/\/stourm.news\"],\"url\":\"https:\/\/stourm.news\/?author=1\"}]}<\/script>\n<!-- \/ Yoast SEO plugin. -->","yoast_head_json":{"title":"Rennes : coups de couteau \u00e0 la gorge , la rixe fait 2 bless\u00e9s - STOURM","robots":{"index":"index","follow":"follow","max-snippet":"max-snippet:-1","max-image-preview":"max-image-preview:large","max-video-preview":"max-video-preview:-1"},"canonical":"https:\/\/stourm.news\/?p=1871","og_locale":"fr_FR","og_type":"article","og_title":"Rennes : coups de couteau \u00e0 la gorge , la rixe fait 2 bless\u00e9s - STOURM","og_description":"Une rixe a eu lieu dans la nuit du lundi 22 au mardi 23 juillet, place de Bretagne \u00e0 Rennes, faisant au moins deux bless\u00e9s \u00e0 coups de couteau, confirme S\u00e9bastien Farges, procureur de la R\u00e9publique adjoint au parquet de Rennes, sans donner d\u2019autres \u00e9l\u00e9ments \u00e0 ce stade. Selon nos informations, les faits ont eu [&hellip;]","og_url":"https:\/\/stourm.news\/?p=1871","og_site_name":"STOURM","article_publisher":"https:\/\/www.facebook.com\/stourmnews\/","article_published_time":"2024-07-23T15:15:22+00:00","og_image":[{"width":960,"height":640,"url":"https:\/\/stourm.news\/wp-content\/uploads\/2024\/07\/pompiers-nuit-rennes-960x640-1.jpg","type":"image\/jpeg"}],"author":"La r\u00e9daction","twitter_card":"summary_large_image","twitter_misc":{"\u00c9crit par":"La r\u00e9daction","Dur\u00e9e de lecture estim\u00e9e":"1 minute"},"schema":{"@context":"https:\/\/schema.org","@graph":[{"@type":"Article","@id":"https:\/\/stourm.news\/?p=1871#article","isPartOf":{"@id":"https:\/\/stourm.news\/?p=1871"},"author":{"name":"La r\u00e9daction","@id":"https:\/\/stourm.news\/#\/schema\/person\/c3e1dc65988632e190969234ef046cf9"},"headline":"Rennes : coups de couteau \u00e0 la gorge , la rixe fait 2 bless\u00e9s","datePublished":"2024-07-23T15:15:22+00:00","mainEntityOfPage":{"@id":"https:\/\/stourm.news\/?p=1871"},"wordCount":162,"commentCount":0,"publisher":{"@id":"https:\/\/stourm.news\/#organization"},"image":{"@id":"https:\/\/stourm.news\/?p=1871#primaryimage"},"thumbnailUrl":"https:\/\/stourm.news\/wp-content\/uploads\/2024\/07\/pompiers-nuit-rennes-960x640-1.jpg","articleSection":["Agression","Ille-et-Vilaine","Revue de presse"],"inLanguage":"fr-FR","potentialAction":[{"@type":"CommentAction","name":"Comment","target":["https:\/\/stourm.news\/?p=1871#respond"]}]},{"@type":"WebPage","@id":"https:\/\/stourm.news\/?p=1871","url":"https:\/\/stourm.news\/?p=1871","name":"Rennes : coups de couteau \u00e0 la gorge , la rixe fait 2 bless\u00e9s - STOURM","isPartOf":{"@id":"https:\/\/stourm.news\/#website"},"primaryImageOfPage":{"@id":"https:\/\/stourm.news\/?p=1871#primaryimage"},"image":{"@id":"https:\/\/stourm.news\/?p=1871#primaryimage"},"thumbnailUrl":"https:\/\/stourm.news\/wp-content\/uploads\/2024\/07\/pompiers-nuit-rennes-960x640-1.jpg","datePublished":"2024-07-23T15:15:22+00:00","breadcrumb":{"@id":"https:\/\/stourm.news\/?p=1871#breadcrumb"},"inLanguage":"fr-FR","potentialAction":[{"@type":"ReadAction","target":["https:\/\/stourm.news\/?p=1871"]}]},{"@type":"ImageObject","inLanguage":"fr-FR","@id":"https:\/\/stourm.news\/?p=1871#primaryimage","url":"https:\/\/stourm.news\/wp-content\/uploads\/2024\/07\/pompiers-nuit-rennes-960x640-1.jpg","contentUrl":"https:\/\/stourm.news\/wp-content\/uploads\/2024\/07\/pompiers-nuit-rennes-960x640-1.jpg","width":960,"height":640},{"@type":"BreadcrumbList","@id":"https:\/\/stourm.news\/?p=1871#breadcrumb","itemListElement":[{"@type":"ListItem","position":1,"name":"Accueil","item":"https:\/\/stourm.news\/"},{"@type":"ListItem","position":2,"name":"Rennes : coups de couteau \u00e0 la gorge , la rixe fait 2 bless\u00e9s"}]},{"@type":"WebSite","@id":"https:\/\/stourm.news\/#website","url":"https:\/\/stourm.news\/","name":"Stourm","description":"Kazetenn Strollad Broadel Breizh","publisher":{"@id":"https:\/\/stourm.news\/#organization"},"potentialAction":[{"@type":"SearchAction","target":{"@type":"EntryPoint","urlTemplate":"https:\/\/stourm.news\/?s={search_term_string}"},"query-input":{"@type":"PropertyValueSpecification","valueRequired":true,"valueName":"search_term_string"}}],"inLanguage":"fr-FR"},{"@type":"Organization","@id":"https:\/\/stourm.news\/#organization","name":"Stourm","url":"https:\/\/stourm.news\/","logo":{"@type":"ImageObject","inLanguage":"fr-FR","@id":"https:\/\/stourm.news\/#\/schema\/logo\/image\/","url":"https:\/\/stourm.news\/wp-content\/uploads\/2025\/11\/cropped-Capture-decran-2025-11-28-a-15.19.07.png","contentUrl":"https:\/\/stourm.news\/wp-content\/uploads\/2025\/11\/cropped-Capture-decran-2025-11-28-a-15.19.07.png","width":1855,"height":383,"caption":"Stourm"},"image":{"@id":"https:\/\/stourm.news\/#\/schema\/logo\/image\/"},"sameAs":["https:\/\/www.facebook.com\/stourmnews\/"]},{"@type":"Person","@id":"https:\/\/stourm.news\/#\/schema\/person\/c3e1dc65988632e190969234ef046cf9","name":"La r\u00e9daction","image":{"@type":"ImageObject","inLanguage":"fr-FR","@id":"https:\/\/stourm.news\/#\/schema\/person\/image\/","url":"https:\/\/secure.gravatar.com\/avatar\/7463443f194b6b5fb706b074ca0ef59a0cfcfd720cb47764b0ec5a952ce422b3?s=96&d=mm&r=g","contentUrl":"https:\/\/secure.gravatar.com\/avatar\/7463443f194b6b5fb706b074ca0ef59a0cfcfd720cb47764b0ec5a952ce422b3?s=96&d=mm&r=g","caption":"La r\u00e9daction"},"sameAs":["https:\/\/stourm.news"],"url":"https:\/\/stourm.news\/?author=1"}]}},"_links":{"self":[{"href":"https:\/\/stourm.news\/index.php?rest_route=\/wp\/v2\/posts\/1871","targetHints":{"allow":["GET"]}}],"collection":[{"href":"https:\/\/stourm.news\/index.php?rest_route=\/wp\/v2\/posts"}],"about":[{"href":"https:\/\/stourm.news\/index.php?rest_route=\/wp\/v2\/types\/post"}],"author":[{"embeddable":true,"href":"https:\/\/stourm.news\/index.php?rest_route=\/wp\/v2\/users\/1"}],"replies":[{"embeddable":true,"href":"https:\/\/stourm.news\/index.php?rest_route=%2Fwp%2Fv2%2Fcomments&post=1871"}],"version-history":[{"count":1,"href":"https:\/\/stourm.news\/index.php?rest_route=\/wp\/v2\/posts\/1871\/revisions"}],"predecessor-version":[{"id":1875,"href":"https:\/\/stourm.news\/index.php?rest_route=\/wp\/v2\/posts\/1871\/revisions\/1875"}],"wp:featuredmedia":[{"embeddable":true,"href":"https:\/\/stourm.news\/index.php?rest_route=\/wp\/v2\/media\/1874"}],"wp:attachment":[{"href":"https:\/\/stourm.news\/index.php?rest_route=%2Fwp%2Fv2%2Fmedia&parent=1871"}],"wp:term":[{"taxonomy":"category","embeddable":true,"href":"https:\/\/stourm.news\/index.php?rest_route=%2Fwp%2Fv2%2Fcategories&post=1871"},{"taxonomy":"post_tag","embeddable":true,"href":"https:\/\/stourm.news\/index.php?rest_route=%2Fwp%2Fv2%2Ftags&post=1871"}],"curies":[{"name":"wp","href":"https:\/\/api.w.org\/{rel}","templated":true}]}}