{"id":1880,"date":"2024-07-27T04:45:43","date_gmt":"2024-07-27T04:45:43","guid":{"rendered":"https:\/\/stourm.news\/?p=1880"},"modified":"2024-07-27T04:45:43","modified_gmt":"2024-07-27T04:45:43","slug":"jo-de-paris-2024-la-france-degeneree-se-met-en-scene-devant-la-planete-entiere","status":"publish","type":"post","link":"https:\/\/stourm.news\/?p=1880","title":{"rendered":"JO de Paris 2024 : la France d\u00e9g\u00e9n\u00e9r\u00e9e se met en sc\u00e8ne devant la plan\u00e8te enti\u00e8re"},"content":{"rendered":"<p style=\"text-align: justify;\">La c\u00e9r\u00e9monie d&rsquo;ouverture des Jeux Olympiques de Paris 2024 organis\u00e9e par le metteur en sc\u00e8ne d&rsquo;extr\u00eame-gauche Thomas Jolly a \u00e9t\u00e9 l&rsquo;occasion pour l&rsquo;\u00c9tat fran\u00e7ais de c\u00e9l\u00e9brer la terreur r\u00e9volutionnaire, l&rsquo;avortement, l&rsquo;immigration et les pires d\u00e9viances sexuelles.<\/p>\n<blockquote class=\"twitter-tweet\">\n<p dir=\"ltr\" lang=\"fr\">\ud83d\udc49 Pol\u00e9mique apr\u00e8s la mise en sc\u00e8ne d\u2019un trouple (couple \u00e0 trois) lors de la <a href=\"https:\/\/twitter.com\/hashtag\/ceremoniedouverture?src=hash&amp;ref_src=twsrc%5Etfw\">#ceremoniedouverture<\/a> des JO de <a href=\"https:\/\/twitter.com\/hashtag\/Paris2024?src=hash&amp;ref_src=twsrc%5Etfw\">#Paris2024<\/a> . (<a href=\"https:\/\/twitter.com\/Margueritestern?ref_src=twsrc%5Etfw\">@Margueritestern<\/a>)<\/p>\n<p><a href=\"https:\/\/t.co\/kdbdRlDUIJ\">pic.twitter.com\/kdbdRlDUIJ<\/a><\/p>\n<p>\u2014 Fronti\u00e8res (@Frontieresmedia) <a href=\"https:\/\/twitter.com\/Frontieresmedia\/status\/1816915596174643294?ref_src=twsrc%5Etfw\">July 26, 2024<\/a><\/p><\/blockquote>\n<p><script async src=\"https:\/\/platform.twitter.com\/widgets.js\" charset=\"utf-8\"><\/script><\/p>\n<blockquote class=\"twitter-tweet\">\n<p dir=\"ltr\" lang=\"fr\">JO 2024: Qui est Barbara Butch, la DJ qui a enflamm\u00e9 la c\u00e9r\u00e9monie d&rsquo;ouverture?<a href=\"https:\/\/t.co\/HgVy11v0zp\">https:\/\/t.co\/HgVy11v0zp<\/a> <a href=\"https:\/\/t.co\/RV6FC7992H\">pic.twitter.com\/RV6FC7992H<\/a><\/p>\n<p>\u2014 BFMTV (@BFMTV) <a href=\"https:\/\/twitter.com\/BFMTV\/status\/1816939568429469752?ref_src=twsrc%5Etfw\">July 26, 2024<\/a><\/p><\/blockquote>\n<p><script async src=\"https:\/\/platform.twitter.com\/widgets.js\" charset=\"utf-8\"><\/script><\/p>\n<blockquote class=\"twitter-tweet\">\n<p dir=\"ltr\" lang=\"fr\">Incroyable performance d&rsquo;Aya Nakamura sur ses plus grands tubes, accompagn\u00e9e de la Garde R\u00e9publicaine ! \ud83d\udd25<\/p>\n<p>\ud83d\udc49 <a href=\"https:\/\/t.co\/qsB1Tdiqg5\">https:\/\/t.co\/qsB1Tdiqg5<\/a><a href=\"https:\/\/twitter.com\/hashtag\/ceremoniedouverture?src=hash&amp;ref_src=twsrc%5Etfw\">#ceremoniedouverture<\/a> <a href=\"https:\/\/twitter.com\/hashtag\/paris2024?src=hash&amp;ref_src=twsrc%5Etfw\">#paris2024<\/a> <a href=\"https:\/\/t.co\/k24WdjseKW\">pic.twitter.com\/k24WdjseKW<\/a><\/p>\n<p>\u2014 France tv (@FranceTV) <a href=\"https:\/\/twitter.com\/FranceTV\/status\/1816904538315760106?ref_src=twsrc%5Etfw\">July 26, 2024<\/a><\/p><\/blockquote>\n<p><script async src=\"https:\/\/platform.twitter.com\/widgets.js\" charset=\"utf-8\"><\/script><\/p>\n<p style=\"text-align: justify;\">La mise en sc\u00e8ne des valeurs nihilistes du jacobinisme r\u00e9volutionnaire, m\u00e2tin\u00e9es du cosmopolitisme de l&rsquo;\u00e9poque, ont d\u00e9montr\u00e9 au reste du monde que la France est un \u00e9tat fonci\u00e8rement d\u00e9g\u00e9n\u00e9r\u00e9 avec la malfaisance pour nature.<\/p>\n<blockquote class=\"twitter-tweet\">\n<p dir=\"ltr\" lang=\"fr\">Clairement LE MOMENT le plus iconique de cette soir\u00e9e \u00e0 mes yeux ! <a href=\"https:\/\/t.co\/90k8Rs90Qc\">pic.twitter.com\/90k8Rs90Qc<\/a><\/p>\n<p>\u2014 Trinity \u2022 #Trinitrip \ud83c\udde8\ud83c\udde6 (@mythiXTrinity) <a href=\"https:\/\/twitter.com\/mythiXTrinity\/status\/1816933575138193696?ref_src=twsrc%5Etfw\">July 26, 2024<\/a><\/p><\/blockquote>\n<p><script async src=\"https:\/\/platform.twitter.com\/widgets.js\" charset=\"utf-8\"><\/script><\/p>\n<p style=\"text-align: justify;\">Sans surprise, les tenants de la gauche hexagonale en Bretagne ont ador\u00e9 ces sc\u00e8nes surr\u00e9alistes.<\/p>\n<blockquote class=\"twitter-tweet\">\n<p dir=\"ltr\" lang=\"fr\">Quelle \u00e9motion !<\/p>\n<p>Merci \u00e0 Thomas Jolly et \u00e0 toutes les \u00e9quipes pour cette formidable c\u00e9r\u00e9monie d\u2019ouverture des <a href=\"https:\/\/twitter.com\/jeuxolympiques?ref_src=twsrc%5Etfw\">@jeuxolympiques<\/a>.<\/p>\n<p>Merci d\u2019avoir montr\u00e9 \u00e0 quel point la France est grande !<a href=\"https:\/\/twitter.com\/hashtag\/Paris2024?src=hash&amp;ref_src=twsrc%5Etfw\">#Paris2024<\/a> <a href=\"https:\/\/t.co\/ipSziNrtsQ\">pic.twitter.com\/ipSziNrtsQ<\/a><\/p>\n<p>\u2014 Lo\u00efg Chesnais-Girard (@LoigCG) <a href=\"https:\/\/twitter.com\/LoigCG\/status\/1816953459301564731?ref_src=twsrc%5Etfw\">July 26, 2024<\/a><\/p><\/blockquote>\n<p><script async src=\"https:\/\/platform.twitter.com\/widgets.js\" charset=\"utf-8\"><\/script><\/p>\n<p style=\"text-align: justify;\">Les Bretons peuvent mesurer ce \u00e0 quoi m\u00e8ne invariablement l&rsquo;alignement sur la bourgeoisie parisienne et son go\u00fbt immod\u00e9r\u00e9 pour la crasse, jamais d\u00e9menti depuis 1789.<\/p>\n<p style=\"text-align: justify;\">L&rsquo;\u00c9tat fran\u00e7ais, plus que jamais, en sortir, c&rsquo;est s&rsquo;en sortir.<\/p>\n<p style=\"text-align: right;\"><strong>Ewen Broc&rsquo;han<\/strong><\/p>\n<p>&nbsp;<\/p>\n","protected":false},"excerpt":{"rendered":"<p>La c\u00e9r\u00e9monie d&rsquo;ouverture des Jeux Olympiques de Paris 2024 organis\u00e9e par le metteur en sc\u00e8ne d&rsquo;extr\u00eame-gauche Thomas Jolly a \u00e9t\u00e9 l&rsquo;occasion pour l&rsquo;\u00c9tat fran\u00e7ais de c\u00e9l\u00e9brer la terreur r\u00e9volutionnaire, l&rsquo;avortement, l&rsquo;immigration et les pires d\u00e9viances sexuelles. \ud83d\udc49 Pol\u00e9mique apr\u00e8s la mise en sc\u00e8ne d\u2019un trouple (couple \u00e0 trois) lors de la #ceremoniedouverture des JO de [&hellip;]<\/p>\n","protected":false},"author":1,"featured_media":1882,"comment_status":"open","ping_status":"open","sticky":false,"template":"","format":"standard","meta":{"sb_editor_width":"","footnotes":""},"categories":[63,65],"tags":[],"class_list":["post-1880","post","type-post","status-publish","format-standard","has-post-thumbnail","hentry","category-editorial","category-principale"],"relative_dates":{"created":"2 ans ago","modified":"2 ans ago"},"yoast_head":"<!-- This site is optimized with the Yoast SEO plugin v26.3 - https:\/\/yoast.com\/wordpress\/plugins\/seo\/ -->\n<title>JO de Paris 2024 : la France d\u00e9g\u00e9n\u00e9r\u00e9e se met en sc\u00e8ne devant la plan\u00e8te enti\u00e8re - STOURM<\/title>\n<meta name=\"robots\" content=\"index, follow, max-snippet:-1, max-image-preview:large, max-video-preview:-1\" \/>\n<link rel=\"canonical\" href=\"https:\/\/stourm.news\/?p=1880\" \/>\n<meta property=\"og:locale\" content=\"fr_FR\" \/>\n<meta property=\"og:type\" content=\"article\" \/>\n<meta property=\"og:title\" content=\"JO de Paris 2024 : la France d\u00e9g\u00e9n\u00e9r\u00e9e se met en sc\u00e8ne devant la plan\u00e8te enti\u00e8re - STOURM\" \/>\n<meta property=\"og:description\" content=\"La c\u00e9r\u00e9monie d&rsquo;ouverture des Jeux Olympiques de Paris 2024 organis\u00e9e par le metteur en sc\u00e8ne d&rsquo;extr\u00eame-gauche Thomas Jolly a \u00e9t\u00e9 l&rsquo;occasion pour l&rsquo;\u00c9tat fran\u00e7ais de c\u00e9l\u00e9brer la terreur r\u00e9volutionnaire, l&rsquo;avortement, l&rsquo;immigration et les pires d\u00e9viances sexuelles. \ud83d\udc49 Pol\u00e9mique apr\u00e8s la mise en sc\u00e8ne d\u2019un trouple (couple \u00e0 trois) lors de la #ceremoniedouverture des JO de [&hellip;]\" \/>\n<meta property=\"og:url\" content=\"https:\/\/stourm.news\/?p=1880\" \/>\n<meta property=\"og:site_name\" content=\"STOURM\" \/>\n<meta property=\"article:publisher\" content=\"https:\/\/www.facebook.com\/stourmnews\/\" \/>\n<meta property=\"article:published_time\" content=\"2024-07-27T04:45:43+00:00\" \/>\n<meta property=\"og:image\" content=\"https:\/\/stourm.news\/wp-content\/uploads\/2024\/07\/Capture-decran-2024-07-27-a-10.44.41.png\" \/>\n\t<meta property=\"og:image:width\" content=\"808\" \/>\n\t<meta property=\"og:image:height\" content=\"458\" \/>\n\t<meta property=\"og:image:type\" content=\"image\/png\" \/>\n<meta name=\"author\" content=\"La r\u00e9daction\" \/>\n<meta name=\"twitter:card\" content=\"summary_large_image\" \/>\n<meta name=\"twitter:label1\" content=\"\u00c9crit par\" \/>\n\t<meta name=\"twitter:data1\" content=\"La r\u00e9daction\" \/>\n\t<meta name=\"twitter:label2\" content=\"Dur\u00e9e de lecture estim\u00e9e\" \/>\n\t<meta name=\"twitter:data2\" content=\"1 minute\" \/>\n<script type=\"application\/ld+json\" class=\"yoast-schema-graph\">{\"@context\":\"https:\/\/schema.org\",\"@graph\":[{\"@type\":\"Article\",\"@id\":\"https:\/\/stourm.news\/?p=1880#article\",\"isPartOf\":{\"@id\":\"https:\/\/stourm.news\/?p=1880\"},\"author\":{\"name\":\"La r\u00e9daction\",\"@id\":\"https:\/\/stourm.news\/#\/schema\/person\/c3e1dc65988632e190969234ef046cf9\"},\"headline\":\"JO de Paris 2024 : la France d\u00e9g\u00e9n\u00e9r\u00e9e se met en sc\u00e8ne devant la plan\u00e8te enti\u00e8re\",\"datePublished\":\"2024-07-27T04:45:43+00:00\",\"mainEntityOfPage\":{\"@id\":\"https:\/\/stourm.news\/?p=1880\"},\"wordCount\":335,\"commentCount\":0,\"publisher\":{\"@id\":\"https:\/\/stourm.news\/#organization\"},\"image\":{\"@id\":\"https:\/\/stourm.news\/?p=1880#primaryimage\"},\"thumbnailUrl\":\"https:\/\/stourm.news\/wp-content\/uploads\/2024\/07\/Capture-decran-2024-07-27-a-10.44.41.png\",\"articleSection\":[\"Editorial\",\"Principale\"],\"inLanguage\":\"fr-FR\",\"potentialAction\":[{\"@type\":\"CommentAction\",\"name\":\"Comment\",\"target\":[\"https:\/\/stourm.news\/?p=1880#respond\"]}]},{\"@type\":\"WebPage\",\"@id\":\"https:\/\/stourm.news\/?p=1880\",\"url\":\"https:\/\/stourm.news\/?p=1880\",\"name\":\"JO de Paris 2024 : la France d\u00e9g\u00e9n\u00e9r\u00e9e se met en sc\u00e8ne devant la plan\u00e8te enti\u00e8re - STOURM\",\"isPartOf\":{\"@id\":\"https:\/\/stourm.news\/#website\"},\"primaryImageOfPage\":{\"@id\":\"https:\/\/stourm.news\/?p=1880#primaryimage\"},\"image\":{\"@id\":\"https:\/\/stourm.news\/?p=1880#primaryimage\"},\"thumbnailUrl\":\"https:\/\/stourm.news\/wp-content\/uploads\/2024\/07\/Capture-decran-2024-07-27-a-10.44.41.png\",\"datePublished\":\"2024-07-27T04:45:43+00:00\",\"breadcrumb\":{\"@id\":\"https:\/\/stourm.news\/?p=1880#breadcrumb\"},\"inLanguage\":\"fr-FR\",\"potentialAction\":[{\"@type\":\"ReadAction\",\"target\":[\"https:\/\/stourm.news\/?p=1880\"]}]},{\"@type\":\"ImageObject\",\"inLanguage\":\"fr-FR\",\"@id\":\"https:\/\/stourm.news\/?p=1880#primaryimage\",\"url\":\"https:\/\/stourm.news\/wp-content\/uploads\/2024\/07\/Capture-decran-2024-07-27-a-10.44.41.png\",\"contentUrl\":\"https:\/\/stourm.news\/wp-content\/uploads\/2024\/07\/Capture-decran-2024-07-27-a-10.44.41.png\",\"width\":808,\"height\":458},{\"@type\":\"BreadcrumbList\",\"@id\":\"https:\/\/stourm.news\/?p=1880#breadcrumb\",\"itemListElement\":[{\"@type\":\"ListItem\",\"position\":1,\"name\":\"Accueil\",\"item\":\"https:\/\/stourm.news\/\"},{\"@type\":\"ListItem\",\"position\":2,\"name\":\"JO de Paris 2024 : la France d\u00e9g\u00e9n\u00e9r\u00e9e se met en sc\u00e8ne devant la plan\u00e8te enti\u00e8re\"}]},{\"@type\":\"WebSite\",\"@id\":\"https:\/\/stourm.news\/#website\",\"url\":\"https:\/\/stourm.news\/\",\"name\":\"Stourm\",\"description\":\"Kazetenn Strollad Broadel Breizh\",\"publisher\":{\"@id\":\"https:\/\/stourm.news\/#organization\"},\"potentialAction\":[{\"@type\":\"SearchAction\",\"target\":{\"@type\":\"EntryPoint\",\"urlTemplate\":\"https:\/\/stourm.news\/?s={search_term_string}\"},\"query-input\":{\"@type\":\"PropertyValueSpecification\",\"valueRequired\":true,\"valueName\":\"search_term_string\"}}],\"inLanguage\":\"fr-FR\"},{\"@type\":\"Organization\",\"@id\":\"https:\/\/stourm.news\/#organization\",\"name\":\"Stourm\",\"url\":\"https:\/\/stourm.news\/\",\"logo\":{\"@type\":\"ImageObject\",\"inLanguage\":\"fr-FR\",\"@id\":\"https:\/\/stourm.news\/#\/schema\/logo\/image\/\",\"url\":\"https:\/\/stourm.news\/wp-content\/uploads\/2025\/11\/cropped-Capture-decran-2025-11-28-a-15.19.07.png\",\"contentUrl\":\"https:\/\/stourm.news\/wp-content\/uploads\/2025\/11\/cropped-Capture-decran-2025-11-28-a-15.19.07.png\",\"width\":1855,\"height\":383,\"caption\":\"Stourm\"},\"image\":{\"@id\":\"https:\/\/stourm.news\/#\/schema\/logo\/image\/\"},\"sameAs\":[\"https:\/\/www.facebook.com\/stourmnews\/\"]},{\"@type\":\"Person\",\"@id\":\"https:\/\/stourm.news\/#\/schema\/person\/c3e1dc65988632e190969234ef046cf9\",\"name\":\"La r\u00e9daction\",\"image\":{\"@type\":\"ImageObject\",\"inLanguage\":\"fr-FR\",\"@id\":\"https:\/\/stourm.news\/#\/schema\/person\/image\/\",\"url\":\"https:\/\/secure.gravatar.com\/avatar\/7463443f194b6b5fb706b074ca0ef59a0cfcfd720cb47764b0ec5a952ce422b3?s=96&d=mm&r=g\",\"contentUrl\":\"https:\/\/secure.gravatar.com\/avatar\/7463443f194b6b5fb706b074ca0ef59a0cfcfd720cb47764b0ec5a952ce422b3?s=96&d=mm&r=g\",\"caption\":\"La r\u00e9daction\"},\"sameAs\":[\"https:\/\/stourm.news\"],\"url\":\"https:\/\/stourm.news\/?author=1\"}]}<\/script>\n<!-- \/ Yoast SEO plugin. -->","yoast_head_json":{"title":"JO de Paris 2024 : la France d\u00e9g\u00e9n\u00e9r\u00e9e se met en sc\u00e8ne devant la plan\u00e8te enti\u00e8re - STOURM","robots":{"index":"index","follow":"follow","max-snippet":"max-snippet:-1","max-image-preview":"max-image-preview:large","max-video-preview":"max-video-preview:-1"},"canonical":"https:\/\/stourm.news\/?p=1880","og_locale":"fr_FR","og_type":"article","og_title":"JO de Paris 2024 : la France d\u00e9g\u00e9n\u00e9r\u00e9e se met en sc\u00e8ne devant la plan\u00e8te enti\u00e8re - STOURM","og_description":"La c\u00e9r\u00e9monie d&rsquo;ouverture des Jeux Olympiques de Paris 2024 organis\u00e9e par le metteur en sc\u00e8ne d&rsquo;extr\u00eame-gauche Thomas Jolly a \u00e9t\u00e9 l&rsquo;occasion pour l&rsquo;\u00c9tat fran\u00e7ais de c\u00e9l\u00e9brer la terreur r\u00e9volutionnaire, l&rsquo;avortement, l&rsquo;immigration et les pires d\u00e9viances sexuelles. \ud83d\udc49 Pol\u00e9mique apr\u00e8s la mise en sc\u00e8ne d\u2019un trouple (couple \u00e0 trois) lors de la #ceremoniedouverture des JO de [&hellip;]","og_url":"https:\/\/stourm.news\/?p=1880","og_site_name":"STOURM","article_publisher":"https:\/\/www.facebook.com\/stourmnews\/","article_published_time":"2024-07-27T04:45:43+00:00","og_image":[{"width":808,"height":458,"url":"https:\/\/stourm.news\/wp-content\/uploads\/2024\/07\/Capture-decran-2024-07-27-a-10.44.41.png","type":"image\/png"}],"author":"La r\u00e9daction","twitter_card":"summary_large_image","twitter_misc":{"\u00c9crit par":"La r\u00e9daction","Dur\u00e9e de lecture estim\u00e9e":"1 minute"},"schema":{"@context":"https:\/\/schema.org","@graph":[{"@type":"Article","@id":"https:\/\/stourm.news\/?p=1880#article","isPartOf":{"@id":"https:\/\/stourm.news\/?p=1880"},"author":{"name":"La r\u00e9daction","@id":"https:\/\/stourm.news\/#\/schema\/person\/c3e1dc65988632e190969234ef046cf9"},"headline":"JO de Paris 2024 : la France d\u00e9g\u00e9n\u00e9r\u00e9e se met en sc\u00e8ne devant la plan\u00e8te enti\u00e8re","datePublished":"2024-07-27T04:45:43+00:00","mainEntityOfPage":{"@id":"https:\/\/stourm.news\/?p=1880"},"wordCount":335,"commentCount":0,"publisher":{"@id":"https:\/\/stourm.news\/#organization"},"image":{"@id":"https:\/\/stourm.news\/?p=1880#primaryimage"},"thumbnailUrl":"https:\/\/stourm.news\/wp-content\/uploads\/2024\/07\/Capture-decran-2024-07-27-a-10.44.41.png","articleSection":["Editorial","Principale"],"inLanguage":"fr-FR","potentialAction":[{"@type":"CommentAction","name":"Comment","target":["https:\/\/stourm.news\/?p=1880#respond"]}]},{"@type":"WebPage","@id":"https:\/\/stourm.news\/?p=1880","url":"https:\/\/stourm.news\/?p=1880","name":"JO de Paris 2024 : la France d\u00e9g\u00e9n\u00e9r\u00e9e se met en sc\u00e8ne devant la plan\u00e8te enti\u00e8re - STOURM","isPartOf":{"@id":"https:\/\/stourm.news\/#website"},"primaryImageOfPage":{"@id":"https:\/\/stourm.news\/?p=1880#primaryimage"},"image":{"@id":"https:\/\/stourm.news\/?p=1880#primaryimage"},"thumbnailUrl":"https:\/\/stourm.news\/wp-content\/uploads\/2024\/07\/Capture-decran-2024-07-27-a-10.44.41.png","datePublished":"2024-07-27T04:45:43+00:00","breadcrumb":{"@id":"https:\/\/stourm.news\/?p=1880#breadcrumb"},"inLanguage":"fr-FR","potentialAction":[{"@type":"ReadAction","target":["https:\/\/stourm.news\/?p=1880"]}]},{"@type":"ImageObject","inLanguage":"fr-FR","@id":"https:\/\/stourm.news\/?p=1880#primaryimage","url":"https:\/\/stourm.news\/wp-content\/uploads\/2024\/07\/Capture-decran-2024-07-27-a-10.44.41.png","contentUrl":"https:\/\/stourm.news\/wp-content\/uploads\/2024\/07\/Capture-decran-2024-07-27-a-10.44.41.png","width":808,"height":458},{"@type":"BreadcrumbList","@id":"https:\/\/stourm.news\/?p=1880#breadcrumb","itemListElement":[{"@type":"ListItem","position":1,"name":"Accueil","item":"https:\/\/stourm.news\/"},{"@type":"ListItem","position":2,"name":"JO de Paris 2024 : la France d\u00e9g\u00e9n\u00e9r\u00e9e se met en sc\u00e8ne devant la plan\u00e8te enti\u00e8re"}]},{"@type":"WebSite","@id":"https:\/\/stourm.news\/#website","url":"https:\/\/stourm.news\/","name":"Stourm","description":"Kazetenn Strollad Broadel Breizh","publisher":{"@id":"https:\/\/stourm.news\/#organization"},"potentialAction":[{"@type":"SearchAction","target":{"@type":"EntryPoint","urlTemplate":"https:\/\/stourm.news\/?s={search_term_string}"},"query-input":{"@type":"PropertyValueSpecification","valueRequired":true,"valueName":"search_term_string"}}],"inLanguage":"fr-FR"},{"@type":"Organization","@id":"https:\/\/stourm.news\/#organization","name":"Stourm","url":"https:\/\/stourm.news\/","logo":{"@type":"ImageObject","inLanguage":"fr-FR","@id":"https:\/\/stourm.news\/#\/schema\/logo\/image\/","url":"https:\/\/stourm.news\/wp-content\/uploads\/2025\/11\/cropped-Capture-decran-2025-11-28-a-15.19.07.png","contentUrl":"https:\/\/stourm.news\/wp-content\/uploads\/2025\/11\/cropped-Capture-decran-2025-11-28-a-15.19.07.png","width":1855,"height":383,"caption":"Stourm"},"image":{"@id":"https:\/\/stourm.news\/#\/schema\/logo\/image\/"},"sameAs":["https:\/\/www.facebook.com\/stourmnews\/"]},{"@type":"Person","@id":"https:\/\/stourm.news\/#\/schema\/person\/c3e1dc65988632e190969234ef046cf9","name":"La r\u00e9daction","image":{"@type":"ImageObject","inLanguage":"fr-FR","@id":"https:\/\/stourm.news\/#\/schema\/person\/image\/","url":"https:\/\/secure.gravatar.com\/avatar\/7463443f194b6b5fb706b074ca0ef59a0cfcfd720cb47764b0ec5a952ce422b3?s=96&d=mm&r=g","contentUrl":"https:\/\/secure.gravatar.com\/avatar\/7463443f194b6b5fb706b074ca0ef59a0cfcfd720cb47764b0ec5a952ce422b3?s=96&d=mm&r=g","caption":"La r\u00e9daction"},"sameAs":["https:\/\/stourm.news"],"url":"https:\/\/stourm.news\/?author=1"}]}},"_links":{"self":[{"href":"https:\/\/stourm.news\/index.php?rest_route=\/wp\/v2\/posts\/1880","targetHints":{"allow":["GET"]}}],"collection":[{"href":"https:\/\/stourm.news\/index.php?rest_route=\/wp\/v2\/posts"}],"about":[{"href":"https:\/\/stourm.news\/index.php?rest_route=\/wp\/v2\/types\/post"}],"author":[{"embeddable":true,"href":"https:\/\/stourm.news\/index.php?rest_route=\/wp\/v2\/users\/1"}],"replies":[{"embeddable":true,"href":"https:\/\/stourm.news\/index.php?rest_route=%2Fwp%2Fv2%2Fcomments&post=1880"}],"version-history":[{"count":1,"href":"https:\/\/stourm.news\/index.php?rest_route=\/wp\/v2\/posts\/1880\/revisions"}],"predecessor-version":[{"id":1883,"href":"https:\/\/stourm.news\/index.php?rest_route=\/wp\/v2\/posts\/1880\/revisions\/1883"}],"wp:featuredmedia":[{"embeddable":true,"href":"https:\/\/stourm.news\/index.php?rest_route=\/wp\/v2\/media\/1882"}],"wp:attachment":[{"href":"https:\/\/stourm.news\/index.php?rest_route=%2Fwp%2Fv2%2Fmedia&parent=1880"}],"wp:term":[{"taxonomy":"category","embeddable":true,"href":"https:\/\/stourm.news\/index.php?rest_route=%2Fwp%2Fv2%2Fcategories&post=1880"},{"taxonomy":"post_tag","embeddable":true,"href":"https:\/\/stourm.news\/index.php?rest_route=%2Fwp%2Fv2%2Ftags&post=1880"}],"curies":[{"name":"wp","href":"https:\/\/api.w.org\/{rel}","templated":true}]}}