{"id":1893,"date":"2024-07-29T09:44:51","date_gmt":"2024-07-29T09:44:51","guid":{"rendered":"https:\/\/stourm.news\/?p=1893"},"modified":"2024-07-29T09:48:14","modified_gmt":"2024-07-29T09:48:14","slug":"les-tribus-celtique-de-lile-de-bretagne-premiere-partie","status":"publish","type":"post","link":"https:\/\/stourm.news\/?p=1893","title":{"rendered":"Les tribus celtique de l&rsquo;\u00eele de Bretagne (premi\u00e8re partie)"},"content":{"rendered":"<p style=\"text-align: justify;\">Dans le cadre de la formation politique et historique des patriotes bretons, <strong>STOURM!<\/strong> diffuse la version traduite de la premi\u00e8re partie de la vid\u00e9o de \u00ab\u00a0Cambrian Chronicles\u00a0\u00bb consacr\u00e9e aux tribus celtiques de l&rsquo;\u00eele de Bretagne dont les Bretons descendent directement.<\/p>\n<p style=\"text-align: justify;\">Il est essentiel pour les nationalistes bretons de rappeler aux Bretons leur origine ethno-g\u00e9ographique. <em>Breizh<\/em> est le fruit de l&rsquo;effort de civilisation entrepris par le peuple brittonique pour prot\u00e9ger l&rsquo;Armorique de l&rsquo;invasion franque au 5\u00e8me si\u00e8cle afin d&rsquo;en faire un bastion celtique.<\/p>\n<p><iframe id=\"odysee-iframe\" style=\"width: 100%; aspect-ratio: 16 \/ 9;\" src=\"https:\/\/odysee.com\/$\/embed\/@PNB-SBB:2\/47.4:0?r=9hKoS4MuvrzVL1uXLqH26cZu3YU7WorA\" allowfullscreen=\"allowfullscreen\"><\/iframe><\/p>\n<p style=\"text-align: justify;\"><em>Qui \u00e9taient les anciennes tribus celtes de Grande-Bretagne ? Dans cette vid\u00e9o, je vais explorer la fascinante histoire celtique de ces tribus brythoniques de l&rsquo;\u00e2ge du fer, et vous parler un peu de leur histoire et de leur culture celtique.<\/em><\/p>\n<p style=\"text-align: justify;\"><em>Cette vid\u00e9o va se concentrer sur l&rsquo;endroit o\u00f9 ces Celtes vivaient, et comment nous le savons, en examinant les d\u00e9couvertes arch\u00e9ologiques de l&rsquo;\u00e2ge du fer telles que les pi\u00e8ces de monnaie et les poteries celtiques, afin de dessiner une carte de l&rsquo;endroit o\u00f9 ces tribus brittoniques de Celtes auraient pu vivre.<\/em><\/p>\n<p style=\"text-align: justify;\"><em>Pour cette vid\u00e9o, je vais me concentrer sur les tribus celtiques et l&rsquo;histoire celtique du sud de la Grande-Bretagne de l&rsquo;\u00e2ge de fer en 100 avant J.-C., \u00e0 savoir les tribus celtiques des Cantii (ou des Cantiaci), des Atrebates, des Regni, des Belgae, les Durotriges, les Dumnonii, les Dobunni, les Catuvellauni, les Trinovantes, les Iceni (avec Boudicca), les Corieltauvi, les Cornovii, les Ordovices, les Deceangli, les Gangani, les Silures, et enfin les Demetae.<\/em><\/p>\n<p style=\"text-align: justify;\"><strong><em>Sources :<\/em><\/strong><\/p>\n<ul>\n<li style=\"text-align: justify;\"><em>Cunliffe, B. (2004). Iron Age Communities in Britain. Routledge.<\/em><\/li>\n<li style=\"text-align: justify;\"><em>Cunliffe, B.W. (2012). Britain begins. Oxford : Oxford University Press, pp.1-5.<\/em><\/li>\n<li style=\"text-align: justify;\"><em>James, S. (2005). Le monde des Celtes. Londres ; New York : Thames &amp; Hudson, pp. 47-48.<\/em><\/li>\n<li style=\"text-align: justify;\"><em>Davies, J. (2007). A History of Wales (Histoire du Pays de Galles). Londres : Penguin, pp.14-42.\u00a0<\/em><\/li>\n<\/ul>\n","protected":false},"excerpt":{"rendered":"<p>Dans le cadre de la formation politique et historique des patriotes bretons, STOURM! diffuse la version traduite de la premi\u00e8re partie de la vid\u00e9o de \u00ab\u00a0Cambrian Chronicles\u00a0\u00bb consacr\u00e9e aux tribus celtiques de l&rsquo;\u00eele de Bretagne dont les Bretons descendent directement. Il est essentiel pour les nationalistes bretons de rappeler aux Bretons leur origine ethno-g\u00e9ographique. Breizh [&hellip;]<\/p>\n","protected":false},"author":1,"featured_media":1894,"comment_status":"open","ping_status":"open","sticky":false,"template":"","format":"standard","meta":{"sb_editor_width":"","footnotes":""},"categories":[58,50,65],"tags":[],"class_list":["post-1893","post","type-post","status-publish","format-standard","has-post-thumbnail","hentry","category-breizh","category-histoire-de-bretagne","category-principale"],"relative_dates":{"created":"2 ans ago","modified":"2 ans ago"},"yoast_head":"<!-- This site is optimized with the Yoast SEO plugin v26.3 - https:\/\/yoast.com\/wordpress\/plugins\/seo\/ -->\n<title>Les tribus celtique de l&#039;\u00eele de Bretagne (premi\u00e8re partie) - STOURM<\/title>\n<meta name=\"robots\" content=\"index, follow, max-snippet:-1, max-image-preview:large, max-video-preview:-1\" \/>\n<link rel=\"canonical\" href=\"https:\/\/stourm.news\/?p=1893\" \/>\n<meta property=\"og:locale\" content=\"fr_FR\" \/>\n<meta property=\"og:type\" content=\"article\" \/>\n<meta property=\"og:title\" content=\"Les tribus celtique de l&#039;\u00eele de Bretagne (premi\u00e8re partie) - STOURM\" \/>\n<meta property=\"og:description\" content=\"Dans le cadre de la formation politique et historique des patriotes bretons, STOURM! diffuse la version traduite de la premi\u00e8re partie de la vid\u00e9o de \u00ab\u00a0Cambrian Chronicles\u00a0\u00bb consacr\u00e9e aux tribus celtiques de l&rsquo;\u00eele de Bretagne dont les Bretons descendent directement. Il est essentiel pour les nationalistes bretons de rappeler aux Bretons leur origine ethno-g\u00e9ographique. Breizh [&hellip;]\" \/>\n<meta property=\"og:url\" content=\"https:\/\/stourm.news\/?p=1893\" \/>\n<meta property=\"og:site_name\" content=\"STOURM\" \/>\n<meta property=\"article:publisher\" content=\"https:\/\/www.facebook.com\/stourmnews\/\" \/>\n<meta property=\"article:published_time\" content=\"2024-07-29T09:44:51+00:00\" \/>\n<meta property=\"article:modified_time\" content=\"2024-07-29T09:48:14+00:00\" \/>\n<meta property=\"og:image\" content=\"https:\/\/stourm.news\/wp-content\/uploads\/2024\/07\/Designer-2024-07-29T175421.126.jpg\" \/>\n\t<meta property=\"og:image:width\" content=\"1792\" \/>\n\t<meta property=\"og:image:height\" content=\"1024\" \/>\n\t<meta property=\"og:image:type\" content=\"image\/jpeg\" \/>\n<meta name=\"author\" content=\"La r\u00e9daction\" \/>\n<meta name=\"twitter:card\" content=\"summary_large_image\" \/>\n<meta name=\"twitter:label1\" content=\"\u00c9crit par\" \/>\n\t<meta name=\"twitter:data1\" content=\"La r\u00e9daction\" \/>\n\t<meta name=\"twitter:label2\" content=\"Dur\u00e9e de lecture estim\u00e9e\" \/>\n\t<meta name=\"twitter:data2\" content=\"2 minutes\" \/>\n<script type=\"application\/ld+json\" class=\"yoast-schema-graph\">{\"@context\":\"https:\/\/schema.org\",\"@graph\":[{\"@type\":\"Article\",\"@id\":\"https:\/\/stourm.news\/?p=1893#article\",\"isPartOf\":{\"@id\":\"https:\/\/stourm.news\/?p=1893\"},\"author\":{\"name\":\"La r\u00e9daction\",\"@id\":\"https:\/\/stourm.news\/#\/schema\/person\/c3e1dc65988632e190969234ef046cf9\"},\"headline\":\"Les tribus celtique de l&rsquo;\u00eele de Bretagne (premi\u00e8re partie)\",\"datePublished\":\"2024-07-29T09:44:51+00:00\",\"dateModified\":\"2024-07-29T09:48:14+00:00\",\"mainEntityOfPage\":{\"@id\":\"https:\/\/stourm.news\/?p=1893\"},\"wordCount\":327,\"commentCount\":0,\"publisher\":{\"@id\":\"https:\/\/stourm.news\/#organization\"},\"image\":{\"@id\":\"https:\/\/stourm.news\/?p=1893#primaryimage\"},\"thumbnailUrl\":\"https:\/\/stourm.news\/wp-content\/uploads\/2024\/07\/Designer-2024-07-29T175421.126.jpg\",\"articleSection\":[\"Breizh\",\"Histoire de Bretagne\",\"Principale\"],\"inLanguage\":\"fr-FR\",\"potentialAction\":[{\"@type\":\"CommentAction\",\"name\":\"Comment\",\"target\":[\"https:\/\/stourm.news\/?p=1893#respond\"]}]},{\"@type\":\"WebPage\",\"@id\":\"https:\/\/stourm.news\/?p=1893\",\"url\":\"https:\/\/stourm.news\/?p=1893\",\"name\":\"Les tribus celtique de l'\u00eele de Bretagne (premi\u00e8re partie) - STOURM\",\"isPartOf\":{\"@id\":\"https:\/\/stourm.news\/#website\"},\"primaryImageOfPage\":{\"@id\":\"https:\/\/stourm.news\/?p=1893#primaryimage\"},\"image\":{\"@id\":\"https:\/\/stourm.news\/?p=1893#primaryimage\"},\"thumbnailUrl\":\"https:\/\/stourm.news\/wp-content\/uploads\/2024\/07\/Designer-2024-07-29T175421.126.jpg\",\"datePublished\":\"2024-07-29T09:44:51+00:00\",\"dateModified\":\"2024-07-29T09:48:14+00:00\",\"breadcrumb\":{\"@id\":\"https:\/\/stourm.news\/?p=1893#breadcrumb\"},\"inLanguage\":\"fr-FR\",\"potentialAction\":[{\"@type\":\"ReadAction\",\"target\":[\"https:\/\/stourm.news\/?p=1893\"]}]},{\"@type\":\"ImageObject\",\"inLanguage\":\"fr-FR\",\"@id\":\"https:\/\/stourm.news\/?p=1893#primaryimage\",\"url\":\"https:\/\/stourm.news\/wp-content\/uploads\/2024\/07\/Designer-2024-07-29T175421.126.jpg\",\"contentUrl\":\"https:\/\/stourm.news\/wp-content\/uploads\/2024\/07\/Designer-2024-07-29T175421.126.jpg\",\"width\":1792,\"height\":1024},{\"@type\":\"BreadcrumbList\",\"@id\":\"https:\/\/stourm.news\/?p=1893#breadcrumb\",\"itemListElement\":[{\"@type\":\"ListItem\",\"position\":1,\"name\":\"Accueil\",\"item\":\"https:\/\/stourm.news\/\"},{\"@type\":\"ListItem\",\"position\":2,\"name\":\"Les tribus celtique de l&rsquo;\u00eele de Bretagne (premi\u00e8re partie)\"}]},{\"@type\":\"WebSite\",\"@id\":\"https:\/\/stourm.news\/#website\",\"url\":\"https:\/\/stourm.news\/\",\"name\":\"Stourm\",\"description\":\"Kazetenn Strollad Broadel Breizh\",\"publisher\":{\"@id\":\"https:\/\/stourm.news\/#organization\"},\"potentialAction\":[{\"@type\":\"SearchAction\",\"target\":{\"@type\":\"EntryPoint\",\"urlTemplate\":\"https:\/\/stourm.news\/?s={search_term_string}\"},\"query-input\":{\"@type\":\"PropertyValueSpecification\",\"valueRequired\":true,\"valueName\":\"search_term_string\"}}],\"inLanguage\":\"fr-FR\"},{\"@type\":\"Organization\",\"@id\":\"https:\/\/stourm.news\/#organization\",\"name\":\"Stourm\",\"url\":\"https:\/\/stourm.news\/\",\"logo\":{\"@type\":\"ImageObject\",\"inLanguage\":\"fr-FR\",\"@id\":\"https:\/\/stourm.news\/#\/schema\/logo\/image\/\",\"url\":\"https:\/\/stourm.news\/wp-content\/uploads\/2025\/11\/cropped-Capture-decran-2025-11-28-a-15.19.07.png\",\"contentUrl\":\"https:\/\/stourm.news\/wp-content\/uploads\/2025\/11\/cropped-Capture-decran-2025-11-28-a-15.19.07.png\",\"width\":1855,\"height\":383,\"caption\":\"Stourm\"},\"image\":{\"@id\":\"https:\/\/stourm.news\/#\/schema\/logo\/image\/\"},\"sameAs\":[\"https:\/\/www.facebook.com\/stourmnews\/\"]},{\"@type\":\"Person\",\"@id\":\"https:\/\/stourm.news\/#\/schema\/person\/c3e1dc65988632e190969234ef046cf9\",\"name\":\"La r\u00e9daction\",\"image\":{\"@type\":\"ImageObject\",\"inLanguage\":\"fr-FR\",\"@id\":\"https:\/\/stourm.news\/#\/schema\/person\/image\/\",\"url\":\"https:\/\/secure.gravatar.com\/avatar\/7463443f194b6b5fb706b074ca0ef59a0cfcfd720cb47764b0ec5a952ce422b3?s=96&d=mm&r=g\",\"contentUrl\":\"https:\/\/secure.gravatar.com\/avatar\/7463443f194b6b5fb706b074ca0ef59a0cfcfd720cb47764b0ec5a952ce422b3?s=96&d=mm&r=g\",\"caption\":\"La r\u00e9daction\"},\"sameAs\":[\"https:\/\/stourm.news\"],\"url\":\"https:\/\/stourm.news\/?author=1\"}]}<\/script>\n<!-- \/ Yoast SEO plugin. -->","yoast_head_json":{"title":"Les tribus celtique de l'\u00eele de Bretagne (premi\u00e8re partie) - STOURM","robots":{"index":"index","follow":"follow","max-snippet":"max-snippet:-1","max-image-preview":"max-image-preview:large","max-video-preview":"max-video-preview:-1"},"canonical":"https:\/\/stourm.news\/?p=1893","og_locale":"fr_FR","og_type":"article","og_title":"Les tribus celtique de l'\u00eele de Bretagne (premi\u00e8re partie) - STOURM","og_description":"Dans le cadre de la formation politique et historique des patriotes bretons, STOURM! diffuse la version traduite de la premi\u00e8re partie de la vid\u00e9o de \u00ab\u00a0Cambrian Chronicles\u00a0\u00bb consacr\u00e9e aux tribus celtiques de l&rsquo;\u00eele de Bretagne dont les Bretons descendent directement. Il est essentiel pour les nationalistes bretons de rappeler aux Bretons leur origine ethno-g\u00e9ographique. Breizh [&hellip;]","og_url":"https:\/\/stourm.news\/?p=1893","og_site_name":"STOURM","article_publisher":"https:\/\/www.facebook.com\/stourmnews\/","article_published_time":"2024-07-29T09:44:51+00:00","article_modified_time":"2024-07-29T09:48:14+00:00","og_image":[{"width":1792,"height":1024,"url":"https:\/\/stourm.news\/wp-content\/uploads\/2024\/07\/Designer-2024-07-29T175421.126.jpg","type":"image\/jpeg"}],"author":"La r\u00e9daction","twitter_card":"summary_large_image","twitter_misc":{"\u00c9crit par":"La r\u00e9daction","Dur\u00e9e de lecture estim\u00e9e":"2 minutes"},"schema":{"@context":"https:\/\/schema.org","@graph":[{"@type":"Article","@id":"https:\/\/stourm.news\/?p=1893#article","isPartOf":{"@id":"https:\/\/stourm.news\/?p=1893"},"author":{"name":"La r\u00e9daction","@id":"https:\/\/stourm.news\/#\/schema\/person\/c3e1dc65988632e190969234ef046cf9"},"headline":"Les tribus celtique de l&rsquo;\u00eele de Bretagne (premi\u00e8re partie)","datePublished":"2024-07-29T09:44:51+00:00","dateModified":"2024-07-29T09:48:14+00:00","mainEntityOfPage":{"@id":"https:\/\/stourm.news\/?p=1893"},"wordCount":327,"commentCount":0,"publisher":{"@id":"https:\/\/stourm.news\/#organization"},"image":{"@id":"https:\/\/stourm.news\/?p=1893#primaryimage"},"thumbnailUrl":"https:\/\/stourm.news\/wp-content\/uploads\/2024\/07\/Designer-2024-07-29T175421.126.jpg","articleSection":["Breizh","Histoire de Bretagne","Principale"],"inLanguage":"fr-FR","potentialAction":[{"@type":"CommentAction","name":"Comment","target":["https:\/\/stourm.news\/?p=1893#respond"]}]},{"@type":"WebPage","@id":"https:\/\/stourm.news\/?p=1893","url":"https:\/\/stourm.news\/?p=1893","name":"Les tribus celtique de l'\u00eele de Bretagne (premi\u00e8re partie) - STOURM","isPartOf":{"@id":"https:\/\/stourm.news\/#website"},"primaryImageOfPage":{"@id":"https:\/\/stourm.news\/?p=1893#primaryimage"},"image":{"@id":"https:\/\/stourm.news\/?p=1893#primaryimage"},"thumbnailUrl":"https:\/\/stourm.news\/wp-content\/uploads\/2024\/07\/Designer-2024-07-29T175421.126.jpg","datePublished":"2024-07-29T09:44:51+00:00","dateModified":"2024-07-29T09:48:14+00:00","breadcrumb":{"@id":"https:\/\/stourm.news\/?p=1893#breadcrumb"},"inLanguage":"fr-FR","potentialAction":[{"@type":"ReadAction","target":["https:\/\/stourm.news\/?p=1893"]}]},{"@type":"ImageObject","inLanguage":"fr-FR","@id":"https:\/\/stourm.news\/?p=1893#primaryimage","url":"https:\/\/stourm.news\/wp-content\/uploads\/2024\/07\/Designer-2024-07-29T175421.126.jpg","contentUrl":"https:\/\/stourm.news\/wp-content\/uploads\/2024\/07\/Designer-2024-07-29T175421.126.jpg","width":1792,"height":1024},{"@type":"BreadcrumbList","@id":"https:\/\/stourm.news\/?p=1893#breadcrumb","itemListElement":[{"@type":"ListItem","position":1,"name":"Accueil","item":"https:\/\/stourm.news\/"},{"@type":"ListItem","position":2,"name":"Les tribus celtique de l&rsquo;\u00eele de Bretagne (premi\u00e8re partie)"}]},{"@type":"WebSite","@id":"https:\/\/stourm.news\/#website","url":"https:\/\/stourm.news\/","name":"Stourm","description":"Kazetenn Strollad Broadel Breizh","publisher":{"@id":"https:\/\/stourm.news\/#organization"},"potentialAction":[{"@type":"SearchAction","target":{"@type":"EntryPoint","urlTemplate":"https:\/\/stourm.news\/?s={search_term_string}"},"query-input":{"@type":"PropertyValueSpecification","valueRequired":true,"valueName":"search_term_string"}}],"inLanguage":"fr-FR"},{"@type":"Organization","@id":"https:\/\/stourm.news\/#organization","name":"Stourm","url":"https:\/\/stourm.news\/","logo":{"@type":"ImageObject","inLanguage":"fr-FR","@id":"https:\/\/stourm.news\/#\/schema\/logo\/image\/","url":"https:\/\/stourm.news\/wp-content\/uploads\/2025\/11\/cropped-Capture-decran-2025-11-28-a-15.19.07.png","contentUrl":"https:\/\/stourm.news\/wp-content\/uploads\/2025\/11\/cropped-Capture-decran-2025-11-28-a-15.19.07.png","width":1855,"height":383,"caption":"Stourm"},"image":{"@id":"https:\/\/stourm.news\/#\/schema\/logo\/image\/"},"sameAs":["https:\/\/www.facebook.com\/stourmnews\/"]},{"@type":"Person","@id":"https:\/\/stourm.news\/#\/schema\/person\/c3e1dc65988632e190969234ef046cf9","name":"La r\u00e9daction","image":{"@type":"ImageObject","inLanguage":"fr-FR","@id":"https:\/\/stourm.news\/#\/schema\/person\/image\/","url":"https:\/\/secure.gravatar.com\/avatar\/7463443f194b6b5fb706b074ca0ef59a0cfcfd720cb47764b0ec5a952ce422b3?s=96&d=mm&r=g","contentUrl":"https:\/\/secure.gravatar.com\/avatar\/7463443f194b6b5fb706b074ca0ef59a0cfcfd720cb47764b0ec5a952ce422b3?s=96&d=mm&r=g","caption":"La r\u00e9daction"},"sameAs":["https:\/\/stourm.news"],"url":"https:\/\/stourm.news\/?author=1"}]}},"_links":{"self":[{"href":"https:\/\/stourm.news\/index.php?rest_route=\/wp\/v2\/posts\/1893","targetHints":{"allow":["GET"]}}],"collection":[{"href":"https:\/\/stourm.news\/index.php?rest_route=\/wp\/v2\/posts"}],"about":[{"href":"https:\/\/stourm.news\/index.php?rest_route=\/wp\/v2\/types\/post"}],"author":[{"embeddable":true,"href":"https:\/\/stourm.news\/index.php?rest_route=\/wp\/v2\/users\/1"}],"replies":[{"embeddable":true,"href":"https:\/\/stourm.news\/index.php?rest_route=%2Fwp%2Fv2%2Fcomments&post=1893"}],"version-history":[{"count":3,"href":"https:\/\/stourm.news\/index.php?rest_route=\/wp\/v2\/posts\/1893\/revisions"}],"predecessor-version":[{"id":1897,"href":"https:\/\/stourm.news\/index.php?rest_route=\/wp\/v2\/posts\/1893\/revisions\/1897"}],"wp:featuredmedia":[{"embeddable":true,"href":"https:\/\/stourm.news\/index.php?rest_route=\/wp\/v2\/media\/1894"}],"wp:attachment":[{"href":"https:\/\/stourm.news\/index.php?rest_route=%2Fwp%2Fv2%2Fmedia&parent=1893"}],"wp:term":[{"taxonomy":"category","embeddable":true,"href":"https:\/\/stourm.news\/index.php?rest_route=%2Fwp%2Fv2%2Fcategories&post=1893"},{"taxonomy":"post_tag","embeddable":true,"href":"https:\/\/stourm.news\/index.php?rest_route=%2Fwp%2Fv2%2Ftags&post=1893"}],"curies":[{"name":"wp","href":"https:\/\/api.w.org\/{rel}","templated":true}]}}