{"id":1898,"date":"2024-07-30T10:08:02","date_gmt":"2024-07-30T10:08:02","guid":{"rendered":"https:\/\/stourm.news\/?p=1898"},"modified":"2024-07-30T10:08:02","modified_gmt":"2024-07-30T10:08:02","slug":"coups-de-couteau-a-la-fete-foraine-de-guingamp-un-des-auteurs-condamne-a-30-mois-de-prison","status":"publish","type":"post","link":"https:\/\/stourm.news\/?p=1898","title":{"rendered":"Coups de couteau \u00e0 la f\u00eate foraine de Guingamp : un des auteurs condamn\u00e9 \u00e0 30 mois de prison"},"content":{"rendered":"<p style=\"text-align: justify;\">Un couple de trentenaires \u00e9tait jug\u00e9 pour avoir donn\u00e9 des coups de couteau \u00e0 deux personnes en marge de la f\u00eate foraine de Guingamp, d\u00e9but juillet. L\u2019homme a \u00e9t\u00e9 condamn\u00e9 \u00e0 30 mois de prison, sa compagne \u00e0 une amende.<\/p>\n<p style=\"text-align: justify;\">Un baiser rapide \u00e0 la barre avant que l\u2019audience ne d\u00e9marre. Lui, 32 ans, est en d\u00e9tention provisoire depuis le 8 juillet, en attendant l\u2019audience de comparution imm\u00e9diate. Elle, 31 ans, \u00e9tait sous contr\u00f4le judiciaire. Tous deux sont poursuivis pour des faits de violence avec arme \u00e0 Guingamp, le 6 juillet, vers 1 h 30, en marge de la f\u00eate foraine.<\/p>\n<p>Source : <a href=\"https:\/\/www.letelegramme.fr\/cotes-d-armor\/coups-de-couteau-a-la-fete-foraine-de-guingamp-un-des-auteurs-condamne-a-30-mois-de-prison-6634933.php\">Le T\u00e9l\u00e9gramme<\/a><\/p>\n","protected":false},"excerpt":{"rendered":"<p>Un couple de trentenaires \u00e9tait jug\u00e9 pour avoir donn\u00e9 des coups de couteau \u00e0 deux personnes en marge de la f\u00eate foraine de Guingamp, d\u00e9but juillet. L\u2019homme a \u00e9t\u00e9 condamn\u00e9 \u00e0 30 mois de prison, sa compagne \u00e0 une amende. Un baiser rapide \u00e0 la barre avant que l\u2019audience ne d\u00e9marre. Lui, 32 ans, est [&hellip;]<\/p>\n","protected":false},"author":1,"featured_media":1899,"comment_status":"open","ping_status":"open","sticky":false,"template":"","format":"standard","meta":{"sb_editor_width":"","footnotes":""},"categories":[31,39,62],"tags":[],"class_list":["post-1898","post","type-post","status-publish","format-standard","has-post-thumbnail","hentry","category-agression","category-cotes-darmor","category-revue-de-presse"],"relative_dates":{"created":"2 ans ago","modified":"2 ans ago"},"yoast_head":"<!-- This site is optimized with the Yoast SEO plugin v26.3 - https:\/\/yoast.com\/wordpress\/plugins\/seo\/ -->\n<title>Coups de couteau \u00e0 la f\u00eate foraine de Guingamp : un des auteurs condamn\u00e9 \u00e0 30 mois de prison - STOURM<\/title>\n<meta name=\"robots\" content=\"index, follow, max-snippet:-1, max-image-preview:large, max-video-preview:-1\" \/>\n<link rel=\"canonical\" href=\"https:\/\/stourm.news\/?p=1898\" \/>\n<meta property=\"og:locale\" content=\"fr_FR\" \/>\n<meta property=\"og:type\" content=\"article\" \/>\n<meta property=\"og:title\" content=\"Coups de couteau \u00e0 la f\u00eate foraine de Guingamp : un des auteurs condamn\u00e9 \u00e0 30 mois de prison - STOURM\" \/>\n<meta property=\"og:description\" content=\"Un couple de trentenaires \u00e9tait jug\u00e9 pour avoir donn\u00e9 des coups de couteau \u00e0 deux personnes en marge de la f\u00eate foraine de Guingamp, d\u00e9but juillet. L\u2019homme a \u00e9t\u00e9 condamn\u00e9 \u00e0 30 mois de prison, sa compagne \u00e0 une amende. Un baiser rapide \u00e0 la barre avant que l\u2019audience ne d\u00e9marre. Lui, 32 ans, est [&hellip;]\" \/>\n<meta property=\"og:url\" content=\"https:\/\/stourm.news\/?p=1898\" \/>\n<meta property=\"og:site_name\" content=\"STOURM\" \/>\n<meta property=\"article:publisher\" content=\"https:\/\/www.facebook.com\/stourmnews\/\" \/>\n<meta property=\"article:published_time\" content=\"2024-07-30T10:08:02+00:00\" \/>\n<meta property=\"og:image\" content=\"https:\/\/stourm.news\/wp-content\/uploads\/2024\/07\/66a7bff95881c14dd370644b.webp\" \/>\n\t<meta property=\"og:image:width\" content=\"1200\" \/>\n\t<meta property=\"og:image:height\" content=\"750\" \/>\n\t<meta property=\"og:image:type\" content=\"image\/webp\" \/>\n<meta name=\"author\" content=\"La r\u00e9daction\" \/>\n<meta name=\"twitter:card\" content=\"summary_large_image\" \/>\n<meta name=\"twitter:label1\" content=\"\u00c9crit par\" \/>\n\t<meta name=\"twitter:data1\" content=\"La r\u00e9daction\" \/>\n\t<meta name=\"twitter:label2\" content=\"Dur\u00e9e de lecture estim\u00e9e\" \/>\n\t<meta name=\"twitter:data2\" content=\"1 minute\" \/>\n<script type=\"application\/ld+json\" class=\"yoast-schema-graph\">{\"@context\":\"https:\/\/schema.org\",\"@graph\":[{\"@type\":\"Article\",\"@id\":\"https:\/\/stourm.news\/?p=1898#article\",\"isPartOf\":{\"@id\":\"https:\/\/stourm.news\/?p=1898\"},\"author\":{\"name\":\"La r\u00e9daction\",\"@id\":\"https:\/\/stourm.news\/#\/schema\/person\/c3e1dc65988632e190969234ef046cf9\"},\"headline\":\"Coups de couteau \u00e0 la f\u00eate foraine de Guingamp : un des auteurs condamn\u00e9 \u00e0 30 mois de prison\",\"datePublished\":\"2024-07-30T10:08:02+00:00\",\"mainEntityOfPage\":{\"@id\":\"https:\/\/stourm.news\/?p=1898\"},\"wordCount\":120,\"commentCount\":0,\"publisher\":{\"@id\":\"https:\/\/stourm.news\/#organization\"},\"image\":{\"@id\":\"https:\/\/stourm.news\/?p=1898#primaryimage\"},\"thumbnailUrl\":\"https:\/\/stourm.news\/wp-content\/uploads\/2024\/07\/66a7bff95881c14dd370644b.webp\",\"articleSection\":[\"Agression\",\"C\u00f4tes d'Armor\",\"Revue de presse\"],\"inLanguage\":\"fr-FR\",\"potentialAction\":[{\"@type\":\"CommentAction\",\"name\":\"Comment\",\"target\":[\"https:\/\/stourm.news\/?p=1898#respond\"]}]},{\"@type\":\"WebPage\",\"@id\":\"https:\/\/stourm.news\/?p=1898\",\"url\":\"https:\/\/stourm.news\/?p=1898\",\"name\":\"Coups de couteau \u00e0 la f\u00eate foraine de Guingamp : un des auteurs condamn\u00e9 \u00e0 30 mois de prison - STOURM\",\"isPartOf\":{\"@id\":\"https:\/\/stourm.news\/#website\"},\"primaryImageOfPage\":{\"@id\":\"https:\/\/stourm.news\/?p=1898#primaryimage\"},\"image\":{\"@id\":\"https:\/\/stourm.news\/?p=1898#primaryimage\"},\"thumbnailUrl\":\"https:\/\/stourm.news\/wp-content\/uploads\/2024\/07\/66a7bff95881c14dd370644b.webp\",\"datePublished\":\"2024-07-30T10:08:02+00:00\",\"breadcrumb\":{\"@id\":\"https:\/\/stourm.news\/?p=1898#breadcrumb\"},\"inLanguage\":\"fr-FR\",\"potentialAction\":[{\"@type\":\"ReadAction\",\"target\":[\"https:\/\/stourm.news\/?p=1898\"]}]},{\"@type\":\"ImageObject\",\"inLanguage\":\"fr-FR\",\"@id\":\"https:\/\/stourm.news\/?p=1898#primaryimage\",\"url\":\"https:\/\/stourm.news\/wp-content\/uploads\/2024\/07\/66a7bff95881c14dd370644b.webp\",\"contentUrl\":\"https:\/\/stourm.news\/wp-content\/uploads\/2024\/07\/66a7bff95881c14dd370644b.webp\",\"width\":1200,\"height\":750},{\"@type\":\"BreadcrumbList\",\"@id\":\"https:\/\/stourm.news\/?p=1898#breadcrumb\",\"itemListElement\":[{\"@type\":\"ListItem\",\"position\":1,\"name\":\"Accueil\",\"item\":\"https:\/\/stourm.news\/\"},{\"@type\":\"ListItem\",\"position\":2,\"name\":\"Coups de couteau \u00e0 la f\u00eate foraine de Guingamp : un des auteurs condamn\u00e9 \u00e0 30 mois de prison\"}]},{\"@type\":\"WebSite\",\"@id\":\"https:\/\/stourm.news\/#website\",\"url\":\"https:\/\/stourm.news\/\",\"name\":\"Stourm\",\"description\":\"Kazetenn Strollad Broadel Breizh\",\"publisher\":{\"@id\":\"https:\/\/stourm.news\/#organization\"},\"potentialAction\":[{\"@type\":\"SearchAction\",\"target\":{\"@type\":\"EntryPoint\",\"urlTemplate\":\"https:\/\/stourm.news\/?s={search_term_string}\"},\"query-input\":{\"@type\":\"PropertyValueSpecification\",\"valueRequired\":true,\"valueName\":\"search_term_string\"}}],\"inLanguage\":\"fr-FR\"},{\"@type\":\"Organization\",\"@id\":\"https:\/\/stourm.news\/#organization\",\"name\":\"Stourm\",\"url\":\"https:\/\/stourm.news\/\",\"logo\":{\"@type\":\"ImageObject\",\"inLanguage\":\"fr-FR\",\"@id\":\"https:\/\/stourm.news\/#\/schema\/logo\/image\/\",\"url\":\"https:\/\/stourm.news\/wp-content\/uploads\/2025\/11\/cropped-Capture-decran-2025-11-28-a-15.19.07.png\",\"contentUrl\":\"https:\/\/stourm.news\/wp-content\/uploads\/2025\/11\/cropped-Capture-decran-2025-11-28-a-15.19.07.png\",\"width\":1855,\"height\":383,\"caption\":\"Stourm\"},\"image\":{\"@id\":\"https:\/\/stourm.news\/#\/schema\/logo\/image\/\"},\"sameAs\":[\"https:\/\/www.facebook.com\/stourmnews\/\"]},{\"@type\":\"Person\",\"@id\":\"https:\/\/stourm.news\/#\/schema\/person\/c3e1dc65988632e190969234ef046cf9\",\"name\":\"La r\u00e9daction\",\"image\":{\"@type\":\"ImageObject\",\"inLanguage\":\"fr-FR\",\"@id\":\"https:\/\/stourm.news\/#\/schema\/person\/image\/\",\"url\":\"https:\/\/secure.gravatar.com\/avatar\/7463443f194b6b5fb706b074ca0ef59a0cfcfd720cb47764b0ec5a952ce422b3?s=96&d=mm&r=g\",\"contentUrl\":\"https:\/\/secure.gravatar.com\/avatar\/7463443f194b6b5fb706b074ca0ef59a0cfcfd720cb47764b0ec5a952ce422b3?s=96&d=mm&r=g\",\"caption\":\"La r\u00e9daction\"},\"sameAs\":[\"https:\/\/stourm.news\"],\"url\":\"https:\/\/stourm.news\/?author=1\"}]}<\/script>\n<!-- \/ Yoast SEO plugin. -->","yoast_head_json":{"title":"Coups de couteau \u00e0 la f\u00eate foraine de Guingamp : un des auteurs condamn\u00e9 \u00e0 30 mois de prison - STOURM","robots":{"index":"index","follow":"follow","max-snippet":"max-snippet:-1","max-image-preview":"max-image-preview:large","max-video-preview":"max-video-preview:-1"},"canonical":"https:\/\/stourm.news\/?p=1898","og_locale":"fr_FR","og_type":"article","og_title":"Coups de couteau \u00e0 la f\u00eate foraine de Guingamp : un des auteurs condamn\u00e9 \u00e0 30 mois de prison - STOURM","og_description":"Un couple de trentenaires \u00e9tait jug\u00e9 pour avoir donn\u00e9 des coups de couteau \u00e0 deux personnes en marge de la f\u00eate foraine de Guingamp, d\u00e9but juillet. L\u2019homme a \u00e9t\u00e9 condamn\u00e9 \u00e0 30 mois de prison, sa compagne \u00e0 une amende. Un baiser rapide \u00e0 la barre avant que l\u2019audience ne d\u00e9marre. Lui, 32 ans, est [&hellip;]","og_url":"https:\/\/stourm.news\/?p=1898","og_site_name":"STOURM","article_publisher":"https:\/\/www.facebook.com\/stourmnews\/","article_published_time":"2024-07-30T10:08:02+00:00","og_image":[{"width":1200,"height":750,"url":"https:\/\/stourm.news\/wp-content\/uploads\/2024\/07\/66a7bff95881c14dd370644b.webp","type":"image\/webp"}],"author":"La r\u00e9daction","twitter_card":"summary_large_image","twitter_misc":{"\u00c9crit par":"La r\u00e9daction","Dur\u00e9e de lecture estim\u00e9e":"1 minute"},"schema":{"@context":"https:\/\/schema.org","@graph":[{"@type":"Article","@id":"https:\/\/stourm.news\/?p=1898#article","isPartOf":{"@id":"https:\/\/stourm.news\/?p=1898"},"author":{"name":"La r\u00e9daction","@id":"https:\/\/stourm.news\/#\/schema\/person\/c3e1dc65988632e190969234ef046cf9"},"headline":"Coups de couteau \u00e0 la f\u00eate foraine de Guingamp : un des auteurs condamn\u00e9 \u00e0 30 mois de prison","datePublished":"2024-07-30T10:08:02+00:00","mainEntityOfPage":{"@id":"https:\/\/stourm.news\/?p=1898"},"wordCount":120,"commentCount":0,"publisher":{"@id":"https:\/\/stourm.news\/#organization"},"image":{"@id":"https:\/\/stourm.news\/?p=1898#primaryimage"},"thumbnailUrl":"https:\/\/stourm.news\/wp-content\/uploads\/2024\/07\/66a7bff95881c14dd370644b.webp","articleSection":["Agression","C\u00f4tes d'Armor","Revue de presse"],"inLanguage":"fr-FR","potentialAction":[{"@type":"CommentAction","name":"Comment","target":["https:\/\/stourm.news\/?p=1898#respond"]}]},{"@type":"WebPage","@id":"https:\/\/stourm.news\/?p=1898","url":"https:\/\/stourm.news\/?p=1898","name":"Coups de couteau \u00e0 la f\u00eate foraine de Guingamp : un des auteurs condamn\u00e9 \u00e0 30 mois de prison - STOURM","isPartOf":{"@id":"https:\/\/stourm.news\/#website"},"primaryImageOfPage":{"@id":"https:\/\/stourm.news\/?p=1898#primaryimage"},"image":{"@id":"https:\/\/stourm.news\/?p=1898#primaryimage"},"thumbnailUrl":"https:\/\/stourm.news\/wp-content\/uploads\/2024\/07\/66a7bff95881c14dd370644b.webp","datePublished":"2024-07-30T10:08:02+00:00","breadcrumb":{"@id":"https:\/\/stourm.news\/?p=1898#breadcrumb"},"inLanguage":"fr-FR","potentialAction":[{"@type":"ReadAction","target":["https:\/\/stourm.news\/?p=1898"]}]},{"@type":"ImageObject","inLanguage":"fr-FR","@id":"https:\/\/stourm.news\/?p=1898#primaryimage","url":"https:\/\/stourm.news\/wp-content\/uploads\/2024\/07\/66a7bff95881c14dd370644b.webp","contentUrl":"https:\/\/stourm.news\/wp-content\/uploads\/2024\/07\/66a7bff95881c14dd370644b.webp","width":1200,"height":750},{"@type":"BreadcrumbList","@id":"https:\/\/stourm.news\/?p=1898#breadcrumb","itemListElement":[{"@type":"ListItem","position":1,"name":"Accueil","item":"https:\/\/stourm.news\/"},{"@type":"ListItem","position":2,"name":"Coups de couteau \u00e0 la f\u00eate foraine de Guingamp : un des auteurs condamn\u00e9 \u00e0 30 mois de prison"}]},{"@type":"WebSite","@id":"https:\/\/stourm.news\/#website","url":"https:\/\/stourm.news\/","name":"Stourm","description":"Kazetenn Strollad Broadel Breizh","publisher":{"@id":"https:\/\/stourm.news\/#organization"},"potentialAction":[{"@type":"SearchAction","target":{"@type":"EntryPoint","urlTemplate":"https:\/\/stourm.news\/?s={search_term_string}"},"query-input":{"@type":"PropertyValueSpecification","valueRequired":true,"valueName":"search_term_string"}}],"inLanguage":"fr-FR"},{"@type":"Organization","@id":"https:\/\/stourm.news\/#organization","name":"Stourm","url":"https:\/\/stourm.news\/","logo":{"@type":"ImageObject","inLanguage":"fr-FR","@id":"https:\/\/stourm.news\/#\/schema\/logo\/image\/","url":"https:\/\/stourm.news\/wp-content\/uploads\/2025\/11\/cropped-Capture-decran-2025-11-28-a-15.19.07.png","contentUrl":"https:\/\/stourm.news\/wp-content\/uploads\/2025\/11\/cropped-Capture-decran-2025-11-28-a-15.19.07.png","width":1855,"height":383,"caption":"Stourm"},"image":{"@id":"https:\/\/stourm.news\/#\/schema\/logo\/image\/"},"sameAs":["https:\/\/www.facebook.com\/stourmnews\/"]},{"@type":"Person","@id":"https:\/\/stourm.news\/#\/schema\/person\/c3e1dc65988632e190969234ef046cf9","name":"La r\u00e9daction","image":{"@type":"ImageObject","inLanguage":"fr-FR","@id":"https:\/\/stourm.news\/#\/schema\/person\/image\/","url":"https:\/\/secure.gravatar.com\/avatar\/7463443f194b6b5fb706b074ca0ef59a0cfcfd720cb47764b0ec5a952ce422b3?s=96&d=mm&r=g","contentUrl":"https:\/\/secure.gravatar.com\/avatar\/7463443f194b6b5fb706b074ca0ef59a0cfcfd720cb47764b0ec5a952ce422b3?s=96&d=mm&r=g","caption":"La r\u00e9daction"},"sameAs":["https:\/\/stourm.news"],"url":"https:\/\/stourm.news\/?author=1"}]}},"_links":{"self":[{"href":"https:\/\/stourm.news\/index.php?rest_route=\/wp\/v2\/posts\/1898","targetHints":{"allow":["GET"]}}],"collection":[{"href":"https:\/\/stourm.news\/index.php?rest_route=\/wp\/v2\/posts"}],"about":[{"href":"https:\/\/stourm.news\/index.php?rest_route=\/wp\/v2\/types\/post"}],"author":[{"embeddable":true,"href":"https:\/\/stourm.news\/index.php?rest_route=\/wp\/v2\/users\/1"}],"replies":[{"embeddable":true,"href":"https:\/\/stourm.news\/index.php?rest_route=%2Fwp%2Fv2%2Fcomments&post=1898"}],"version-history":[{"count":1,"href":"https:\/\/stourm.news\/index.php?rest_route=\/wp\/v2\/posts\/1898\/revisions"}],"predecessor-version":[{"id":1900,"href":"https:\/\/stourm.news\/index.php?rest_route=\/wp\/v2\/posts\/1898\/revisions\/1900"}],"wp:featuredmedia":[{"embeddable":true,"href":"https:\/\/stourm.news\/index.php?rest_route=\/wp\/v2\/media\/1899"}],"wp:attachment":[{"href":"https:\/\/stourm.news\/index.php?rest_route=%2Fwp%2Fv2%2Fmedia&parent=1898"}],"wp:term":[{"taxonomy":"category","embeddable":true,"href":"https:\/\/stourm.news\/index.php?rest_route=%2Fwp%2Fv2%2Fcategories&post=1898"},{"taxonomy":"post_tag","embeddable":true,"href":"https:\/\/stourm.news\/index.php?rest_route=%2Fwp%2Fv2%2Ftags&post=1898"}],"curies":[{"name":"wp","href":"https:\/\/api.w.org\/{rel}","templated":true}]}}