{"id":1909,"date":"2024-07-31T10:34:21","date_gmt":"2024-07-31T10:34:21","guid":{"rendered":"https:\/\/stourm.news\/?p=1909"},"modified":"2024-07-31T10:34:21","modified_gmt":"2024-07-31T10:34:21","slug":"lorient-25-mentions-au-casier-et-sans-domicile-fixe-il-frappe-un-passant-critique-du-voile-islamique-interpelle-il-invente-une-histoire-dinsultes-racistes","status":"publish","type":"post","link":"https:\/\/stourm.news\/?p=1909","title":{"rendered":"Lorient : 25 mentions au casier et sans domicile fixe, il frappe un passant critique du voile islamique; interpell\u00e9, il invente une histoire \u00ab\u00a0d&rsquo;insultes racistes\u00a0\u00bb"},"content":{"rendered":"<p style=\"text-align: justify;\">La sc\u00e8ne se passe il y a cinq jours. Deux femmes <strong>voil\u00e9es<\/strong> se trouvent dans le parc Jules-Ferry, \u00e0 Lorient. Un homme les croise et leur dit : <strong>\u00ab C\u2019est dommage d\u2019\u00eatre voil\u00e9es \u00bb<\/strong>. Une discussion d\u00e9bute entre lui et les deux femmes, \u00ab sans aboutissement \u00bb, selon le r\u00e9cit de ces derni\u00e8res. Elles partent de leur c\u00f4t\u00e9.<\/p>\n<p style=\"text-align: justify;\">Assis sur un banc \u00e0 proximit\u00e9, un observateur de la sc\u00e8ne, <strong>SDF<\/strong>, se l\u00e8ve alors et va \u00e0 la rencontre de l\u2019homme. Le ton monte entre les deux. L\u2019observateur porte <strong>un coup \u00e0 la t\u00eate<\/strong> de l\u2019autre homme. Celui-ci rentre chez lui juste \u00e0 c\u00f4t\u00e9 et se rend compte qu\u2019il a une plaie sur le dessus du cr\u00e2ne. Il redescend et pr\u00e9vient la police, qui arrive dans la foul\u00e9e pour interpeller son agresseur, retourn\u00e9 s\u2019asseoir sur son banc. En garde-\u00e0-vue, il refuse de donner ses empreintes digitales.<\/p>\n<p style=\"text-align: justify;\">Le pr\u00e9venu assure avoir \u00e9t\u00e9 t\u00e9moin de <strong>\u00ab propos racistes \u00bb<\/strong> envers les deux femmes, ce qu\u2019elles <strong>d\u00e9mentent<\/strong>.<\/p>\n<p style=\"text-align: justify;\">Avec <strong>25 mentions<\/strong> \u00e0 son casier judiciaire et de multiples allers-retours <strong>en prison<\/strong>, \u00ab c\u2019est une personne qui est en situation de fragilit\u00e9 \u00bb, tente de convaincre Aur\u00e9lie Le Goff, avocate du pr\u00e9venu. L\u2019homme a finalement \u00e9t\u00e9 condamn\u00e9 \u00e0 onze mois de prison.<\/p>\n<p>Source : <a href=\"https:\/\/www.letelegramme.fr\/morbihan\/lorient-56100\/a-lorient-un-sdf-condamne-apres-avoir-frappe-un-passant-6635528.php\">Le T\u00e9l\u00e9gramme<\/a><\/p>\n","protected":false},"excerpt":{"rendered":"<p>La sc\u00e8ne se passe il y a cinq jours. Deux femmes voil\u00e9es se trouvent dans le parc Jules-Ferry, \u00e0 Lorient. Un homme les croise et leur dit : \u00ab C\u2019est dommage d\u2019\u00eatre voil\u00e9es \u00bb. Une discussion d\u00e9bute entre lui et les deux femmes, \u00ab sans aboutissement \u00bb, selon le r\u00e9cit de ces derni\u00e8res. Elles partent [&hellip;]<\/p>\n","protected":false},"author":1,"featured_media":1910,"comment_status":"open","ping_status":"open","sticky":false,"template":"","format":"standard","meta":{"sb_editor_width":"","footnotes":""},"categories":[31,32,40,62],"tags":[],"class_list":["post-1909","post","type-post","status-publish","format-standard","has-post-thumbnail","hentry","category-agression","category-islamisme","category-morbihan","category-revue-de-presse"],"relative_dates":{"created":"2 ans ago","modified":"2 ans ago"},"yoast_head":"<!-- This site is optimized with the Yoast SEO plugin v26.3 - https:\/\/yoast.com\/wordpress\/plugins\/seo\/ -->\n<title>Lorient : 25 mentions au casier et sans domicile fixe, il frappe un passant critique du voile islamique; interpell\u00e9, il invente une histoire &quot;d&#039;insultes racistes&quot; - STOURM<\/title>\n<meta name=\"robots\" content=\"index, follow, max-snippet:-1, max-image-preview:large, max-video-preview:-1\" \/>\n<link rel=\"canonical\" href=\"https:\/\/stourm.news\/?p=1909\" \/>\n<meta property=\"og:locale\" content=\"fr_FR\" \/>\n<meta property=\"og:type\" content=\"article\" \/>\n<meta property=\"og:title\" content=\"Lorient : 25 mentions au casier et sans domicile fixe, il frappe un passant critique du voile islamique; interpell\u00e9, il invente une histoire &quot;d&#039;insultes racistes&quot; - STOURM\" \/>\n<meta property=\"og:description\" content=\"La sc\u00e8ne se passe il y a cinq jours. Deux femmes voil\u00e9es se trouvent dans le parc Jules-Ferry, \u00e0 Lorient. Un homme les croise et leur dit : \u00ab C\u2019est dommage d\u2019\u00eatre voil\u00e9es \u00bb. Une discussion d\u00e9bute entre lui et les deux femmes, \u00ab sans aboutissement \u00bb, selon le r\u00e9cit de ces derni\u00e8res. Elles partent [&hellip;]\" \/>\n<meta property=\"og:url\" content=\"https:\/\/stourm.news\/?p=1909\" \/>\n<meta property=\"og:site_name\" content=\"STOURM\" \/>\n<meta property=\"article:publisher\" content=\"https:\/\/www.facebook.com\/stourmnews\/\" \/>\n<meta property=\"article:published_time\" content=\"2024-07-31T10:34:21+00:00\" \/>\n<meta property=\"og:image\" content=\"https:\/\/stourm.news\/wp-content\/uploads\/2024\/07\/B9719306728Z.1_20190418214011_000G6LDE29M7.1-0.jpg\" \/>\n\t<meta property=\"og:image:width\" content=\"864\" \/>\n\t<meta property=\"og:image:height\" content=\"486\" \/>\n\t<meta property=\"og:image:type\" content=\"image\/jpeg\" \/>\n<meta name=\"author\" content=\"La r\u00e9daction\" \/>\n<meta name=\"twitter:card\" content=\"summary_large_image\" \/>\n<meta name=\"twitter:label1\" content=\"\u00c9crit par\" \/>\n\t<meta name=\"twitter:data1\" content=\"La r\u00e9daction\" \/>\n\t<meta name=\"twitter:label2\" content=\"Dur\u00e9e de lecture estim\u00e9e\" \/>\n\t<meta name=\"twitter:data2\" content=\"2 minutes\" \/>\n<script type=\"application\/ld+json\" class=\"yoast-schema-graph\">{\"@context\":\"https:\/\/schema.org\",\"@graph\":[{\"@type\":\"Article\",\"@id\":\"https:\/\/stourm.news\/?p=1909#article\",\"isPartOf\":{\"@id\":\"https:\/\/stourm.news\/?p=1909\"},\"author\":{\"name\":\"La r\u00e9daction\",\"@id\":\"https:\/\/stourm.news\/#\/schema\/person\/c3e1dc65988632e190969234ef046cf9\"},\"headline\":\"Lorient : 25 mentions au casier et sans domicile fixe, il frappe un passant critique du voile islamique; interpell\u00e9, il invente une histoire \u00ab\u00a0d&rsquo;insultes racistes\u00a0\u00bb\",\"datePublished\":\"2024-07-31T10:34:21+00:00\",\"mainEntityOfPage\":{\"@id\":\"https:\/\/stourm.news\/?p=1909\"},\"wordCount\":248,\"commentCount\":0,\"publisher\":{\"@id\":\"https:\/\/stourm.news\/#organization\"},\"image\":{\"@id\":\"https:\/\/stourm.news\/?p=1909#primaryimage\"},\"thumbnailUrl\":\"https:\/\/stourm.news\/wp-content\/uploads\/2024\/07\/B9719306728Z.1_20190418214011_000G6LDE29M7.1-0.jpg\",\"articleSection\":[\"Agression\",\"Islamisme\",\"Morbihan\",\"Revue de presse\"],\"inLanguage\":\"fr-FR\",\"potentialAction\":[{\"@type\":\"CommentAction\",\"name\":\"Comment\",\"target\":[\"https:\/\/stourm.news\/?p=1909#respond\"]}]},{\"@type\":\"WebPage\",\"@id\":\"https:\/\/stourm.news\/?p=1909\",\"url\":\"https:\/\/stourm.news\/?p=1909\",\"name\":\"Lorient : 25 mentions au casier et sans domicile fixe, il frappe un passant critique du voile islamique; interpell\u00e9, il invente une histoire \\\"d'insultes racistes\\\" - STOURM\",\"isPartOf\":{\"@id\":\"https:\/\/stourm.news\/#website\"},\"primaryImageOfPage\":{\"@id\":\"https:\/\/stourm.news\/?p=1909#primaryimage\"},\"image\":{\"@id\":\"https:\/\/stourm.news\/?p=1909#primaryimage\"},\"thumbnailUrl\":\"https:\/\/stourm.news\/wp-content\/uploads\/2024\/07\/B9719306728Z.1_20190418214011_000G6LDE29M7.1-0.jpg\",\"datePublished\":\"2024-07-31T10:34:21+00:00\",\"breadcrumb\":{\"@id\":\"https:\/\/stourm.news\/?p=1909#breadcrumb\"},\"inLanguage\":\"fr-FR\",\"potentialAction\":[{\"@type\":\"ReadAction\",\"target\":[\"https:\/\/stourm.news\/?p=1909\"]}]},{\"@type\":\"ImageObject\",\"inLanguage\":\"fr-FR\",\"@id\":\"https:\/\/stourm.news\/?p=1909#primaryimage\",\"url\":\"https:\/\/stourm.news\/wp-content\/uploads\/2024\/07\/B9719306728Z.1_20190418214011_000G6LDE29M7.1-0.jpg\",\"contentUrl\":\"https:\/\/stourm.news\/wp-content\/uploads\/2024\/07\/B9719306728Z.1_20190418214011_000G6LDE29M7.1-0.jpg\",\"width\":864,\"height\":486},{\"@type\":\"BreadcrumbList\",\"@id\":\"https:\/\/stourm.news\/?p=1909#breadcrumb\",\"itemListElement\":[{\"@type\":\"ListItem\",\"position\":1,\"name\":\"Accueil\",\"item\":\"https:\/\/stourm.news\/\"},{\"@type\":\"ListItem\",\"position\":2,\"name\":\"Lorient : 25 mentions au casier et sans domicile fixe, il frappe un passant critique du voile islamique; interpell\u00e9, il invente une histoire \u00ab\u00a0d&rsquo;insultes racistes\u00a0\u00bb\"}]},{\"@type\":\"WebSite\",\"@id\":\"https:\/\/stourm.news\/#website\",\"url\":\"https:\/\/stourm.news\/\",\"name\":\"Stourm\",\"description\":\"Kazetenn Strollad Broadel Breizh\",\"publisher\":{\"@id\":\"https:\/\/stourm.news\/#organization\"},\"potentialAction\":[{\"@type\":\"SearchAction\",\"target\":{\"@type\":\"EntryPoint\",\"urlTemplate\":\"https:\/\/stourm.news\/?s={search_term_string}\"},\"query-input\":{\"@type\":\"PropertyValueSpecification\",\"valueRequired\":true,\"valueName\":\"search_term_string\"}}],\"inLanguage\":\"fr-FR\"},{\"@type\":\"Organization\",\"@id\":\"https:\/\/stourm.news\/#organization\",\"name\":\"Stourm\",\"url\":\"https:\/\/stourm.news\/\",\"logo\":{\"@type\":\"ImageObject\",\"inLanguage\":\"fr-FR\",\"@id\":\"https:\/\/stourm.news\/#\/schema\/logo\/image\/\",\"url\":\"https:\/\/stourm.news\/wp-content\/uploads\/2025\/11\/cropped-Capture-decran-2025-11-28-a-15.19.07.png\",\"contentUrl\":\"https:\/\/stourm.news\/wp-content\/uploads\/2025\/11\/cropped-Capture-decran-2025-11-28-a-15.19.07.png\",\"width\":1855,\"height\":383,\"caption\":\"Stourm\"},\"image\":{\"@id\":\"https:\/\/stourm.news\/#\/schema\/logo\/image\/\"},\"sameAs\":[\"https:\/\/www.facebook.com\/stourmnews\/\"]},{\"@type\":\"Person\",\"@id\":\"https:\/\/stourm.news\/#\/schema\/person\/c3e1dc65988632e190969234ef046cf9\",\"name\":\"La r\u00e9daction\",\"image\":{\"@type\":\"ImageObject\",\"inLanguage\":\"fr-FR\",\"@id\":\"https:\/\/stourm.news\/#\/schema\/person\/image\/\",\"url\":\"https:\/\/secure.gravatar.com\/avatar\/7463443f194b6b5fb706b074ca0ef59a0cfcfd720cb47764b0ec5a952ce422b3?s=96&d=mm&r=g\",\"contentUrl\":\"https:\/\/secure.gravatar.com\/avatar\/7463443f194b6b5fb706b074ca0ef59a0cfcfd720cb47764b0ec5a952ce422b3?s=96&d=mm&r=g\",\"caption\":\"La r\u00e9daction\"},\"sameAs\":[\"https:\/\/stourm.news\"],\"url\":\"https:\/\/stourm.news\/?author=1\"}]}<\/script>\n<!-- \/ Yoast SEO plugin. -->","yoast_head_json":{"title":"Lorient : 25 mentions au casier et sans domicile fixe, il frappe un passant critique du voile islamique; interpell\u00e9, il invente une histoire \"d'insultes racistes\" - STOURM","robots":{"index":"index","follow":"follow","max-snippet":"max-snippet:-1","max-image-preview":"max-image-preview:large","max-video-preview":"max-video-preview:-1"},"canonical":"https:\/\/stourm.news\/?p=1909","og_locale":"fr_FR","og_type":"article","og_title":"Lorient : 25 mentions au casier et sans domicile fixe, il frappe un passant critique du voile islamique; interpell\u00e9, il invente une histoire \"d'insultes racistes\" - STOURM","og_description":"La sc\u00e8ne se passe il y a cinq jours. Deux femmes voil\u00e9es se trouvent dans le parc Jules-Ferry, \u00e0 Lorient. Un homme les croise et leur dit : \u00ab C\u2019est dommage d\u2019\u00eatre voil\u00e9es \u00bb. Une discussion d\u00e9bute entre lui et les deux femmes, \u00ab sans aboutissement \u00bb, selon le r\u00e9cit de ces derni\u00e8res. Elles partent [&hellip;]","og_url":"https:\/\/stourm.news\/?p=1909","og_site_name":"STOURM","article_publisher":"https:\/\/www.facebook.com\/stourmnews\/","article_published_time":"2024-07-31T10:34:21+00:00","og_image":[{"width":864,"height":486,"url":"https:\/\/stourm.news\/wp-content\/uploads\/2024\/07\/B9719306728Z.1_20190418214011_000G6LDE29M7.1-0.jpg","type":"image\/jpeg"}],"author":"La r\u00e9daction","twitter_card":"summary_large_image","twitter_misc":{"\u00c9crit par":"La r\u00e9daction","Dur\u00e9e de lecture estim\u00e9e":"2 minutes"},"schema":{"@context":"https:\/\/schema.org","@graph":[{"@type":"Article","@id":"https:\/\/stourm.news\/?p=1909#article","isPartOf":{"@id":"https:\/\/stourm.news\/?p=1909"},"author":{"name":"La r\u00e9daction","@id":"https:\/\/stourm.news\/#\/schema\/person\/c3e1dc65988632e190969234ef046cf9"},"headline":"Lorient : 25 mentions au casier et sans domicile fixe, il frappe un passant critique du voile islamique; interpell\u00e9, il invente une histoire \u00ab\u00a0d&rsquo;insultes racistes\u00a0\u00bb","datePublished":"2024-07-31T10:34:21+00:00","mainEntityOfPage":{"@id":"https:\/\/stourm.news\/?p=1909"},"wordCount":248,"commentCount":0,"publisher":{"@id":"https:\/\/stourm.news\/#organization"},"image":{"@id":"https:\/\/stourm.news\/?p=1909#primaryimage"},"thumbnailUrl":"https:\/\/stourm.news\/wp-content\/uploads\/2024\/07\/B9719306728Z.1_20190418214011_000G6LDE29M7.1-0.jpg","articleSection":["Agression","Islamisme","Morbihan","Revue de presse"],"inLanguage":"fr-FR","potentialAction":[{"@type":"CommentAction","name":"Comment","target":["https:\/\/stourm.news\/?p=1909#respond"]}]},{"@type":"WebPage","@id":"https:\/\/stourm.news\/?p=1909","url":"https:\/\/stourm.news\/?p=1909","name":"Lorient : 25 mentions au casier et sans domicile fixe, il frappe un passant critique du voile islamique; interpell\u00e9, il invente une histoire \"d'insultes racistes\" - STOURM","isPartOf":{"@id":"https:\/\/stourm.news\/#website"},"primaryImageOfPage":{"@id":"https:\/\/stourm.news\/?p=1909#primaryimage"},"image":{"@id":"https:\/\/stourm.news\/?p=1909#primaryimage"},"thumbnailUrl":"https:\/\/stourm.news\/wp-content\/uploads\/2024\/07\/B9719306728Z.1_20190418214011_000G6LDE29M7.1-0.jpg","datePublished":"2024-07-31T10:34:21+00:00","breadcrumb":{"@id":"https:\/\/stourm.news\/?p=1909#breadcrumb"},"inLanguage":"fr-FR","potentialAction":[{"@type":"ReadAction","target":["https:\/\/stourm.news\/?p=1909"]}]},{"@type":"ImageObject","inLanguage":"fr-FR","@id":"https:\/\/stourm.news\/?p=1909#primaryimage","url":"https:\/\/stourm.news\/wp-content\/uploads\/2024\/07\/B9719306728Z.1_20190418214011_000G6LDE29M7.1-0.jpg","contentUrl":"https:\/\/stourm.news\/wp-content\/uploads\/2024\/07\/B9719306728Z.1_20190418214011_000G6LDE29M7.1-0.jpg","width":864,"height":486},{"@type":"BreadcrumbList","@id":"https:\/\/stourm.news\/?p=1909#breadcrumb","itemListElement":[{"@type":"ListItem","position":1,"name":"Accueil","item":"https:\/\/stourm.news\/"},{"@type":"ListItem","position":2,"name":"Lorient : 25 mentions au casier et sans domicile fixe, il frappe un passant critique du voile islamique; interpell\u00e9, il invente une histoire \u00ab\u00a0d&rsquo;insultes racistes\u00a0\u00bb"}]},{"@type":"WebSite","@id":"https:\/\/stourm.news\/#website","url":"https:\/\/stourm.news\/","name":"Stourm","description":"Kazetenn Strollad Broadel Breizh","publisher":{"@id":"https:\/\/stourm.news\/#organization"},"potentialAction":[{"@type":"SearchAction","target":{"@type":"EntryPoint","urlTemplate":"https:\/\/stourm.news\/?s={search_term_string}"},"query-input":{"@type":"PropertyValueSpecification","valueRequired":true,"valueName":"search_term_string"}}],"inLanguage":"fr-FR"},{"@type":"Organization","@id":"https:\/\/stourm.news\/#organization","name":"Stourm","url":"https:\/\/stourm.news\/","logo":{"@type":"ImageObject","inLanguage":"fr-FR","@id":"https:\/\/stourm.news\/#\/schema\/logo\/image\/","url":"https:\/\/stourm.news\/wp-content\/uploads\/2025\/11\/cropped-Capture-decran-2025-11-28-a-15.19.07.png","contentUrl":"https:\/\/stourm.news\/wp-content\/uploads\/2025\/11\/cropped-Capture-decran-2025-11-28-a-15.19.07.png","width":1855,"height":383,"caption":"Stourm"},"image":{"@id":"https:\/\/stourm.news\/#\/schema\/logo\/image\/"},"sameAs":["https:\/\/www.facebook.com\/stourmnews\/"]},{"@type":"Person","@id":"https:\/\/stourm.news\/#\/schema\/person\/c3e1dc65988632e190969234ef046cf9","name":"La r\u00e9daction","image":{"@type":"ImageObject","inLanguage":"fr-FR","@id":"https:\/\/stourm.news\/#\/schema\/person\/image\/","url":"https:\/\/secure.gravatar.com\/avatar\/7463443f194b6b5fb706b074ca0ef59a0cfcfd720cb47764b0ec5a952ce422b3?s=96&d=mm&r=g","contentUrl":"https:\/\/secure.gravatar.com\/avatar\/7463443f194b6b5fb706b074ca0ef59a0cfcfd720cb47764b0ec5a952ce422b3?s=96&d=mm&r=g","caption":"La r\u00e9daction"},"sameAs":["https:\/\/stourm.news"],"url":"https:\/\/stourm.news\/?author=1"}]}},"_links":{"self":[{"href":"https:\/\/stourm.news\/index.php?rest_route=\/wp\/v2\/posts\/1909","targetHints":{"allow":["GET"]}}],"collection":[{"href":"https:\/\/stourm.news\/index.php?rest_route=\/wp\/v2\/posts"}],"about":[{"href":"https:\/\/stourm.news\/index.php?rest_route=\/wp\/v2\/types\/post"}],"author":[{"embeddable":true,"href":"https:\/\/stourm.news\/index.php?rest_route=\/wp\/v2\/users\/1"}],"replies":[{"embeddable":true,"href":"https:\/\/stourm.news\/index.php?rest_route=%2Fwp%2Fv2%2Fcomments&post=1909"}],"version-history":[{"count":1,"href":"https:\/\/stourm.news\/index.php?rest_route=\/wp\/v2\/posts\/1909\/revisions"}],"predecessor-version":[{"id":1911,"href":"https:\/\/stourm.news\/index.php?rest_route=\/wp\/v2\/posts\/1909\/revisions\/1911"}],"wp:featuredmedia":[{"embeddable":true,"href":"https:\/\/stourm.news\/index.php?rest_route=\/wp\/v2\/media\/1910"}],"wp:attachment":[{"href":"https:\/\/stourm.news\/index.php?rest_route=%2Fwp%2Fv2%2Fmedia&parent=1909"}],"wp:term":[{"taxonomy":"category","embeddable":true,"href":"https:\/\/stourm.news\/index.php?rest_route=%2Fwp%2Fv2%2Fcategories&post=1909"},{"taxonomy":"post_tag","embeddable":true,"href":"https:\/\/stourm.news\/index.php?rest_route=%2Fwp%2Fv2%2Ftags&post=1909"}],"curies":[{"name":"wp","href":"https:\/\/api.w.org\/{rel}","templated":true}]}}