{"id":1912,"date":"2024-08-01T12:26:50","date_gmt":"2024-08-01T12:26:50","guid":{"rendered":"https:\/\/stourm.news\/?p=1912"},"modified":"2024-08-01T12:26:50","modified_gmt":"2024-08-01T12:26:50","slug":"1er-aout-fete-nationale-des-bretons-fete-de-la-souverainete","status":"publish","type":"post","link":"https:\/\/stourm.news\/?p=1912","title":{"rendered":"1er ao\u00fbt : f\u00eate nationale des Bretons, f\u00eate de la souverainet\u00e9 !"},"content":{"rendered":"<p style=\"text-align: justify;\">Ce premier ao\u00fbt, f\u00eate nationale de notre nation, marque pour la Bretagne une journ\u00e9e cardinale de son ann\u00e9e. Bien s\u00fbr, en tout premier lieu, depuis les temps les plus anciens, le 1er ao\u00fbt repr\u00e9sente pour les Celtes la f\u00eate de Lughnasad, f\u00eate de la souverainet\u00e9 qui se situe entre le solstice d&rsquo;\u00e9t\u00e9 (21 juin) et l&rsquo;\u00e9quinoxe d&rsquo;automne (21 septembre).<\/p>\n<p><img fetchpriority=\"high\" decoding=\"async\" class=\"alignnone wp-image-1913 size-full\" src=\"https:\/\/stourm.news\/wp-content\/uploads\/2024\/08\/Designer-2024-08-01T210717.587.jpeg\" alt=\"\" width=\"1024\" height=\"1024\" srcset=\"https:\/\/stourm.news\/wp-content\/uploads\/2024\/08\/Designer-2024-08-01T210717.587.jpeg 1024w, https:\/\/stourm.news\/wp-content\/uploads\/2024\/08\/Designer-2024-08-01T210717.587-300x300.jpeg 300w, https:\/\/stourm.news\/wp-content\/uploads\/2024\/08\/Designer-2024-08-01T210717.587-150x150.jpeg 150w, https:\/\/stourm.news\/wp-content\/uploads\/2024\/08\/Designer-2024-08-01T210717.587-768x768.jpeg 768w, https:\/\/stourm.news\/wp-content\/uploads\/2024\/08\/Designer-2024-08-01T210717.587-700x700.jpeg 700w, https:\/\/stourm.news\/wp-content\/uploads\/2024\/08\/Designer-2024-08-01T210717.587-500x500.jpeg 500w\" sizes=\"(max-width: 1024px) 100vw, 1024px\" \/><\/p>\n<p style=\"text-align: center;\"><em>Lugh<\/em><\/p>\n<p style=\"text-align: justify;\">Lughnasad, \u00ab\u00a0l&rsquo;assembl\u00e9e de Lugh\u00a0\u00bb, fut cr\u00e9\u00e9e par le dieu celtique Lugh, ma\u00eetre de la totalit\u00e9 des arts et savoirs, en tant que jeux fun\u00e9raires donn\u00e9s en l&rsquo;honneur de sa m\u00e8re, Tailtiu. Celle-ci se sacrifia d&rsquo;\u00e9puisement apr\u00e8s avoir redonn\u00e9 vitalit\u00e9 \u00e0 la terre entre la f\u00eate de Beltaine (1er mai) et Lughnasad (1er ao\u00fbt) pour nourrir les hommes.<\/p>\n<p><img decoding=\"async\" class=\"alignnone wp-image-1914 size-full\" src=\"https:\/\/stourm.news\/wp-content\/uploads\/2024\/08\/Designer-2024-08-01T211034.569.jpeg\" alt=\"\" width=\"1024\" height=\"1024\" srcset=\"https:\/\/stourm.news\/wp-content\/uploads\/2024\/08\/Designer-2024-08-01T211034.569.jpeg 1024w, https:\/\/stourm.news\/wp-content\/uploads\/2024\/08\/Designer-2024-08-01T211034.569-300x300.jpeg 300w, https:\/\/stourm.news\/wp-content\/uploads\/2024\/08\/Designer-2024-08-01T211034.569-150x150.jpeg 150w, https:\/\/stourm.news\/wp-content\/uploads\/2024\/08\/Designer-2024-08-01T211034.569-768x768.jpeg 768w, https:\/\/stourm.news\/wp-content\/uploads\/2024\/08\/Designer-2024-08-01T211034.569-700x700.jpeg 700w, https:\/\/stourm.news\/wp-content\/uploads\/2024\/08\/Designer-2024-08-01T211034.569-500x500.jpeg 500w\" sizes=\"(max-width: 1024px) 100vw, 1024px\" \/><\/p>\n<p style=\"text-align: center;\"><em>Tailtiu, m\u00e8re de Lugh<\/em><\/p>\n<p style=\"text-align: justify;\">Crom Cruach, dieu souterrain de la m\u00eame nature que Pluton chez les Romains et Had\u00e8s chez les Grecs, tient en sa possession le grain dont Lugh doit s&#8217;emparer pour le donner aux hommes. D&rsquo;une bonne r\u00e9colte d\u00e9pendait la vie de beaucoup et les forces chtoniennes, toujours \u00e0 l&rsquo;aff\u00fbt, devaient \u00eatre combattues par le dieu ouranien de la lumi\u00e8re incarn\u00e9 par Lugh.<\/p>\n<p><img decoding=\"async\" class=\"alignnone wp-image-1915 size-full\" src=\"https:\/\/stourm.news\/wp-content\/uploads\/2024\/08\/Designer-2024-08-01T211318.680.jpeg\" alt=\"\" width=\"1024\" height=\"1024\" srcset=\"https:\/\/stourm.news\/wp-content\/uploads\/2024\/08\/Designer-2024-08-01T211318.680.jpeg 1024w, https:\/\/stourm.news\/wp-content\/uploads\/2024\/08\/Designer-2024-08-01T211318.680-300x300.jpeg 300w, https:\/\/stourm.news\/wp-content\/uploads\/2024\/08\/Designer-2024-08-01T211318.680-150x150.jpeg 150w, https:\/\/stourm.news\/wp-content\/uploads\/2024\/08\/Designer-2024-08-01T211318.680-768x768.jpeg 768w, https:\/\/stourm.news\/wp-content\/uploads\/2024\/08\/Designer-2024-08-01T211318.680-700x700.jpeg 700w, https:\/\/stourm.news\/wp-content\/uploads\/2024\/08\/Designer-2024-08-01T211318.680-500x500.jpeg 500w\" sizes=\"(max-width: 1024px) 100vw, 1024px\" \/><\/p>\n<p style=\"text-align: center;\"><em>Crom Cruach, dieu souterrain que combat Lugh<\/em><\/p>\n<p style=\"text-align: justify;\">En Irlande, les jeux tailti\u00e9ens, \u00e9quivalents des jeux olympiques grecs, \u00e9taient l&rsquo;occasion d&rsquo;une tr\u00eave entre les rois \u00a0irlandais. Ces c\u00e9l\u00e9brations avaient notamment pour fonction d&rsquo;honorer les morts lors de c\u00e9r\u00e9monies druidiques, de faire proclamer des lois par les bardes, de nouer des mariages temporaires d&rsquo;une \u00a0dur\u00e9e d&rsquo;une ann\u00e9e et un jour entre jeunes gar\u00e7ons et jeunes filles, de demander \u00e0 aux dieux une moisson prolifique et de divertir les masses lors d&rsquo;\u00e9preuves physiques et mentales.<\/p>\n<p><img loading=\"lazy\" decoding=\"async\" class=\"alignnone wp-image-1916 size-full\" src=\"https:\/\/stourm.news\/wp-content\/uploads\/2024\/08\/Designer-2024-08-01T211600.785.jpeg\" alt=\"\" width=\"1024\" height=\"1024\" srcset=\"https:\/\/stourm.news\/wp-content\/uploads\/2024\/08\/Designer-2024-08-01T211600.785.jpeg 1024w, https:\/\/stourm.news\/wp-content\/uploads\/2024\/08\/Designer-2024-08-01T211600.785-300x300.jpeg 300w, https:\/\/stourm.news\/wp-content\/uploads\/2024\/08\/Designer-2024-08-01T211600.785-150x150.jpeg 150w, https:\/\/stourm.news\/wp-content\/uploads\/2024\/08\/Designer-2024-08-01T211600.785-768x768.jpeg 768w, https:\/\/stourm.news\/wp-content\/uploads\/2024\/08\/Designer-2024-08-01T211600.785-700x700.jpeg 700w, https:\/\/stourm.news\/wp-content\/uploads\/2024\/08\/Designer-2024-08-01T211600.785-500x500.jpeg 500w\" sizes=\"(max-width: 1024px) 100vw, 1024px\" \/><\/p>\n<p style=\"text-align: center;\"><em>Assembl\u00e9e de druides \u00e0 Lughnasad au sommet d&rsquo;une montagne<\/em><\/p>\n<p style=\"text-align: justify;\">Parmi les rites connus en Irlande figurent ceux-ci : une coupe solennelle de la premi\u00e8re r\u00e9colte de c\u00e9r\u00e9ales dont une offrande serait faite \u00e0 la divinit\u00e9 en la portant sur un lieu \u00e9lev\u00e9 et en l&rsquo;enterrant ; un repas de la nouvelle nourriture et des myrtilles auquel tout le monde doit participer ; un sacrifice d&rsquo;un taureau sacr\u00e9, un festin de sa chair, avec une certaine c\u00e9r\u00e9monie impliquant sa peau, et son remplacement par un jeune taureau ; une danse rituelle racontant peut-\u00eatre une lutte pour une d\u00e9esse et un combat rituel ; l&rsquo;installation d&rsquo;une t\u00eate [en pierre taill\u00e9e] au sommet de la colline et le triomphe d&rsquo;un acteur personnifiant Lugh ; une autre pi\u00e8ce repr\u00e9sentant l&rsquo;enfermement par Lugh du monstre du fl\u00e9au ou de la famine ; une c\u00e9l\u00e9bration de trois jours pr\u00e9sid\u00e9e par le jeune et brillant dieu Lugh ou par son repr\u00e9sentant humain. Enfin, une c\u00e9r\u00e9monie indiquant que l&rsquo;interr\u00e8gne est termin\u00e9 et que le dieu principal a retrouv\u00e9 sa place.<\/p>\n<p style=\"text-align: justify;\">On comprend d\u00e8s lors l&rsquo;association entre cette f\u00eate et la souverainet\u00e9 incarn\u00e9e par le roi. Le roi, principe vertical, exerce le contr\u00f4le parfait sur sa terre, principe horizontal, en tant que r\u00e9gulateur des forces productives. S&rsquo;il manque \u00e0 son devoir de r\u00e9gulation harmonieuse, sa capacit\u00e9 \u00e0 r\u00e9gner est remise en cause et le chaos menace. Lors de l&rsquo;assembl\u00e9e de Lugh donc, toutes les classes sociales doivent \u00eatre pr\u00e9sentes : druides, guerriers et artisans pour demander le succ\u00e8s des moissons dont tous sont d\u00e9pendants pour l&rsquo;ann\u00e9e \u00e0 venir.\u00a0En Bretagne, par exemple, la f\u00eate de Luhan (Louan, Elouan, issu de Lugh), est l&rsquo;occasion de jeux le premier ao\u00fbt.<\/p>\n<p><img loading=\"lazy\" decoding=\"async\" class=\"alignnone wp-image-1917 size-full\" src=\"https:\/\/stourm.news\/wp-content\/uploads\/2024\/08\/Designer-2024-08-01T212304.209.jpeg\" alt=\"\" width=\"1024\" height=\"1024\" srcset=\"https:\/\/stourm.news\/wp-content\/uploads\/2024\/08\/Designer-2024-08-01T212304.209.jpeg 1024w, https:\/\/stourm.news\/wp-content\/uploads\/2024\/08\/Designer-2024-08-01T212304.209-300x300.jpeg 300w, https:\/\/stourm.news\/wp-content\/uploads\/2024\/08\/Designer-2024-08-01T212304.209-150x150.jpeg 150w, https:\/\/stourm.news\/wp-content\/uploads\/2024\/08\/Designer-2024-08-01T212304.209-768x768.jpeg 768w, https:\/\/stourm.news\/wp-content\/uploads\/2024\/08\/Designer-2024-08-01T212304.209-700x700.jpeg 700w, https:\/\/stourm.news\/wp-content\/uploads\/2024\/08\/Designer-2024-08-01T212304.209-500x500.jpeg 500w\" sizes=\"(max-width: 1024px) 100vw, 1024px\" \/><\/p>\n<p style=\"text-align: justify;\">Plus pr\u00e8s de nous, le 1er ao\u00fbt 939, est \u00e9galement la date de la victoire remport\u00e9e par les Bretons contre les Viking \u00e0 Treant-ar-C&rsquo;hoad (\u00ab\u00a0Trans-la-For\u00eat\u00a0\u00bb) sous la direction d&rsquo;Alan al Louarn, roi de Bretagne. Elle marque la fin de\u00a0l&rsquo;occupation viking de la Bretagne apr\u00e8s un si\u00e8cle de tentative de colonisation. Cette victoire cruciale permit la restauration de l&rsquo;\u00c9tat breton et marque de ce fait la pleine restauration de la souverainet\u00e9 bretonne sur la Bretagne.<\/p>\n<p><em>Gouel broadel Breizh laouen d&rsquo;an holl Vrezhoned !<\/em><\/p>\n<p style=\"text-align: right;\"><strong>Ewen Broc&rsquo;han<\/strong><\/p>\n","protected":false},"excerpt":{"rendered":"<p>Ce premier ao\u00fbt, f\u00eate nationale de notre nation, marque pour la Bretagne une journ\u00e9e cardinale de son ann\u00e9e. Bien s\u00fbr, en tout premier lieu, depuis les temps les plus anciens, le 1er ao\u00fbt repr\u00e9sente pour les Celtes la f\u00eate de Lughnasad, f\u00eate de la souverainet\u00e9 qui se situe entre le solstice d&rsquo;\u00e9t\u00e9 (21 juin) et [&hellip;]<\/p>\n","protected":false},"author":1,"featured_media":1917,"comment_status":"open","ping_status":"open","sticky":false,"template":"","format":"standard","meta":{"sb_editor_width":"","footnotes":""},"categories":[58,65],"tags":[],"class_list":["post-1912","post","type-post","status-publish","format-standard","has-post-thumbnail","hentry","category-breizh","category-principale"],"relative_dates":{"created":"2 ans ago","modified":"2 ans ago"},"yoast_head":"<!-- This site is optimized with the Yoast SEO plugin v26.3 - https:\/\/yoast.com\/wordpress\/plugins\/seo\/ -->\n<title>1er ao\u00fbt : f\u00eate nationale des Bretons, f\u00eate de la souverainet\u00e9 ! - STOURM<\/title>\n<meta name=\"robots\" content=\"index, follow, max-snippet:-1, max-image-preview:large, max-video-preview:-1\" \/>\n<link rel=\"canonical\" href=\"https:\/\/stourm.news\/?p=1912\" \/>\n<meta property=\"og:locale\" content=\"fr_FR\" \/>\n<meta property=\"og:type\" content=\"article\" \/>\n<meta property=\"og:title\" content=\"1er ao\u00fbt : f\u00eate nationale des Bretons, f\u00eate de la souverainet\u00e9 ! - STOURM\" \/>\n<meta property=\"og:description\" content=\"Ce premier ao\u00fbt, f\u00eate nationale de notre nation, marque pour la Bretagne une journ\u00e9e cardinale de son ann\u00e9e. Bien s\u00fbr, en tout premier lieu, depuis les temps les plus anciens, le 1er ao\u00fbt repr\u00e9sente pour les Celtes la f\u00eate de Lughnasad, f\u00eate de la souverainet\u00e9 qui se situe entre le solstice d&rsquo;\u00e9t\u00e9 (21 juin) et [&hellip;]\" \/>\n<meta property=\"og:url\" content=\"https:\/\/stourm.news\/?p=1912\" \/>\n<meta property=\"og:site_name\" content=\"STOURM\" \/>\n<meta property=\"article:publisher\" content=\"https:\/\/www.facebook.com\/stourmnews\/\" \/>\n<meta property=\"article:published_time\" content=\"2024-08-01T12:26:50+00:00\" \/>\n<meta property=\"og:image\" content=\"https:\/\/stourm.news\/wp-content\/uploads\/2024\/08\/Designer-2024-08-01T212304.209.jpeg\" \/>\n\t<meta property=\"og:image:width\" content=\"1024\" \/>\n\t<meta property=\"og:image:height\" content=\"1024\" \/>\n\t<meta property=\"og:image:type\" content=\"image\/jpeg\" \/>\n<meta name=\"author\" content=\"La r\u00e9daction\" \/>\n<meta name=\"twitter:card\" content=\"summary_large_image\" \/>\n<meta name=\"twitter:label1\" content=\"\u00c9crit par\" \/>\n\t<meta name=\"twitter:data1\" content=\"La r\u00e9daction\" \/>\n\t<meta name=\"twitter:label2\" content=\"Dur\u00e9e de lecture estim\u00e9e\" \/>\n\t<meta name=\"twitter:data2\" content=\"5 minutes\" \/>\n<script type=\"application\/ld+json\" class=\"yoast-schema-graph\">{\"@context\":\"https:\/\/schema.org\",\"@graph\":[{\"@type\":\"Article\",\"@id\":\"https:\/\/stourm.news\/?p=1912#article\",\"isPartOf\":{\"@id\":\"https:\/\/stourm.news\/?p=1912\"},\"author\":{\"name\":\"La r\u00e9daction\",\"@id\":\"https:\/\/stourm.news\/#\/schema\/person\/c3e1dc65988632e190969234ef046cf9\"},\"headline\":\"1er ao\u00fbt : f\u00eate nationale des Bretons, f\u00eate de la souverainet\u00e9 !\",\"datePublished\":\"2024-08-01T12:26:50+00:00\",\"mainEntityOfPage\":{\"@id\":\"https:\/\/stourm.news\/?p=1912\"},\"wordCount\":730,\"commentCount\":0,\"publisher\":{\"@id\":\"https:\/\/stourm.news\/#organization\"},\"image\":{\"@id\":\"https:\/\/stourm.news\/?p=1912#primaryimage\"},\"thumbnailUrl\":\"https:\/\/stourm.news\/wp-content\/uploads\/2024\/08\/Designer-2024-08-01T212304.209.jpeg\",\"articleSection\":[\"Breizh\",\"Principale\"],\"inLanguage\":\"fr-FR\",\"potentialAction\":[{\"@type\":\"CommentAction\",\"name\":\"Comment\",\"target\":[\"https:\/\/stourm.news\/?p=1912#respond\"]}]},{\"@type\":\"WebPage\",\"@id\":\"https:\/\/stourm.news\/?p=1912\",\"url\":\"https:\/\/stourm.news\/?p=1912\",\"name\":\"1er ao\u00fbt : f\u00eate nationale des Bretons, f\u00eate de la souverainet\u00e9 ! - STOURM\",\"isPartOf\":{\"@id\":\"https:\/\/stourm.news\/#website\"},\"primaryImageOfPage\":{\"@id\":\"https:\/\/stourm.news\/?p=1912#primaryimage\"},\"image\":{\"@id\":\"https:\/\/stourm.news\/?p=1912#primaryimage\"},\"thumbnailUrl\":\"https:\/\/stourm.news\/wp-content\/uploads\/2024\/08\/Designer-2024-08-01T212304.209.jpeg\",\"datePublished\":\"2024-08-01T12:26:50+00:00\",\"breadcrumb\":{\"@id\":\"https:\/\/stourm.news\/?p=1912#breadcrumb\"},\"inLanguage\":\"fr-FR\",\"potentialAction\":[{\"@type\":\"ReadAction\",\"target\":[\"https:\/\/stourm.news\/?p=1912\"]}]},{\"@type\":\"ImageObject\",\"inLanguage\":\"fr-FR\",\"@id\":\"https:\/\/stourm.news\/?p=1912#primaryimage\",\"url\":\"https:\/\/stourm.news\/wp-content\/uploads\/2024\/08\/Designer-2024-08-01T212304.209.jpeg\",\"contentUrl\":\"https:\/\/stourm.news\/wp-content\/uploads\/2024\/08\/Designer-2024-08-01T212304.209.jpeg\",\"width\":1024,\"height\":1024},{\"@type\":\"BreadcrumbList\",\"@id\":\"https:\/\/stourm.news\/?p=1912#breadcrumb\",\"itemListElement\":[{\"@type\":\"ListItem\",\"position\":1,\"name\":\"Accueil\",\"item\":\"https:\/\/stourm.news\/\"},{\"@type\":\"ListItem\",\"position\":2,\"name\":\"1er ao\u00fbt : f\u00eate nationale des Bretons, f\u00eate de la souverainet\u00e9 !\"}]},{\"@type\":\"WebSite\",\"@id\":\"https:\/\/stourm.news\/#website\",\"url\":\"https:\/\/stourm.news\/\",\"name\":\"Stourm\",\"description\":\"Kazetenn Strollad Broadel Breizh\",\"publisher\":{\"@id\":\"https:\/\/stourm.news\/#organization\"},\"potentialAction\":[{\"@type\":\"SearchAction\",\"target\":{\"@type\":\"EntryPoint\",\"urlTemplate\":\"https:\/\/stourm.news\/?s={search_term_string}\"},\"query-input\":{\"@type\":\"PropertyValueSpecification\",\"valueRequired\":true,\"valueName\":\"search_term_string\"}}],\"inLanguage\":\"fr-FR\"},{\"@type\":\"Organization\",\"@id\":\"https:\/\/stourm.news\/#organization\",\"name\":\"Stourm\",\"url\":\"https:\/\/stourm.news\/\",\"logo\":{\"@type\":\"ImageObject\",\"inLanguage\":\"fr-FR\",\"@id\":\"https:\/\/stourm.news\/#\/schema\/logo\/image\/\",\"url\":\"https:\/\/stourm.news\/wp-content\/uploads\/2025\/11\/cropped-Capture-decran-2025-11-28-a-15.19.07.png\",\"contentUrl\":\"https:\/\/stourm.news\/wp-content\/uploads\/2025\/11\/cropped-Capture-decran-2025-11-28-a-15.19.07.png\",\"width\":1855,\"height\":383,\"caption\":\"Stourm\"},\"image\":{\"@id\":\"https:\/\/stourm.news\/#\/schema\/logo\/image\/\"},\"sameAs\":[\"https:\/\/www.facebook.com\/stourmnews\/\"]},{\"@type\":\"Person\",\"@id\":\"https:\/\/stourm.news\/#\/schema\/person\/c3e1dc65988632e190969234ef046cf9\",\"name\":\"La r\u00e9daction\",\"image\":{\"@type\":\"ImageObject\",\"inLanguage\":\"fr-FR\",\"@id\":\"https:\/\/stourm.news\/#\/schema\/person\/image\/\",\"url\":\"https:\/\/secure.gravatar.com\/avatar\/7463443f194b6b5fb706b074ca0ef59a0cfcfd720cb47764b0ec5a952ce422b3?s=96&d=mm&r=g\",\"contentUrl\":\"https:\/\/secure.gravatar.com\/avatar\/7463443f194b6b5fb706b074ca0ef59a0cfcfd720cb47764b0ec5a952ce422b3?s=96&d=mm&r=g\",\"caption\":\"La r\u00e9daction\"},\"sameAs\":[\"https:\/\/stourm.news\"],\"url\":\"https:\/\/stourm.news\/?author=1\"}]}<\/script>\n<!-- \/ Yoast SEO plugin. -->","yoast_head_json":{"title":"1er ao\u00fbt : f\u00eate nationale des Bretons, f\u00eate de la souverainet\u00e9 ! - STOURM","robots":{"index":"index","follow":"follow","max-snippet":"max-snippet:-1","max-image-preview":"max-image-preview:large","max-video-preview":"max-video-preview:-1"},"canonical":"https:\/\/stourm.news\/?p=1912","og_locale":"fr_FR","og_type":"article","og_title":"1er ao\u00fbt : f\u00eate nationale des Bretons, f\u00eate de la souverainet\u00e9 ! - STOURM","og_description":"Ce premier ao\u00fbt, f\u00eate nationale de notre nation, marque pour la Bretagne une journ\u00e9e cardinale de son ann\u00e9e. Bien s\u00fbr, en tout premier lieu, depuis les temps les plus anciens, le 1er ao\u00fbt repr\u00e9sente pour les Celtes la f\u00eate de Lughnasad, f\u00eate de la souverainet\u00e9 qui se situe entre le solstice d&rsquo;\u00e9t\u00e9 (21 juin) et [&hellip;]","og_url":"https:\/\/stourm.news\/?p=1912","og_site_name":"STOURM","article_publisher":"https:\/\/www.facebook.com\/stourmnews\/","article_published_time":"2024-08-01T12:26:50+00:00","og_image":[{"width":1024,"height":1024,"url":"https:\/\/stourm.news\/wp-content\/uploads\/2024\/08\/Designer-2024-08-01T212304.209.jpeg","type":"image\/jpeg"}],"author":"La r\u00e9daction","twitter_card":"summary_large_image","twitter_misc":{"\u00c9crit par":"La r\u00e9daction","Dur\u00e9e de lecture estim\u00e9e":"5 minutes"},"schema":{"@context":"https:\/\/schema.org","@graph":[{"@type":"Article","@id":"https:\/\/stourm.news\/?p=1912#article","isPartOf":{"@id":"https:\/\/stourm.news\/?p=1912"},"author":{"name":"La r\u00e9daction","@id":"https:\/\/stourm.news\/#\/schema\/person\/c3e1dc65988632e190969234ef046cf9"},"headline":"1er ao\u00fbt : f\u00eate nationale des Bretons, f\u00eate de la souverainet\u00e9 !","datePublished":"2024-08-01T12:26:50+00:00","mainEntityOfPage":{"@id":"https:\/\/stourm.news\/?p=1912"},"wordCount":730,"commentCount":0,"publisher":{"@id":"https:\/\/stourm.news\/#organization"},"image":{"@id":"https:\/\/stourm.news\/?p=1912#primaryimage"},"thumbnailUrl":"https:\/\/stourm.news\/wp-content\/uploads\/2024\/08\/Designer-2024-08-01T212304.209.jpeg","articleSection":["Breizh","Principale"],"inLanguage":"fr-FR","potentialAction":[{"@type":"CommentAction","name":"Comment","target":["https:\/\/stourm.news\/?p=1912#respond"]}]},{"@type":"WebPage","@id":"https:\/\/stourm.news\/?p=1912","url":"https:\/\/stourm.news\/?p=1912","name":"1er ao\u00fbt : f\u00eate nationale des Bretons, f\u00eate de la souverainet\u00e9 ! - STOURM","isPartOf":{"@id":"https:\/\/stourm.news\/#website"},"primaryImageOfPage":{"@id":"https:\/\/stourm.news\/?p=1912#primaryimage"},"image":{"@id":"https:\/\/stourm.news\/?p=1912#primaryimage"},"thumbnailUrl":"https:\/\/stourm.news\/wp-content\/uploads\/2024\/08\/Designer-2024-08-01T212304.209.jpeg","datePublished":"2024-08-01T12:26:50+00:00","breadcrumb":{"@id":"https:\/\/stourm.news\/?p=1912#breadcrumb"},"inLanguage":"fr-FR","potentialAction":[{"@type":"ReadAction","target":["https:\/\/stourm.news\/?p=1912"]}]},{"@type":"ImageObject","inLanguage":"fr-FR","@id":"https:\/\/stourm.news\/?p=1912#primaryimage","url":"https:\/\/stourm.news\/wp-content\/uploads\/2024\/08\/Designer-2024-08-01T212304.209.jpeg","contentUrl":"https:\/\/stourm.news\/wp-content\/uploads\/2024\/08\/Designer-2024-08-01T212304.209.jpeg","width":1024,"height":1024},{"@type":"BreadcrumbList","@id":"https:\/\/stourm.news\/?p=1912#breadcrumb","itemListElement":[{"@type":"ListItem","position":1,"name":"Accueil","item":"https:\/\/stourm.news\/"},{"@type":"ListItem","position":2,"name":"1er ao\u00fbt : f\u00eate nationale des Bretons, f\u00eate de la souverainet\u00e9 !"}]},{"@type":"WebSite","@id":"https:\/\/stourm.news\/#website","url":"https:\/\/stourm.news\/","name":"Stourm","description":"Kazetenn Strollad Broadel Breizh","publisher":{"@id":"https:\/\/stourm.news\/#organization"},"potentialAction":[{"@type":"SearchAction","target":{"@type":"EntryPoint","urlTemplate":"https:\/\/stourm.news\/?s={search_term_string}"},"query-input":{"@type":"PropertyValueSpecification","valueRequired":true,"valueName":"search_term_string"}}],"inLanguage":"fr-FR"},{"@type":"Organization","@id":"https:\/\/stourm.news\/#organization","name":"Stourm","url":"https:\/\/stourm.news\/","logo":{"@type":"ImageObject","inLanguage":"fr-FR","@id":"https:\/\/stourm.news\/#\/schema\/logo\/image\/","url":"https:\/\/stourm.news\/wp-content\/uploads\/2025\/11\/cropped-Capture-decran-2025-11-28-a-15.19.07.png","contentUrl":"https:\/\/stourm.news\/wp-content\/uploads\/2025\/11\/cropped-Capture-decran-2025-11-28-a-15.19.07.png","width":1855,"height":383,"caption":"Stourm"},"image":{"@id":"https:\/\/stourm.news\/#\/schema\/logo\/image\/"},"sameAs":["https:\/\/www.facebook.com\/stourmnews\/"]},{"@type":"Person","@id":"https:\/\/stourm.news\/#\/schema\/person\/c3e1dc65988632e190969234ef046cf9","name":"La r\u00e9daction","image":{"@type":"ImageObject","inLanguage":"fr-FR","@id":"https:\/\/stourm.news\/#\/schema\/person\/image\/","url":"https:\/\/secure.gravatar.com\/avatar\/7463443f194b6b5fb706b074ca0ef59a0cfcfd720cb47764b0ec5a952ce422b3?s=96&d=mm&r=g","contentUrl":"https:\/\/secure.gravatar.com\/avatar\/7463443f194b6b5fb706b074ca0ef59a0cfcfd720cb47764b0ec5a952ce422b3?s=96&d=mm&r=g","caption":"La r\u00e9daction"},"sameAs":["https:\/\/stourm.news"],"url":"https:\/\/stourm.news\/?author=1"}]}},"_links":{"self":[{"href":"https:\/\/stourm.news\/index.php?rest_route=\/wp\/v2\/posts\/1912","targetHints":{"allow":["GET"]}}],"collection":[{"href":"https:\/\/stourm.news\/index.php?rest_route=\/wp\/v2\/posts"}],"about":[{"href":"https:\/\/stourm.news\/index.php?rest_route=\/wp\/v2\/types\/post"}],"author":[{"embeddable":true,"href":"https:\/\/stourm.news\/index.php?rest_route=\/wp\/v2\/users\/1"}],"replies":[{"embeddable":true,"href":"https:\/\/stourm.news\/index.php?rest_route=%2Fwp%2Fv2%2Fcomments&post=1912"}],"version-history":[{"count":1,"href":"https:\/\/stourm.news\/index.php?rest_route=\/wp\/v2\/posts\/1912\/revisions"}],"predecessor-version":[{"id":1918,"href":"https:\/\/stourm.news\/index.php?rest_route=\/wp\/v2\/posts\/1912\/revisions\/1918"}],"wp:featuredmedia":[{"embeddable":true,"href":"https:\/\/stourm.news\/index.php?rest_route=\/wp\/v2\/media\/1917"}],"wp:attachment":[{"href":"https:\/\/stourm.news\/index.php?rest_route=%2Fwp%2Fv2%2Fmedia&parent=1912"}],"wp:term":[{"taxonomy":"category","embeddable":true,"href":"https:\/\/stourm.news\/index.php?rest_route=%2Fwp%2Fv2%2Fcategories&post=1912"},{"taxonomy":"post_tag","embeddable":true,"href":"https:\/\/stourm.news\/index.php?rest_route=%2Fwp%2Fv2%2Ftags&post=1912"}],"curies":[{"name":"wp","href":"https:\/\/api.w.org\/{rel}","templated":true}]}}