{"id":1922,"date":"2024-08-02T08:31:50","date_gmt":"2024-08-02T08:31:50","guid":{"rendered":"https:\/\/stourm.news\/?p=1922"},"modified":"2024-08-02T08:35:52","modified_gmt":"2024-08-02T08:35:52","slug":"saint-brevin-issu-du-centre-pour-migrants-controverse-un-clandestin-soudanais-frappe-et-harcele-son-ex-compagne-quil-a-rencontre-sur-la-commune-et-avec-laquelle-il-a-eu-un-enfant","status":"publish","type":"post","link":"https:\/\/stourm.news\/?p=1922","title":{"rendered":"Saint-Br\u00e9vin : issu du centre pour migrants controvers\u00e9, un clandestin soudanais frappe et harc\u00e8le son ex-compagne qu&rsquo;il a rencontr\u00e9 sur la commune et avec laquelle il a eu un enfant"},"content":{"rendered":"<p style=\"text-align: justify;\">L\u2019audience n\u2019aura pas apport\u00e9 de r\u00e9ponses sur la situation physique et mentale de cet homme de 29 ans, jug\u00e9 par le tribunal de Saint-Nazaire pour ne pas avoir respect\u00e9 l\u2019interdiction d\u2019entrer en contact avec <strong>son ex-compagne<\/strong> et pour le recel, le 12 juin dernier, d\u2019un porte-cartes bancaire vol\u00e9. Arriv\u00e9 en France en 2018, du <strong>Soudan<\/strong>, il a \u00e9t\u00e9 accueilli au <strong>Centre d\u2019accueil de demandeurs d\u2019asile<\/strong> de Saint-Brevin et fait l\u2019objet aujourd\u2019hui d\u2019une obligation de quitter le territoire fran\u00e7ais (OQTF).<\/p>\n<p style=\"text-align: justify;\">Au tribunal, le regard flottant, le jeune homme paraissant faible, peine \u00e0 r\u00e9pondre aux questions traduites par l\u2019interpr\u00e8te. Condamn\u00e9 en janvier dernier \u00e0 quatre mois de prison avec sursis pour <strong>des violences<\/strong> envers la femme qu\u2019il a connue <strong>\u00e0 Saint-Brevin<\/strong> et avec qui <strong>il a eu un enfant<\/strong>, il est revenu devant le tribunal parce qu\u2019il l\u2019a suivie jusque chez elle, alors qu\u2019il n\u2019avait pas le droit de s\u2019approcher de son domicile.<\/p>\n<p style=\"text-align: justify;\">Une expertise psychiatrique du pr\u00e9venu, qu\u2019il a subie avec \u00ab r\u00e9ticence \u00bb et \u00ab mutisme \u00bb, r\u00e9v\u00e8le \u00ab des troubles psychotiques \u00bb, \u00e9voque \u00ab une bizarrerie du contact \u00bb et conclut \u00e0 \u00ab une alt\u00e9ration du discernement \u00bb. Apr\u00e8s la procureure de la R\u00e9publique qui requiert huit mois de prison ferme, son avocate, Julie Conta, s\u2019est montr\u00e9e sceptique : a-t-il agi intentionnellement ? A-t-il compris l\u2019interdiction de s\u2019approcher du domicile ? Est-il responsable p\u00e9nalement ? Le tribunal a r\u00e9pondu en pronon\u00e7ant une peine de quatre mois de prison ferme. Le jeune homme ne devra pas para\u00eetre \u00e0 Saint-Br\u00e9vin pendant deux ans.<\/p>\n<p>Source : <a href=\"https:\/\/www.ouest-france.fr\/pays-de-la-loire\/saint-brevin-les-pins-44250\/interdit-de-paraitre-a-saint-brevin-pendant-deux-ans-53f610c6-500c-11ef-b169-5a3a31fb9518\">Ouest-France<\/a><\/p>\n","protected":false},"excerpt":{"rendered":"<p>L\u2019audience n\u2019aura pas apport\u00e9 de r\u00e9ponses sur la situation physique et mentale de cet homme de 29 ans, jug\u00e9 par le tribunal de Saint-Nazaire pour ne pas avoir respect\u00e9 l\u2019interdiction d\u2019entrer en contact avec son ex-compagne et pour le recel, le 12 juin dernier, d\u2019un porte-cartes bancaire vol\u00e9. Arriv\u00e9 en France en 2018, du Soudan, [&hellip;]<\/p>\n","protected":false},"author":1,"featured_media":1925,"comment_status":"open","ping_status":"open","sticky":false,"template":"","format":"standard","meta":{"sb_editor_width":"","footnotes":""},"categories":[31,33,42,62],"tags":[],"class_list":["post-1922","post","type-post","status-publish","format-standard","has-post-thumbnail","hentry","category-agression","category-immigration","category-loire-atlantique","category-revue-de-presse"],"relative_dates":{"created":"2 ans ago","modified":"2 ans ago"},"yoast_head":"<!-- This site is optimized with the Yoast SEO plugin v26.3 - https:\/\/yoast.com\/wordpress\/plugins\/seo\/ -->\n<title>Saint-Br\u00e9vin : issu du centre pour migrants controvers\u00e9, un clandestin soudanais frappe et harc\u00e8le son ex-compagne qu&#039;il a rencontr\u00e9 sur la commune et avec laquelle il a eu un enfant - STOURM<\/title>\n<meta name=\"robots\" content=\"index, follow, max-snippet:-1, max-image-preview:large, max-video-preview:-1\" \/>\n<link rel=\"canonical\" href=\"https:\/\/stourm.news\/?p=1922\" \/>\n<meta property=\"og:locale\" content=\"fr_FR\" \/>\n<meta property=\"og:type\" content=\"article\" \/>\n<meta property=\"og:title\" content=\"Saint-Br\u00e9vin : issu du centre pour migrants controvers\u00e9, un clandestin soudanais frappe et harc\u00e8le son ex-compagne qu&#039;il a rencontr\u00e9 sur la commune et avec laquelle il a eu un enfant - STOURM\" \/>\n<meta property=\"og:description\" content=\"L\u2019audience n\u2019aura pas apport\u00e9 de r\u00e9ponses sur la situation physique et mentale de cet homme de 29 ans, jug\u00e9 par le tribunal de Saint-Nazaire pour ne pas avoir respect\u00e9 l\u2019interdiction d\u2019entrer en contact avec son ex-compagne et pour le recel, le 12 juin dernier, d\u2019un porte-cartes bancaire vol\u00e9. Arriv\u00e9 en France en 2018, du Soudan, [&hellip;]\" \/>\n<meta property=\"og:url\" content=\"https:\/\/stourm.news\/?p=1922\" \/>\n<meta property=\"og:site_name\" content=\"STOURM\" \/>\n<meta property=\"article:publisher\" content=\"https:\/\/www.facebook.com\/stourmnews\/\" \/>\n<meta property=\"article:published_time\" content=\"2024-08-02T08:31:50+00:00\" \/>\n<meta property=\"article:modified_time\" content=\"2024-08-02T08:35:52+00:00\" \/>\n<meta property=\"og:image\" content=\"https:\/\/stourm.news\/wp-content\/uploads\/2024\/08\/Capture-decran-2024-08-02-a-17.34.17.jpg\" \/>\n\t<meta property=\"og:image:width\" content=\"1538\" \/>\n\t<meta property=\"og:image:height\" content=\"961\" \/>\n\t<meta property=\"og:image:type\" content=\"image\/jpeg\" \/>\n<meta name=\"author\" content=\"La r\u00e9daction\" \/>\n<meta name=\"twitter:card\" content=\"summary_large_image\" \/>\n<meta name=\"twitter:label1\" content=\"\u00c9crit par\" \/>\n\t<meta name=\"twitter:data1\" content=\"La r\u00e9daction\" \/>\n\t<meta name=\"twitter:label2\" content=\"Dur\u00e9e de lecture estim\u00e9e\" \/>\n\t<meta name=\"twitter:data2\" content=\"2 minutes\" \/>\n<script type=\"application\/ld+json\" class=\"yoast-schema-graph\">{\"@context\":\"https:\/\/schema.org\",\"@graph\":[{\"@type\":\"Article\",\"@id\":\"https:\/\/stourm.news\/?p=1922#article\",\"isPartOf\":{\"@id\":\"https:\/\/stourm.news\/?p=1922\"},\"author\":{\"name\":\"La r\u00e9daction\",\"@id\":\"https:\/\/stourm.news\/#\/schema\/person\/c3e1dc65988632e190969234ef046cf9\"},\"headline\":\"Saint-Br\u00e9vin : issu du centre pour migrants controvers\u00e9, un clandestin soudanais frappe et harc\u00e8le son ex-compagne qu&rsquo;il a rencontr\u00e9 sur la commune et avec laquelle il a eu un enfant\",\"datePublished\":\"2024-08-02T08:31:50+00:00\",\"dateModified\":\"2024-08-02T08:35:52+00:00\",\"mainEntityOfPage\":{\"@id\":\"https:\/\/stourm.news\/?p=1922\"},\"wordCount\":302,\"commentCount\":0,\"publisher\":{\"@id\":\"https:\/\/stourm.news\/#organization\"},\"image\":{\"@id\":\"https:\/\/stourm.news\/?p=1922#primaryimage\"},\"thumbnailUrl\":\"https:\/\/stourm.news\/wp-content\/uploads\/2024\/08\/Capture-decran-2024-08-02-a-17.34.17.jpg\",\"articleSection\":[\"Agression\",\"Immigration\",\"Loire-Atlantique\",\"Revue de presse\"],\"inLanguage\":\"fr-FR\",\"potentialAction\":[{\"@type\":\"CommentAction\",\"name\":\"Comment\",\"target\":[\"https:\/\/stourm.news\/?p=1922#respond\"]}]},{\"@type\":\"WebPage\",\"@id\":\"https:\/\/stourm.news\/?p=1922\",\"url\":\"https:\/\/stourm.news\/?p=1922\",\"name\":\"Saint-Br\u00e9vin : issu du centre pour migrants controvers\u00e9, un clandestin soudanais frappe et harc\u00e8le son ex-compagne qu'il a rencontr\u00e9 sur la commune et avec laquelle il a eu un enfant - STOURM\",\"isPartOf\":{\"@id\":\"https:\/\/stourm.news\/#website\"},\"primaryImageOfPage\":{\"@id\":\"https:\/\/stourm.news\/?p=1922#primaryimage\"},\"image\":{\"@id\":\"https:\/\/stourm.news\/?p=1922#primaryimage\"},\"thumbnailUrl\":\"https:\/\/stourm.news\/wp-content\/uploads\/2024\/08\/Capture-decran-2024-08-02-a-17.34.17.jpg\",\"datePublished\":\"2024-08-02T08:31:50+00:00\",\"dateModified\":\"2024-08-02T08:35:52+00:00\",\"breadcrumb\":{\"@id\":\"https:\/\/stourm.news\/?p=1922#breadcrumb\"},\"inLanguage\":\"fr-FR\",\"potentialAction\":[{\"@type\":\"ReadAction\",\"target\":[\"https:\/\/stourm.news\/?p=1922\"]}]},{\"@type\":\"ImageObject\",\"inLanguage\":\"fr-FR\",\"@id\":\"https:\/\/stourm.news\/?p=1922#primaryimage\",\"url\":\"https:\/\/stourm.news\/wp-content\/uploads\/2024\/08\/Capture-decran-2024-08-02-a-17.34.17.jpg\",\"contentUrl\":\"https:\/\/stourm.news\/wp-content\/uploads\/2024\/08\/Capture-decran-2024-08-02-a-17.34.17.jpg\",\"width\":1538,\"height\":961},{\"@type\":\"BreadcrumbList\",\"@id\":\"https:\/\/stourm.news\/?p=1922#breadcrumb\",\"itemListElement\":[{\"@type\":\"ListItem\",\"position\":1,\"name\":\"Accueil\",\"item\":\"https:\/\/stourm.news\/\"},{\"@type\":\"ListItem\",\"position\":2,\"name\":\"Saint-Br\u00e9vin : issu du centre pour migrants controvers\u00e9, un clandestin soudanais frappe et harc\u00e8le son ex-compagne qu&rsquo;il a rencontr\u00e9 sur la commune et avec laquelle il a eu un enfant\"}]},{\"@type\":\"WebSite\",\"@id\":\"https:\/\/stourm.news\/#website\",\"url\":\"https:\/\/stourm.news\/\",\"name\":\"Stourm\",\"description\":\"Kazetenn Strollad Broadel Breizh\",\"publisher\":{\"@id\":\"https:\/\/stourm.news\/#organization\"},\"potentialAction\":[{\"@type\":\"SearchAction\",\"target\":{\"@type\":\"EntryPoint\",\"urlTemplate\":\"https:\/\/stourm.news\/?s={search_term_string}\"},\"query-input\":{\"@type\":\"PropertyValueSpecification\",\"valueRequired\":true,\"valueName\":\"search_term_string\"}}],\"inLanguage\":\"fr-FR\"},{\"@type\":\"Organization\",\"@id\":\"https:\/\/stourm.news\/#organization\",\"name\":\"Stourm\",\"url\":\"https:\/\/stourm.news\/\",\"logo\":{\"@type\":\"ImageObject\",\"inLanguage\":\"fr-FR\",\"@id\":\"https:\/\/stourm.news\/#\/schema\/logo\/image\/\",\"url\":\"https:\/\/stourm.news\/wp-content\/uploads\/2025\/11\/cropped-Capture-decran-2025-11-28-a-15.19.07.png\",\"contentUrl\":\"https:\/\/stourm.news\/wp-content\/uploads\/2025\/11\/cropped-Capture-decran-2025-11-28-a-15.19.07.png\",\"width\":1855,\"height\":383,\"caption\":\"Stourm\"},\"image\":{\"@id\":\"https:\/\/stourm.news\/#\/schema\/logo\/image\/\"},\"sameAs\":[\"https:\/\/www.facebook.com\/stourmnews\/\"]},{\"@type\":\"Person\",\"@id\":\"https:\/\/stourm.news\/#\/schema\/person\/c3e1dc65988632e190969234ef046cf9\",\"name\":\"La r\u00e9daction\",\"image\":{\"@type\":\"ImageObject\",\"inLanguage\":\"fr-FR\",\"@id\":\"https:\/\/stourm.news\/#\/schema\/person\/image\/\",\"url\":\"https:\/\/secure.gravatar.com\/avatar\/7463443f194b6b5fb706b074ca0ef59a0cfcfd720cb47764b0ec5a952ce422b3?s=96&d=mm&r=g\",\"contentUrl\":\"https:\/\/secure.gravatar.com\/avatar\/7463443f194b6b5fb706b074ca0ef59a0cfcfd720cb47764b0ec5a952ce422b3?s=96&d=mm&r=g\",\"caption\":\"La r\u00e9daction\"},\"sameAs\":[\"https:\/\/stourm.news\"],\"url\":\"https:\/\/stourm.news\/?author=1\"}]}<\/script>\n<!-- \/ Yoast SEO plugin. -->","yoast_head_json":{"title":"Saint-Br\u00e9vin : issu du centre pour migrants controvers\u00e9, un clandestin soudanais frappe et harc\u00e8le son ex-compagne qu'il a rencontr\u00e9 sur la commune et avec laquelle il a eu un enfant - STOURM","robots":{"index":"index","follow":"follow","max-snippet":"max-snippet:-1","max-image-preview":"max-image-preview:large","max-video-preview":"max-video-preview:-1"},"canonical":"https:\/\/stourm.news\/?p=1922","og_locale":"fr_FR","og_type":"article","og_title":"Saint-Br\u00e9vin : issu du centre pour migrants controvers\u00e9, un clandestin soudanais frappe et harc\u00e8le son ex-compagne qu'il a rencontr\u00e9 sur la commune et avec laquelle il a eu un enfant - STOURM","og_description":"L\u2019audience n\u2019aura pas apport\u00e9 de r\u00e9ponses sur la situation physique et mentale de cet homme de 29 ans, jug\u00e9 par le tribunal de Saint-Nazaire pour ne pas avoir respect\u00e9 l\u2019interdiction d\u2019entrer en contact avec son ex-compagne et pour le recel, le 12 juin dernier, d\u2019un porte-cartes bancaire vol\u00e9. Arriv\u00e9 en France en 2018, du Soudan, [&hellip;]","og_url":"https:\/\/stourm.news\/?p=1922","og_site_name":"STOURM","article_publisher":"https:\/\/www.facebook.com\/stourmnews\/","article_published_time":"2024-08-02T08:31:50+00:00","article_modified_time":"2024-08-02T08:35:52+00:00","og_image":[{"width":1538,"height":961,"url":"https:\/\/stourm.news\/wp-content\/uploads\/2024\/08\/Capture-decran-2024-08-02-a-17.34.17.jpg","type":"image\/jpeg"}],"author":"La r\u00e9daction","twitter_card":"summary_large_image","twitter_misc":{"\u00c9crit par":"La r\u00e9daction","Dur\u00e9e de lecture estim\u00e9e":"2 minutes"},"schema":{"@context":"https:\/\/schema.org","@graph":[{"@type":"Article","@id":"https:\/\/stourm.news\/?p=1922#article","isPartOf":{"@id":"https:\/\/stourm.news\/?p=1922"},"author":{"name":"La r\u00e9daction","@id":"https:\/\/stourm.news\/#\/schema\/person\/c3e1dc65988632e190969234ef046cf9"},"headline":"Saint-Br\u00e9vin : issu du centre pour migrants controvers\u00e9, un clandestin soudanais frappe et harc\u00e8le son ex-compagne qu&rsquo;il a rencontr\u00e9 sur la commune et avec laquelle il a eu un enfant","datePublished":"2024-08-02T08:31:50+00:00","dateModified":"2024-08-02T08:35:52+00:00","mainEntityOfPage":{"@id":"https:\/\/stourm.news\/?p=1922"},"wordCount":302,"commentCount":0,"publisher":{"@id":"https:\/\/stourm.news\/#organization"},"image":{"@id":"https:\/\/stourm.news\/?p=1922#primaryimage"},"thumbnailUrl":"https:\/\/stourm.news\/wp-content\/uploads\/2024\/08\/Capture-decran-2024-08-02-a-17.34.17.jpg","articleSection":["Agression","Immigration","Loire-Atlantique","Revue de presse"],"inLanguage":"fr-FR","potentialAction":[{"@type":"CommentAction","name":"Comment","target":["https:\/\/stourm.news\/?p=1922#respond"]}]},{"@type":"WebPage","@id":"https:\/\/stourm.news\/?p=1922","url":"https:\/\/stourm.news\/?p=1922","name":"Saint-Br\u00e9vin : issu du centre pour migrants controvers\u00e9, un clandestin soudanais frappe et harc\u00e8le son ex-compagne qu'il a rencontr\u00e9 sur la commune et avec laquelle il a eu un enfant - STOURM","isPartOf":{"@id":"https:\/\/stourm.news\/#website"},"primaryImageOfPage":{"@id":"https:\/\/stourm.news\/?p=1922#primaryimage"},"image":{"@id":"https:\/\/stourm.news\/?p=1922#primaryimage"},"thumbnailUrl":"https:\/\/stourm.news\/wp-content\/uploads\/2024\/08\/Capture-decran-2024-08-02-a-17.34.17.jpg","datePublished":"2024-08-02T08:31:50+00:00","dateModified":"2024-08-02T08:35:52+00:00","breadcrumb":{"@id":"https:\/\/stourm.news\/?p=1922#breadcrumb"},"inLanguage":"fr-FR","potentialAction":[{"@type":"ReadAction","target":["https:\/\/stourm.news\/?p=1922"]}]},{"@type":"ImageObject","inLanguage":"fr-FR","@id":"https:\/\/stourm.news\/?p=1922#primaryimage","url":"https:\/\/stourm.news\/wp-content\/uploads\/2024\/08\/Capture-decran-2024-08-02-a-17.34.17.jpg","contentUrl":"https:\/\/stourm.news\/wp-content\/uploads\/2024\/08\/Capture-decran-2024-08-02-a-17.34.17.jpg","width":1538,"height":961},{"@type":"BreadcrumbList","@id":"https:\/\/stourm.news\/?p=1922#breadcrumb","itemListElement":[{"@type":"ListItem","position":1,"name":"Accueil","item":"https:\/\/stourm.news\/"},{"@type":"ListItem","position":2,"name":"Saint-Br\u00e9vin : issu du centre pour migrants controvers\u00e9, un clandestin soudanais frappe et harc\u00e8le son ex-compagne qu&rsquo;il a rencontr\u00e9 sur la commune et avec laquelle il a eu un enfant"}]},{"@type":"WebSite","@id":"https:\/\/stourm.news\/#website","url":"https:\/\/stourm.news\/","name":"Stourm","description":"Kazetenn Strollad Broadel Breizh","publisher":{"@id":"https:\/\/stourm.news\/#organization"},"potentialAction":[{"@type":"SearchAction","target":{"@type":"EntryPoint","urlTemplate":"https:\/\/stourm.news\/?s={search_term_string}"},"query-input":{"@type":"PropertyValueSpecification","valueRequired":true,"valueName":"search_term_string"}}],"inLanguage":"fr-FR"},{"@type":"Organization","@id":"https:\/\/stourm.news\/#organization","name":"Stourm","url":"https:\/\/stourm.news\/","logo":{"@type":"ImageObject","inLanguage":"fr-FR","@id":"https:\/\/stourm.news\/#\/schema\/logo\/image\/","url":"https:\/\/stourm.news\/wp-content\/uploads\/2025\/11\/cropped-Capture-decran-2025-11-28-a-15.19.07.png","contentUrl":"https:\/\/stourm.news\/wp-content\/uploads\/2025\/11\/cropped-Capture-decran-2025-11-28-a-15.19.07.png","width":1855,"height":383,"caption":"Stourm"},"image":{"@id":"https:\/\/stourm.news\/#\/schema\/logo\/image\/"},"sameAs":["https:\/\/www.facebook.com\/stourmnews\/"]},{"@type":"Person","@id":"https:\/\/stourm.news\/#\/schema\/person\/c3e1dc65988632e190969234ef046cf9","name":"La r\u00e9daction","image":{"@type":"ImageObject","inLanguage":"fr-FR","@id":"https:\/\/stourm.news\/#\/schema\/person\/image\/","url":"https:\/\/secure.gravatar.com\/avatar\/7463443f194b6b5fb706b074ca0ef59a0cfcfd720cb47764b0ec5a952ce422b3?s=96&d=mm&r=g","contentUrl":"https:\/\/secure.gravatar.com\/avatar\/7463443f194b6b5fb706b074ca0ef59a0cfcfd720cb47764b0ec5a952ce422b3?s=96&d=mm&r=g","caption":"La r\u00e9daction"},"sameAs":["https:\/\/stourm.news"],"url":"https:\/\/stourm.news\/?author=1"}]}},"_links":{"self":[{"href":"https:\/\/stourm.news\/index.php?rest_route=\/wp\/v2\/posts\/1922","targetHints":{"allow":["GET"]}}],"collection":[{"href":"https:\/\/stourm.news\/index.php?rest_route=\/wp\/v2\/posts"}],"about":[{"href":"https:\/\/stourm.news\/index.php?rest_route=\/wp\/v2\/types\/post"}],"author":[{"embeddable":true,"href":"https:\/\/stourm.news\/index.php?rest_route=\/wp\/v2\/users\/1"}],"replies":[{"embeddable":true,"href":"https:\/\/stourm.news\/index.php?rest_route=%2Fwp%2Fv2%2Fcomments&post=1922"}],"version-history":[{"count":1,"href":"https:\/\/stourm.news\/index.php?rest_route=\/wp\/v2\/posts\/1922\/revisions"}],"predecessor-version":[{"id":1924,"href":"https:\/\/stourm.news\/index.php?rest_route=\/wp\/v2\/posts\/1922\/revisions\/1924"}],"wp:featuredmedia":[{"embeddable":true,"href":"https:\/\/stourm.news\/index.php?rest_route=\/wp\/v2\/media\/1925"}],"wp:attachment":[{"href":"https:\/\/stourm.news\/index.php?rest_route=%2Fwp%2Fv2%2Fmedia&parent=1922"}],"wp:term":[{"taxonomy":"category","embeddable":true,"href":"https:\/\/stourm.news\/index.php?rest_route=%2Fwp%2Fv2%2Fcategories&post=1922"},{"taxonomy":"post_tag","embeddable":true,"href":"https:\/\/stourm.news\/index.php?rest_route=%2Fwp%2Fv2%2Ftags&post=1922"}],"curies":[{"name":"wp","href":"https:\/\/api.w.org\/{rel}","templated":true}]}}