{"id":1930,"date":"2024-08-06T10:13:56","date_gmt":"2024-08-06T10:13:56","guid":{"rendered":"https:\/\/stourm.news\/?p=1930"},"modified":"2024-08-06T10:13:56","modified_gmt":"2024-08-06T10:13:56","slug":"il-y-a-50-ans-laeroport-de-quimper-etait-vise-par-le-front-de-liberation-de-la-bretagne","status":"publish","type":"post","link":"https:\/\/stourm.news\/?p=1930","title":{"rendered":"Il y a 50 ans, l\u2019a\u00e9roport de Quimper \u00e9tait vis\u00e9 par le Front de Lib\u00e9ration de la Bretagne"},"content":{"rendered":"<p style=\"text-align: justify;\">\u00ab L\u2019avion plastiqu\u00e9 de Quimper : huit millions de francs de d\u00e9g\u00e2ts. Un attentat sign\u00e9 F.L.B. (*) li\u00e9 \u00e0 l\u2019agrandissement de l\u2019a\u00e9rodrome \u00bb, pouvait-on lire sur le Une du quotidien Le T\u00e9l\u00e9gramme en date du mercredi 7 ao\u00fbt 1974.<\/p>\n<p style=\"text-align: justify;\">Dans la nuit du lundi 5 au mardi 6 ao\u00fbt, un avion \u00ab Fokker 27 \u00bb d\u2019une cinquantaine de places, appartenant \u00e0 la compagnie Air Inter et qui revenait d\u2019un vol Paris-Quimper, avait \u00e9t\u00e9 victime d\u2019un attentat sur le tarmac de l\u2019a\u00e9roport de Quimper-Pluguffan.<\/p>\n<p style=\"text-align: justify;\">Comme le rapportaient des riverains, l\u2019explosion avait \u00e9t\u00e9 extr\u00eamement violente, \u00ab un coup de canon \u00bb. \u00ab On a per\u00e7u le souffle dans les pi\u00e8ces d\u2019habitation \u00bb, racontait un autre riverain de l\u2019a\u00e9roport. Et pour cause.<\/p>\n<p>Source : <a href=\"https:\/\/www.letelegramme.fr\/finistere\/quimper-29000\/il-y-a-50-ans-laeroport-de-quimper-etait-vise-par-un-attentat-6638600.php\">Le T\u00e9l\u00e9gramme<\/a><\/p>\n","protected":false},"excerpt":{"rendered":"<p>\u00ab L\u2019avion plastiqu\u00e9 de Quimper : huit millions de francs de d\u00e9g\u00e2ts. Un attentat sign\u00e9 F.L.B. (*) li\u00e9 \u00e0 l\u2019agrandissement de l\u2019a\u00e9rodrome \u00bb, pouvait-on lire sur le Une du quotidien Le T\u00e9l\u00e9gramme en date du mercredi 7 ao\u00fbt 1974. Dans la nuit du lundi 5 au mardi 6 ao\u00fbt, un avion \u00ab Fokker 27 \u00bb [&hellip;]<\/p>\n","protected":false},"author":1,"featured_media":1932,"comment_status":"open","ping_status":"open","sticky":false,"template":"","format":"standard","meta":{"sb_editor_width":"","footnotes":""},"categories":[50,65],"tags":[],"class_list":["post-1930","post","type-post","status-publish","format-standard","has-post-thumbnail","hentry","category-histoire-de-bretagne","category-principale"],"relative_dates":{"created":"2 ans ago","modified":"2 ans ago"},"yoast_head":"<!-- This site is optimized with the Yoast SEO plugin v26.3 - https:\/\/yoast.com\/wordpress\/plugins\/seo\/ -->\n<title>Il y a 50 ans, l\u2019a\u00e9roport de Quimper \u00e9tait vis\u00e9 par le Front de Lib\u00e9ration de la Bretagne - STOURM<\/title>\n<meta name=\"robots\" content=\"index, follow, max-snippet:-1, max-image-preview:large, max-video-preview:-1\" \/>\n<link rel=\"canonical\" href=\"https:\/\/stourm.news\/?p=1930\" \/>\n<meta property=\"og:locale\" content=\"fr_FR\" \/>\n<meta property=\"og:type\" content=\"article\" \/>\n<meta property=\"og:title\" content=\"Il y a 50 ans, l\u2019a\u00e9roport de Quimper \u00e9tait vis\u00e9 par le Front de Lib\u00e9ration de la Bretagne - STOURM\" \/>\n<meta property=\"og:description\" content=\"\u00ab L\u2019avion plastiqu\u00e9 de Quimper : huit millions de francs de d\u00e9g\u00e2ts. Un attentat sign\u00e9 F.L.B. (*) li\u00e9 \u00e0 l\u2019agrandissement de l\u2019a\u00e9rodrome \u00bb, pouvait-on lire sur le Une du quotidien Le T\u00e9l\u00e9gramme en date du mercredi 7 ao\u00fbt 1974. Dans la nuit du lundi 5 au mardi 6 ao\u00fbt, un avion \u00ab Fokker 27 \u00bb [&hellip;]\" \/>\n<meta property=\"og:url\" content=\"https:\/\/stourm.news\/?p=1930\" \/>\n<meta property=\"og:site_name\" content=\"STOURM\" \/>\n<meta property=\"article:publisher\" content=\"https:\/\/www.facebook.com\/stourmnews\/\" \/>\n<meta property=\"article:published_time\" content=\"2024-08-06T10:13:56+00:00\" \/>\n<meta property=\"og:image\" content=\"https:\/\/stourm.news\/wp-content\/uploads\/2024\/08\/Designer-2024-08-06T180306.791.jpeg\" \/>\n\t<meta property=\"og:image:width\" content=\"1024\" \/>\n\t<meta property=\"og:image:height\" content=\"1024\" \/>\n\t<meta property=\"og:image:type\" content=\"image\/jpeg\" \/>\n<meta name=\"author\" content=\"La r\u00e9daction\" \/>\n<meta name=\"twitter:card\" content=\"summary_large_image\" \/>\n<meta name=\"twitter:label1\" content=\"\u00c9crit par\" \/>\n\t<meta name=\"twitter:data1\" content=\"La r\u00e9daction\" \/>\n\t<meta name=\"twitter:label2\" content=\"Dur\u00e9e de lecture estim\u00e9e\" \/>\n\t<meta name=\"twitter:data2\" content=\"1 minute\" \/>\n<script type=\"application\/ld+json\" class=\"yoast-schema-graph\">{\"@context\":\"https:\/\/schema.org\",\"@graph\":[{\"@type\":\"Article\",\"@id\":\"https:\/\/stourm.news\/?p=1930#article\",\"isPartOf\":{\"@id\":\"https:\/\/stourm.news\/?p=1930\"},\"author\":{\"name\":\"La r\u00e9daction\",\"@id\":\"https:\/\/stourm.news\/#\/schema\/person\/c3e1dc65988632e190969234ef046cf9\"},\"headline\":\"Il y a 50 ans, l\u2019a\u00e9roport de Quimper \u00e9tait vis\u00e9 par le Front de Lib\u00e9ration de la Bretagne\",\"datePublished\":\"2024-08-06T10:13:56+00:00\",\"mainEntityOfPage\":{\"@id\":\"https:\/\/stourm.news\/?p=1930\"},\"wordCount\":151,\"commentCount\":0,\"publisher\":{\"@id\":\"https:\/\/stourm.news\/#organization\"},\"image\":{\"@id\":\"https:\/\/stourm.news\/?p=1930#primaryimage\"},\"thumbnailUrl\":\"https:\/\/stourm.news\/wp-content\/uploads\/2024\/08\/Designer-2024-08-06T180306.791.jpeg\",\"articleSection\":[\"Histoire de Bretagne\",\"Principale\"],\"inLanguage\":\"fr-FR\",\"potentialAction\":[{\"@type\":\"CommentAction\",\"name\":\"Comment\",\"target\":[\"https:\/\/stourm.news\/?p=1930#respond\"]}]},{\"@type\":\"WebPage\",\"@id\":\"https:\/\/stourm.news\/?p=1930\",\"url\":\"https:\/\/stourm.news\/?p=1930\",\"name\":\"Il y a 50 ans, l\u2019a\u00e9roport de Quimper \u00e9tait vis\u00e9 par le Front de Lib\u00e9ration de la Bretagne - STOURM\",\"isPartOf\":{\"@id\":\"https:\/\/stourm.news\/#website\"},\"primaryImageOfPage\":{\"@id\":\"https:\/\/stourm.news\/?p=1930#primaryimage\"},\"image\":{\"@id\":\"https:\/\/stourm.news\/?p=1930#primaryimage\"},\"thumbnailUrl\":\"https:\/\/stourm.news\/wp-content\/uploads\/2024\/08\/Designer-2024-08-06T180306.791.jpeg\",\"datePublished\":\"2024-08-06T10:13:56+00:00\",\"breadcrumb\":{\"@id\":\"https:\/\/stourm.news\/?p=1930#breadcrumb\"},\"inLanguage\":\"fr-FR\",\"potentialAction\":[{\"@type\":\"ReadAction\",\"target\":[\"https:\/\/stourm.news\/?p=1930\"]}]},{\"@type\":\"ImageObject\",\"inLanguage\":\"fr-FR\",\"@id\":\"https:\/\/stourm.news\/?p=1930#primaryimage\",\"url\":\"https:\/\/stourm.news\/wp-content\/uploads\/2024\/08\/Designer-2024-08-06T180306.791.jpeg\",\"contentUrl\":\"https:\/\/stourm.news\/wp-content\/uploads\/2024\/08\/Designer-2024-08-06T180306.791.jpeg\",\"width\":1024,\"height\":1024},{\"@type\":\"BreadcrumbList\",\"@id\":\"https:\/\/stourm.news\/?p=1930#breadcrumb\",\"itemListElement\":[{\"@type\":\"ListItem\",\"position\":1,\"name\":\"Accueil\",\"item\":\"https:\/\/stourm.news\/\"},{\"@type\":\"ListItem\",\"position\":2,\"name\":\"Il y a 50 ans, l\u2019a\u00e9roport de Quimper \u00e9tait vis\u00e9 par le Front de Lib\u00e9ration de la Bretagne\"}]},{\"@type\":\"WebSite\",\"@id\":\"https:\/\/stourm.news\/#website\",\"url\":\"https:\/\/stourm.news\/\",\"name\":\"Stourm\",\"description\":\"Kazetenn Strollad Broadel Breizh\",\"publisher\":{\"@id\":\"https:\/\/stourm.news\/#organization\"},\"potentialAction\":[{\"@type\":\"SearchAction\",\"target\":{\"@type\":\"EntryPoint\",\"urlTemplate\":\"https:\/\/stourm.news\/?s={search_term_string}\"},\"query-input\":{\"@type\":\"PropertyValueSpecification\",\"valueRequired\":true,\"valueName\":\"search_term_string\"}}],\"inLanguage\":\"fr-FR\"},{\"@type\":\"Organization\",\"@id\":\"https:\/\/stourm.news\/#organization\",\"name\":\"Stourm\",\"url\":\"https:\/\/stourm.news\/\",\"logo\":{\"@type\":\"ImageObject\",\"inLanguage\":\"fr-FR\",\"@id\":\"https:\/\/stourm.news\/#\/schema\/logo\/image\/\",\"url\":\"https:\/\/stourm.news\/wp-content\/uploads\/2025\/11\/cropped-Capture-decran-2025-11-28-a-15.19.07.png\",\"contentUrl\":\"https:\/\/stourm.news\/wp-content\/uploads\/2025\/11\/cropped-Capture-decran-2025-11-28-a-15.19.07.png\",\"width\":1855,\"height\":383,\"caption\":\"Stourm\"},\"image\":{\"@id\":\"https:\/\/stourm.news\/#\/schema\/logo\/image\/\"},\"sameAs\":[\"https:\/\/www.facebook.com\/stourmnews\/\"]},{\"@type\":\"Person\",\"@id\":\"https:\/\/stourm.news\/#\/schema\/person\/c3e1dc65988632e190969234ef046cf9\",\"name\":\"La r\u00e9daction\",\"image\":{\"@type\":\"ImageObject\",\"inLanguage\":\"fr-FR\",\"@id\":\"https:\/\/stourm.news\/#\/schema\/person\/image\/\",\"url\":\"https:\/\/secure.gravatar.com\/avatar\/7463443f194b6b5fb706b074ca0ef59a0cfcfd720cb47764b0ec5a952ce422b3?s=96&d=mm&r=g\",\"contentUrl\":\"https:\/\/secure.gravatar.com\/avatar\/7463443f194b6b5fb706b074ca0ef59a0cfcfd720cb47764b0ec5a952ce422b3?s=96&d=mm&r=g\",\"caption\":\"La r\u00e9daction\"},\"sameAs\":[\"https:\/\/stourm.news\"],\"url\":\"https:\/\/stourm.news\/?author=1\"}]}<\/script>\n<!-- \/ Yoast SEO plugin. -->","yoast_head_json":{"title":"Il y a 50 ans, l\u2019a\u00e9roport de Quimper \u00e9tait vis\u00e9 par le Front de Lib\u00e9ration de la Bretagne - STOURM","robots":{"index":"index","follow":"follow","max-snippet":"max-snippet:-1","max-image-preview":"max-image-preview:large","max-video-preview":"max-video-preview:-1"},"canonical":"https:\/\/stourm.news\/?p=1930","og_locale":"fr_FR","og_type":"article","og_title":"Il y a 50 ans, l\u2019a\u00e9roport de Quimper \u00e9tait vis\u00e9 par le Front de Lib\u00e9ration de la Bretagne - STOURM","og_description":"\u00ab L\u2019avion plastiqu\u00e9 de Quimper : huit millions de francs de d\u00e9g\u00e2ts. Un attentat sign\u00e9 F.L.B. (*) li\u00e9 \u00e0 l\u2019agrandissement de l\u2019a\u00e9rodrome \u00bb, pouvait-on lire sur le Une du quotidien Le T\u00e9l\u00e9gramme en date du mercredi 7 ao\u00fbt 1974. Dans la nuit du lundi 5 au mardi 6 ao\u00fbt, un avion \u00ab Fokker 27 \u00bb [&hellip;]","og_url":"https:\/\/stourm.news\/?p=1930","og_site_name":"STOURM","article_publisher":"https:\/\/www.facebook.com\/stourmnews\/","article_published_time":"2024-08-06T10:13:56+00:00","og_image":[{"width":1024,"height":1024,"url":"https:\/\/stourm.news\/wp-content\/uploads\/2024\/08\/Designer-2024-08-06T180306.791.jpeg","type":"image\/jpeg"}],"author":"La r\u00e9daction","twitter_card":"summary_large_image","twitter_misc":{"\u00c9crit par":"La r\u00e9daction","Dur\u00e9e de lecture estim\u00e9e":"1 minute"},"schema":{"@context":"https:\/\/schema.org","@graph":[{"@type":"Article","@id":"https:\/\/stourm.news\/?p=1930#article","isPartOf":{"@id":"https:\/\/stourm.news\/?p=1930"},"author":{"name":"La r\u00e9daction","@id":"https:\/\/stourm.news\/#\/schema\/person\/c3e1dc65988632e190969234ef046cf9"},"headline":"Il y a 50 ans, l\u2019a\u00e9roport de Quimper \u00e9tait vis\u00e9 par le Front de Lib\u00e9ration de la Bretagne","datePublished":"2024-08-06T10:13:56+00:00","mainEntityOfPage":{"@id":"https:\/\/stourm.news\/?p=1930"},"wordCount":151,"commentCount":0,"publisher":{"@id":"https:\/\/stourm.news\/#organization"},"image":{"@id":"https:\/\/stourm.news\/?p=1930#primaryimage"},"thumbnailUrl":"https:\/\/stourm.news\/wp-content\/uploads\/2024\/08\/Designer-2024-08-06T180306.791.jpeg","articleSection":["Histoire de Bretagne","Principale"],"inLanguage":"fr-FR","potentialAction":[{"@type":"CommentAction","name":"Comment","target":["https:\/\/stourm.news\/?p=1930#respond"]}]},{"@type":"WebPage","@id":"https:\/\/stourm.news\/?p=1930","url":"https:\/\/stourm.news\/?p=1930","name":"Il y a 50 ans, l\u2019a\u00e9roport de Quimper \u00e9tait vis\u00e9 par le Front de Lib\u00e9ration de la Bretagne - STOURM","isPartOf":{"@id":"https:\/\/stourm.news\/#website"},"primaryImageOfPage":{"@id":"https:\/\/stourm.news\/?p=1930#primaryimage"},"image":{"@id":"https:\/\/stourm.news\/?p=1930#primaryimage"},"thumbnailUrl":"https:\/\/stourm.news\/wp-content\/uploads\/2024\/08\/Designer-2024-08-06T180306.791.jpeg","datePublished":"2024-08-06T10:13:56+00:00","breadcrumb":{"@id":"https:\/\/stourm.news\/?p=1930#breadcrumb"},"inLanguage":"fr-FR","potentialAction":[{"@type":"ReadAction","target":["https:\/\/stourm.news\/?p=1930"]}]},{"@type":"ImageObject","inLanguage":"fr-FR","@id":"https:\/\/stourm.news\/?p=1930#primaryimage","url":"https:\/\/stourm.news\/wp-content\/uploads\/2024\/08\/Designer-2024-08-06T180306.791.jpeg","contentUrl":"https:\/\/stourm.news\/wp-content\/uploads\/2024\/08\/Designer-2024-08-06T180306.791.jpeg","width":1024,"height":1024},{"@type":"BreadcrumbList","@id":"https:\/\/stourm.news\/?p=1930#breadcrumb","itemListElement":[{"@type":"ListItem","position":1,"name":"Accueil","item":"https:\/\/stourm.news\/"},{"@type":"ListItem","position":2,"name":"Il y a 50 ans, l\u2019a\u00e9roport de Quimper \u00e9tait vis\u00e9 par le Front de Lib\u00e9ration de la Bretagne"}]},{"@type":"WebSite","@id":"https:\/\/stourm.news\/#website","url":"https:\/\/stourm.news\/","name":"Stourm","description":"Kazetenn Strollad Broadel Breizh","publisher":{"@id":"https:\/\/stourm.news\/#organization"},"potentialAction":[{"@type":"SearchAction","target":{"@type":"EntryPoint","urlTemplate":"https:\/\/stourm.news\/?s={search_term_string}"},"query-input":{"@type":"PropertyValueSpecification","valueRequired":true,"valueName":"search_term_string"}}],"inLanguage":"fr-FR"},{"@type":"Organization","@id":"https:\/\/stourm.news\/#organization","name":"Stourm","url":"https:\/\/stourm.news\/","logo":{"@type":"ImageObject","inLanguage":"fr-FR","@id":"https:\/\/stourm.news\/#\/schema\/logo\/image\/","url":"https:\/\/stourm.news\/wp-content\/uploads\/2025\/11\/cropped-Capture-decran-2025-11-28-a-15.19.07.png","contentUrl":"https:\/\/stourm.news\/wp-content\/uploads\/2025\/11\/cropped-Capture-decran-2025-11-28-a-15.19.07.png","width":1855,"height":383,"caption":"Stourm"},"image":{"@id":"https:\/\/stourm.news\/#\/schema\/logo\/image\/"},"sameAs":["https:\/\/www.facebook.com\/stourmnews\/"]},{"@type":"Person","@id":"https:\/\/stourm.news\/#\/schema\/person\/c3e1dc65988632e190969234ef046cf9","name":"La r\u00e9daction","image":{"@type":"ImageObject","inLanguage":"fr-FR","@id":"https:\/\/stourm.news\/#\/schema\/person\/image\/","url":"https:\/\/secure.gravatar.com\/avatar\/7463443f194b6b5fb706b074ca0ef59a0cfcfd720cb47764b0ec5a952ce422b3?s=96&d=mm&r=g","contentUrl":"https:\/\/secure.gravatar.com\/avatar\/7463443f194b6b5fb706b074ca0ef59a0cfcfd720cb47764b0ec5a952ce422b3?s=96&d=mm&r=g","caption":"La r\u00e9daction"},"sameAs":["https:\/\/stourm.news"],"url":"https:\/\/stourm.news\/?author=1"}]}},"_links":{"self":[{"href":"https:\/\/stourm.news\/index.php?rest_route=\/wp\/v2\/posts\/1930","targetHints":{"allow":["GET"]}}],"collection":[{"href":"https:\/\/stourm.news\/index.php?rest_route=\/wp\/v2\/posts"}],"about":[{"href":"https:\/\/stourm.news\/index.php?rest_route=\/wp\/v2\/types\/post"}],"author":[{"embeddable":true,"href":"https:\/\/stourm.news\/index.php?rest_route=\/wp\/v2\/users\/1"}],"replies":[{"embeddable":true,"href":"https:\/\/stourm.news\/index.php?rest_route=%2Fwp%2Fv2%2Fcomments&post=1930"}],"version-history":[{"count":1,"href":"https:\/\/stourm.news\/index.php?rest_route=\/wp\/v2\/posts\/1930\/revisions"}],"predecessor-version":[{"id":1933,"href":"https:\/\/stourm.news\/index.php?rest_route=\/wp\/v2\/posts\/1930\/revisions\/1933"}],"wp:featuredmedia":[{"embeddable":true,"href":"https:\/\/stourm.news\/index.php?rest_route=\/wp\/v2\/media\/1932"}],"wp:attachment":[{"href":"https:\/\/stourm.news\/index.php?rest_route=%2Fwp%2Fv2%2Fmedia&parent=1930"}],"wp:term":[{"taxonomy":"category","embeddable":true,"href":"https:\/\/stourm.news\/index.php?rest_route=%2Fwp%2Fv2%2Fcategories&post=1930"},{"taxonomy":"post_tag","embeddable":true,"href":"https:\/\/stourm.news\/index.php?rest_route=%2Fwp%2Fv2%2Ftags&post=1930"}],"curies":[{"name":"wp","href":"https:\/\/api.w.org\/{rel}","templated":true}]}}