{"id":1943,"date":"2024-08-07T10:17:58","date_gmt":"2024-08-07T10:17:58","guid":{"rendered":"https:\/\/stourm.news\/?p=1943"},"modified":"2024-08-07T10:17:58","modified_gmt":"2024-08-07T10:17:58","slug":"7-aout-1932-le-groupe-arme-gwenn-ha-du-detruit-linfame-monument-celebrant-lannexion-de-la-bretagne","status":"publish","type":"post","link":"https:\/\/stourm.news\/?p=1943","title":{"rendered":"7 ao\u00fbt 1932 : le groupe arm\u00e9 Gwenn ha Du d\u00e9truit l&rsquo;inf\u00e2me monument c\u00e9l\u00e9brant l&rsquo;annexion de la Bretagne"},"content":{"rendered":"<p style=\"text-align: justify;\">Le 7 ao\u00fbt 1932, l&rsquo;organisation Gwenn ha Du lave l&rsquo;honneur de la nation bretonne en faisant sauter \u00e0 Rennes le monument c\u00e9l\u00e9brant l&rsquo;annexion de la Bretagne par les Fran\u00e7ais.<\/p>\n<p><img fetchpriority=\"high\" decoding=\"async\" class=\"aligncenter\" src=\"https:\/\/upload.wikimedia.org\/wikipedia\/commons\/thumb\/6\/6f\/Rennes%3B_Cesson_042a.jpg\/560px-Rennes%3B_Cesson_042a.jpg\" width=\"422\" height=\"622\" \/><\/p>\n<p style=\"text-align: justify;\">La statue est une \u0153uvre de propagande de Jean Boucher repr\u00e9sentant la duchesse Anne de Bretagne agenouill\u00e9e devant le roi de France Charles VIII, et symbolisant l&rsquo;annexion de la Bretagne par la France. Elle est inaugur\u00e9e le 29 octobre 1911 \u00e0 Rennes pour marquer le 420e anniversaire du mariage des deux souverains, et par d\u00e9cision du conseil municipal elle occupe une niche de l&rsquo;h\u00f4tel de ville de Rennes o\u00f9, jusqu&rsquo;\u00e0 la R\u00e9volution fran\u00e7aise, \u00e9tait pr\u00e9sente une autre statue figurant Louis XV, qui figurait d\u00e9j\u00e0 le th\u00e8me de l&rsquo;annexion de la Bretagne et de la France.<\/p>\n<p style=\"text-align: justify;\">Le 7 ao\u00fbt sont pr\u00e9vues \u00e0 Vannes des c\u00e9l\u00e9brations pour marquer le 400e de l&rsquo;annexion de la Bretagne \u00e0 la France, auxquelles doit participer le pr\u00e9sident du gouvernement fran\u00e7ais \u00c9douard Herriot. Depuis la veille au soir, des militants bretons de diff\u00e9rents partis ayant fait le d\u00e9placement pour perturber les c\u00e9l\u00e9brations \u2014 dont le pr\u00e9sident du PNB Fran\u00e7ois Debeauvais \u2014 sont retenus en garde \u00e0 vue \u00e0 titre pr\u00e9ventif et ne sont rel\u00e2ch\u00e9s que le 7 au matin.<\/p>\n<p style=\"text-align: justify;\">La bombe utilis\u00e9e est pr\u00e9par\u00e9e par C\u00e9lestin Lain\u00e9, ing\u00e9nieur chimiste de formation, et c&rsquo;est un autre militant, Andr\u00e9 Geffroy, qui place le m\u00e9canisme dans le monument, au niveau de la couronne. Lain\u00e9 aurait test\u00e9 un premier engin dans la lande \u00e0 Saint-Aubin-du-Cormier un peu auparavant, y br\u00fblant sa veste au passage, en raison de son manque d&rsquo;exp\u00e9rience dans le domaine des explosifs. La bombe qu&rsquo;il fournit \u00e0 Geffroy est compos\u00e9e d&rsquo;une bo\u00eete de lait de marque \u00ab Gloria \u00bb remplie de nitroglyc\u00e9rine. Le d\u00e9tonateur aurait \u00e9t\u00e9 fourni par Jeanne Coroller. L&rsquo;explosion retentit \u00e0 4 h 40, projetant au sol la statue et la fragmentant en plusieurs morceaux, pulv\u00e9risant par la m\u00eame occasion les fen\u00eatres dans un rayon de 100 m\u00e8tres. Aucune des deux personnes pr\u00e9sentes dans l&rsquo;h\u00f4tel de ville n&rsquo;est bless\u00e9e.<\/p>\n<p><img decoding=\"async\" class=\"wp-image-1946 size-full aligncenter\" src=\"https:\/\/stourm.news\/wp-content\/uploads\/2024\/08\/Capture-decran-2024-08-07-a-18.33.12.png\" alt=\"\" width=\"816\" height=\"524\" srcset=\"https:\/\/stourm.news\/wp-content\/uploads\/2024\/08\/Capture-decran-2024-08-07-a-18.33.12.png 816w, https:\/\/stourm.news\/wp-content\/uploads\/2024\/08\/Capture-decran-2024-08-07-a-18.33.12-300x193.png 300w, https:\/\/stourm.news\/wp-content\/uploads\/2024\/08\/Capture-decran-2024-08-07-a-18.33.12-768x493.png 768w\" sizes=\"(max-width: 816px) 100vw, 816px\" \/><\/p>\n<p style=\"text-align: justify;\">Dans une lettre envoy\u00e9e \u00e0 la presse pour revendiquer l&rsquo;action, le signataire Gwenn ha Du indique : \u00ab Nous ouvrons la lutte pour <strong>l&rsquo;ind\u00e9pendance<\/strong> de notre pays en ce jour anniversaire de notre annexion par la destruction du symbole de notre asservissement qui tr\u00f4ne au centre de notre capitale. \u00bb. D&rsquo;autres activistes, en plus de Lain\u00e9, composent le groupe \u00e0 cette \u00e9poque, comme Le Helloco ou Fant Rozec.<\/p>\n<p style=\"text-align: justify;\">La destruction de ce monument de propagande infamant est depuis devenu un des symboles de la r\u00e9sistance \u00e0 l&rsquo;occupation fran\u00e7aise pour l&rsquo;Emsav.<\/p>\n<p><img decoding=\"async\" class=\"alignnone size-medium\" src=\"https:\/\/upload.wikimedia.org\/wikipedia\/commons\/thumb\/1\/15\/L%27Heure_bretonne_-_8_ao%C3%BBt_1942.jpg\/1024px-L%27Heure_bretonne_-_8_ao%C3%BBt_1942.jpg\" width=\"1024\" height=\"1491\" \/><\/p>\n<p>Bretons, souvenons-nous !<\/p>\n<p style=\"text-align: right;\"><strong>Ewen Broc&rsquo;han<\/strong><\/p>\n","protected":false},"excerpt":{"rendered":"<p>Le 7 ao\u00fbt 1932, l&rsquo;organisation Gwenn ha Du lave l&rsquo;honneur de la nation bretonne en faisant sauter \u00e0 Rennes le monument c\u00e9l\u00e9brant l&rsquo;annexion de la Bretagne par les Fran\u00e7ais. La statue est une \u0153uvre de propagande de Jean Boucher repr\u00e9sentant la duchesse Anne de Bretagne agenouill\u00e9e devant le roi de France Charles VIII, et symbolisant [&hellip;]<\/p>\n","protected":false},"author":1,"featured_media":1948,"comment_status":"open","ping_status":"open","sticky":false,"template":"","format":"standard","meta":{"sb_editor_width":"","footnotes":""},"categories":[58,74,50],"tags":[],"class_list":["post-1943","post","type-post","status-publish","format-standard","has-post-thumbnail","hentry","category-breizh","category-emsav","category-histoire-de-bretagne"],"relative_dates":{"created":"2 ans ago","modified":"2 ans ago"},"yoast_head":"<!-- This site is optimized with the Yoast SEO plugin v26.3 - https:\/\/yoast.com\/wordpress\/plugins\/seo\/ -->\n<title>7 ao\u00fbt 1932 : le groupe arm\u00e9 Gwenn ha Du d\u00e9truit l&#039;inf\u00e2me monument c\u00e9l\u00e9brant l&#039;annexion de la Bretagne - STOURM<\/title>\n<meta name=\"robots\" content=\"index, follow, max-snippet:-1, max-image-preview:large, max-video-preview:-1\" \/>\n<link rel=\"canonical\" href=\"https:\/\/stourm.news\/?p=1943\" \/>\n<meta property=\"og:locale\" content=\"fr_FR\" \/>\n<meta property=\"og:type\" content=\"article\" \/>\n<meta property=\"og:title\" content=\"7 ao\u00fbt 1932 : le groupe arm\u00e9 Gwenn ha Du d\u00e9truit l&#039;inf\u00e2me monument c\u00e9l\u00e9brant l&#039;annexion de la Bretagne - STOURM\" \/>\n<meta property=\"og:description\" content=\"Le 7 ao\u00fbt 1932, l&rsquo;organisation Gwenn ha Du lave l&rsquo;honneur de la nation bretonne en faisant sauter \u00e0 Rennes le monument c\u00e9l\u00e9brant l&rsquo;annexion de la Bretagne par les Fran\u00e7ais. La statue est une \u0153uvre de propagande de Jean Boucher repr\u00e9sentant la duchesse Anne de Bretagne agenouill\u00e9e devant le roi de France Charles VIII, et symbolisant [&hellip;]\" \/>\n<meta property=\"og:url\" content=\"https:\/\/stourm.news\/?p=1943\" \/>\n<meta property=\"og:site_name\" content=\"STOURM\" \/>\n<meta property=\"article:publisher\" content=\"https:\/\/www.facebook.com\/stourmnews\/\" \/>\n<meta property=\"article:published_time\" content=\"2024-08-07T10:17:58+00:00\" \/>\n<meta property=\"og:image\" content=\"https:\/\/stourm.news\/wp-content\/uploads\/2024\/08\/Designer-2024-08-07T191652.750.jpeg\" \/>\n\t<meta property=\"og:image:width\" content=\"1024\" \/>\n\t<meta property=\"og:image:height\" content=\"1024\" \/>\n\t<meta property=\"og:image:type\" content=\"image\/jpeg\" \/>\n<meta name=\"author\" content=\"La r\u00e9daction\" \/>\n<meta name=\"twitter:card\" content=\"summary_large_image\" \/>\n<meta name=\"twitter:label1\" content=\"\u00c9crit par\" \/>\n\t<meta name=\"twitter:data1\" content=\"La r\u00e9daction\" \/>\n\t<meta name=\"twitter:label2\" content=\"Dur\u00e9e de lecture estim\u00e9e\" \/>\n\t<meta name=\"twitter:data2\" content=\"3 minutes\" \/>\n<script type=\"application\/ld+json\" class=\"yoast-schema-graph\">{\"@context\":\"https:\/\/schema.org\",\"@graph\":[{\"@type\":\"Article\",\"@id\":\"https:\/\/stourm.news\/?p=1943#article\",\"isPartOf\":{\"@id\":\"https:\/\/stourm.news\/?p=1943\"},\"author\":{\"name\":\"La r\u00e9daction\",\"@id\":\"https:\/\/stourm.news\/#\/schema\/person\/c3e1dc65988632e190969234ef046cf9\"},\"headline\":\"7 ao\u00fbt 1932 : le groupe arm\u00e9 Gwenn ha Du d\u00e9truit l&rsquo;inf\u00e2me monument c\u00e9l\u00e9brant l&rsquo;annexion de la Bretagne\",\"datePublished\":\"2024-08-07T10:17:58+00:00\",\"mainEntityOfPage\":{\"@id\":\"https:\/\/stourm.news\/?p=1943\"},\"wordCount\":493,\"commentCount\":0,\"publisher\":{\"@id\":\"https:\/\/stourm.news\/#organization\"},\"image\":{\"@id\":\"https:\/\/stourm.news\/?p=1943#primaryimage\"},\"thumbnailUrl\":\"https:\/\/stourm.news\/wp-content\/uploads\/2024\/08\/Designer-2024-08-07T191652.750.jpeg\",\"articleSection\":[\"Breizh\",\"Emsav\",\"Histoire de Bretagne\"],\"inLanguage\":\"fr-FR\",\"potentialAction\":[{\"@type\":\"CommentAction\",\"name\":\"Comment\",\"target\":[\"https:\/\/stourm.news\/?p=1943#respond\"]}]},{\"@type\":\"WebPage\",\"@id\":\"https:\/\/stourm.news\/?p=1943\",\"url\":\"https:\/\/stourm.news\/?p=1943\",\"name\":\"7 ao\u00fbt 1932 : le groupe arm\u00e9 Gwenn ha Du d\u00e9truit l'inf\u00e2me monument c\u00e9l\u00e9brant l'annexion de la Bretagne - STOURM\",\"isPartOf\":{\"@id\":\"https:\/\/stourm.news\/#website\"},\"primaryImageOfPage\":{\"@id\":\"https:\/\/stourm.news\/?p=1943#primaryimage\"},\"image\":{\"@id\":\"https:\/\/stourm.news\/?p=1943#primaryimage\"},\"thumbnailUrl\":\"https:\/\/stourm.news\/wp-content\/uploads\/2024\/08\/Designer-2024-08-07T191652.750.jpeg\",\"datePublished\":\"2024-08-07T10:17:58+00:00\",\"breadcrumb\":{\"@id\":\"https:\/\/stourm.news\/?p=1943#breadcrumb\"},\"inLanguage\":\"fr-FR\",\"potentialAction\":[{\"@type\":\"ReadAction\",\"target\":[\"https:\/\/stourm.news\/?p=1943\"]}]},{\"@type\":\"ImageObject\",\"inLanguage\":\"fr-FR\",\"@id\":\"https:\/\/stourm.news\/?p=1943#primaryimage\",\"url\":\"https:\/\/stourm.news\/wp-content\/uploads\/2024\/08\/Designer-2024-08-07T191652.750.jpeg\",\"contentUrl\":\"https:\/\/stourm.news\/wp-content\/uploads\/2024\/08\/Designer-2024-08-07T191652.750.jpeg\",\"width\":1024,\"height\":1024},{\"@type\":\"BreadcrumbList\",\"@id\":\"https:\/\/stourm.news\/?p=1943#breadcrumb\",\"itemListElement\":[{\"@type\":\"ListItem\",\"position\":1,\"name\":\"Accueil\",\"item\":\"https:\/\/stourm.news\/\"},{\"@type\":\"ListItem\",\"position\":2,\"name\":\"7 ao\u00fbt 1932 : le groupe arm\u00e9 Gwenn ha Du d\u00e9truit l&rsquo;inf\u00e2me monument c\u00e9l\u00e9brant l&rsquo;annexion de la Bretagne\"}]},{\"@type\":\"WebSite\",\"@id\":\"https:\/\/stourm.news\/#website\",\"url\":\"https:\/\/stourm.news\/\",\"name\":\"Stourm\",\"description\":\"Kazetenn Strollad Broadel Breizh\",\"publisher\":{\"@id\":\"https:\/\/stourm.news\/#organization\"},\"potentialAction\":[{\"@type\":\"SearchAction\",\"target\":{\"@type\":\"EntryPoint\",\"urlTemplate\":\"https:\/\/stourm.news\/?s={search_term_string}\"},\"query-input\":{\"@type\":\"PropertyValueSpecification\",\"valueRequired\":true,\"valueName\":\"search_term_string\"}}],\"inLanguage\":\"fr-FR\"},{\"@type\":\"Organization\",\"@id\":\"https:\/\/stourm.news\/#organization\",\"name\":\"Stourm\",\"url\":\"https:\/\/stourm.news\/\",\"logo\":{\"@type\":\"ImageObject\",\"inLanguage\":\"fr-FR\",\"@id\":\"https:\/\/stourm.news\/#\/schema\/logo\/image\/\",\"url\":\"https:\/\/stourm.news\/wp-content\/uploads\/2025\/11\/cropped-Capture-decran-2025-11-28-a-15.19.07.png\",\"contentUrl\":\"https:\/\/stourm.news\/wp-content\/uploads\/2025\/11\/cropped-Capture-decran-2025-11-28-a-15.19.07.png\",\"width\":1855,\"height\":383,\"caption\":\"Stourm\"},\"image\":{\"@id\":\"https:\/\/stourm.news\/#\/schema\/logo\/image\/\"},\"sameAs\":[\"https:\/\/www.facebook.com\/stourmnews\/\"]},{\"@type\":\"Person\",\"@id\":\"https:\/\/stourm.news\/#\/schema\/person\/c3e1dc65988632e190969234ef046cf9\",\"name\":\"La r\u00e9daction\",\"image\":{\"@type\":\"ImageObject\",\"inLanguage\":\"fr-FR\",\"@id\":\"https:\/\/stourm.news\/#\/schema\/person\/image\/\",\"url\":\"https:\/\/secure.gravatar.com\/avatar\/7463443f194b6b5fb706b074ca0ef59a0cfcfd720cb47764b0ec5a952ce422b3?s=96&d=mm&r=g\",\"contentUrl\":\"https:\/\/secure.gravatar.com\/avatar\/7463443f194b6b5fb706b074ca0ef59a0cfcfd720cb47764b0ec5a952ce422b3?s=96&d=mm&r=g\",\"caption\":\"La r\u00e9daction\"},\"sameAs\":[\"https:\/\/stourm.news\"],\"url\":\"https:\/\/stourm.news\/?author=1\"}]}<\/script>\n<!-- \/ Yoast SEO plugin. -->","yoast_head_json":{"title":"7 ao\u00fbt 1932 : le groupe arm\u00e9 Gwenn ha Du d\u00e9truit l'inf\u00e2me monument c\u00e9l\u00e9brant l'annexion de la Bretagne - STOURM","robots":{"index":"index","follow":"follow","max-snippet":"max-snippet:-1","max-image-preview":"max-image-preview:large","max-video-preview":"max-video-preview:-1"},"canonical":"https:\/\/stourm.news\/?p=1943","og_locale":"fr_FR","og_type":"article","og_title":"7 ao\u00fbt 1932 : le groupe arm\u00e9 Gwenn ha Du d\u00e9truit l'inf\u00e2me monument c\u00e9l\u00e9brant l'annexion de la Bretagne - STOURM","og_description":"Le 7 ao\u00fbt 1932, l&rsquo;organisation Gwenn ha Du lave l&rsquo;honneur de la nation bretonne en faisant sauter \u00e0 Rennes le monument c\u00e9l\u00e9brant l&rsquo;annexion de la Bretagne par les Fran\u00e7ais. La statue est une \u0153uvre de propagande de Jean Boucher repr\u00e9sentant la duchesse Anne de Bretagne agenouill\u00e9e devant le roi de France Charles VIII, et symbolisant [&hellip;]","og_url":"https:\/\/stourm.news\/?p=1943","og_site_name":"STOURM","article_publisher":"https:\/\/www.facebook.com\/stourmnews\/","article_published_time":"2024-08-07T10:17:58+00:00","og_image":[{"width":1024,"height":1024,"url":"https:\/\/stourm.news\/wp-content\/uploads\/2024\/08\/Designer-2024-08-07T191652.750.jpeg","type":"image\/jpeg"}],"author":"La r\u00e9daction","twitter_card":"summary_large_image","twitter_misc":{"\u00c9crit par":"La r\u00e9daction","Dur\u00e9e de lecture estim\u00e9e":"3 minutes"},"schema":{"@context":"https:\/\/schema.org","@graph":[{"@type":"Article","@id":"https:\/\/stourm.news\/?p=1943#article","isPartOf":{"@id":"https:\/\/stourm.news\/?p=1943"},"author":{"name":"La r\u00e9daction","@id":"https:\/\/stourm.news\/#\/schema\/person\/c3e1dc65988632e190969234ef046cf9"},"headline":"7 ao\u00fbt 1932 : le groupe arm\u00e9 Gwenn ha Du d\u00e9truit l&rsquo;inf\u00e2me monument c\u00e9l\u00e9brant l&rsquo;annexion de la Bretagne","datePublished":"2024-08-07T10:17:58+00:00","mainEntityOfPage":{"@id":"https:\/\/stourm.news\/?p=1943"},"wordCount":493,"commentCount":0,"publisher":{"@id":"https:\/\/stourm.news\/#organization"},"image":{"@id":"https:\/\/stourm.news\/?p=1943#primaryimage"},"thumbnailUrl":"https:\/\/stourm.news\/wp-content\/uploads\/2024\/08\/Designer-2024-08-07T191652.750.jpeg","articleSection":["Breizh","Emsav","Histoire de Bretagne"],"inLanguage":"fr-FR","potentialAction":[{"@type":"CommentAction","name":"Comment","target":["https:\/\/stourm.news\/?p=1943#respond"]}]},{"@type":"WebPage","@id":"https:\/\/stourm.news\/?p=1943","url":"https:\/\/stourm.news\/?p=1943","name":"7 ao\u00fbt 1932 : le groupe arm\u00e9 Gwenn ha Du d\u00e9truit l'inf\u00e2me monument c\u00e9l\u00e9brant l'annexion de la Bretagne - STOURM","isPartOf":{"@id":"https:\/\/stourm.news\/#website"},"primaryImageOfPage":{"@id":"https:\/\/stourm.news\/?p=1943#primaryimage"},"image":{"@id":"https:\/\/stourm.news\/?p=1943#primaryimage"},"thumbnailUrl":"https:\/\/stourm.news\/wp-content\/uploads\/2024\/08\/Designer-2024-08-07T191652.750.jpeg","datePublished":"2024-08-07T10:17:58+00:00","breadcrumb":{"@id":"https:\/\/stourm.news\/?p=1943#breadcrumb"},"inLanguage":"fr-FR","potentialAction":[{"@type":"ReadAction","target":["https:\/\/stourm.news\/?p=1943"]}]},{"@type":"ImageObject","inLanguage":"fr-FR","@id":"https:\/\/stourm.news\/?p=1943#primaryimage","url":"https:\/\/stourm.news\/wp-content\/uploads\/2024\/08\/Designer-2024-08-07T191652.750.jpeg","contentUrl":"https:\/\/stourm.news\/wp-content\/uploads\/2024\/08\/Designer-2024-08-07T191652.750.jpeg","width":1024,"height":1024},{"@type":"BreadcrumbList","@id":"https:\/\/stourm.news\/?p=1943#breadcrumb","itemListElement":[{"@type":"ListItem","position":1,"name":"Accueil","item":"https:\/\/stourm.news\/"},{"@type":"ListItem","position":2,"name":"7 ao\u00fbt 1932 : le groupe arm\u00e9 Gwenn ha Du d\u00e9truit l&rsquo;inf\u00e2me monument c\u00e9l\u00e9brant l&rsquo;annexion de la Bretagne"}]},{"@type":"WebSite","@id":"https:\/\/stourm.news\/#website","url":"https:\/\/stourm.news\/","name":"Stourm","description":"Kazetenn Strollad Broadel Breizh","publisher":{"@id":"https:\/\/stourm.news\/#organization"},"potentialAction":[{"@type":"SearchAction","target":{"@type":"EntryPoint","urlTemplate":"https:\/\/stourm.news\/?s={search_term_string}"},"query-input":{"@type":"PropertyValueSpecification","valueRequired":true,"valueName":"search_term_string"}}],"inLanguage":"fr-FR"},{"@type":"Organization","@id":"https:\/\/stourm.news\/#organization","name":"Stourm","url":"https:\/\/stourm.news\/","logo":{"@type":"ImageObject","inLanguage":"fr-FR","@id":"https:\/\/stourm.news\/#\/schema\/logo\/image\/","url":"https:\/\/stourm.news\/wp-content\/uploads\/2025\/11\/cropped-Capture-decran-2025-11-28-a-15.19.07.png","contentUrl":"https:\/\/stourm.news\/wp-content\/uploads\/2025\/11\/cropped-Capture-decran-2025-11-28-a-15.19.07.png","width":1855,"height":383,"caption":"Stourm"},"image":{"@id":"https:\/\/stourm.news\/#\/schema\/logo\/image\/"},"sameAs":["https:\/\/www.facebook.com\/stourmnews\/"]},{"@type":"Person","@id":"https:\/\/stourm.news\/#\/schema\/person\/c3e1dc65988632e190969234ef046cf9","name":"La r\u00e9daction","image":{"@type":"ImageObject","inLanguage":"fr-FR","@id":"https:\/\/stourm.news\/#\/schema\/person\/image\/","url":"https:\/\/secure.gravatar.com\/avatar\/7463443f194b6b5fb706b074ca0ef59a0cfcfd720cb47764b0ec5a952ce422b3?s=96&d=mm&r=g","contentUrl":"https:\/\/secure.gravatar.com\/avatar\/7463443f194b6b5fb706b074ca0ef59a0cfcfd720cb47764b0ec5a952ce422b3?s=96&d=mm&r=g","caption":"La r\u00e9daction"},"sameAs":["https:\/\/stourm.news"],"url":"https:\/\/stourm.news\/?author=1"}]}},"_links":{"self":[{"href":"https:\/\/stourm.news\/index.php?rest_route=\/wp\/v2\/posts\/1943","targetHints":{"allow":["GET"]}}],"collection":[{"href":"https:\/\/stourm.news\/index.php?rest_route=\/wp\/v2\/posts"}],"about":[{"href":"https:\/\/stourm.news\/index.php?rest_route=\/wp\/v2\/types\/post"}],"author":[{"embeddable":true,"href":"https:\/\/stourm.news\/index.php?rest_route=\/wp\/v2\/users\/1"}],"replies":[{"embeddable":true,"href":"https:\/\/stourm.news\/index.php?rest_route=%2Fwp%2Fv2%2Fcomments&post=1943"}],"version-history":[{"count":1,"href":"https:\/\/stourm.news\/index.php?rest_route=\/wp\/v2\/posts\/1943\/revisions"}],"predecessor-version":[{"id":1949,"href":"https:\/\/stourm.news\/index.php?rest_route=\/wp\/v2\/posts\/1943\/revisions\/1949"}],"wp:featuredmedia":[{"embeddable":true,"href":"https:\/\/stourm.news\/index.php?rest_route=\/wp\/v2\/media\/1948"}],"wp:attachment":[{"href":"https:\/\/stourm.news\/index.php?rest_route=%2Fwp%2Fv2%2Fmedia&parent=1943"}],"wp:term":[{"taxonomy":"category","embeddable":true,"href":"https:\/\/stourm.news\/index.php?rest_route=%2Fwp%2Fv2%2Fcategories&post=1943"},{"taxonomy":"post_tag","embeddable":true,"href":"https:\/\/stourm.news\/index.php?rest_route=%2Fwp%2Fv2%2Ftags&post=1943"}],"curies":[{"name":"wp","href":"https:\/\/api.w.org\/{rel}","templated":true}]}}