{"id":1944,"date":"2024-08-07T11:13:20","date_gmt":"2024-08-07T11:13:20","guid":{"rendered":"https:\/\/stourm.news\/?p=1944"},"modified":"2024-08-07T11:13:20","modified_gmt":"2024-08-07T11:13:20","slug":"morlaix-3-voitures-incendiees-les-elus-constatent","status":"publish","type":"post","link":"https:\/\/stourm.news\/?p=1944","title":{"rendered":"Morlaix : 3 voitures incendi\u00e9es, les \u00e9lus \u00ab\u00a0constatent\u00a0\u00bb"},"content":{"rendered":"<p style=\"text-align: justify;\">L\u2019alerte a \u00e9t\u00e9 donn\u00e9e mercredi 7 ao\u00fbt 2024, \u00e0 3 h 30, \u00e0 la municipalit\u00e9 par le commissariat de Morlaix. Un incendie s\u2019est d\u00e9clar\u00e9 un peu plus t\u00f4t dans la nuit sur la place du Calvaire. <strong>Trois voitures ont pris feu<\/strong> sur le parking jouxtant l\u2019\u00e9cole primaire Corentin-Ca\u00ebr.<\/p>\n<p style=\"text-align: justify;\">Adjointe d\u2019astreinte, Nathalie Barnet s\u2019est rendue sur place quelques minutes apr\u00e8s en avoir \u00e9t\u00e9 inform\u00e9e. \u00ab Le feu \u00e9tait d\u00e9j\u00e0 ma\u00eetris\u00e9 \u00e0 mon arriv\u00e9e et les pompiers avaient quitt\u00e9 les lieux \u00bb, explique-t-elle. L\u2019\u00e9lue ne peut alors que constater des v\u00e9hicules calcin\u00e9s et de la mousse jonchant la voirie, t\u00e9moignant du passage des pompiers.<\/p>\n<p style=\"text-align: justify;\">Source : <a href=\"https:\/\/www.letelegramme.fr\/finistere\/morlaix-29600\/trois-voitures-brulees-dans-la-nuit-place-du-calvaire-a-morlaix-6639557.php\">Le T\u00e9l\u00e9gramme<\/a><\/p>\n","protected":false},"excerpt":{"rendered":"<p>L\u2019alerte a \u00e9t\u00e9 donn\u00e9e mercredi 7 ao\u00fbt 2024, \u00e0 3 h 30, \u00e0 la municipalit\u00e9 par le commissariat de Morlaix. Un incendie s\u2019est d\u00e9clar\u00e9 un peu plus t\u00f4t dans la nuit sur la place du Calvaire. Trois voitures ont pris feu sur le parking jouxtant l\u2019\u00e9cole primaire Corentin-Ca\u00ebr. Adjointe d\u2019astreinte, Nathalie Barnet s\u2019est rendue sur [&hellip;]<\/p>\n","protected":false},"author":1,"featured_media":1951,"comment_status":"open","ping_status":"open","sticky":false,"template":"","format":"standard","meta":{"sb_editor_width":"","footnotes":""},"categories":[52,38,62],"tags":[],"class_list":["post-1944","post","type-post","status-publish","format-standard","has-post-thumbnail","hentry","category-faits-divers","category-finistere","category-revue-de-presse"],"relative_dates":{"created":"2 ans ago","modified":"2 ans ago"},"yoast_head":"<!-- This site is optimized with the Yoast SEO plugin v26.3 - https:\/\/yoast.com\/wordpress\/plugins\/seo\/ -->\n<title>Morlaix : 3 voitures incendi\u00e9es, les \u00e9lus &quot;constatent&quot; - STOURM<\/title>\n<meta name=\"robots\" content=\"index, follow, max-snippet:-1, max-image-preview:large, max-video-preview:-1\" \/>\n<link rel=\"canonical\" href=\"https:\/\/stourm.news\/?p=1944\" \/>\n<meta property=\"og:locale\" content=\"fr_FR\" \/>\n<meta property=\"og:type\" content=\"article\" \/>\n<meta property=\"og:title\" content=\"Morlaix : 3 voitures incendi\u00e9es, les \u00e9lus &quot;constatent&quot; - STOURM\" \/>\n<meta property=\"og:description\" content=\"L\u2019alerte a \u00e9t\u00e9 donn\u00e9e mercredi 7 ao\u00fbt 2024, \u00e0 3 h 30, \u00e0 la municipalit\u00e9 par le commissariat de Morlaix. Un incendie s\u2019est d\u00e9clar\u00e9 un peu plus t\u00f4t dans la nuit sur la place du Calvaire. Trois voitures ont pris feu sur le parking jouxtant l\u2019\u00e9cole primaire Corentin-Ca\u00ebr. Adjointe d\u2019astreinte, Nathalie Barnet s\u2019est rendue sur [&hellip;]\" \/>\n<meta property=\"og:url\" content=\"https:\/\/stourm.news\/?p=1944\" \/>\n<meta property=\"og:site_name\" content=\"STOURM\" \/>\n<meta property=\"article:publisher\" content=\"https:\/\/www.facebook.com\/stourmnews\/\" \/>\n<meta property=\"article:published_time\" content=\"2024-08-07T11:13:20+00:00\" \/>\n<meta property=\"og:image\" content=\"https:\/\/stourm.news\/wp-content\/uploads\/2024\/08\/66b346705515fe7d834ac06a.1.webp\" \/>\n\t<meta property=\"og:image:width\" content=\"1200\" \/>\n\t<meta property=\"og:image:height\" content=\"750\" \/>\n\t<meta property=\"og:image:type\" content=\"image\/webp\" \/>\n<meta name=\"author\" content=\"La r\u00e9daction\" \/>\n<meta name=\"twitter:card\" content=\"summary_large_image\" \/>\n<meta name=\"twitter:label1\" content=\"\u00c9crit par\" \/>\n\t<meta name=\"twitter:data1\" content=\"La r\u00e9daction\" \/>\n\t<meta name=\"twitter:label2\" content=\"Dur\u00e9e de lecture estim\u00e9e\" \/>\n\t<meta name=\"twitter:data2\" content=\"1 minute\" \/>\n<script type=\"application\/ld+json\" class=\"yoast-schema-graph\">{\"@context\":\"https:\/\/schema.org\",\"@graph\":[{\"@type\":\"Article\",\"@id\":\"https:\/\/stourm.news\/?p=1944#article\",\"isPartOf\":{\"@id\":\"https:\/\/stourm.news\/?p=1944\"},\"author\":{\"name\":\"La r\u00e9daction\",\"@id\":\"https:\/\/stourm.news\/#\/schema\/person\/c3e1dc65988632e190969234ef046cf9\"},\"headline\":\"Morlaix : 3 voitures incendi\u00e9es, les \u00e9lus \u00ab\u00a0constatent\u00a0\u00bb\",\"datePublished\":\"2024-08-07T11:13:20+00:00\",\"mainEntityOfPage\":{\"@id\":\"https:\/\/stourm.news\/?p=1944\"},\"wordCount\":124,\"commentCount\":0,\"publisher\":{\"@id\":\"https:\/\/stourm.news\/#organization\"},\"image\":{\"@id\":\"https:\/\/stourm.news\/?p=1944#primaryimage\"},\"thumbnailUrl\":\"https:\/\/stourm.news\/wp-content\/uploads\/2024\/08\/66b346705515fe7d834ac06a.1.webp\",\"articleSection\":[\"Faits divers\",\"Finist\u00e8re\",\"Revue de presse\"],\"inLanguage\":\"fr-FR\",\"potentialAction\":[{\"@type\":\"CommentAction\",\"name\":\"Comment\",\"target\":[\"https:\/\/stourm.news\/?p=1944#respond\"]}]},{\"@type\":\"WebPage\",\"@id\":\"https:\/\/stourm.news\/?p=1944\",\"url\":\"https:\/\/stourm.news\/?p=1944\",\"name\":\"Morlaix : 3 voitures incendi\u00e9es, les \u00e9lus \\\"constatent\\\" - STOURM\",\"isPartOf\":{\"@id\":\"https:\/\/stourm.news\/#website\"},\"primaryImageOfPage\":{\"@id\":\"https:\/\/stourm.news\/?p=1944#primaryimage\"},\"image\":{\"@id\":\"https:\/\/stourm.news\/?p=1944#primaryimage\"},\"thumbnailUrl\":\"https:\/\/stourm.news\/wp-content\/uploads\/2024\/08\/66b346705515fe7d834ac06a.1.webp\",\"datePublished\":\"2024-08-07T11:13:20+00:00\",\"breadcrumb\":{\"@id\":\"https:\/\/stourm.news\/?p=1944#breadcrumb\"},\"inLanguage\":\"fr-FR\",\"potentialAction\":[{\"@type\":\"ReadAction\",\"target\":[\"https:\/\/stourm.news\/?p=1944\"]}]},{\"@type\":\"ImageObject\",\"inLanguage\":\"fr-FR\",\"@id\":\"https:\/\/stourm.news\/?p=1944#primaryimage\",\"url\":\"https:\/\/stourm.news\/wp-content\/uploads\/2024\/08\/66b346705515fe7d834ac06a.1.webp\",\"contentUrl\":\"https:\/\/stourm.news\/wp-content\/uploads\/2024\/08\/66b346705515fe7d834ac06a.1.webp\",\"width\":1200,\"height\":750},{\"@type\":\"BreadcrumbList\",\"@id\":\"https:\/\/stourm.news\/?p=1944#breadcrumb\",\"itemListElement\":[{\"@type\":\"ListItem\",\"position\":1,\"name\":\"Accueil\",\"item\":\"https:\/\/stourm.news\/\"},{\"@type\":\"ListItem\",\"position\":2,\"name\":\"Morlaix : 3 voitures incendi\u00e9es, les \u00e9lus \u00ab\u00a0constatent\u00a0\u00bb\"}]},{\"@type\":\"WebSite\",\"@id\":\"https:\/\/stourm.news\/#website\",\"url\":\"https:\/\/stourm.news\/\",\"name\":\"Stourm\",\"description\":\"Kazetenn Strollad Broadel Breizh\",\"publisher\":{\"@id\":\"https:\/\/stourm.news\/#organization\"},\"potentialAction\":[{\"@type\":\"SearchAction\",\"target\":{\"@type\":\"EntryPoint\",\"urlTemplate\":\"https:\/\/stourm.news\/?s={search_term_string}\"},\"query-input\":{\"@type\":\"PropertyValueSpecification\",\"valueRequired\":true,\"valueName\":\"search_term_string\"}}],\"inLanguage\":\"fr-FR\"},{\"@type\":\"Organization\",\"@id\":\"https:\/\/stourm.news\/#organization\",\"name\":\"Stourm\",\"url\":\"https:\/\/stourm.news\/\",\"logo\":{\"@type\":\"ImageObject\",\"inLanguage\":\"fr-FR\",\"@id\":\"https:\/\/stourm.news\/#\/schema\/logo\/image\/\",\"url\":\"https:\/\/stourm.news\/wp-content\/uploads\/2025\/11\/cropped-Capture-decran-2025-11-28-a-15.19.07.png\",\"contentUrl\":\"https:\/\/stourm.news\/wp-content\/uploads\/2025\/11\/cropped-Capture-decran-2025-11-28-a-15.19.07.png\",\"width\":1855,\"height\":383,\"caption\":\"Stourm\"},\"image\":{\"@id\":\"https:\/\/stourm.news\/#\/schema\/logo\/image\/\"},\"sameAs\":[\"https:\/\/www.facebook.com\/stourmnews\/\"]},{\"@type\":\"Person\",\"@id\":\"https:\/\/stourm.news\/#\/schema\/person\/c3e1dc65988632e190969234ef046cf9\",\"name\":\"La r\u00e9daction\",\"image\":{\"@type\":\"ImageObject\",\"inLanguage\":\"fr-FR\",\"@id\":\"https:\/\/stourm.news\/#\/schema\/person\/image\/\",\"url\":\"https:\/\/secure.gravatar.com\/avatar\/7463443f194b6b5fb706b074ca0ef59a0cfcfd720cb47764b0ec5a952ce422b3?s=96&d=mm&r=g\",\"contentUrl\":\"https:\/\/secure.gravatar.com\/avatar\/7463443f194b6b5fb706b074ca0ef59a0cfcfd720cb47764b0ec5a952ce422b3?s=96&d=mm&r=g\",\"caption\":\"La r\u00e9daction\"},\"sameAs\":[\"https:\/\/stourm.news\"],\"url\":\"https:\/\/stourm.news\/?author=1\"}]}<\/script>\n<!-- \/ Yoast SEO plugin. -->","yoast_head_json":{"title":"Morlaix : 3 voitures incendi\u00e9es, les \u00e9lus \"constatent\" - STOURM","robots":{"index":"index","follow":"follow","max-snippet":"max-snippet:-1","max-image-preview":"max-image-preview:large","max-video-preview":"max-video-preview:-1"},"canonical":"https:\/\/stourm.news\/?p=1944","og_locale":"fr_FR","og_type":"article","og_title":"Morlaix : 3 voitures incendi\u00e9es, les \u00e9lus \"constatent\" - STOURM","og_description":"L\u2019alerte a \u00e9t\u00e9 donn\u00e9e mercredi 7 ao\u00fbt 2024, \u00e0 3 h 30, \u00e0 la municipalit\u00e9 par le commissariat de Morlaix. Un incendie s\u2019est d\u00e9clar\u00e9 un peu plus t\u00f4t dans la nuit sur la place du Calvaire. Trois voitures ont pris feu sur le parking jouxtant l\u2019\u00e9cole primaire Corentin-Ca\u00ebr. Adjointe d\u2019astreinte, Nathalie Barnet s\u2019est rendue sur [&hellip;]","og_url":"https:\/\/stourm.news\/?p=1944","og_site_name":"STOURM","article_publisher":"https:\/\/www.facebook.com\/stourmnews\/","article_published_time":"2024-08-07T11:13:20+00:00","og_image":[{"width":1200,"height":750,"url":"https:\/\/stourm.news\/wp-content\/uploads\/2024\/08\/66b346705515fe7d834ac06a.1.webp","type":"image\/webp"}],"author":"La r\u00e9daction","twitter_card":"summary_large_image","twitter_misc":{"\u00c9crit par":"La r\u00e9daction","Dur\u00e9e de lecture estim\u00e9e":"1 minute"},"schema":{"@context":"https:\/\/schema.org","@graph":[{"@type":"Article","@id":"https:\/\/stourm.news\/?p=1944#article","isPartOf":{"@id":"https:\/\/stourm.news\/?p=1944"},"author":{"name":"La r\u00e9daction","@id":"https:\/\/stourm.news\/#\/schema\/person\/c3e1dc65988632e190969234ef046cf9"},"headline":"Morlaix : 3 voitures incendi\u00e9es, les \u00e9lus \u00ab\u00a0constatent\u00a0\u00bb","datePublished":"2024-08-07T11:13:20+00:00","mainEntityOfPage":{"@id":"https:\/\/stourm.news\/?p=1944"},"wordCount":124,"commentCount":0,"publisher":{"@id":"https:\/\/stourm.news\/#organization"},"image":{"@id":"https:\/\/stourm.news\/?p=1944#primaryimage"},"thumbnailUrl":"https:\/\/stourm.news\/wp-content\/uploads\/2024\/08\/66b346705515fe7d834ac06a.1.webp","articleSection":["Faits divers","Finist\u00e8re","Revue de presse"],"inLanguage":"fr-FR","potentialAction":[{"@type":"CommentAction","name":"Comment","target":["https:\/\/stourm.news\/?p=1944#respond"]}]},{"@type":"WebPage","@id":"https:\/\/stourm.news\/?p=1944","url":"https:\/\/stourm.news\/?p=1944","name":"Morlaix : 3 voitures incendi\u00e9es, les \u00e9lus \"constatent\" - STOURM","isPartOf":{"@id":"https:\/\/stourm.news\/#website"},"primaryImageOfPage":{"@id":"https:\/\/stourm.news\/?p=1944#primaryimage"},"image":{"@id":"https:\/\/stourm.news\/?p=1944#primaryimage"},"thumbnailUrl":"https:\/\/stourm.news\/wp-content\/uploads\/2024\/08\/66b346705515fe7d834ac06a.1.webp","datePublished":"2024-08-07T11:13:20+00:00","breadcrumb":{"@id":"https:\/\/stourm.news\/?p=1944#breadcrumb"},"inLanguage":"fr-FR","potentialAction":[{"@type":"ReadAction","target":["https:\/\/stourm.news\/?p=1944"]}]},{"@type":"ImageObject","inLanguage":"fr-FR","@id":"https:\/\/stourm.news\/?p=1944#primaryimage","url":"https:\/\/stourm.news\/wp-content\/uploads\/2024\/08\/66b346705515fe7d834ac06a.1.webp","contentUrl":"https:\/\/stourm.news\/wp-content\/uploads\/2024\/08\/66b346705515fe7d834ac06a.1.webp","width":1200,"height":750},{"@type":"BreadcrumbList","@id":"https:\/\/stourm.news\/?p=1944#breadcrumb","itemListElement":[{"@type":"ListItem","position":1,"name":"Accueil","item":"https:\/\/stourm.news\/"},{"@type":"ListItem","position":2,"name":"Morlaix : 3 voitures incendi\u00e9es, les \u00e9lus \u00ab\u00a0constatent\u00a0\u00bb"}]},{"@type":"WebSite","@id":"https:\/\/stourm.news\/#website","url":"https:\/\/stourm.news\/","name":"Stourm","description":"Kazetenn Strollad Broadel Breizh","publisher":{"@id":"https:\/\/stourm.news\/#organization"},"potentialAction":[{"@type":"SearchAction","target":{"@type":"EntryPoint","urlTemplate":"https:\/\/stourm.news\/?s={search_term_string}"},"query-input":{"@type":"PropertyValueSpecification","valueRequired":true,"valueName":"search_term_string"}}],"inLanguage":"fr-FR"},{"@type":"Organization","@id":"https:\/\/stourm.news\/#organization","name":"Stourm","url":"https:\/\/stourm.news\/","logo":{"@type":"ImageObject","inLanguage":"fr-FR","@id":"https:\/\/stourm.news\/#\/schema\/logo\/image\/","url":"https:\/\/stourm.news\/wp-content\/uploads\/2025\/11\/cropped-Capture-decran-2025-11-28-a-15.19.07.png","contentUrl":"https:\/\/stourm.news\/wp-content\/uploads\/2025\/11\/cropped-Capture-decran-2025-11-28-a-15.19.07.png","width":1855,"height":383,"caption":"Stourm"},"image":{"@id":"https:\/\/stourm.news\/#\/schema\/logo\/image\/"},"sameAs":["https:\/\/www.facebook.com\/stourmnews\/"]},{"@type":"Person","@id":"https:\/\/stourm.news\/#\/schema\/person\/c3e1dc65988632e190969234ef046cf9","name":"La r\u00e9daction","image":{"@type":"ImageObject","inLanguage":"fr-FR","@id":"https:\/\/stourm.news\/#\/schema\/person\/image\/","url":"https:\/\/secure.gravatar.com\/avatar\/7463443f194b6b5fb706b074ca0ef59a0cfcfd720cb47764b0ec5a952ce422b3?s=96&d=mm&r=g","contentUrl":"https:\/\/secure.gravatar.com\/avatar\/7463443f194b6b5fb706b074ca0ef59a0cfcfd720cb47764b0ec5a952ce422b3?s=96&d=mm&r=g","caption":"La r\u00e9daction"},"sameAs":["https:\/\/stourm.news"],"url":"https:\/\/stourm.news\/?author=1"}]}},"_links":{"self":[{"href":"https:\/\/stourm.news\/index.php?rest_route=\/wp\/v2\/posts\/1944","targetHints":{"allow":["GET"]}}],"collection":[{"href":"https:\/\/stourm.news\/index.php?rest_route=\/wp\/v2\/posts"}],"about":[{"href":"https:\/\/stourm.news\/index.php?rest_route=\/wp\/v2\/types\/post"}],"author":[{"embeddable":true,"href":"https:\/\/stourm.news\/index.php?rest_route=\/wp\/v2\/users\/1"}],"replies":[{"embeddable":true,"href":"https:\/\/stourm.news\/index.php?rest_route=%2Fwp%2Fv2%2Fcomments&post=1944"}],"version-history":[{"count":1,"href":"https:\/\/stourm.news\/index.php?rest_route=\/wp\/v2\/posts\/1944\/revisions"}],"predecessor-version":[{"id":1952,"href":"https:\/\/stourm.news\/index.php?rest_route=\/wp\/v2\/posts\/1944\/revisions\/1952"}],"wp:featuredmedia":[{"embeddable":true,"href":"https:\/\/stourm.news\/index.php?rest_route=\/wp\/v2\/media\/1951"}],"wp:attachment":[{"href":"https:\/\/stourm.news\/index.php?rest_route=%2Fwp%2Fv2%2Fmedia&parent=1944"}],"wp:term":[{"taxonomy":"category","embeddable":true,"href":"https:\/\/stourm.news\/index.php?rest_route=%2Fwp%2Fv2%2Fcategories&post=1944"},{"taxonomy":"post_tag","embeddable":true,"href":"https:\/\/stourm.news\/index.php?rest_route=%2Fwp%2Fv2%2Ftags&post=1944"}],"curies":[{"name":"wp","href":"https:\/\/api.w.org\/{rel}","templated":true}]}}