{"id":1953,"date":"2024-08-07T12:34:21","date_gmt":"2024-08-07T12:34:21","guid":{"rendered":"https:\/\/stourm.news\/?p=1953"},"modified":"2024-08-07T12:42:01","modified_gmt":"2024-08-07T12:42:01","slug":"olivier-siou-lexemple-de-servilite-dun-breton-perdu-a-paris","status":"publish","type":"post","link":"https:\/\/stourm.news\/?p=1953","title":{"rendered":"Olivier Siou, l&rsquo;exemple de servilit\u00e9 d\u2019un Breton perdu \u00e0 Paris"},"content":{"rendered":"<p style=\"text-align: justify;\"><em>Suite \u00e0 un commentaire d&rsquo;Olivier Siou, r\u00e9dacteur en chef de l&rsquo;\u00e9mission T\u00e9l\u00e9 Matin, de France 2, un de nos contributeurs a r\u00e9agi.<\/em><\/p>\n<blockquote class=\"twitter-tweet\" data-conversation=\"none\">\n<p dir=\"ltr\" lang=\"qme\"><a href=\"https:\/\/t.co\/JnY4qwfW9l\">pic.twitter.com\/JnY4qwfW9l<\/a><\/p>\n<p>\u2014 \ud835\udc0e\ud835\udc25\ud835\udc22\ud835\udc2f\ud835\udc22\ud835\udc1e\ud835\udc2b \ud835\udc12\ud835\udc22\ud835\udc28\ud835\udc2e (@oliviersiou1) <a href=\"https:\/\/twitter.com\/oliviersiou1\/status\/1820913470465777935?ref_src=twsrc%5Etfw\">August 6, 2024<\/a><\/p><\/blockquote>\n<p><script async src=\"https:\/\/platform.twitter.com\/widgets.js\" charset=\"utf-8\"><\/script><\/p>\n<p style=\"text-align: justify;\">En lisant le message de ce descendant de Bretons vivant \u00e0 Paris, r\u00e9dacteur de l\u2019\u00e9mission t\u00e9l\u00e9vis\u00e9e \u00ab\u00a0T\u00e9l\u00e9 Matin\u00a0\u00bb de la cha\u00eene France 2, je ne peux m\u2019emp\u00eacher de ressentir une profonde indignation. <strong>\u00ab\u00a0La France les a physiquement sortis du purin et je l\u2019en remercie chaque jour\u00a0\u00bb<\/strong>, dit-il, en parlant de ses grands-parents bretons qui ont appris \u00e0 lire \u00ab\u00a0gr\u00e2ce\u00a0\u00bb \u00e0 l&rsquo;\u00e9cole fran\u00e7aise et de conclure en se disant fier d&rsquo;\u00eatre \u00e0 la fois Fran\u00e7ais et Breton. Mais quelle triste servilit\u00e9 que de remercier ainsi un \u00e9tat oppresseur !<\/p>\n<p style=\"text-align: justify;\">Dire que la Bretagne et les Bretons doivent leur \u00e9ducation et leur \u00e9mancipation \u00e0 la France, c\u2019est insulter l\u2019histoire m\u00eame de notre patrie. Les Bretons ont une longue tradition culturelle et linguistique &#8211; en atteste le Catholicon de 1464, premier dictionnaire en langue bretonne, premier dictionnaire en langue fran\u00e7aise et premier dictionnaire trilingue d&rsquo;Occident &#8211; une tradition qui s\u2019est d\u00e9velopp\u00e9e bien avant l\u2019annexion par la France.<\/p>\n<p><img fetchpriority=\"high\" decoding=\"async\" class=\"alignnone size-medium\" src=\"https:\/\/upload.wikimedia.org\/wikipedia\/commons\/thumb\/e\/ee\/080_Jehan_Lagadeuc_Le_catholicon.jpg\/1920px-080_Jehan_Lagadeuc_Le_catholicon.jpg\" width=\"1920\" height=\"1342\" \/><\/p>\n<p style=\"text-align: center;\"><em>Catholicon, \u00e9dition de 1499, Tr\u00e9guier<\/em><\/p>\n<p style=\"text-align: justify;\">Cette assimilation forc\u00e9e par la France r\u00e9volutionnaire, celle qui a introduit en Bretagne la terreur et la d\u00e9capitation de masse pour nos repr\u00e9sentants les plus respect\u00e9s, n\u2019a pas lib\u00e9r\u00e9 les Bretons du \u00ab\u00a0purin\u00a0\u00bb ; elle les a d\u00e9poss\u00e9d\u00e9s de leur identit\u00e9, de leur langue et de leur fiert\u00e9 nationale.<\/p>\n<p style=\"text-align: justify;\">La mis\u00e8re en Bretagne a une origine bien identifi\u00e9e : l&rsquo;annexion fran\u00e7aise. Ce n&rsquo;est pas parce que la Bretagne \u00e9tait rong\u00e9e par une mis\u00e8re noire que la France a engag\u00e9 un effort militaire constant et massif contre la Bretagne pendant pr\u00e8s de mille ans, poussant nos rois et nos ducs \u00e0 b\u00e2tir une large r\u00e9seau d\u00e9fensif \u00e0 notre fronti\u00e8re orientale qui est encore aujourd&rsquo;hui visible, comme \u00e0 Foug\u00e8res, Clisson ou Nantes &#8211; entre autres. C&rsquo;est parce que puissante et situ\u00e9e strat\u00e9giquement, la Bretagne \u00e9tait au contre prosp\u00e8re et faisait l&rsquo;envie des Fran\u00e7ais.<\/p>\n<p><img decoding=\"async\" class=\"alignnone size-medium\" src=\"http:\/\/www.bcd.bzh\/becedia\/sites\/default\/files\/medias\/dossiers-thematiques\/la-frontiere-orientale-de-la-bretagne\/cartes\/forteresses.jpg\" width=\"800\" height=\"646\" \/><\/p>\n<p style=\"text-align: justify;\">Annex\u00e9e, la Bretagne a encore pu prosp\u00e9rer gr\u00e2ce \u00e0 une autonomie nationale que Paris ne pouvait \u00e9craser d&#8217;embl\u00e9e. Il a fallu attendre la d\u00e9sastreuse politique belliciste de Louis XIV et de son blocus \u00e9conomique contre l&rsquo;Angleterre, \u00e0 la fin du 17e si\u00e8cle, pour que la Bretagne passe progressivement du statut d&rsquo;un des moteurs \u00e9conomiques et financiers de l&rsquo;Europe occidentale &#8211; la Bretagne a la plus grande flotte marchande du continent \u00e0 la veille de son annexion &#8211; \u00e0 celui de r\u00e9gion isol\u00e9e gagn\u00e9e par le sous-d\u00e9veloppement. Priv\u00e9e de la formation d&rsquo;une bourgeoisie nationale au 18e et 19e si\u00e8cle, elle rate tous les stades du d\u00e9veloppement technique et \u00e9conomique qu&rsquo;elle aurait naturellement d\u00fb conna\u00eetre et entre dans une phase aggrav\u00e9e de d\u00e9pendance vis-\u00e0-vis de Paris. La France n&rsquo;a pas \u00ab\u00a0tir\u00e9 du purin\u00a0\u00bb la Bretagne, c&rsquo;est la France qui l&rsquo;a immerg\u00e9e dedans depuis l&rsquo;origine.<\/p>\n<p style=\"text-align: justify;\"><strong>Tra\u00eetres et laquais de l&rsquo;\u00c9tat fran\u00e7ais<\/strong><\/p>\n<p style=\"text-align: justify;\">Promu par le r\u00e9gime r\u00e9publicain, fonci\u00e8rement hostile \u00e0 la Bretagne depuis 1789, ces repr\u00e9sentations d&rsquo;une France r\u00e9volutionnaire \u00ab\u00a0salvatrice\u00a0\u00bb ont plac\u00e9 les Bretons dans un \u00e9tat de sid\u00e9ration collective, mais aussi de soumission sur fond de complexe d&rsquo;inf\u00e9riorit\u00e9 dont leur sauveur n&rsquo;\u00e9tant en r\u00e9alit\u00e9 que la cause premi\u00e8re. Le loyalisme vis-\u00e0-vis de la France en Bretagne n&rsquo;a pour cette raison jamais \u00e9t\u00e9 un fait d&rsquo;\u00e9galit\u00e9, mais un rapport de colonis\u00e9 \u00e0 suzerain, r\u00e9publique ou non.<\/p>\n<p style=\"text-align: justify;\">Comment un Breton peut-il se flatter d\u2019\u00eatre un laquais de l\u2019\u00c9tat fran\u00e7ais, celui-l\u00e0 m\u00eame qui a cherch\u00e9 \u00e0 effacer notre culture et notre langue ? Cette attitude de servilit\u00e9 est non seulement honteuse, mais elle trahit nos anc\u00eatres qui ont combattu pour pr\u00e9server notre identit\u00e9, \u00e0 l&rsquo;instar de La Rouerie, Cadoudal et de nombreux autres, issus de toutes les classes, demeur\u00e9s fid\u00e8les \u00e0 la Bretagne, notre m\u00e8re \u00e0 tous. Les v\u00e9ritables Bretons, ceux qui ne se renient pas pour complaire \u00e0 leurs ma\u00eetres fran\u00e7ais, doivent d\u00e9noncer ces tra\u00eetres qui, par ignorance ou par int\u00e9r\u00eat, soutiennent encore l\u2019oppression fran\u00e7aise.<\/p>\n<p style=\"text-align: justify;\"><strong>Redonner leur fiert\u00e9 aux Bretons<\/strong><\/p>\n<p style=\"text-align: justify;\">Il est imp\u00e9ratif de redonner leur fiert\u00e9 aux Bretons. Pour cela, il faut d\u2019abord reconna\u00eetre notre histoire, nos souffrances et notre r\u00e9silience. Il faut rejeter ce discours de soumission et d\u2019obligation envers la France. La Bretagne a ses propres h\u00e9ros, ses propres r\u00e9ussites. Nous n\u2019avons pas besoin de l\u2019assimilation \u00a0hexagonale pour prosp\u00e9rer, au contraire : nous avons besoin de libert\u00e9 et de reconnaissance.<\/p>\n<p style=\"text-align: justify;\"><strong>L\u2019ind\u00e9pendance comme solution<\/strong><\/p>\n<p style=\"text-align: justify;\">La solution pour la Bretagne est claire : l\u2019ind\u00e9pendance. Se lib\u00e9rer de l\u2019occupation fran\u00e7aise et des tra\u00eetres qui servent la France est une n\u00e9cessit\u00e9. C\u2019est seulement ainsi que nous pourrons v\u00e9ritablement renouer avec notre culture, notre langue et notre dignit\u00e9. Les Bretons doivent se lever contre cette servilit\u00e9 et r\u00e9clamer ce qui leur appartient de droit : <strong>une Bretagne libre, fi\u00e8re et ind\u00e9pendante.<\/strong><\/p>\n<p style=\"text-align: justify;\">Ce n\u2019est qu\u2019en s\u2019\u00e9mancipant de la tutelle fran\u00e7aise que nous pourrons retrouver notre v\u00e9ritable grandeur. Il est temps pour les Bretons de reprendre leur destin en main, de se lib\u00e9rer de ceux qui les oppriment, et de marcher vers un avenir o\u00f9 ils seront enfin ma\u00eetres de leur propre terre.<\/p>\n<p style=\"text-align: right;\"><em><strong>Alan Kerzu<\/strong><\/em><\/p>\n","protected":false},"excerpt":{"rendered":"<p>Suite \u00e0 un commentaire d&rsquo;Olivier Siou, r\u00e9dacteur en chef de l&rsquo;\u00e9mission T\u00e9l\u00e9 Matin, de France 2, un de nos contributeurs a r\u00e9agi. pic.twitter.com\/JnY4qwfW9l \u2014 \ud835\udc0e\ud835\udc25\ud835\udc22\ud835\udc2f\ud835\udc22\ud835\udc1e\ud835\udc2b \ud835\udc12\ud835\udc22\ud835\udc28\ud835\udc2e (@oliviersiou1) August 6, 2024 En lisant le message de ce descendant de Bretons vivant \u00e0 Paris, r\u00e9dacteur de l\u2019\u00e9mission t\u00e9l\u00e9vis\u00e9e \u00ab\u00a0T\u00e9l\u00e9 Matin\u00a0\u00bb de la cha\u00eene France 2, je ne [&hellip;]<\/p>\n","protected":false},"author":1,"featured_media":1954,"comment_status":"open","ping_status":"open","sticky":false,"template":"","format":"standard","meta":{"sb_editor_width":"","footnotes":""},"categories":[63,65,70],"tags":[],"class_list":["post-1953","post","type-post","status-publish","format-standard","has-post-thumbnail","hentry","category-editorial","category-principale","category-tribune"],"relative_dates":{"created":"2 ans ago","modified":"2 ans ago"},"yoast_head":"<!-- This site is optimized with the Yoast SEO plugin v26.3 - https:\/\/yoast.com\/wordpress\/plugins\/seo\/ -->\n<title>Olivier Siou, l&#039;exemple de servilit\u00e9 d\u2019un Breton perdu \u00e0 Paris - STOURM<\/title>\n<meta name=\"robots\" content=\"index, follow, max-snippet:-1, max-image-preview:large, max-video-preview:-1\" \/>\n<link rel=\"canonical\" href=\"https:\/\/stourm.news\/?p=1953\" \/>\n<meta property=\"og:locale\" content=\"fr_FR\" \/>\n<meta property=\"og:type\" content=\"article\" \/>\n<meta property=\"og:title\" content=\"Olivier Siou, l&#039;exemple de servilit\u00e9 d\u2019un Breton perdu \u00e0 Paris - STOURM\" \/>\n<meta property=\"og:description\" content=\"Suite \u00e0 un commentaire d&rsquo;Olivier Siou, r\u00e9dacteur en chef de l&rsquo;\u00e9mission T\u00e9l\u00e9 Matin, de France 2, un de nos contributeurs a r\u00e9agi. pic.twitter.com\/JnY4qwfW9l \u2014 \ud835\udc0e\ud835\udc25\ud835\udc22\ud835\udc2f\ud835\udc22\ud835\udc1e\ud835\udc2b \ud835\udc12\ud835\udc22\ud835\udc28\ud835\udc2e (@oliviersiou1) August 6, 2024 En lisant le message de ce descendant de Bretons vivant \u00e0 Paris, r\u00e9dacteur de l\u2019\u00e9mission t\u00e9l\u00e9vis\u00e9e \u00ab\u00a0T\u00e9l\u00e9 Matin\u00a0\u00bb de la cha\u00eene France 2, je ne [&hellip;]\" \/>\n<meta property=\"og:url\" content=\"https:\/\/stourm.news\/?p=1953\" \/>\n<meta property=\"og:site_name\" content=\"STOURM\" \/>\n<meta property=\"article:publisher\" content=\"https:\/\/www.facebook.com\/stourmnews\/\" \/>\n<meta property=\"article:published_time\" content=\"2024-08-07T12:34:21+00:00\" \/>\n<meta property=\"article:modified_time\" content=\"2024-08-07T12:42:01+00:00\" \/>\n<meta property=\"og:image\" content=\"https:\/\/stourm.news\/wp-content\/uploads\/2024\/08\/olivier-siou.jpg\" \/>\n\t<meta property=\"og:image:width\" content=\"800\" \/>\n\t<meta property=\"og:image:height\" content=\"450\" \/>\n\t<meta property=\"og:image:type\" content=\"image\/jpeg\" \/>\n<meta name=\"author\" content=\"La r\u00e9daction\" \/>\n<meta name=\"twitter:card\" content=\"summary_large_image\" \/>\n<meta name=\"twitter:label1\" content=\"\u00c9crit par\" \/>\n\t<meta name=\"twitter:data1\" content=\"La r\u00e9daction\" \/>\n\t<meta name=\"twitter:label2\" content=\"Dur\u00e9e de lecture estim\u00e9e\" \/>\n\t<meta name=\"twitter:data2\" content=\"5 minutes\" \/>\n<script type=\"application\/ld+json\" class=\"yoast-schema-graph\">{\"@context\":\"https:\/\/schema.org\",\"@graph\":[{\"@type\":\"Article\",\"@id\":\"https:\/\/stourm.news\/?p=1953#article\",\"isPartOf\":{\"@id\":\"https:\/\/stourm.news\/?p=1953\"},\"author\":{\"name\":\"La r\u00e9daction\",\"@id\":\"https:\/\/stourm.news\/#\/schema\/person\/c3e1dc65988632e190969234ef046cf9\"},\"headline\":\"Olivier Siou, l&rsquo;exemple de servilit\u00e9 d\u2019un Breton perdu \u00e0 Paris\",\"datePublished\":\"2024-08-07T12:34:21+00:00\",\"dateModified\":\"2024-08-07T12:42:01+00:00\",\"mainEntityOfPage\":{\"@id\":\"https:\/\/stourm.news\/?p=1953\"},\"wordCount\":972,\"commentCount\":0,\"publisher\":{\"@id\":\"https:\/\/stourm.news\/#organization\"},\"image\":{\"@id\":\"https:\/\/stourm.news\/?p=1953#primaryimage\"},\"thumbnailUrl\":\"https:\/\/stourm.news\/wp-content\/uploads\/2024\/08\/olivier-siou.jpg\",\"articleSection\":[\"Editorial\",\"Principale\",\"Tribune\"],\"inLanguage\":\"fr-FR\",\"potentialAction\":[{\"@type\":\"CommentAction\",\"name\":\"Comment\",\"target\":[\"https:\/\/stourm.news\/?p=1953#respond\"]}]},{\"@type\":\"WebPage\",\"@id\":\"https:\/\/stourm.news\/?p=1953\",\"url\":\"https:\/\/stourm.news\/?p=1953\",\"name\":\"Olivier Siou, l'exemple de servilit\u00e9 d\u2019un Breton perdu \u00e0 Paris - STOURM\",\"isPartOf\":{\"@id\":\"https:\/\/stourm.news\/#website\"},\"primaryImageOfPage\":{\"@id\":\"https:\/\/stourm.news\/?p=1953#primaryimage\"},\"image\":{\"@id\":\"https:\/\/stourm.news\/?p=1953#primaryimage\"},\"thumbnailUrl\":\"https:\/\/stourm.news\/wp-content\/uploads\/2024\/08\/olivier-siou.jpg\",\"datePublished\":\"2024-08-07T12:34:21+00:00\",\"dateModified\":\"2024-08-07T12:42:01+00:00\",\"breadcrumb\":{\"@id\":\"https:\/\/stourm.news\/?p=1953#breadcrumb\"},\"inLanguage\":\"fr-FR\",\"potentialAction\":[{\"@type\":\"ReadAction\",\"target\":[\"https:\/\/stourm.news\/?p=1953\"]}]},{\"@type\":\"ImageObject\",\"inLanguage\":\"fr-FR\",\"@id\":\"https:\/\/stourm.news\/?p=1953#primaryimage\",\"url\":\"https:\/\/stourm.news\/wp-content\/uploads\/2024\/08\/olivier-siou.jpg\",\"contentUrl\":\"https:\/\/stourm.news\/wp-content\/uploads\/2024\/08\/olivier-siou.jpg\",\"width\":800,\"height\":450},{\"@type\":\"BreadcrumbList\",\"@id\":\"https:\/\/stourm.news\/?p=1953#breadcrumb\",\"itemListElement\":[{\"@type\":\"ListItem\",\"position\":1,\"name\":\"Accueil\",\"item\":\"https:\/\/stourm.news\/\"},{\"@type\":\"ListItem\",\"position\":2,\"name\":\"Olivier Siou, l&rsquo;exemple de servilit\u00e9 d\u2019un Breton perdu \u00e0 Paris\"}]},{\"@type\":\"WebSite\",\"@id\":\"https:\/\/stourm.news\/#website\",\"url\":\"https:\/\/stourm.news\/\",\"name\":\"Stourm\",\"description\":\"Kazetenn Strollad Broadel Breizh\",\"publisher\":{\"@id\":\"https:\/\/stourm.news\/#organization\"},\"potentialAction\":[{\"@type\":\"SearchAction\",\"target\":{\"@type\":\"EntryPoint\",\"urlTemplate\":\"https:\/\/stourm.news\/?s={search_term_string}\"},\"query-input\":{\"@type\":\"PropertyValueSpecification\",\"valueRequired\":true,\"valueName\":\"search_term_string\"}}],\"inLanguage\":\"fr-FR\"},{\"@type\":\"Organization\",\"@id\":\"https:\/\/stourm.news\/#organization\",\"name\":\"Stourm\",\"url\":\"https:\/\/stourm.news\/\",\"logo\":{\"@type\":\"ImageObject\",\"inLanguage\":\"fr-FR\",\"@id\":\"https:\/\/stourm.news\/#\/schema\/logo\/image\/\",\"url\":\"https:\/\/stourm.news\/wp-content\/uploads\/2025\/11\/cropped-Capture-decran-2025-11-28-a-15.19.07.png\",\"contentUrl\":\"https:\/\/stourm.news\/wp-content\/uploads\/2025\/11\/cropped-Capture-decran-2025-11-28-a-15.19.07.png\",\"width\":1855,\"height\":383,\"caption\":\"Stourm\"},\"image\":{\"@id\":\"https:\/\/stourm.news\/#\/schema\/logo\/image\/\"},\"sameAs\":[\"https:\/\/www.facebook.com\/stourmnews\/\"]},{\"@type\":\"Person\",\"@id\":\"https:\/\/stourm.news\/#\/schema\/person\/c3e1dc65988632e190969234ef046cf9\",\"name\":\"La r\u00e9daction\",\"image\":{\"@type\":\"ImageObject\",\"inLanguage\":\"fr-FR\",\"@id\":\"https:\/\/stourm.news\/#\/schema\/person\/image\/\",\"url\":\"https:\/\/secure.gravatar.com\/avatar\/7463443f194b6b5fb706b074ca0ef59a0cfcfd720cb47764b0ec5a952ce422b3?s=96&d=mm&r=g\",\"contentUrl\":\"https:\/\/secure.gravatar.com\/avatar\/7463443f194b6b5fb706b074ca0ef59a0cfcfd720cb47764b0ec5a952ce422b3?s=96&d=mm&r=g\",\"caption\":\"La r\u00e9daction\"},\"sameAs\":[\"https:\/\/stourm.news\"],\"url\":\"https:\/\/stourm.news\/?author=1\"}]}<\/script>\n<!-- \/ Yoast SEO plugin. -->","yoast_head_json":{"title":"Olivier Siou, l'exemple de servilit\u00e9 d\u2019un Breton perdu \u00e0 Paris - STOURM","robots":{"index":"index","follow":"follow","max-snippet":"max-snippet:-1","max-image-preview":"max-image-preview:large","max-video-preview":"max-video-preview:-1"},"canonical":"https:\/\/stourm.news\/?p=1953","og_locale":"fr_FR","og_type":"article","og_title":"Olivier Siou, l'exemple de servilit\u00e9 d\u2019un Breton perdu \u00e0 Paris - STOURM","og_description":"Suite \u00e0 un commentaire d&rsquo;Olivier Siou, r\u00e9dacteur en chef de l&rsquo;\u00e9mission T\u00e9l\u00e9 Matin, de France 2, un de nos contributeurs a r\u00e9agi. pic.twitter.com\/JnY4qwfW9l \u2014 \ud835\udc0e\ud835\udc25\ud835\udc22\ud835\udc2f\ud835\udc22\ud835\udc1e\ud835\udc2b \ud835\udc12\ud835\udc22\ud835\udc28\ud835\udc2e (@oliviersiou1) August 6, 2024 En lisant le message de ce descendant de Bretons vivant \u00e0 Paris, r\u00e9dacteur de l\u2019\u00e9mission t\u00e9l\u00e9vis\u00e9e \u00ab\u00a0T\u00e9l\u00e9 Matin\u00a0\u00bb de la cha\u00eene France 2, je ne [&hellip;]","og_url":"https:\/\/stourm.news\/?p=1953","og_site_name":"STOURM","article_publisher":"https:\/\/www.facebook.com\/stourmnews\/","article_published_time":"2024-08-07T12:34:21+00:00","article_modified_time":"2024-08-07T12:42:01+00:00","og_image":[{"width":800,"height":450,"url":"https:\/\/stourm.news\/wp-content\/uploads\/2024\/08\/olivier-siou.jpg","type":"image\/jpeg"}],"author":"La r\u00e9daction","twitter_card":"summary_large_image","twitter_misc":{"\u00c9crit par":"La r\u00e9daction","Dur\u00e9e de lecture estim\u00e9e":"5 minutes"},"schema":{"@context":"https:\/\/schema.org","@graph":[{"@type":"Article","@id":"https:\/\/stourm.news\/?p=1953#article","isPartOf":{"@id":"https:\/\/stourm.news\/?p=1953"},"author":{"name":"La r\u00e9daction","@id":"https:\/\/stourm.news\/#\/schema\/person\/c3e1dc65988632e190969234ef046cf9"},"headline":"Olivier Siou, l&rsquo;exemple de servilit\u00e9 d\u2019un Breton perdu \u00e0 Paris","datePublished":"2024-08-07T12:34:21+00:00","dateModified":"2024-08-07T12:42:01+00:00","mainEntityOfPage":{"@id":"https:\/\/stourm.news\/?p=1953"},"wordCount":972,"commentCount":0,"publisher":{"@id":"https:\/\/stourm.news\/#organization"},"image":{"@id":"https:\/\/stourm.news\/?p=1953#primaryimage"},"thumbnailUrl":"https:\/\/stourm.news\/wp-content\/uploads\/2024\/08\/olivier-siou.jpg","articleSection":["Editorial","Principale","Tribune"],"inLanguage":"fr-FR","potentialAction":[{"@type":"CommentAction","name":"Comment","target":["https:\/\/stourm.news\/?p=1953#respond"]}]},{"@type":"WebPage","@id":"https:\/\/stourm.news\/?p=1953","url":"https:\/\/stourm.news\/?p=1953","name":"Olivier Siou, l'exemple de servilit\u00e9 d\u2019un Breton perdu \u00e0 Paris - STOURM","isPartOf":{"@id":"https:\/\/stourm.news\/#website"},"primaryImageOfPage":{"@id":"https:\/\/stourm.news\/?p=1953#primaryimage"},"image":{"@id":"https:\/\/stourm.news\/?p=1953#primaryimage"},"thumbnailUrl":"https:\/\/stourm.news\/wp-content\/uploads\/2024\/08\/olivier-siou.jpg","datePublished":"2024-08-07T12:34:21+00:00","dateModified":"2024-08-07T12:42:01+00:00","breadcrumb":{"@id":"https:\/\/stourm.news\/?p=1953#breadcrumb"},"inLanguage":"fr-FR","potentialAction":[{"@type":"ReadAction","target":["https:\/\/stourm.news\/?p=1953"]}]},{"@type":"ImageObject","inLanguage":"fr-FR","@id":"https:\/\/stourm.news\/?p=1953#primaryimage","url":"https:\/\/stourm.news\/wp-content\/uploads\/2024\/08\/olivier-siou.jpg","contentUrl":"https:\/\/stourm.news\/wp-content\/uploads\/2024\/08\/olivier-siou.jpg","width":800,"height":450},{"@type":"BreadcrumbList","@id":"https:\/\/stourm.news\/?p=1953#breadcrumb","itemListElement":[{"@type":"ListItem","position":1,"name":"Accueil","item":"https:\/\/stourm.news\/"},{"@type":"ListItem","position":2,"name":"Olivier Siou, l&rsquo;exemple de servilit\u00e9 d\u2019un Breton perdu \u00e0 Paris"}]},{"@type":"WebSite","@id":"https:\/\/stourm.news\/#website","url":"https:\/\/stourm.news\/","name":"Stourm","description":"Kazetenn Strollad Broadel Breizh","publisher":{"@id":"https:\/\/stourm.news\/#organization"},"potentialAction":[{"@type":"SearchAction","target":{"@type":"EntryPoint","urlTemplate":"https:\/\/stourm.news\/?s={search_term_string}"},"query-input":{"@type":"PropertyValueSpecification","valueRequired":true,"valueName":"search_term_string"}}],"inLanguage":"fr-FR"},{"@type":"Organization","@id":"https:\/\/stourm.news\/#organization","name":"Stourm","url":"https:\/\/stourm.news\/","logo":{"@type":"ImageObject","inLanguage":"fr-FR","@id":"https:\/\/stourm.news\/#\/schema\/logo\/image\/","url":"https:\/\/stourm.news\/wp-content\/uploads\/2025\/11\/cropped-Capture-decran-2025-11-28-a-15.19.07.png","contentUrl":"https:\/\/stourm.news\/wp-content\/uploads\/2025\/11\/cropped-Capture-decran-2025-11-28-a-15.19.07.png","width":1855,"height":383,"caption":"Stourm"},"image":{"@id":"https:\/\/stourm.news\/#\/schema\/logo\/image\/"},"sameAs":["https:\/\/www.facebook.com\/stourmnews\/"]},{"@type":"Person","@id":"https:\/\/stourm.news\/#\/schema\/person\/c3e1dc65988632e190969234ef046cf9","name":"La r\u00e9daction","image":{"@type":"ImageObject","inLanguage":"fr-FR","@id":"https:\/\/stourm.news\/#\/schema\/person\/image\/","url":"https:\/\/secure.gravatar.com\/avatar\/7463443f194b6b5fb706b074ca0ef59a0cfcfd720cb47764b0ec5a952ce422b3?s=96&d=mm&r=g","contentUrl":"https:\/\/secure.gravatar.com\/avatar\/7463443f194b6b5fb706b074ca0ef59a0cfcfd720cb47764b0ec5a952ce422b3?s=96&d=mm&r=g","caption":"La r\u00e9daction"},"sameAs":["https:\/\/stourm.news"],"url":"https:\/\/stourm.news\/?author=1"}]}},"_links":{"self":[{"href":"https:\/\/stourm.news\/index.php?rest_route=\/wp\/v2\/posts\/1953","targetHints":{"allow":["GET"]}}],"collection":[{"href":"https:\/\/stourm.news\/index.php?rest_route=\/wp\/v2\/posts"}],"about":[{"href":"https:\/\/stourm.news\/index.php?rest_route=\/wp\/v2\/types\/post"}],"author":[{"embeddable":true,"href":"https:\/\/stourm.news\/index.php?rest_route=\/wp\/v2\/users\/1"}],"replies":[{"embeddable":true,"href":"https:\/\/stourm.news\/index.php?rest_route=%2Fwp%2Fv2%2Fcomments&post=1953"}],"version-history":[{"count":3,"href":"https:\/\/stourm.news\/index.php?rest_route=\/wp\/v2\/posts\/1953\/revisions"}],"predecessor-version":[{"id":1957,"href":"https:\/\/stourm.news\/index.php?rest_route=\/wp\/v2\/posts\/1953\/revisions\/1957"}],"wp:featuredmedia":[{"embeddable":true,"href":"https:\/\/stourm.news\/index.php?rest_route=\/wp\/v2\/media\/1954"}],"wp:attachment":[{"href":"https:\/\/stourm.news\/index.php?rest_route=%2Fwp%2Fv2%2Fmedia&parent=1953"}],"wp:term":[{"taxonomy":"category","embeddable":true,"href":"https:\/\/stourm.news\/index.php?rest_route=%2Fwp%2Fv2%2Fcategories&post=1953"},{"taxonomy":"post_tag","embeddable":true,"href":"https:\/\/stourm.news\/index.php?rest_route=%2Fwp%2Fv2%2Ftags&post=1953"}],"curies":[{"name":"wp","href":"https:\/\/api.w.org\/{rel}","templated":true}]}}