{"id":1958,"date":"2024-08-07T14:32:18","date_gmt":"2024-08-07T14:32:18","guid":{"rendered":"https:\/\/stourm.news\/?p=1958"},"modified":"2024-08-07T14:35:30","modified_gmt":"2024-08-07T14:35:30","slug":"ecosse-lex-premier-ministre-dorigine-pakistanais-qui-trouvait-lecosse-trop-blanche-songe-a-rentrer-au-pakistan-a-cause-de-lislamophobie","status":"publish","type":"post","link":"https:\/\/stourm.news\/?p=1958","title":{"rendered":"\u00c9cosse : l&rsquo;ex-premier ministre d&rsquo;origine pakistanaise qui trouvait l&rsquo;\u00c9cosse \u00ab\u00a0trop blanche\u00a0\u00bb songe \u00e0 rentrer au Pakistan \u00e0 cause de \u00ab\u00a0l&rsquo;islamophobie\u00a0\u00bb"},"content":{"rendered":"<p style=\"text-align: justify;\">En \u00c9cosse, Humza Yousaf, immigr\u00e9 d&rsquo;origine pakistanaise que le parti ind\u00e9pendantiste de gauche radicale avait d\u00e9sign\u00e9 premier ministre, a red\u00e9couvert son pays d&rsquo;origine suite aux manifestations contre la submersion migratoire au Royaume-Uni. Celui qui d\u00e9non\u00e7ait avec virulence l&rsquo;\u00c9cosse comme trop blanche veut d\u00e9sormais rejoindre sa v\u00e9ritable patrie.<\/p>\n<p><a href=\"https:\/\/www.scottishdailyexpress.co.uk\/news\/politics\/humza-yousaf-says-could-raise-33407909\">Scottish Daily Express<\/a> :<\/p>\n<blockquote>\n<p style=\"text-align: justify;\">L&rsquo;ancien premier ministre Humza Yousaf a d\u00e9clar\u00e9 qu&rsquo;il pourrait <strong>quitter l&rsquo;\u00c9cosse et l&rsquo;Europe<\/strong> avec sa famille en raison des \u00e9meutes qui se poursuivent au Royaume-Uni et de la mont\u00e9e de l&rsquo;<strong>\u00ab islamophobie \u00bb<\/strong> dans le pays. Il a critiqu\u00e9 ouvertement les violences qui ont \u00e9clat\u00e9 en Angleterre et au Pays de Galles.<\/p>\n<p style=\"text-align: justify;\">Le leader d\u00e9chu du SNP a r\u00e9cemment accueilli un troisi\u00e8me enfant avec sa femme Nadia El-Nakla, mais il a fait part de ses craintes concernant les troubles croissants qui ne se sont pas encore propag\u00e9s au nord de la fronti\u00e8re. N\u00e9 en \u00c9cosse de parents <strong>pakistanais<\/strong>, il est devenu l&rsquo;ann\u00e9e derni\u00e8re la premi\u00e8re personne de couleur \u00e0 diriger le gouvernement \u00e9cossais.<\/p>\n<p style=\"text-align: justify;\">M. Yousaf a \u00e9t\u00e9 interview\u00e9 dans le cadre de l&rsquo;\u00e9mission Newsagents Podcast, o\u00f9 il a laiss\u00e9 entendre qu&rsquo;il pourrait \u00eatre amen\u00e9<strong> \u00e0 d\u00e9m\u00e9nager au Pakistan<\/strong> pour s&rsquo;\u00e9loigner de l&rsquo;\u00ab horrible \u00bb discours anti-migrants en vigueur au Royaume-Uni.<\/p>\n<p style=\"text-align: justify;\">Il a d\u00e9clar\u00e9 : \u00ab Je suis n\u00e9 en \u00c9cosse, j&rsquo;ai \u00e9t\u00e9 \u00e9lev\u00e9 en \u00c9cosse&#8230; j&rsquo;ai fait mes \u00e9tudes en \u00c9cosse, je viens d&rsquo;accueillir mon troisi\u00e8me enfant en \u00c9cosse, j&rsquo;ai \u00e9t\u00e9 chef du gouvernement \u00e9cossais pendant un peu plus d&rsquo;un an, chef du parti national \u00e9cossais&#8230; <strong>je suis aussi \u00e9cossais qu&rsquo;ils le sont.<\/strong><\/p>\n<p style=\"text-align: justify;\">\u00ab Mais la v\u00e9rit\u00e9, c&rsquo;est que je ne sais pas si mon avenir, celui de ma femme et de mes trois enfants <strong>se d\u00e9roulera ici<\/strong>, en \u00c9cosse, au Royaume-Uni ou m\u00eame en Europe et en Occident, car je suis tr\u00e8s inquiet depuis un certain temps de la mont\u00e9e de <strong>l&rsquo;islamophobie<\/strong>&#8230; de la mont\u00e9e de l&rsquo;extr\u00eame droite motiv\u00e9e par <strong>l&rsquo;islamophobie<\/strong> en Europe, au Royaume-Uni et en Occident.<\/p>\n<p style=\"text-align: justify;\">\u00ab On assiste aujourd&rsquo;hui \u00e0 l&rsquo;aboutissement non pas d&rsquo;ann\u00e9es, mais de d\u00e9cennies de discours anti-migrants et anti-musulmans normalis\u00e9s, qui se manifestent aujourd&rsquo;hui de la mani\u00e8re la plus horrible et la plus violente qui soit. Cela m&rsquo;am\u00e8ne \u00e0 me demander si ma famille a sa place ici au Royaume-Uni ou non.<\/p>\n<p style=\"text-align: justify;\">\u00ab Et d&rsquo;ailleurs, je ne suis pas le seul. J&rsquo;ai re\u00e7u des centaines de messages de la communaut\u00e9 musulmane <strong>disant exactement la m\u00eame chose<\/strong> \u00bb.<\/p>\n<p style=\"text-align: justify;\">Mais aujourd&rsquo;hui, il pense que \u00ab ce n&rsquo;\u00e9tait pas une suggestion si ridicule \u00bb. Il a ajout\u00e9 : \u00ab Je ne sais pas o\u00f9 j&rsquo;irais, l&rsquo;\u00c9cosse est le pays que j&rsquo;aime, et le Royaume-Uni, au fil des d\u00e9cennies, a une histoire compliqu\u00e9e en mati\u00e8re de race, comme beaucoup de pays, mais il a en fait une histoire assez positive \u00e0 raconter sur le multiculturalisme \u00bb.<\/p>\n<p style=\"text-align: justify;\">L&rsquo;ancien premier ministre a d\u00e9j\u00e0 demand\u00e9 <strong>l&rsquo;intervention de l&rsquo;arm\u00e9e<\/strong> en raison de l&rsquo;escalade des \u00e9meutes en Angleterre et en Irlande du Nord, et a qualifi\u00e9 les combats de Rotherham de \u00ab pogrom \u00bb contre les musulmans. Il a \u00e9galement reproch\u00e9 aux hommes politiques de tous bords de \u00ab normaliser les \u00e9meutes d&rsquo;extr\u00eame droite \u00bb.<\/p>\n<\/blockquote>\n<p style=\"text-align: justify;\">Yousaf n&rsquo;a pas \u00e9voqu\u00e9 les nombreuses affaires impliquant des gangs de Pakistanais qui, pendant des ann\u00e9es, ont kidnapp\u00e9 et viol\u00e9 des milliers d&rsquo;enfants britanniques, y compris \u00e0 Rotterdam.<\/p>\n<p><img fetchpriority=\"high\" decoding=\"async\" class=\"alignnone size-medium\" src=\"https:\/\/pbs.twimg.com\/media\/FsVdTzRWwAET6wg.jpg:large\" width=\"2048\" height=\"1578\" \/><\/p>\n<p style=\"text-align: center;\"><em>Humza Yousaf faisant une pri\u00e8re islamique au si\u00e8ge du gouvernement \u00e9cossais<\/em><\/p>\n<p style=\"text-align: justify;\">On constate en tout cas que cet \u00ab\u00a0\u00c9cossais\u00a0\u00bb dispose d&rsquo;un second pays, le Pakistan, ce qui n&rsquo;est pas le cas des descendants de William Wallace. Le mythe antiraciste a v\u00e9cu.<\/p>\n<p style=\"text-align: right;\"><strong>Ewen Broc&rsquo;han<\/strong><\/p>\n","protected":false},"excerpt":{"rendered":"<p>En \u00c9cosse, Humza Yousaf, immigr\u00e9 d&rsquo;origine pakistanaise que le parti ind\u00e9pendantiste de gauche radicale avait d\u00e9sign\u00e9 premier ministre, a red\u00e9couvert son pays d&rsquo;origine suite aux manifestations contre la submersion migratoire au Royaume-Uni. Celui qui d\u00e9non\u00e7ait avec virulence l&rsquo;\u00c9cosse comme trop blanche veut d\u00e9sormais rejoindre sa v\u00e9ritable patrie. Scottish Daily Express : L&rsquo;ancien premier ministre Humza [&hellip;]<\/p>\n","protected":false},"author":1,"featured_media":1962,"comment_status":"open","ping_status":"open","sticky":false,"template":"","format":"standard","meta":{"sb_editor_width":"","footnotes":""},"categories":[33,66,32,65],"tags":[],"class_list":["post-1958","post","type-post","status-publish","format-standard","has-post-thumbnail","hentry","category-immigration","category-international","category-islamisme","category-principale"],"relative_dates":{"created":"2 ans ago","modified":"2 ans ago"},"yoast_head":"<!-- This site is optimized with the Yoast SEO plugin v26.3 - https:\/\/yoast.com\/wordpress\/plugins\/seo\/ -->\n<title>\u00c9cosse : l&#039;ex-premier ministre d&#039;origine pakistanaise qui trouvait l&#039;\u00c9cosse &quot;trop blanche&quot; songe \u00e0 rentrer au Pakistan \u00e0 cause de &quot;l&#039;islamophobie&quot; - STOURM<\/title>\n<meta name=\"robots\" content=\"index, follow, max-snippet:-1, max-image-preview:large, max-video-preview:-1\" \/>\n<link rel=\"canonical\" href=\"https:\/\/stourm.news\/?p=1958\" \/>\n<meta property=\"og:locale\" content=\"fr_FR\" \/>\n<meta property=\"og:type\" content=\"article\" \/>\n<meta property=\"og:title\" content=\"\u00c9cosse : l&#039;ex-premier ministre d&#039;origine pakistanaise qui trouvait l&#039;\u00c9cosse &quot;trop blanche&quot; songe \u00e0 rentrer au Pakistan \u00e0 cause de &quot;l&#039;islamophobie&quot; - STOURM\" \/>\n<meta property=\"og:description\" content=\"En \u00c9cosse, Humza Yousaf, immigr\u00e9 d&rsquo;origine pakistanaise que le parti ind\u00e9pendantiste de gauche radicale avait d\u00e9sign\u00e9 premier ministre, a red\u00e9couvert son pays d&rsquo;origine suite aux manifestations contre la submersion migratoire au Royaume-Uni. Celui qui d\u00e9non\u00e7ait avec virulence l&rsquo;\u00c9cosse comme trop blanche veut d\u00e9sormais rejoindre sa v\u00e9ritable patrie. Scottish Daily Express : L&rsquo;ancien premier ministre Humza [&hellip;]\" \/>\n<meta property=\"og:url\" content=\"https:\/\/stourm.news\/?p=1958\" \/>\n<meta property=\"og:site_name\" content=\"STOURM\" \/>\n<meta property=\"article:publisher\" content=\"https:\/\/www.facebook.com\/stourmnews\/\" \/>\n<meta property=\"article:published_time\" content=\"2024-08-07T14:32:18+00:00\" \/>\n<meta property=\"article:modified_time\" content=\"2024-08-07T14:35:30+00:00\" \/>\n<meta property=\"og:image\" content=\"https:\/\/stourm.news\/wp-content\/uploads\/2024\/08\/Capture-decran-2024-08-07-a-23.35.00.png\" \/>\n\t<meta property=\"og:image:width\" content=\"670\" \/>\n\t<meta property=\"og:image:height\" content=\"508\" \/>\n\t<meta property=\"og:image:type\" content=\"image\/png\" \/>\n<meta name=\"author\" content=\"La r\u00e9daction\" \/>\n<meta name=\"twitter:card\" content=\"summary_large_image\" \/>\n<meta name=\"twitter:label1\" content=\"\u00c9crit par\" \/>\n\t<meta name=\"twitter:data1\" content=\"La r\u00e9daction\" \/>\n\t<meta name=\"twitter:label2\" content=\"Dur\u00e9e de lecture estim\u00e9e\" \/>\n\t<meta name=\"twitter:data2\" content=\"2 minutes\" \/>\n<script type=\"application\/ld+json\" class=\"yoast-schema-graph\">{\"@context\":\"https:\/\/schema.org\",\"@graph\":[{\"@type\":\"Article\",\"@id\":\"https:\/\/stourm.news\/?p=1958#article\",\"isPartOf\":{\"@id\":\"https:\/\/stourm.news\/?p=1958\"},\"author\":{\"name\":\"La r\u00e9daction\",\"@id\":\"https:\/\/stourm.news\/#\/schema\/person\/c3e1dc65988632e190969234ef046cf9\"},\"headline\":\"\u00c9cosse : l&rsquo;ex-premier ministre d&rsquo;origine pakistanaise qui trouvait l&rsquo;\u00c9cosse \u00ab\u00a0trop blanche\u00a0\u00bb songe \u00e0 rentrer au Pakistan \u00e0 cause de \u00ab\u00a0l&rsquo;islamophobie\u00a0\u00bb\",\"datePublished\":\"2024-08-07T14:32:18+00:00\",\"dateModified\":\"2024-08-07T14:35:30+00:00\",\"mainEntityOfPage\":{\"@id\":\"https:\/\/stourm.news\/?p=1958\"},\"wordCount\":671,\"commentCount\":0,\"publisher\":{\"@id\":\"https:\/\/stourm.news\/#organization\"},\"image\":{\"@id\":\"https:\/\/stourm.news\/?p=1958#primaryimage\"},\"thumbnailUrl\":\"https:\/\/stourm.news\/wp-content\/uploads\/2024\/08\/Capture-decran-2024-08-07-a-23.35.00.png\",\"articleSection\":[\"Immigration\",\"International\",\"Islamisme\",\"Principale\"],\"inLanguage\":\"fr-FR\",\"potentialAction\":[{\"@type\":\"CommentAction\",\"name\":\"Comment\",\"target\":[\"https:\/\/stourm.news\/?p=1958#respond\"]}]},{\"@type\":\"WebPage\",\"@id\":\"https:\/\/stourm.news\/?p=1958\",\"url\":\"https:\/\/stourm.news\/?p=1958\",\"name\":\"\u00c9cosse : l'ex-premier ministre d'origine pakistanaise qui trouvait l'\u00c9cosse \\\"trop blanche\\\" songe \u00e0 rentrer au Pakistan \u00e0 cause de \\\"l'islamophobie\\\" - STOURM\",\"isPartOf\":{\"@id\":\"https:\/\/stourm.news\/#website\"},\"primaryImageOfPage\":{\"@id\":\"https:\/\/stourm.news\/?p=1958#primaryimage\"},\"image\":{\"@id\":\"https:\/\/stourm.news\/?p=1958#primaryimage\"},\"thumbnailUrl\":\"https:\/\/stourm.news\/wp-content\/uploads\/2024\/08\/Capture-decran-2024-08-07-a-23.35.00.png\",\"datePublished\":\"2024-08-07T14:32:18+00:00\",\"dateModified\":\"2024-08-07T14:35:30+00:00\",\"breadcrumb\":{\"@id\":\"https:\/\/stourm.news\/?p=1958#breadcrumb\"},\"inLanguage\":\"fr-FR\",\"potentialAction\":[{\"@type\":\"ReadAction\",\"target\":[\"https:\/\/stourm.news\/?p=1958\"]}]},{\"@type\":\"ImageObject\",\"inLanguage\":\"fr-FR\",\"@id\":\"https:\/\/stourm.news\/?p=1958#primaryimage\",\"url\":\"https:\/\/stourm.news\/wp-content\/uploads\/2024\/08\/Capture-decran-2024-08-07-a-23.35.00.png\",\"contentUrl\":\"https:\/\/stourm.news\/wp-content\/uploads\/2024\/08\/Capture-decran-2024-08-07-a-23.35.00.png\",\"width\":670,\"height\":508},{\"@type\":\"BreadcrumbList\",\"@id\":\"https:\/\/stourm.news\/?p=1958#breadcrumb\",\"itemListElement\":[{\"@type\":\"ListItem\",\"position\":1,\"name\":\"Accueil\",\"item\":\"https:\/\/stourm.news\/\"},{\"@type\":\"ListItem\",\"position\":2,\"name\":\"\u00c9cosse : l&rsquo;ex-premier ministre d&rsquo;origine pakistanaise qui trouvait l&rsquo;\u00c9cosse \u00ab\u00a0trop blanche\u00a0\u00bb songe \u00e0 rentrer au Pakistan \u00e0 cause de \u00ab\u00a0l&rsquo;islamophobie\u00a0\u00bb\"}]},{\"@type\":\"WebSite\",\"@id\":\"https:\/\/stourm.news\/#website\",\"url\":\"https:\/\/stourm.news\/\",\"name\":\"Stourm\",\"description\":\"Kazetenn Strollad Broadel Breizh\",\"publisher\":{\"@id\":\"https:\/\/stourm.news\/#organization\"},\"potentialAction\":[{\"@type\":\"SearchAction\",\"target\":{\"@type\":\"EntryPoint\",\"urlTemplate\":\"https:\/\/stourm.news\/?s={search_term_string}\"},\"query-input\":{\"@type\":\"PropertyValueSpecification\",\"valueRequired\":true,\"valueName\":\"search_term_string\"}}],\"inLanguage\":\"fr-FR\"},{\"@type\":\"Organization\",\"@id\":\"https:\/\/stourm.news\/#organization\",\"name\":\"Stourm\",\"url\":\"https:\/\/stourm.news\/\",\"logo\":{\"@type\":\"ImageObject\",\"inLanguage\":\"fr-FR\",\"@id\":\"https:\/\/stourm.news\/#\/schema\/logo\/image\/\",\"url\":\"https:\/\/stourm.news\/wp-content\/uploads\/2025\/11\/cropped-Capture-decran-2025-11-28-a-15.19.07.png\",\"contentUrl\":\"https:\/\/stourm.news\/wp-content\/uploads\/2025\/11\/cropped-Capture-decran-2025-11-28-a-15.19.07.png\",\"width\":1855,\"height\":383,\"caption\":\"Stourm\"},\"image\":{\"@id\":\"https:\/\/stourm.news\/#\/schema\/logo\/image\/\"},\"sameAs\":[\"https:\/\/www.facebook.com\/stourmnews\/\"]},{\"@type\":\"Person\",\"@id\":\"https:\/\/stourm.news\/#\/schema\/person\/c3e1dc65988632e190969234ef046cf9\",\"name\":\"La r\u00e9daction\",\"image\":{\"@type\":\"ImageObject\",\"inLanguage\":\"fr-FR\",\"@id\":\"https:\/\/stourm.news\/#\/schema\/person\/image\/\",\"url\":\"https:\/\/secure.gravatar.com\/avatar\/7463443f194b6b5fb706b074ca0ef59a0cfcfd720cb47764b0ec5a952ce422b3?s=96&d=mm&r=g\",\"contentUrl\":\"https:\/\/secure.gravatar.com\/avatar\/7463443f194b6b5fb706b074ca0ef59a0cfcfd720cb47764b0ec5a952ce422b3?s=96&d=mm&r=g\",\"caption\":\"La r\u00e9daction\"},\"sameAs\":[\"https:\/\/stourm.news\"],\"url\":\"https:\/\/stourm.news\/?author=1\"}]}<\/script>\n<!-- \/ Yoast SEO plugin. -->","yoast_head_json":{"title":"\u00c9cosse : l'ex-premier ministre d'origine pakistanaise qui trouvait l'\u00c9cosse \"trop blanche\" songe \u00e0 rentrer au Pakistan \u00e0 cause de \"l'islamophobie\" - STOURM","robots":{"index":"index","follow":"follow","max-snippet":"max-snippet:-1","max-image-preview":"max-image-preview:large","max-video-preview":"max-video-preview:-1"},"canonical":"https:\/\/stourm.news\/?p=1958","og_locale":"fr_FR","og_type":"article","og_title":"\u00c9cosse : l'ex-premier ministre d'origine pakistanaise qui trouvait l'\u00c9cosse \"trop blanche\" songe \u00e0 rentrer au Pakistan \u00e0 cause de \"l'islamophobie\" - STOURM","og_description":"En \u00c9cosse, Humza Yousaf, immigr\u00e9 d&rsquo;origine pakistanaise que le parti ind\u00e9pendantiste de gauche radicale avait d\u00e9sign\u00e9 premier ministre, a red\u00e9couvert son pays d&rsquo;origine suite aux manifestations contre la submersion migratoire au Royaume-Uni. Celui qui d\u00e9non\u00e7ait avec virulence l&rsquo;\u00c9cosse comme trop blanche veut d\u00e9sormais rejoindre sa v\u00e9ritable patrie. Scottish Daily Express : L&rsquo;ancien premier ministre Humza [&hellip;]","og_url":"https:\/\/stourm.news\/?p=1958","og_site_name":"STOURM","article_publisher":"https:\/\/www.facebook.com\/stourmnews\/","article_published_time":"2024-08-07T14:32:18+00:00","article_modified_time":"2024-08-07T14:35:30+00:00","og_image":[{"width":670,"height":508,"url":"https:\/\/stourm.news\/wp-content\/uploads\/2024\/08\/Capture-decran-2024-08-07-a-23.35.00.png","type":"image\/png"}],"author":"La r\u00e9daction","twitter_card":"summary_large_image","twitter_misc":{"\u00c9crit par":"La r\u00e9daction","Dur\u00e9e de lecture estim\u00e9e":"2 minutes"},"schema":{"@context":"https:\/\/schema.org","@graph":[{"@type":"Article","@id":"https:\/\/stourm.news\/?p=1958#article","isPartOf":{"@id":"https:\/\/stourm.news\/?p=1958"},"author":{"name":"La r\u00e9daction","@id":"https:\/\/stourm.news\/#\/schema\/person\/c3e1dc65988632e190969234ef046cf9"},"headline":"\u00c9cosse : l&rsquo;ex-premier ministre d&rsquo;origine pakistanaise qui trouvait l&rsquo;\u00c9cosse \u00ab\u00a0trop blanche\u00a0\u00bb songe \u00e0 rentrer au Pakistan \u00e0 cause de \u00ab\u00a0l&rsquo;islamophobie\u00a0\u00bb","datePublished":"2024-08-07T14:32:18+00:00","dateModified":"2024-08-07T14:35:30+00:00","mainEntityOfPage":{"@id":"https:\/\/stourm.news\/?p=1958"},"wordCount":671,"commentCount":0,"publisher":{"@id":"https:\/\/stourm.news\/#organization"},"image":{"@id":"https:\/\/stourm.news\/?p=1958#primaryimage"},"thumbnailUrl":"https:\/\/stourm.news\/wp-content\/uploads\/2024\/08\/Capture-decran-2024-08-07-a-23.35.00.png","articleSection":["Immigration","International","Islamisme","Principale"],"inLanguage":"fr-FR","potentialAction":[{"@type":"CommentAction","name":"Comment","target":["https:\/\/stourm.news\/?p=1958#respond"]}]},{"@type":"WebPage","@id":"https:\/\/stourm.news\/?p=1958","url":"https:\/\/stourm.news\/?p=1958","name":"\u00c9cosse : l'ex-premier ministre d'origine pakistanaise qui trouvait l'\u00c9cosse \"trop blanche\" songe \u00e0 rentrer au Pakistan \u00e0 cause de \"l'islamophobie\" - STOURM","isPartOf":{"@id":"https:\/\/stourm.news\/#website"},"primaryImageOfPage":{"@id":"https:\/\/stourm.news\/?p=1958#primaryimage"},"image":{"@id":"https:\/\/stourm.news\/?p=1958#primaryimage"},"thumbnailUrl":"https:\/\/stourm.news\/wp-content\/uploads\/2024\/08\/Capture-decran-2024-08-07-a-23.35.00.png","datePublished":"2024-08-07T14:32:18+00:00","dateModified":"2024-08-07T14:35:30+00:00","breadcrumb":{"@id":"https:\/\/stourm.news\/?p=1958#breadcrumb"},"inLanguage":"fr-FR","potentialAction":[{"@type":"ReadAction","target":["https:\/\/stourm.news\/?p=1958"]}]},{"@type":"ImageObject","inLanguage":"fr-FR","@id":"https:\/\/stourm.news\/?p=1958#primaryimage","url":"https:\/\/stourm.news\/wp-content\/uploads\/2024\/08\/Capture-decran-2024-08-07-a-23.35.00.png","contentUrl":"https:\/\/stourm.news\/wp-content\/uploads\/2024\/08\/Capture-decran-2024-08-07-a-23.35.00.png","width":670,"height":508},{"@type":"BreadcrumbList","@id":"https:\/\/stourm.news\/?p=1958#breadcrumb","itemListElement":[{"@type":"ListItem","position":1,"name":"Accueil","item":"https:\/\/stourm.news\/"},{"@type":"ListItem","position":2,"name":"\u00c9cosse : l&rsquo;ex-premier ministre d&rsquo;origine pakistanaise qui trouvait l&rsquo;\u00c9cosse \u00ab\u00a0trop blanche\u00a0\u00bb songe \u00e0 rentrer au Pakistan \u00e0 cause de \u00ab\u00a0l&rsquo;islamophobie\u00a0\u00bb"}]},{"@type":"WebSite","@id":"https:\/\/stourm.news\/#website","url":"https:\/\/stourm.news\/","name":"Stourm","description":"Kazetenn Strollad Broadel Breizh","publisher":{"@id":"https:\/\/stourm.news\/#organization"},"potentialAction":[{"@type":"SearchAction","target":{"@type":"EntryPoint","urlTemplate":"https:\/\/stourm.news\/?s={search_term_string}"},"query-input":{"@type":"PropertyValueSpecification","valueRequired":true,"valueName":"search_term_string"}}],"inLanguage":"fr-FR"},{"@type":"Organization","@id":"https:\/\/stourm.news\/#organization","name":"Stourm","url":"https:\/\/stourm.news\/","logo":{"@type":"ImageObject","inLanguage":"fr-FR","@id":"https:\/\/stourm.news\/#\/schema\/logo\/image\/","url":"https:\/\/stourm.news\/wp-content\/uploads\/2025\/11\/cropped-Capture-decran-2025-11-28-a-15.19.07.png","contentUrl":"https:\/\/stourm.news\/wp-content\/uploads\/2025\/11\/cropped-Capture-decran-2025-11-28-a-15.19.07.png","width":1855,"height":383,"caption":"Stourm"},"image":{"@id":"https:\/\/stourm.news\/#\/schema\/logo\/image\/"},"sameAs":["https:\/\/www.facebook.com\/stourmnews\/"]},{"@type":"Person","@id":"https:\/\/stourm.news\/#\/schema\/person\/c3e1dc65988632e190969234ef046cf9","name":"La r\u00e9daction","image":{"@type":"ImageObject","inLanguage":"fr-FR","@id":"https:\/\/stourm.news\/#\/schema\/person\/image\/","url":"https:\/\/secure.gravatar.com\/avatar\/7463443f194b6b5fb706b074ca0ef59a0cfcfd720cb47764b0ec5a952ce422b3?s=96&d=mm&r=g","contentUrl":"https:\/\/secure.gravatar.com\/avatar\/7463443f194b6b5fb706b074ca0ef59a0cfcfd720cb47764b0ec5a952ce422b3?s=96&d=mm&r=g","caption":"La r\u00e9daction"},"sameAs":["https:\/\/stourm.news"],"url":"https:\/\/stourm.news\/?author=1"}]}},"_links":{"self":[{"href":"https:\/\/stourm.news\/index.php?rest_route=\/wp\/v2\/posts\/1958","targetHints":{"allow":["GET"]}}],"collection":[{"href":"https:\/\/stourm.news\/index.php?rest_route=\/wp\/v2\/posts"}],"about":[{"href":"https:\/\/stourm.news\/index.php?rest_route=\/wp\/v2\/types\/post"}],"author":[{"embeddable":true,"href":"https:\/\/stourm.news\/index.php?rest_route=\/wp\/v2\/users\/1"}],"replies":[{"embeddable":true,"href":"https:\/\/stourm.news\/index.php?rest_route=%2Fwp%2Fv2%2Fcomments&post=1958"}],"version-history":[{"count":2,"href":"https:\/\/stourm.news\/index.php?rest_route=\/wp\/v2\/posts\/1958\/revisions"}],"predecessor-version":[{"id":1961,"href":"https:\/\/stourm.news\/index.php?rest_route=\/wp\/v2\/posts\/1958\/revisions\/1961"}],"wp:featuredmedia":[{"embeddable":true,"href":"https:\/\/stourm.news\/index.php?rest_route=\/wp\/v2\/media\/1962"}],"wp:attachment":[{"href":"https:\/\/stourm.news\/index.php?rest_route=%2Fwp%2Fv2%2Fmedia&parent=1958"}],"wp:term":[{"taxonomy":"category","embeddable":true,"href":"https:\/\/stourm.news\/index.php?rest_route=%2Fwp%2Fv2%2Fcategories&post=1958"},{"taxonomy":"post_tag","embeddable":true,"href":"https:\/\/stourm.news\/index.php?rest_route=%2Fwp%2Fv2%2Ftags&post=1958"}],"curies":[{"name":"wp","href":"https:\/\/api.w.org\/{rel}","templated":true}]}}