{"id":1963,"date":"2024-08-08T09:56:55","date_gmt":"2024-08-08T09:56:55","guid":{"rendered":"https:\/\/stourm.news\/?p=1963"},"modified":"2024-08-08T09:56:55","modified_gmt":"2024-08-08T09:56:55","slug":"rennes-nouveaux-coups-de-feu-dans-les-quartiers-multiculturels-de-cleunay-et-maurepas","status":"publish","type":"post","link":"https:\/\/stourm.news\/?p=1963","title":{"rendered":"Rennes : nouveaux coups de feu dans les quartiers multiculturels de Cleunay et Maurepas"},"content":{"rendered":"<p style=\"text-align: justify;\">Regain de tension en plein c\u0153ur de l\u2019\u00e9t\u00e9 dans les quartiers populaires de Rennes. Deux jours apr\u00e8s des tirs dans le quartier de Maurepas, de nouveaux coups de feu ont \u00e9t\u00e9 entendus, dans la nuit de mercredi 7 \u00e0 jeudi 8 ao\u00fbt, dans les quartiers de Cleunay et de Maurepas.<\/p>\n<p style=\"text-align: justify;\">Dans le quartier de Cleunay, les coups de feu auraient \u00e9t\u00e9 tir\u00e9s en l\u2019air. Selon nos premi\u00e8res informations, il n\u2019y aurait pas de bless\u00e9.<\/p>\n<p style=\"text-align: justify;\">Sollicit\u00e9 par actu Rennes, le parquet de Rennes explique que sont survenues, \u00e0 deux heures d\u2019intervalle, deux s\u00e9quences distinctes de coups de feu :<\/p>\n<p style=\"text-align: justify;\">Vers 23 h 40, dans le secteur de Claunay, un individu circulant \u00e0 bord d\u2019un v\u00e9hicule a sorti une arme de poing par une fen\u00eatre de cette voiture pour faire feu, en l\u2019air, \u00e0 plusieurs reprises.<\/p>\n<p style=\"text-align: justify;\">Vers 1 h 50, \u00e0 Maurepas, des bruits d\u2019armes automatiques ont \u00e9t\u00e9 signal\u00e9s par des riverains.<\/p>\n<p style=\"text-align: justify;\">\u00ab Deux enqu\u00eates sont ouvertes (donnant lieu \u00e0 des recherches de traces et d\u2019indices ainsi qu\u2019\u00e0 des op\u00e9rations de police technique et scientifique), sur lesquelles le parquet n\u2019entend plus communiquer \u00e0 ce stade. \u00bb<\/p>\n<p>Source : <a href=\"https:\/\/actu.fr\/bretagne\/rennes_35238\/rennes-de-nouveaux-coups-de-feu-dans-les-quartiers-cleunay-et-maurepas_61462360.html\">Actu.fr<\/a><\/p>\n","protected":false},"excerpt":{"rendered":"<p>Regain de tension en plein c\u0153ur de l\u2019\u00e9t\u00e9 dans les quartiers populaires de Rennes. Deux jours apr\u00e8s des tirs dans le quartier de Maurepas, de nouveaux coups de feu ont \u00e9t\u00e9 entendus, dans la nuit de mercredi 7 \u00e0 jeudi 8 ao\u00fbt, dans les quartiers de Cleunay et de Maurepas. Dans le quartier de Cleunay, [&hellip;]<\/p>\n","protected":false},"author":1,"featured_media":1964,"comment_status":"open","ping_status":"open","sticky":false,"template":"","format":"standard","meta":{"sb_editor_width":"","footnotes":""},"categories":[52,41,62],"tags":[],"class_list":["post-1963","post","type-post","status-publish","format-standard","has-post-thumbnail","hentry","category-faits-divers","category-ille-et-vilaine","category-revue-de-presse"],"relative_dates":{"created":"2 ans ago","modified":"2 ans ago"},"yoast_head":"<!-- This site is optimized with the Yoast SEO plugin v26.3 - https:\/\/yoast.com\/wordpress\/plugins\/seo\/ -->\n<title>Rennes : nouveaux coups de feu dans les quartiers multiculturels de Cleunay et Maurepas - STOURM<\/title>\n<meta name=\"robots\" content=\"index, follow, max-snippet:-1, max-image-preview:large, max-video-preview:-1\" \/>\n<link rel=\"canonical\" href=\"https:\/\/stourm.news\/?p=1963\" \/>\n<meta property=\"og:locale\" content=\"fr_FR\" \/>\n<meta property=\"og:type\" content=\"article\" \/>\n<meta property=\"og:title\" content=\"Rennes : nouveaux coups de feu dans les quartiers multiculturels de Cleunay et Maurepas - STOURM\" \/>\n<meta property=\"og:description\" content=\"Regain de tension en plein c\u0153ur de l\u2019\u00e9t\u00e9 dans les quartiers populaires de Rennes. Deux jours apr\u00e8s des tirs dans le quartier de Maurepas, de nouveaux coups de feu ont \u00e9t\u00e9 entendus, dans la nuit de mercredi 7 \u00e0 jeudi 8 ao\u00fbt, dans les quartiers de Cleunay et de Maurepas. Dans le quartier de Cleunay, [&hellip;]\" \/>\n<meta property=\"og:url\" content=\"https:\/\/stourm.news\/?p=1963\" \/>\n<meta property=\"og:site_name\" content=\"STOURM\" \/>\n<meta property=\"article:publisher\" content=\"https:\/\/www.facebook.com\/stourmnews\/\" \/>\n<meta property=\"article:published_time\" content=\"2024-08-08T09:56:55+00:00\" \/>\n<meta property=\"og:image\" content=\"https:\/\/stourm.news\/wp-content\/uploads\/2024\/08\/police-rennes-quartier-cleunay-960x640-1.jpg\" \/>\n\t<meta property=\"og:image:width\" content=\"960\" \/>\n\t<meta property=\"og:image:height\" content=\"640\" \/>\n\t<meta property=\"og:image:type\" content=\"image\/jpeg\" \/>\n<meta name=\"author\" content=\"La r\u00e9daction\" \/>\n<meta name=\"twitter:card\" content=\"summary_large_image\" \/>\n<meta name=\"twitter:label1\" content=\"\u00c9crit par\" \/>\n\t<meta name=\"twitter:data1\" content=\"La r\u00e9daction\" \/>\n\t<meta name=\"twitter:label2\" content=\"Dur\u00e9e de lecture estim\u00e9e\" \/>\n\t<meta name=\"twitter:data2\" content=\"1 minute\" \/>\n<script type=\"application\/ld+json\" class=\"yoast-schema-graph\">{\"@context\":\"https:\/\/schema.org\",\"@graph\":[{\"@type\":\"Article\",\"@id\":\"https:\/\/stourm.news\/?p=1963#article\",\"isPartOf\":{\"@id\":\"https:\/\/stourm.news\/?p=1963\"},\"author\":{\"name\":\"La r\u00e9daction\",\"@id\":\"https:\/\/stourm.news\/#\/schema\/person\/c3e1dc65988632e190969234ef046cf9\"},\"headline\":\"Rennes : nouveaux coups de feu dans les quartiers multiculturels de Cleunay et Maurepas\",\"datePublished\":\"2024-08-08T09:56:55+00:00\",\"mainEntityOfPage\":{\"@id\":\"https:\/\/stourm.news\/?p=1963\"},\"wordCount\":204,\"commentCount\":0,\"publisher\":{\"@id\":\"https:\/\/stourm.news\/#organization\"},\"image\":{\"@id\":\"https:\/\/stourm.news\/?p=1963#primaryimage\"},\"thumbnailUrl\":\"https:\/\/stourm.news\/wp-content\/uploads\/2024\/08\/police-rennes-quartier-cleunay-960x640-1.jpg\",\"articleSection\":[\"Faits divers\",\"Ille-et-Vilaine\",\"Revue de presse\"],\"inLanguage\":\"fr-FR\",\"potentialAction\":[{\"@type\":\"CommentAction\",\"name\":\"Comment\",\"target\":[\"https:\/\/stourm.news\/?p=1963#respond\"]}]},{\"@type\":\"WebPage\",\"@id\":\"https:\/\/stourm.news\/?p=1963\",\"url\":\"https:\/\/stourm.news\/?p=1963\",\"name\":\"Rennes : nouveaux coups de feu dans les quartiers multiculturels de Cleunay et Maurepas - STOURM\",\"isPartOf\":{\"@id\":\"https:\/\/stourm.news\/#website\"},\"primaryImageOfPage\":{\"@id\":\"https:\/\/stourm.news\/?p=1963#primaryimage\"},\"image\":{\"@id\":\"https:\/\/stourm.news\/?p=1963#primaryimage\"},\"thumbnailUrl\":\"https:\/\/stourm.news\/wp-content\/uploads\/2024\/08\/police-rennes-quartier-cleunay-960x640-1.jpg\",\"datePublished\":\"2024-08-08T09:56:55+00:00\",\"breadcrumb\":{\"@id\":\"https:\/\/stourm.news\/?p=1963#breadcrumb\"},\"inLanguage\":\"fr-FR\",\"potentialAction\":[{\"@type\":\"ReadAction\",\"target\":[\"https:\/\/stourm.news\/?p=1963\"]}]},{\"@type\":\"ImageObject\",\"inLanguage\":\"fr-FR\",\"@id\":\"https:\/\/stourm.news\/?p=1963#primaryimage\",\"url\":\"https:\/\/stourm.news\/wp-content\/uploads\/2024\/08\/police-rennes-quartier-cleunay-960x640-1.jpg\",\"contentUrl\":\"https:\/\/stourm.news\/wp-content\/uploads\/2024\/08\/police-rennes-quartier-cleunay-960x640-1.jpg\",\"width\":960,\"height\":640},{\"@type\":\"BreadcrumbList\",\"@id\":\"https:\/\/stourm.news\/?p=1963#breadcrumb\",\"itemListElement\":[{\"@type\":\"ListItem\",\"position\":1,\"name\":\"Accueil\",\"item\":\"https:\/\/stourm.news\/\"},{\"@type\":\"ListItem\",\"position\":2,\"name\":\"Rennes : nouveaux coups de feu dans les quartiers multiculturels de Cleunay et Maurepas\"}]},{\"@type\":\"WebSite\",\"@id\":\"https:\/\/stourm.news\/#website\",\"url\":\"https:\/\/stourm.news\/\",\"name\":\"Stourm\",\"description\":\"Kazetenn Strollad Broadel Breizh\",\"publisher\":{\"@id\":\"https:\/\/stourm.news\/#organization\"},\"potentialAction\":[{\"@type\":\"SearchAction\",\"target\":{\"@type\":\"EntryPoint\",\"urlTemplate\":\"https:\/\/stourm.news\/?s={search_term_string}\"},\"query-input\":{\"@type\":\"PropertyValueSpecification\",\"valueRequired\":true,\"valueName\":\"search_term_string\"}}],\"inLanguage\":\"fr-FR\"},{\"@type\":\"Organization\",\"@id\":\"https:\/\/stourm.news\/#organization\",\"name\":\"Stourm\",\"url\":\"https:\/\/stourm.news\/\",\"logo\":{\"@type\":\"ImageObject\",\"inLanguage\":\"fr-FR\",\"@id\":\"https:\/\/stourm.news\/#\/schema\/logo\/image\/\",\"url\":\"https:\/\/stourm.news\/wp-content\/uploads\/2025\/11\/cropped-Capture-decran-2025-11-28-a-15.19.07.png\",\"contentUrl\":\"https:\/\/stourm.news\/wp-content\/uploads\/2025\/11\/cropped-Capture-decran-2025-11-28-a-15.19.07.png\",\"width\":1855,\"height\":383,\"caption\":\"Stourm\"},\"image\":{\"@id\":\"https:\/\/stourm.news\/#\/schema\/logo\/image\/\"},\"sameAs\":[\"https:\/\/www.facebook.com\/stourmnews\/\"]},{\"@type\":\"Person\",\"@id\":\"https:\/\/stourm.news\/#\/schema\/person\/c3e1dc65988632e190969234ef046cf9\",\"name\":\"La r\u00e9daction\",\"image\":{\"@type\":\"ImageObject\",\"inLanguage\":\"fr-FR\",\"@id\":\"https:\/\/stourm.news\/#\/schema\/person\/image\/\",\"url\":\"https:\/\/secure.gravatar.com\/avatar\/7463443f194b6b5fb706b074ca0ef59a0cfcfd720cb47764b0ec5a952ce422b3?s=96&d=mm&r=g\",\"contentUrl\":\"https:\/\/secure.gravatar.com\/avatar\/7463443f194b6b5fb706b074ca0ef59a0cfcfd720cb47764b0ec5a952ce422b3?s=96&d=mm&r=g\",\"caption\":\"La r\u00e9daction\"},\"sameAs\":[\"https:\/\/stourm.news\"],\"url\":\"https:\/\/stourm.news\/?author=1\"}]}<\/script>\n<!-- \/ Yoast SEO plugin. -->","yoast_head_json":{"title":"Rennes : nouveaux coups de feu dans les quartiers multiculturels de Cleunay et Maurepas - STOURM","robots":{"index":"index","follow":"follow","max-snippet":"max-snippet:-1","max-image-preview":"max-image-preview:large","max-video-preview":"max-video-preview:-1"},"canonical":"https:\/\/stourm.news\/?p=1963","og_locale":"fr_FR","og_type":"article","og_title":"Rennes : nouveaux coups de feu dans les quartiers multiculturels de Cleunay et Maurepas - STOURM","og_description":"Regain de tension en plein c\u0153ur de l\u2019\u00e9t\u00e9 dans les quartiers populaires de Rennes. Deux jours apr\u00e8s des tirs dans le quartier de Maurepas, de nouveaux coups de feu ont \u00e9t\u00e9 entendus, dans la nuit de mercredi 7 \u00e0 jeudi 8 ao\u00fbt, dans les quartiers de Cleunay et de Maurepas. Dans le quartier de Cleunay, [&hellip;]","og_url":"https:\/\/stourm.news\/?p=1963","og_site_name":"STOURM","article_publisher":"https:\/\/www.facebook.com\/stourmnews\/","article_published_time":"2024-08-08T09:56:55+00:00","og_image":[{"width":960,"height":640,"url":"https:\/\/stourm.news\/wp-content\/uploads\/2024\/08\/police-rennes-quartier-cleunay-960x640-1.jpg","type":"image\/jpeg"}],"author":"La r\u00e9daction","twitter_card":"summary_large_image","twitter_misc":{"\u00c9crit par":"La r\u00e9daction","Dur\u00e9e de lecture estim\u00e9e":"1 minute"},"schema":{"@context":"https:\/\/schema.org","@graph":[{"@type":"Article","@id":"https:\/\/stourm.news\/?p=1963#article","isPartOf":{"@id":"https:\/\/stourm.news\/?p=1963"},"author":{"name":"La r\u00e9daction","@id":"https:\/\/stourm.news\/#\/schema\/person\/c3e1dc65988632e190969234ef046cf9"},"headline":"Rennes : nouveaux coups de feu dans les quartiers multiculturels de Cleunay et Maurepas","datePublished":"2024-08-08T09:56:55+00:00","mainEntityOfPage":{"@id":"https:\/\/stourm.news\/?p=1963"},"wordCount":204,"commentCount":0,"publisher":{"@id":"https:\/\/stourm.news\/#organization"},"image":{"@id":"https:\/\/stourm.news\/?p=1963#primaryimage"},"thumbnailUrl":"https:\/\/stourm.news\/wp-content\/uploads\/2024\/08\/police-rennes-quartier-cleunay-960x640-1.jpg","articleSection":["Faits divers","Ille-et-Vilaine","Revue de presse"],"inLanguage":"fr-FR","potentialAction":[{"@type":"CommentAction","name":"Comment","target":["https:\/\/stourm.news\/?p=1963#respond"]}]},{"@type":"WebPage","@id":"https:\/\/stourm.news\/?p=1963","url":"https:\/\/stourm.news\/?p=1963","name":"Rennes : nouveaux coups de feu dans les quartiers multiculturels de Cleunay et Maurepas - STOURM","isPartOf":{"@id":"https:\/\/stourm.news\/#website"},"primaryImageOfPage":{"@id":"https:\/\/stourm.news\/?p=1963#primaryimage"},"image":{"@id":"https:\/\/stourm.news\/?p=1963#primaryimage"},"thumbnailUrl":"https:\/\/stourm.news\/wp-content\/uploads\/2024\/08\/police-rennes-quartier-cleunay-960x640-1.jpg","datePublished":"2024-08-08T09:56:55+00:00","breadcrumb":{"@id":"https:\/\/stourm.news\/?p=1963#breadcrumb"},"inLanguage":"fr-FR","potentialAction":[{"@type":"ReadAction","target":["https:\/\/stourm.news\/?p=1963"]}]},{"@type":"ImageObject","inLanguage":"fr-FR","@id":"https:\/\/stourm.news\/?p=1963#primaryimage","url":"https:\/\/stourm.news\/wp-content\/uploads\/2024\/08\/police-rennes-quartier-cleunay-960x640-1.jpg","contentUrl":"https:\/\/stourm.news\/wp-content\/uploads\/2024\/08\/police-rennes-quartier-cleunay-960x640-1.jpg","width":960,"height":640},{"@type":"BreadcrumbList","@id":"https:\/\/stourm.news\/?p=1963#breadcrumb","itemListElement":[{"@type":"ListItem","position":1,"name":"Accueil","item":"https:\/\/stourm.news\/"},{"@type":"ListItem","position":2,"name":"Rennes : nouveaux coups de feu dans les quartiers multiculturels de Cleunay et Maurepas"}]},{"@type":"WebSite","@id":"https:\/\/stourm.news\/#website","url":"https:\/\/stourm.news\/","name":"Stourm","description":"Kazetenn Strollad Broadel Breizh","publisher":{"@id":"https:\/\/stourm.news\/#organization"},"potentialAction":[{"@type":"SearchAction","target":{"@type":"EntryPoint","urlTemplate":"https:\/\/stourm.news\/?s={search_term_string}"},"query-input":{"@type":"PropertyValueSpecification","valueRequired":true,"valueName":"search_term_string"}}],"inLanguage":"fr-FR"},{"@type":"Organization","@id":"https:\/\/stourm.news\/#organization","name":"Stourm","url":"https:\/\/stourm.news\/","logo":{"@type":"ImageObject","inLanguage":"fr-FR","@id":"https:\/\/stourm.news\/#\/schema\/logo\/image\/","url":"https:\/\/stourm.news\/wp-content\/uploads\/2025\/11\/cropped-Capture-decran-2025-11-28-a-15.19.07.png","contentUrl":"https:\/\/stourm.news\/wp-content\/uploads\/2025\/11\/cropped-Capture-decran-2025-11-28-a-15.19.07.png","width":1855,"height":383,"caption":"Stourm"},"image":{"@id":"https:\/\/stourm.news\/#\/schema\/logo\/image\/"},"sameAs":["https:\/\/www.facebook.com\/stourmnews\/"]},{"@type":"Person","@id":"https:\/\/stourm.news\/#\/schema\/person\/c3e1dc65988632e190969234ef046cf9","name":"La r\u00e9daction","image":{"@type":"ImageObject","inLanguage":"fr-FR","@id":"https:\/\/stourm.news\/#\/schema\/person\/image\/","url":"https:\/\/secure.gravatar.com\/avatar\/7463443f194b6b5fb706b074ca0ef59a0cfcfd720cb47764b0ec5a952ce422b3?s=96&d=mm&r=g","contentUrl":"https:\/\/secure.gravatar.com\/avatar\/7463443f194b6b5fb706b074ca0ef59a0cfcfd720cb47764b0ec5a952ce422b3?s=96&d=mm&r=g","caption":"La r\u00e9daction"},"sameAs":["https:\/\/stourm.news"],"url":"https:\/\/stourm.news\/?author=1"}]}},"_links":{"self":[{"href":"https:\/\/stourm.news\/index.php?rest_route=\/wp\/v2\/posts\/1963","targetHints":{"allow":["GET"]}}],"collection":[{"href":"https:\/\/stourm.news\/index.php?rest_route=\/wp\/v2\/posts"}],"about":[{"href":"https:\/\/stourm.news\/index.php?rest_route=\/wp\/v2\/types\/post"}],"author":[{"embeddable":true,"href":"https:\/\/stourm.news\/index.php?rest_route=\/wp\/v2\/users\/1"}],"replies":[{"embeddable":true,"href":"https:\/\/stourm.news\/index.php?rest_route=%2Fwp%2Fv2%2Fcomments&post=1963"}],"version-history":[{"count":1,"href":"https:\/\/stourm.news\/index.php?rest_route=\/wp\/v2\/posts\/1963\/revisions"}],"predecessor-version":[{"id":1965,"href":"https:\/\/stourm.news\/index.php?rest_route=\/wp\/v2\/posts\/1963\/revisions\/1965"}],"wp:featuredmedia":[{"embeddable":true,"href":"https:\/\/stourm.news\/index.php?rest_route=\/wp\/v2\/media\/1964"}],"wp:attachment":[{"href":"https:\/\/stourm.news\/index.php?rest_route=%2Fwp%2Fv2%2Fmedia&parent=1963"}],"wp:term":[{"taxonomy":"category","embeddable":true,"href":"https:\/\/stourm.news\/index.php?rest_route=%2Fwp%2Fv2%2Fcategories&post=1963"},{"taxonomy":"post_tag","embeddable":true,"href":"https:\/\/stourm.news\/index.php?rest_route=%2Fwp%2Fv2%2Ftags&post=1963"}],"curies":[{"name":"wp","href":"https:\/\/api.w.org\/{rel}","templated":true}]}}