{"id":1986,"date":"2024-08-13T14:18:52","date_gmt":"2024-08-13T14:18:52","guid":{"rendered":"https:\/\/stourm.news\/?p=1986"},"modified":"2024-08-13T14:18:52","modified_gmt":"2024-08-13T14:18:52","slug":"a-langonnet-yann-fanch-et-nadine-se-marient-en-langue-bretonne","status":"publish","type":"post","link":"https:\/\/stourm.news\/?p=1986","title":{"rendered":"\u00c0 Langonnet : Yann-Fa\u00f1ch et Nadine se marient en langue bretonne"},"content":{"rendered":"<p style=\"text-align: justify;\">Samedi 10 ao\u00fbt 2024, une c\u00e9r\u00e9monie de mariage, peu banale, a eu lieu au centre culturel An Triskell de Langonnet. Elle a c\u00e9l\u00e9br\u00e9 l\u2019union, en breton et fran\u00e7ais, de Yann-Fa\u00f1ch Le Cras, moniteur-\u00e9ducateur au Lyc\u00e9e Saint-Michel en Priziac et Nadine Rupin, enseignante de breton en primaire bilingue \u00e0 l\u2019\u00e9cole publique de Rostrenen. <strong>\u00ab La langue bretonne fait partie de notre quotidien, elle devait sceller notre amour \u00bb<\/strong> d\u00e9clare le futur mari\u00e9.<\/p>\n<p style=\"text-align: justify;\">Accompagn\u00e9s des sonneurs, Serge Dayou et Simon Le Tout, ils se sont avanc\u00e9s dans la salle des mariages au c\u00f4t\u00e9 de la Maire, une bretonnante, Fran\u00e7oise Guillerm. \u00ab La commune est engag\u00e9e, depuis longtemps, dans la charte Ya d\u2019ar Brezhoneg qui me permet d\u2019assurer ce mariage, explique-t-elle. Degemer mat d\u2019an holl e ti k\u00ear An Langoned, bienvenue \u00e0 tous dans la mairie de Langonnet. Yann-Fa\u00f1ch, hag asanti\u00f1 a rit kemer da bried, Nadine ? Un \u00ab Ya \u00bb bien net a retenti \u00bb. Entendez : \u00ab Yann-Fa\u00f1ch, acceptez-vous de prendre pour \u00e9pouse, Nadine ? Un \u00ab Oui \u00bb bien net \u00bb. Nadine prononce \u00e0 son tour, \u00ab Ya \u00bb d\u2019une voix claire sous les vivats et applaudissements de l\u2019assembl\u00e9e.<\/p>\n<p>Source : <a href=\"https:\/\/www.letelegramme.fr\/morbihan\/langonnet-56630\/a-langonnet-un-mariage-celebre-en-breton-6641898.php\">Le T\u00e9l\u00e9gramme<\/a><\/p>\n","protected":false},"excerpt":{"rendered":"<p>Samedi 10 ao\u00fbt 2024, une c\u00e9r\u00e9monie de mariage, peu banale, a eu lieu au centre culturel An Triskell de Langonnet. Elle a c\u00e9l\u00e9br\u00e9 l\u2019union, en breton et fran\u00e7ais, de Yann-Fa\u00f1ch Le Cras, moniteur-\u00e9ducateur au Lyc\u00e9e Saint-Michel en Priziac et Nadine Rupin, enseignante de breton en primaire bilingue \u00e0 l\u2019\u00e9cole publique de Rostrenen. \u00ab La langue [&hellip;]<\/p>\n","protected":false},"author":1,"featured_media":1987,"comment_status":"open","ping_status":"open","sticky":false,"template":"","format":"standard","meta":{"sb_editor_width":"","footnotes":""},"categories":[43,38,65],"tags":[],"class_list":["post-1986","post","type-post","status-publish","format-standard","has-post-thumbnail","hentry","category-culture-bretonne","category-finistere","category-principale"],"relative_dates":{"created":"2 ans ago","modified":"2 ans ago"},"yoast_head":"<!-- This site is optimized with the Yoast SEO plugin v26.3 - https:\/\/yoast.com\/wordpress\/plugins\/seo\/ -->\n<title>\u00c0 Langonnet : Yann-Fa\u00f1ch et Nadine se marient en langue bretonne - STOURM<\/title>\n<meta name=\"robots\" content=\"index, follow, max-snippet:-1, max-image-preview:large, max-video-preview:-1\" \/>\n<link rel=\"canonical\" href=\"https:\/\/stourm.news\/?p=1986\" \/>\n<meta property=\"og:locale\" content=\"fr_FR\" \/>\n<meta property=\"og:type\" content=\"article\" \/>\n<meta property=\"og:title\" content=\"\u00c0 Langonnet : Yann-Fa\u00f1ch et Nadine se marient en langue bretonne - STOURM\" \/>\n<meta property=\"og:description\" content=\"Samedi 10 ao\u00fbt 2024, une c\u00e9r\u00e9monie de mariage, peu banale, a eu lieu au centre culturel An Triskell de Langonnet. Elle a c\u00e9l\u00e9br\u00e9 l\u2019union, en breton et fran\u00e7ais, de Yann-Fa\u00f1ch Le Cras, moniteur-\u00e9ducateur au Lyc\u00e9e Saint-Michel en Priziac et Nadine Rupin, enseignante de breton en primaire bilingue \u00e0 l\u2019\u00e9cole publique de Rostrenen. \u00ab La langue [&hellip;]\" \/>\n<meta property=\"og:url\" content=\"https:\/\/stourm.news\/?p=1986\" \/>\n<meta property=\"og:site_name\" content=\"STOURM\" \/>\n<meta property=\"article:publisher\" content=\"https:\/\/www.facebook.com\/stourmnews\/\" \/>\n<meta property=\"article:published_time\" content=\"2024-08-13T14:18:52+00:00\" \/>\n<meta property=\"og:image\" content=\"https:\/\/stourm.news\/wp-content\/uploads\/2024\/08\/Capture-decran-2024-08-13-a-23.17.27.png\" \/>\n\t<meta property=\"og:image:width\" content=\"946\" \/>\n\t<meta property=\"og:image:height\" content=\"606\" \/>\n\t<meta property=\"og:image:type\" content=\"image\/png\" \/>\n<meta name=\"author\" content=\"La r\u00e9daction\" \/>\n<meta name=\"twitter:card\" content=\"summary_large_image\" \/>\n<meta name=\"twitter:label1\" content=\"\u00c9crit par\" \/>\n\t<meta name=\"twitter:data1\" content=\"La r\u00e9daction\" \/>\n\t<meta name=\"twitter:label2\" content=\"Dur\u00e9e de lecture estim\u00e9e\" \/>\n\t<meta name=\"twitter:data2\" content=\"1 minute\" \/>\n<script type=\"application\/ld+json\" class=\"yoast-schema-graph\">{\"@context\":\"https:\/\/schema.org\",\"@graph\":[{\"@type\":\"Article\",\"@id\":\"https:\/\/stourm.news\/?p=1986#article\",\"isPartOf\":{\"@id\":\"https:\/\/stourm.news\/?p=1986\"},\"author\":{\"name\":\"La r\u00e9daction\",\"@id\":\"https:\/\/stourm.news\/#\/schema\/person\/c3e1dc65988632e190969234ef046cf9\"},\"headline\":\"\u00c0 Langonnet : Yann-Fa\u00f1ch et Nadine se marient en langue bretonne\",\"datePublished\":\"2024-08-13T14:18:52+00:00\",\"mainEntityOfPage\":{\"@id\":\"https:\/\/stourm.news\/?p=1986\"},\"wordCount\":211,\"commentCount\":0,\"publisher\":{\"@id\":\"https:\/\/stourm.news\/#organization\"},\"image\":{\"@id\":\"https:\/\/stourm.news\/?p=1986#primaryimage\"},\"thumbnailUrl\":\"https:\/\/stourm.news\/wp-content\/uploads\/2024\/08\/Capture-decran-2024-08-13-a-23.17.27.png\",\"articleSection\":[\"Culture bretonne\",\"Finist\u00e8re\",\"Principale\"],\"inLanguage\":\"fr-FR\",\"potentialAction\":[{\"@type\":\"CommentAction\",\"name\":\"Comment\",\"target\":[\"https:\/\/stourm.news\/?p=1986#respond\"]}]},{\"@type\":\"WebPage\",\"@id\":\"https:\/\/stourm.news\/?p=1986\",\"url\":\"https:\/\/stourm.news\/?p=1986\",\"name\":\"\u00c0 Langonnet : Yann-Fa\u00f1ch et Nadine se marient en langue bretonne - STOURM\",\"isPartOf\":{\"@id\":\"https:\/\/stourm.news\/#website\"},\"primaryImageOfPage\":{\"@id\":\"https:\/\/stourm.news\/?p=1986#primaryimage\"},\"image\":{\"@id\":\"https:\/\/stourm.news\/?p=1986#primaryimage\"},\"thumbnailUrl\":\"https:\/\/stourm.news\/wp-content\/uploads\/2024\/08\/Capture-decran-2024-08-13-a-23.17.27.png\",\"datePublished\":\"2024-08-13T14:18:52+00:00\",\"breadcrumb\":{\"@id\":\"https:\/\/stourm.news\/?p=1986#breadcrumb\"},\"inLanguage\":\"fr-FR\",\"potentialAction\":[{\"@type\":\"ReadAction\",\"target\":[\"https:\/\/stourm.news\/?p=1986\"]}]},{\"@type\":\"ImageObject\",\"inLanguage\":\"fr-FR\",\"@id\":\"https:\/\/stourm.news\/?p=1986#primaryimage\",\"url\":\"https:\/\/stourm.news\/wp-content\/uploads\/2024\/08\/Capture-decran-2024-08-13-a-23.17.27.png\",\"contentUrl\":\"https:\/\/stourm.news\/wp-content\/uploads\/2024\/08\/Capture-decran-2024-08-13-a-23.17.27.png\",\"width\":946,\"height\":606},{\"@type\":\"BreadcrumbList\",\"@id\":\"https:\/\/stourm.news\/?p=1986#breadcrumb\",\"itemListElement\":[{\"@type\":\"ListItem\",\"position\":1,\"name\":\"Accueil\",\"item\":\"https:\/\/stourm.news\/\"},{\"@type\":\"ListItem\",\"position\":2,\"name\":\"\u00c0 Langonnet : Yann-Fa\u00f1ch et Nadine se marient en langue bretonne\"}]},{\"@type\":\"WebSite\",\"@id\":\"https:\/\/stourm.news\/#website\",\"url\":\"https:\/\/stourm.news\/\",\"name\":\"Stourm\",\"description\":\"Kazetenn Strollad Broadel Breizh\",\"publisher\":{\"@id\":\"https:\/\/stourm.news\/#organization\"},\"potentialAction\":[{\"@type\":\"SearchAction\",\"target\":{\"@type\":\"EntryPoint\",\"urlTemplate\":\"https:\/\/stourm.news\/?s={search_term_string}\"},\"query-input\":{\"@type\":\"PropertyValueSpecification\",\"valueRequired\":true,\"valueName\":\"search_term_string\"}}],\"inLanguage\":\"fr-FR\"},{\"@type\":\"Organization\",\"@id\":\"https:\/\/stourm.news\/#organization\",\"name\":\"Stourm\",\"url\":\"https:\/\/stourm.news\/\",\"logo\":{\"@type\":\"ImageObject\",\"inLanguage\":\"fr-FR\",\"@id\":\"https:\/\/stourm.news\/#\/schema\/logo\/image\/\",\"url\":\"https:\/\/stourm.news\/wp-content\/uploads\/2025\/11\/cropped-Capture-decran-2025-11-28-a-15.19.07.png\",\"contentUrl\":\"https:\/\/stourm.news\/wp-content\/uploads\/2025\/11\/cropped-Capture-decran-2025-11-28-a-15.19.07.png\",\"width\":1855,\"height\":383,\"caption\":\"Stourm\"},\"image\":{\"@id\":\"https:\/\/stourm.news\/#\/schema\/logo\/image\/\"},\"sameAs\":[\"https:\/\/www.facebook.com\/stourmnews\/\"]},{\"@type\":\"Person\",\"@id\":\"https:\/\/stourm.news\/#\/schema\/person\/c3e1dc65988632e190969234ef046cf9\",\"name\":\"La r\u00e9daction\",\"image\":{\"@type\":\"ImageObject\",\"inLanguage\":\"fr-FR\",\"@id\":\"https:\/\/stourm.news\/#\/schema\/person\/image\/\",\"url\":\"https:\/\/secure.gravatar.com\/avatar\/7463443f194b6b5fb706b074ca0ef59a0cfcfd720cb47764b0ec5a952ce422b3?s=96&d=mm&r=g\",\"contentUrl\":\"https:\/\/secure.gravatar.com\/avatar\/7463443f194b6b5fb706b074ca0ef59a0cfcfd720cb47764b0ec5a952ce422b3?s=96&d=mm&r=g\",\"caption\":\"La r\u00e9daction\"},\"sameAs\":[\"https:\/\/stourm.news\"],\"url\":\"https:\/\/stourm.news\/?author=1\"}]}<\/script>\n<!-- \/ Yoast SEO plugin. -->","yoast_head_json":{"title":"\u00c0 Langonnet : Yann-Fa\u00f1ch et Nadine se marient en langue bretonne - STOURM","robots":{"index":"index","follow":"follow","max-snippet":"max-snippet:-1","max-image-preview":"max-image-preview:large","max-video-preview":"max-video-preview:-1"},"canonical":"https:\/\/stourm.news\/?p=1986","og_locale":"fr_FR","og_type":"article","og_title":"\u00c0 Langonnet : Yann-Fa\u00f1ch et Nadine se marient en langue bretonne - STOURM","og_description":"Samedi 10 ao\u00fbt 2024, une c\u00e9r\u00e9monie de mariage, peu banale, a eu lieu au centre culturel An Triskell de Langonnet. Elle a c\u00e9l\u00e9br\u00e9 l\u2019union, en breton et fran\u00e7ais, de Yann-Fa\u00f1ch Le Cras, moniteur-\u00e9ducateur au Lyc\u00e9e Saint-Michel en Priziac et Nadine Rupin, enseignante de breton en primaire bilingue \u00e0 l\u2019\u00e9cole publique de Rostrenen. \u00ab La langue [&hellip;]","og_url":"https:\/\/stourm.news\/?p=1986","og_site_name":"STOURM","article_publisher":"https:\/\/www.facebook.com\/stourmnews\/","article_published_time":"2024-08-13T14:18:52+00:00","og_image":[{"width":946,"height":606,"url":"https:\/\/stourm.news\/wp-content\/uploads\/2024\/08\/Capture-decran-2024-08-13-a-23.17.27.png","type":"image\/png"}],"author":"La r\u00e9daction","twitter_card":"summary_large_image","twitter_misc":{"\u00c9crit par":"La r\u00e9daction","Dur\u00e9e de lecture estim\u00e9e":"1 minute"},"schema":{"@context":"https:\/\/schema.org","@graph":[{"@type":"Article","@id":"https:\/\/stourm.news\/?p=1986#article","isPartOf":{"@id":"https:\/\/stourm.news\/?p=1986"},"author":{"name":"La r\u00e9daction","@id":"https:\/\/stourm.news\/#\/schema\/person\/c3e1dc65988632e190969234ef046cf9"},"headline":"\u00c0 Langonnet : Yann-Fa\u00f1ch et Nadine se marient en langue bretonne","datePublished":"2024-08-13T14:18:52+00:00","mainEntityOfPage":{"@id":"https:\/\/stourm.news\/?p=1986"},"wordCount":211,"commentCount":0,"publisher":{"@id":"https:\/\/stourm.news\/#organization"},"image":{"@id":"https:\/\/stourm.news\/?p=1986#primaryimage"},"thumbnailUrl":"https:\/\/stourm.news\/wp-content\/uploads\/2024\/08\/Capture-decran-2024-08-13-a-23.17.27.png","articleSection":["Culture bretonne","Finist\u00e8re","Principale"],"inLanguage":"fr-FR","potentialAction":[{"@type":"CommentAction","name":"Comment","target":["https:\/\/stourm.news\/?p=1986#respond"]}]},{"@type":"WebPage","@id":"https:\/\/stourm.news\/?p=1986","url":"https:\/\/stourm.news\/?p=1986","name":"\u00c0 Langonnet : Yann-Fa\u00f1ch et Nadine se marient en langue bretonne - STOURM","isPartOf":{"@id":"https:\/\/stourm.news\/#website"},"primaryImageOfPage":{"@id":"https:\/\/stourm.news\/?p=1986#primaryimage"},"image":{"@id":"https:\/\/stourm.news\/?p=1986#primaryimage"},"thumbnailUrl":"https:\/\/stourm.news\/wp-content\/uploads\/2024\/08\/Capture-decran-2024-08-13-a-23.17.27.png","datePublished":"2024-08-13T14:18:52+00:00","breadcrumb":{"@id":"https:\/\/stourm.news\/?p=1986#breadcrumb"},"inLanguage":"fr-FR","potentialAction":[{"@type":"ReadAction","target":["https:\/\/stourm.news\/?p=1986"]}]},{"@type":"ImageObject","inLanguage":"fr-FR","@id":"https:\/\/stourm.news\/?p=1986#primaryimage","url":"https:\/\/stourm.news\/wp-content\/uploads\/2024\/08\/Capture-decran-2024-08-13-a-23.17.27.png","contentUrl":"https:\/\/stourm.news\/wp-content\/uploads\/2024\/08\/Capture-decran-2024-08-13-a-23.17.27.png","width":946,"height":606},{"@type":"BreadcrumbList","@id":"https:\/\/stourm.news\/?p=1986#breadcrumb","itemListElement":[{"@type":"ListItem","position":1,"name":"Accueil","item":"https:\/\/stourm.news\/"},{"@type":"ListItem","position":2,"name":"\u00c0 Langonnet : Yann-Fa\u00f1ch et Nadine se marient en langue bretonne"}]},{"@type":"WebSite","@id":"https:\/\/stourm.news\/#website","url":"https:\/\/stourm.news\/","name":"Stourm","description":"Kazetenn Strollad Broadel Breizh","publisher":{"@id":"https:\/\/stourm.news\/#organization"},"potentialAction":[{"@type":"SearchAction","target":{"@type":"EntryPoint","urlTemplate":"https:\/\/stourm.news\/?s={search_term_string}"},"query-input":{"@type":"PropertyValueSpecification","valueRequired":true,"valueName":"search_term_string"}}],"inLanguage":"fr-FR"},{"@type":"Organization","@id":"https:\/\/stourm.news\/#organization","name":"Stourm","url":"https:\/\/stourm.news\/","logo":{"@type":"ImageObject","inLanguage":"fr-FR","@id":"https:\/\/stourm.news\/#\/schema\/logo\/image\/","url":"https:\/\/stourm.news\/wp-content\/uploads\/2025\/11\/cropped-Capture-decran-2025-11-28-a-15.19.07.png","contentUrl":"https:\/\/stourm.news\/wp-content\/uploads\/2025\/11\/cropped-Capture-decran-2025-11-28-a-15.19.07.png","width":1855,"height":383,"caption":"Stourm"},"image":{"@id":"https:\/\/stourm.news\/#\/schema\/logo\/image\/"},"sameAs":["https:\/\/www.facebook.com\/stourmnews\/"]},{"@type":"Person","@id":"https:\/\/stourm.news\/#\/schema\/person\/c3e1dc65988632e190969234ef046cf9","name":"La r\u00e9daction","image":{"@type":"ImageObject","inLanguage":"fr-FR","@id":"https:\/\/stourm.news\/#\/schema\/person\/image\/","url":"https:\/\/secure.gravatar.com\/avatar\/7463443f194b6b5fb706b074ca0ef59a0cfcfd720cb47764b0ec5a952ce422b3?s=96&d=mm&r=g","contentUrl":"https:\/\/secure.gravatar.com\/avatar\/7463443f194b6b5fb706b074ca0ef59a0cfcfd720cb47764b0ec5a952ce422b3?s=96&d=mm&r=g","caption":"La r\u00e9daction"},"sameAs":["https:\/\/stourm.news"],"url":"https:\/\/stourm.news\/?author=1"}]}},"_links":{"self":[{"href":"https:\/\/stourm.news\/index.php?rest_route=\/wp\/v2\/posts\/1986","targetHints":{"allow":["GET"]}}],"collection":[{"href":"https:\/\/stourm.news\/index.php?rest_route=\/wp\/v2\/posts"}],"about":[{"href":"https:\/\/stourm.news\/index.php?rest_route=\/wp\/v2\/types\/post"}],"author":[{"embeddable":true,"href":"https:\/\/stourm.news\/index.php?rest_route=\/wp\/v2\/users\/1"}],"replies":[{"embeddable":true,"href":"https:\/\/stourm.news\/index.php?rest_route=%2Fwp%2Fv2%2Fcomments&post=1986"}],"version-history":[{"count":1,"href":"https:\/\/stourm.news\/index.php?rest_route=\/wp\/v2\/posts\/1986\/revisions"}],"predecessor-version":[{"id":1988,"href":"https:\/\/stourm.news\/index.php?rest_route=\/wp\/v2\/posts\/1986\/revisions\/1988"}],"wp:featuredmedia":[{"embeddable":true,"href":"https:\/\/stourm.news\/index.php?rest_route=\/wp\/v2\/media\/1987"}],"wp:attachment":[{"href":"https:\/\/stourm.news\/index.php?rest_route=%2Fwp%2Fv2%2Fmedia&parent=1986"}],"wp:term":[{"taxonomy":"category","embeddable":true,"href":"https:\/\/stourm.news\/index.php?rest_route=%2Fwp%2Fv2%2Fcategories&post=1986"},{"taxonomy":"post_tag","embeddable":true,"href":"https:\/\/stourm.news\/index.php?rest_route=%2Fwp%2Fv2%2Ftags&post=1986"}],"curies":[{"name":"wp","href":"https:\/\/api.w.org\/{rel}","templated":true}]}}