{"id":1989,"date":"2024-08-13T16:30:18","date_gmt":"2024-08-13T16:30:18","guid":{"rendered":"https:\/\/stourm.news\/?p=1989"},"modified":"2024-08-13T16:30:18","modified_gmt":"2024-08-13T16:30:18","slug":"a-brest-quatre-voitures-brulees-dans-la-nuit-de-lundi-a-mardi-dans-le-quartier-habituellement-calme-de-saint-pierre","status":"publish","type":"post","link":"https:\/\/stourm.news\/?p=1989","title":{"rendered":"\u00c0 Brest, quatre voitures br\u00fbl\u00e9es dans la nuit de lundi \u00e0 mardi dans le quartier \u00ab\u00a0habituellement calme\u00a0\u00bb de Saint-Pierre"},"content":{"rendered":"<p style=\"text-align: justify;\">L\u2019odeur \u00e2cre est encore pr\u00e9sente ce mardi 13 ao\u00fbt 2024 midi. Sur le parking de la salle Quilbignon, trois carcasses de voitures sont encore dispos\u00e9es les unes \u00e0 c\u00f4t\u00e9 des autres, une quatri\u00e8me ayant \u00e9t\u00e9 enlev\u00e9e dans la matin\u00e9e. Rue de la R\u00e9sistance, dans ce secteur <strong>habituellement calme<\/strong> du quartier de Saint-Pierre, \u00e0 Brest, les v\u00e9hicules ont br\u00fbl\u00e9 dans la nuit de lundi \u00e0 mardi.<\/p>\n<p>Source : <a href=\"https:\/\/www.letelegramme.fr\/finistere\/brest-29200\/a-brest-quatre-voitures-brulees-dans-la-nuit-de-lundi-a-mardi-dans-le-quartier-saint-pierre-6642792.php\">Le T\u00e9l\u00e9gramme<\/a><\/p>\n","protected":false},"excerpt":{"rendered":"<p>L\u2019odeur \u00e2cre est encore pr\u00e9sente ce mardi 13 ao\u00fbt 2024 midi. Sur le parking de la salle Quilbignon, trois carcasses de voitures sont encore dispos\u00e9es les unes \u00e0 c\u00f4t\u00e9 des autres, une quatri\u00e8me ayant \u00e9t\u00e9 enlev\u00e9e dans la matin\u00e9e. Rue de la R\u00e9sistance, dans ce secteur habituellement calme du quartier de Saint-Pierre, \u00e0 Brest, les [&hellip;]<\/p>\n","protected":false},"author":1,"featured_media":1990,"comment_status":"open","ping_status":"open","sticky":false,"template":"","format":"standard","meta":{"sb_editor_width":"","footnotes":""},"categories":[52,38,62],"tags":[],"class_list":["post-1989","post","type-post","status-publish","format-standard","has-post-thumbnail","hentry","category-faits-divers","category-finistere","category-revue-de-presse"],"relative_dates":{"created":"2 ans ago","modified":"2 ans ago"},"yoast_head":"<!-- This site is optimized with the Yoast SEO plugin v26.3 - https:\/\/yoast.com\/wordpress\/plugins\/seo\/ -->\n<title>\u00c0 Brest, quatre voitures br\u00fbl\u00e9es dans la nuit de lundi \u00e0 mardi dans le quartier &quot;habituellement calme&quot; de Saint-Pierre - STOURM<\/title>\n<meta name=\"robots\" content=\"index, follow, max-snippet:-1, max-image-preview:large, max-video-preview:-1\" \/>\n<link rel=\"canonical\" href=\"https:\/\/stourm.news\/?p=1989\" \/>\n<meta property=\"og:locale\" content=\"fr_FR\" \/>\n<meta property=\"og:type\" content=\"article\" \/>\n<meta property=\"og:title\" content=\"\u00c0 Brest, quatre voitures br\u00fbl\u00e9es dans la nuit de lundi \u00e0 mardi dans le quartier &quot;habituellement calme&quot; de Saint-Pierre - STOURM\" \/>\n<meta property=\"og:description\" content=\"L\u2019odeur \u00e2cre est encore pr\u00e9sente ce mardi 13 ao\u00fbt 2024 midi. Sur le parking de la salle Quilbignon, trois carcasses de voitures sont encore dispos\u00e9es les unes \u00e0 c\u00f4t\u00e9 des autres, une quatri\u00e8me ayant \u00e9t\u00e9 enlev\u00e9e dans la matin\u00e9e. Rue de la R\u00e9sistance, dans ce secteur habituellement calme du quartier de Saint-Pierre, \u00e0 Brest, les [&hellip;]\" \/>\n<meta property=\"og:url\" content=\"https:\/\/stourm.news\/?p=1989\" \/>\n<meta property=\"og:site_name\" content=\"STOURM\" \/>\n<meta property=\"article:publisher\" content=\"https:\/\/www.facebook.com\/stourmnews\/\" \/>\n<meta property=\"article:published_time\" content=\"2024-08-13T16:30:18+00:00\" \/>\n<meta property=\"og:image\" content=\"https:\/\/stourm.news\/wp-content\/uploads\/2024\/08\/Capture-decran-2024-08-14-a-01.29.01.png\" \/>\n\t<meta property=\"og:image:width\" content=\"1178\" \/>\n\t<meta property=\"og:image:height\" content=\"710\" \/>\n\t<meta property=\"og:image:type\" content=\"image\/png\" \/>\n<meta name=\"author\" content=\"La r\u00e9daction\" \/>\n<meta name=\"twitter:card\" content=\"summary_large_image\" \/>\n<meta name=\"twitter:label1\" content=\"\u00c9crit par\" \/>\n\t<meta name=\"twitter:data1\" content=\"La r\u00e9daction\" \/>\n\t<meta name=\"twitter:label2\" content=\"Dur\u00e9e de lecture estim\u00e9e\" \/>\n\t<meta name=\"twitter:data2\" content=\"1 minute\" \/>\n<script type=\"application\/ld+json\" class=\"yoast-schema-graph\">{\"@context\":\"https:\/\/schema.org\",\"@graph\":[{\"@type\":\"Article\",\"@id\":\"https:\/\/stourm.news\/?p=1989#article\",\"isPartOf\":{\"@id\":\"https:\/\/stourm.news\/?p=1989\"},\"author\":{\"name\":\"La r\u00e9daction\",\"@id\":\"https:\/\/stourm.news\/#\/schema\/person\/c3e1dc65988632e190969234ef046cf9\"},\"headline\":\"\u00c0 Brest, quatre voitures br\u00fbl\u00e9es dans la nuit de lundi \u00e0 mardi dans le quartier \u00ab\u00a0habituellement calme\u00a0\u00bb de Saint-Pierre\",\"datePublished\":\"2024-08-13T16:30:18+00:00\",\"mainEntityOfPage\":{\"@id\":\"https:\/\/stourm.news\/?p=1989\"},\"wordCount\":95,\"commentCount\":0,\"publisher\":{\"@id\":\"https:\/\/stourm.news\/#organization\"},\"image\":{\"@id\":\"https:\/\/stourm.news\/?p=1989#primaryimage\"},\"thumbnailUrl\":\"https:\/\/stourm.news\/wp-content\/uploads\/2024\/08\/Capture-decran-2024-08-14-a-01.29.01.png\",\"articleSection\":[\"Faits divers\",\"Finist\u00e8re\",\"Revue de presse\"],\"inLanguage\":\"fr-FR\",\"potentialAction\":[{\"@type\":\"CommentAction\",\"name\":\"Comment\",\"target\":[\"https:\/\/stourm.news\/?p=1989#respond\"]}]},{\"@type\":\"WebPage\",\"@id\":\"https:\/\/stourm.news\/?p=1989\",\"url\":\"https:\/\/stourm.news\/?p=1989\",\"name\":\"\u00c0 Brest, quatre voitures br\u00fbl\u00e9es dans la nuit de lundi \u00e0 mardi dans le quartier \\\"habituellement calme\\\" de Saint-Pierre - STOURM\",\"isPartOf\":{\"@id\":\"https:\/\/stourm.news\/#website\"},\"primaryImageOfPage\":{\"@id\":\"https:\/\/stourm.news\/?p=1989#primaryimage\"},\"image\":{\"@id\":\"https:\/\/stourm.news\/?p=1989#primaryimage\"},\"thumbnailUrl\":\"https:\/\/stourm.news\/wp-content\/uploads\/2024\/08\/Capture-decran-2024-08-14-a-01.29.01.png\",\"datePublished\":\"2024-08-13T16:30:18+00:00\",\"breadcrumb\":{\"@id\":\"https:\/\/stourm.news\/?p=1989#breadcrumb\"},\"inLanguage\":\"fr-FR\",\"potentialAction\":[{\"@type\":\"ReadAction\",\"target\":[\"https:\/\/stourm.news\/?p=1989\"]}]},{\"@type\":\"ImageObject\",\"inLanguage\":\"fr-FR\",\"@id\":\"https:\/\/stourm.news\/?p=1989#primaryimage\",\"url\":\"https:\/\/stourm.news\/wp-content\/uploads\/2024\/08\/Capture-decran-2024-08-14-a-01.29.01.png\",\"contentUrl\":\"https:\/\/stourm.news\/wp-content\/uploads\/2024\/08\/Capture-decran-2024-08-14-a-01.29.01.png\",\"width\":1178,\"height\":710},{\"@type\":\"BreadcrumbList\",\"@id\":\"https:\/\/stourm.news\/?p=1989#breadcrumb\",\"itemListElement\":[{\"@type\":\"ListItem\",\"position\":1,\"name\":\"Accueil\",\"item\":\"https:\/\/stourm.news\/\"},{\"@type\":\"ListItem\",\"position\":2,\"name\":\"\u00c0 Brest, quatre voitures br\u00fbl\u00e9es dans la nuit de lundi \u00e0 mardi dans le quartier \u00ab\u00a0habituellement calme\u00a0\u00bb de Saint-Pierre\"}]},{\"@type\":\"WebSite\",\"@id\":\"https:\/\/stourm.news\/#website\",\"url\":\"https:\/\/stourm.news\/\",\"name\":\"Stourm\",\"description\":\"Kazetenn Strollad Broadel Breizh\",\"publisher\":{\"@id\":\"https:\/\/stourm.news\/#organization\"},\"potentialAction\":[{\"@type\":\"SearchAction\",\"target\":{\"@type\":\"EntryPoint\",\"urlTemplate\":\"https:\/\/stourm.news\/?s={search_term_string}\"},\"query-input\":{\"@type\":\"PropertyValueSpecification\",\"valueRequired\":true,\"valueName\":\"search_term_string\"}}],\"inLanguage\":\"fr-FR\"},{\"@type\":\"Organization\",\"@id\":\"https:\/\/stourm.news\/#organization\",\"name\":\"Stourm\",\"url\":\"https:\/\/stourm.news\/\",\"logo\":{\"@type\":\"ImageObject\",\"inLanguage\":\"fr-FR\",\"@id\":\"https:\/\/stourm.news\/#\/schema\/logo\/image\/\",\"url\":\"https:\/\/stourm.news\/wp-content\/uploads\/2025\/11\/cropped-Capture-decran-2025-11-28-a-15.19.07.png\",\"contentUrl\":\"https:\/\/stourm.news\/wp-content\/uploads\/2025\/11\/cropped-Capture-decran-2025-11-28-a-15.19.07.png\",\"width\":1855,\"height\":383,\"caption\":\"Stourm\"},\"image\":{\"@id\":\"https:\/\/stourm.news\/#\/schema\/logo\/image\/\"},\"sameAs\":[\"https:\/\/www.facebook.com\/stourmnews\/\"]},{\"@type\":\"Person\",\"@id\":\"https:\/\/stourm.news\/#\/schema\/person\/c3e1dc65988632e190969234ef046cf9\",\"name\":\"La r\u00e9daction\",\"image\":{\"@type\":\"ImageObject\",\"inLanguage\":\"fr-FR\",\"@id\":\"https:\/\/stourm.news\/#\/schema\/person\/image\/\",\"url\":\"https:\/\/secure.gravatar.com\/avatar\/7463443f194b6b5fb706b074ca0ef59a0cfcfd720cb47764b0ec5a952ce422b3?s=96&d=mm&r=g\",\"contentUrl\":\"https:\/\/secure.gravatar.com\/avatar\/7463443f194b6b5fb706b074ca0ef59a0cfcfd720cb47764b0ec5a952ce422b3?s=96&d=mm&r=g\",\"caption\":\"La r\u00e9daction\"},\"sameAs\":[\"https:\/\/stourm.news\"],\"url\":\"https:\/\/stourm.news\/?author=1\"}]}<\/script>\n<!-- \/ Yoast SEO plugin. -->","yoast_head_json":{"title":"\u00c0 Brest, quatre voitures br\u00fbl\u00e9es dans la nuit de lundi \u00e0 mardi dans le quartier \"habituellement calme\" de Saint-Pierre - STOURM","robots":{"index":"index","follow":"follow","max-snippet":"max-snippet:-1","max-image-preview":"max-image-preview:large","max-video-preview":"max-video-preview:-1"},"canonical":"https:\/\/stourm.news\/?p=1989","og_locale":"fr_FR","og_type":"article","og_title":"\u00c0 Brest, quatre voitures br\u00fbl\u00e9es dans la nuit de lundi \u00e0 mardi dans le quartier \"habituellement calme\" de Saint-Pierre - STOURM","og_description":"L\u2019odeur \u00e2cre est encore pr\u00e9sente ce mardi 13 ao\u00fbt 2024 midi. Sur le parking de la salle Quilbignon, trois carcasses de voitures sont encore dispos\u00e9es les unes \u00e0 c\u00f4t\u00e9 des autres, une quatri\u00e8me ayant \u00e9t\u00e9 enlev\u00e9e dans la matin\u00e9e. Rue de la R\u00e9sistance, dans ce secteur habituellement calme du quartier de Saint-Pierre, \u00e0 Brest, les [&hellip;]","og_url":"https:\/\/stourm.news\/?p=1989","og_site_name":"STOURM","article_publisher":"https:\/\/www.facebook.com\/stourmnews\/","article_published_time":"2024-08-13T16:30:18+00:00","og_image":[{"width":1178,"height":710,"url":"https:\/\/stourm.news\/wp-content\/uploads\/2024\/08\/Capture-decran-2024-08-14-a-01.29.01.png","type":"image\/png"}],"author":"La r\u00e9daction","twitter_card":"summary_large_image","twitter_misc":{"\u00c9crit par":"La r\u00e9daction","Dur\u00e9e de lecture estim\u00e9e":"1 minute"},"schema":{"@context":"https:\/\/schema.org","@graph":[{"@type":"Article","@id":"https:\/\/stourm.news\/?p=1989#article","isPartOf":{"@id":"https:\/\/stourm.news\/?p=1989"},"author":{"name":"La r\u00e9daction","@id":"https:\/\/stourm.news\/#\/schema\/person\/c3e1dc65988632e190969234ef046cf9"},"headline":"\u00c0 Brest, quatre voitures br\u00fbl\u00e9es dans la nuit de lundi \u00e0 mardi dans le quartier \u00ab\u00a0habituellement calme\u00a0\u00bb de Saint-Pierre","datePublished":"2024-08-13T16:30:18+00:00","mainEntityOfPage":{"@id":"https:\/\/stourm.news\/?p=1989"},"wordCount":95,"commentCount":0,"publisher":{"@id":"https:\/\/stourm.news\/#organization"},"image":{"@id":"https:\/\/stourm.news\/?p=1989#primaryimage"},"thumbnailUrl":"https:\/\/stourm.news\/wp-content\/uploads\/2024\/08\/Capture-decran-2024-08-14-a-01.29.01.png","articleSection":["Faits divers","Finist\u00e8re","Revue de presse"],"inLanguage":"fr-FR","potentialAction":[{"@type":"CommentAction","name":"Comment","target":["https:\/\/stourm.news\/?p=1989#respond"]}]},{"@type":"WebPage","@id":"https:\/\/stourm.news\/?p=1989","url":"https:\/\/stourm.news\/?p=1989","name":"\u00c0 Brest, quatre voitures br\u00fbl\u00e9es dans la nuit de lundi \u00e0 mardi dans le quartier \"habituellement calme\" de Saint-Pierre - STOURM","isPartOf":{"@id":"https:\/\/stourm.news\/#website"},"primaryImageOfPage":{"@id":"https:\/\/stourm.news\/?p=1989#primaryimage"},"image":{"@id":"https:\/\/stourm.news\/?p=1989#primaryimage"},"thumbnailUrl":"https:\/\/stourm.news\/wp-content\/uploads\/2024\/08\/Capture-decran-2024-08-14-a-01.29.01.png","datePublished":"2024-08-13T16:30:18+00:00","breadcrumb":{"@id":"https:\/\/stourm.news\/?p=1989#breadcrumb"},"inLanguage":"fr-FR","potentialAction":[{"@type":"ReadAction","target":["https:\/\/stourm.news\/?p=1989"]}]},{"@type":"ImageObject","inLanguage":"fr-FR","@id":"https:\/\/stourm.news\/?p=1989#primaryimage","url":"https:\/\/stourm.news\/wp-content\/uploads\/2024\/08\/Capture-decran-2024-08-14-a-01.29.01.png","contentUrl":"https:\/\/stourm.news\/wp-content\/uploads\/2024\/08\/Capture-decran-2024-08-14-a-01.29.01.png","width":1178,"height":710},{"@type":"BreadcrumbList","@id":"https:\/\/stourm.news\/?p=1989#breadcrumb","itemListElement":[{"@type":"ListItem","position":1,"name":"Accueil","item":"https:\/\/stourm.news\/"},{"@type":"ListItem","position":2,"name":"\u00c0 Brest, quatre voitures br\u00fbl\u00e9es dans la nuit de lundi \u00e0 mardi dans le quartier \u00ab\u00a0habituellement calme\u00a0\u00bb de Saint-Pierre"}]},{"@type":"WebSite","@id":"https:\/\/stourm.news\/#website","url":"https:\/\/stourm.news\/","name":"Stourm","description":"Kazetenn Strollad Broadel Breizh","publisher":{"@id":"https:\/\/stourm.news\/#organization"},"potentialAction":[{"@type":"SearchAction","target":{"@type":"EntryPoint","urlTemplate":"https:\/\/stourm.news\/?s={search_term_string}"},"query-input":{"@type":"PropertyValueSpecification","valueRequired":true,"valueName":"search_term_string"}}],"inLanguage":"fr-FR"},{"@type":"Organization","@id":"https:\/\/stourm.news\/#organization","name":"Stourm","url":"https:\/\/stourm.news\/","logo":{"@type":"ImageObject","inLanguage":"fr-FR","@id":"https:\/\/stourm.news\/#\/schema\/logo\/image\/","url":"https:\/\/stourm.news\/wp-content\/uploads\/2025\/11\/cropped-Capture-decran-2025-11-28-a-15.19.07.png","contentUrl":"https:\/\/stourm.news\/wp-content\/uploads\/2025\/11\/cropped-Capture-decran-2025-11-28-a-15.19.07.png","width":1855,"height":383,"caption":"Stourm"},"image":{"@id":"https:\/\/stourm.news\/#\/schema\/logo\/image\/"},"sameAs":["https:\/\/www.facebook.com\/stourmnews\/"]},{"@type":"Person","@id":"https:\/\/stourm.news\/#\/schema\/person\/c3e1dc65988632e190969234ef046cf9","name":"La r\u00e9daction","image":{"@type":"ImageObject","inLanguage":"fr-FR","@id":"https:\/\/stourm.news\/#\/schema\/person\/image\/","url":"https:\/\/secure.gravatar.com\/avatar\/7463443f194b6b5fb706b074ca0ef59a0cfcfd720cb47764b0ec5a952ce422b3?s=96&d=mm&r=g","contentUrl":"https:\/\/secure.gravatar.com\/avatar\/7463443f194b6b5fb706b074ca0ef59a0cfcfd720cb47764b0ec5a952ce422b3?s=96&d=mm&r=g","caption":"La r\u00e9daction"},"sameAs":["https:\/\/stourm.news"],"url":"https:\/\/stourm.news\/?author=1"}]}},"_links":{"self":[{"href":"https:\/\/stourm.news\/index.php?rest_route=\/wp\/v2\/posts\/1989","targetHints":{"allow":["GET"]}}],"collection":[{"href":"https:\/\/stourm.news\/index.php?rest_route=\/wp\/v2\/posts"}],"about":[{"href":"https:\/\/stourm.news\/index.php?rest_route=\/wp\/v2\/types\/post"}],"author":[{"embeddable":true,"href":"https:\/\/stourm.news\/index.php?rest_route=\/wp\/v2\/users\/1"}],"replies":[{"embeddable":true,"href":"https:\/\/stourm.news\/index.php?rest_route=%2Fwp%2Fv2%2Fcomments&post=1989"}],"version-history":[{"count":1,"href":"https:\/\/stourm.news\/index.php?rest_route=\/wp\/v2\/posts\/1989\/revisions"}],"predecessor-version":[{"id":1991,"href":"https:\/\/stourm.news\/index.php?rest_route=\/wp\/v2\/posts\/1989\/revisions\/1991"}],"wp:featuredmedia":[{"embeddable":true,"href":"https:\/\/stourm.news\/index.php?rest_route=\/wp\/v2\/media\/1990"}],"wp:attachment":[{"href":"https:\/\/stourm.news\/index.php?rest_route=%2Fwp%2Fv2%2Fmedia&parent=1989"}],"wp:term":[{"taxonomy":"category","embeddable":true,"href":"https:\/\/stourm.news\/index.php?rest_route=%2Fwp%2Fv2%2Fcategories&post=1989"},{"taxonomy":"post_tag","embeddable":true,"href":"https:\/\/stourm.news\/index.php?rest_route=%2Fwp%2Fv2%2Ftags&post=1989"}],"curies":[{"name":"wp","href":"https:\/\/api.w.org\/{rel}","templated":true}]}}