{"id":1992,"date":"2024-08-13T17:00:06","date_gmt":"2024-08-13T17:00:06","guid":{"rendered":"https:\/\/stourm.news\/?p=1992"},"modified":"2024-08-13T17:00:06","modified_gmt":"2024-08-13T17:00:06","slug":"a-rennes-2-incendies-dans-le-quartier-multiculturel-du-blosne-cette-nuit","status":"publish","type":"post","link":"https:\/\/stourm.news\/?p=1992","title":{"rendered":"\u00c0 Rennes, 2 incendies dans le quartier multiculturel du Blosne cette nuit"},"content":{"rendered":"<p style=\"text-align: justify;\">La nuit, d\u00e9j\u00e0 chaude sur le plan du mercure, n\u2019a pas \u00e9t\u00e9 de tout repos pour les pompiers de Rennes. Deux incendies ont en effet mobilis\u00e9 les soldats du feu dans la nuit de dimanche \u00e0 lundi. Un premier, survenu dans un appartement situ\u00e9 au troisi\u00e8me \u00e9tage d\u2019un immeuble du quartier du Blosne, a d\u00e9clench\u00e9 leur intervention vers 2 h 35. Il a fallu l\u2019appui d\u2019une quarantaine de sapeurs-pompiers et d\u2019une deuxi\u00e8me lance pour l\u2019\u00e9teindre. Six personnes ont \u00e9t\u00e9 prises en charge en urgence relative apr\u00e8s avoir inhal\u00e9 de la fum\u00e9e. Elles n\u2019ont toutefois pas \u00e9t\u00e9 hospitalis\u00e9es.<\/p>\n<p style=\"text-align: justify;\">Vers 4 h, un feu de d\u00e9tritus a \u00e9galement d\u00fb \u00eatre \u00e9teint dans une cage d\u2019escalier d\u2019un immeuble localis\u00e9 dans le m\u00eame quartier. Les flammes ont eu pour effet d\u2019enfumer les parties communes allant du palier du 5e \u00e9tage jusqu\u2019au 14e \u00e9tage. Une personne, ayant inhal\u00e9 de la fum\u00e9e, a \u00e9t\u00e9 prise en charge par le Samu sans pour autant \u00eatre hospitalis\u00e9e. L\u2019intervention a tout de m\u00eame mobilis\u00e9 une trentaine de pompiers.<\/p>\n<p>Source : <a href=\"https:\/\/www.letelegramme.fr\/ille-et-vilaine\/rennes-35000\/a-rennes-deux-incendies-dans-un-meme-quartier-cette-nuit-6641838.php\">Le T\u00e9l\u00e9gramme<\/a><\/p>\n","protected":false},"excerpt":{"rendered":"<p>La nuit, d\u00e9j\u00e0 chaude sur le plan du mercure, n\u2019a pas \u00e9t\u00e9 de tout repos pour les pompiers de Rennes. Deux incendies ont en effet mobilis\u00e9 les soldats du feu dans la nuit de dimanche \u00e0 lundi. Un premier, survenu dans un appartement situ\u00e9 au troisi\u00e8me \u00e9tage d\u2019un immeuble du quartier du Blosne, a d\u00e9clench\u00e9 [&hellip;]<\/p>\n","protected":false},"author":1,"featured_media":1993,"comment_status":"open","ping_status":"open","sticky":false,"template":"","format":"standard","meta":{"sb_editor_width":"","footnotes":""},"categories":[52,41,62],"tags":[],"class_list":["post-1992","post","type-post","status-publish","format-standard","has-post-thumbnail","hentry","category-faits-divers","category-ille-et-vilaine","category-revue-de-presse"],"relative_dates":{"created":"2 ans ago","modified":"2 ans ago"},"yoast_head":"<!-- This site is optimized with the Yoast SEO plugin v26.3 - https:\/\/yoast.com\/wordpress\/plugins\/seo\/ -->\n<title>\u00c0 Rennes, 2 incendies dans le quartier multiculturel du Blosne cette nuit - STOURM<\/title>\n<meta name=\"robots\" content=\"index, follow, max-snippet:-1, max-image-preview:large, max-video-preview:-1\" \/>\n<link rel=\"canonical\" href=\"https:\/\/stourm.news\/?p=1992\" \/>\n<meta property=\"og:locale\" content=\"fr_FR\" \/>\n<meta property=\"og:type\" content=\"article\" \/>\n<meta property=\"og:title\" content=\"\u00c0 Rennes, 2 incendies dans le quartier multiculturel du Blosne cette nuit - STOURM\" \/>\n<meta property=\"og:description\" content=\"La nuit, d\u00e9j\u00e0 chaude sur le plan du mercure, n\u2019a pas \u00e9t\u00e9 de tout repos pour les pompiers de Rennes. Deux incendies ont en effet mobilis\u00e9 les soldats du feu dans la nuit de dimanche \u00e0 lundi. Un premier, survenu dans un appartement situ\u00e9 au troisi\u00e8me \u00e9tage d\u2019un immeuble du quartier du Blosne, a d\u00e9clench\u00e9 [&hellip;]\" \/>\n<meta property=\"og:url\" content=\"https:\/\/stourm.news\/?p=1992\" \/>\n<meta property=\"og:site_name\" content=\"STOURM\" \/>\n<meta property=\"article:publisher\" content=\"https:\/\/www.facebook.com\/stourmnews\/\" \/>\n<meta property=\"article:published_time\" content=\"2024-08-13T17:00:06+00:00\" \/>\n<meta property=\"og:image\" content=\"https:\/\/stourm.news\/wp-content\/uploads\/2024\/08\/Capture-decran-2024-08-14-a-01.43.18.png\" \/>\n\t<meta property=\"og:image:width\" content=\"842\" \/>\n\t<meta property=\"og:image:height\" content=\"618\" \/>\n\t<meta property=\"og:image:type\" content=\"image\/png\" \/>\n<meta name=\"author\" content=\"La r\u00e9daction\" \/>\n<meta name=\"twitter:card\" content=\"summary_large_image\" \/>\n<meta name=\"twitter:label1\" content=\"\u00c9crit par\" \/>\n\t<meta name=\"twitter:data1\" content=\"La r\u00e9daction\" \/>\n\t<meta name=\"twitter:label2\" content=\"Dur\u00e9e de lecture estim\u00e9e\" \/>\n\t<meta name=\"twitter:data2\" content=\"1 minute\" \/>\n<script type=\"application\/ld+json\" class=\"yoast-schema-graph\">{\"@context\":\"https:\/\/schema.org\",\"@graph\":[{\"@type\":\"Article\",\"@id\":\"https:\/\/stourm.news\/?p=1992#article\",\"isPartOf\":{\"@id\":\"https:\/\/stourm.news\/?p=1992\"},\"author\":{\"name\":\"La r\u00e9daction\",\"@id\":\"https:\/\/stourm.news\/#\/schema\/person\/c3e1dc65988632e190969234ef046cf9\"},\"headline\":\"\u00c0 Rennes, 2 incendies dans le quartier multiculturel du Blosne cette nuit\",\"datePublished\":\"2024-08-13T17:00:06+00:00\",\"mainEntityOfPage\":{\"@id\":\"https:\/\/stourm.news\/?p=1992\"},\"wordCount\":204,\"commentCount\":0,\"publisher\":{\"@id\":\"https:\/\/stourm.news\/#organization\"},\"image\":{\"@id\":\"https:\/\/stourm.news\/?p=1992#primaryimage\"},\"thumbnailUrl\":\"https:\/\/stourm.news\/wp-content\/uploads\/2024\/08\/Capture-decran-2024-08-14-a-01.43.18.png\",\"articleSection\":[\"Faits divers\",\"Ille-et-Vilaine\",\"Revue de presse\"],\"inLanguage\":\"fr-FR\",\"potentialAction\":[{\"@type\":\"CommentAction\",\"name\":\"Comment\",\"target\":[\"https:\/\/stourm.news\/?p=1992#respond\"]}]},{\"@type\":\"WebPage\",\"@id\":\"https:\/\/stourm.news\/?p=1992\",\"url\":\"https:\/\/stourm.news\/?p=1992\",\"name\":\"\u00c0 Rennes, 2 incendies dans le quartier multiculturel du Blosne cette nuit - STOURM\",\"isPartOf\":{\"@id\":\"https:\/\/stourm.news\/#website\"},\"primaryImageOfPage\":{\"@id\":\"https:\/\/stourm.news\/?p=1992#primaryimage\"},\"image\":{\"@id\":\"https:\/\/stourm.news\/?p=1992#primaryimage\"},\"thumbnailUrl\":\"https:\/\/stourm.news\/wp-content\/uploads\/2024\/08\/Capture-decran-2024-08-14-a-01.43.18.png\",\"datePublished\":\"2024-08-13T17:00:06+00:00\",\"breadcrumb\":{\"@id\":\"https:\/\/stourm.news\/?p=1992#breadcrumb\"},\"inLanguage\":\"fr-FR\",\"potentialAction\":[{\"@type\":\"ReadAction\",\"target\":[\"https:\/\/stourm.news\/?p=1992\"]}]},{\"@type\":\"ImageObject\",\"inLanguage\":\"fr-FR\",\"@id\":\"https:\/\/stourm.news\/?p=1992#primaryimage\",\"url\":\"https:\/\/stourm.news\/wp-content\/uploads\/2024\/08\/Capture-decran-2024-08-14-a-01.43.18.png\",\"contentUrl\":\"https:\/\/stourm.news\/wp-content\/uploads\/2024\/08\/Capture-decran-2024-08-14-a-01.43.18.png\",\"width\":842,\"height\":618},{\"@type\":\"BreadcrumbList\",\"@id\":\"https:\/\/stourm.news\/?p=1992#breadcrumb\",\"itemListElement\":[{\"@type\":\"ListItem\",\"position\":1,\"name\":\"Accueil\",\"item\":\"https:\/\/stourm.news\/\"},{\"@type\":\"ListItem\",\"position\":2,\"name\":\"\u00c0 Rennes, 2 incendies dans le quartier multiculturel du Blosne cette nuit\"}]},{\"@type\":\"WebSite\",\"@id\":\"https:\/\/stourm.news\/#website\",\"url\":\"https:\/\/stourm.news\/\",\"name\":\"Stourm\",\"description\":\"Kazetenn Strollad Broadel Breizh\",\"publisher\":{\"@id\":\"https:\/\/stourm.news\/#organization\"},\"potentialAction\":[{\"@type\":\"SearchAction\",\"target\":{\"@type\":\"EntryPoint\",\"urlTemplate\":\"https:\/\/stourm.news\/?s={search_term_string}\"},\"query-input\":{\"@type\":\"PropertyValueSpecification\",\"valueRequired\":true,\"valueName\":\"search_term_string\"}}],\"inLanguage\":\"fr-FR\"},{\"@type\":\"Organization\",\"@id\":\"https:\/\/stourm.news\/#organization\",\"name\":\"Stourm\",\"url\":\"https:\/\/stourm.news\/\",\"logo\":{\"@type\":\"ImageObject\",\"inLanguage\":\"fr-FR\",\"@id\":\"https:\/\/stourm.news\/#\/schema\/logo\/image\/\",\"url\":\"https:\/\/stourm.news\/wp-content\/uploads\/2025\/11\/cropped-Capture-decran-2025-11-28-a-15.19.07.png\",\"contentUrl\":\"https:\/\/stourm.news\/wp-content\/uploads\/2025\/11\/cropped-Capture-decran-2025-11-28-a-15.19.07.png\",\"width\":1855,\"height\":383,\"caption\":\"Stourm\"},\"image\":{\"@id\":\"https:\/\/stourm.news\/#\/schema\/logo\/image\/\"},\"sameAs\":[\"https:\/\/www.facebook.com\/stourmnews\/\"]},{\"@type\":\"Person\",\"@id\":\"https:\/\/stourm.news\/#\/schema\/person\/c3e1dc65988632e190969234ef046cf9\",\"name\":\"La r\u00e9daction\",\"image\":{\"@type\":\"ImageObject\",\"inLanguage\":\"fr-FR\",\"@id\":\"https:\/\/stourm.news\/#\/schema\/person\/image\/\",\"url\":\"https:\/\/secure.gravatar.com\/avatar\/7463443f194b6b5fb706b074ca0ef59a0cfcfd720cb47764b0ec5a952ce422b3?s=96&d=mm&r=g\",\"contentUrl\":\"https:\/\/secure.gravatar.com\/avatar\/7463443f194b6b5fb706b074ca0ef59a0cfcfd720cb47764b0ec5a952ce422b3?s=96&d=mm&r=g\",\"caption\":\"La r\u00e9daction\"},\"sameAs\":[\"https:\/\/stourm.news\"],\"url\":\"https:\/\/stourm.news\/?author=1\"}]}<\/script>\n<!-- \/ Yoast SEO plugin. -->","yoast_head_json":{"title":"\u00c0 Rennes, 2 incendies dans le quartier multiculturel du Blosne cette nuit - STOURM","robots":{"index":"index","follow":"follow","max-snippet":"max-snippet:-1","max-image-preview":"max-image-preview:large","max-video-preview":"max-video-preview:-1"},"canonical":"https:\/\/stourm.news\/?p=1992","og_locale":"fr_FR","og_type":"article","og_title":"\u00c0 Rennes, 2 incendies dans le quartier multiculturel du Blosne cette nuit - STOURM","og_description":"La nuit, d\u00e9j\u00e0 chaude sur le plan du mercure, n\u2019a pas \u00e9t\u00e9 de tout repos pour les pompiers de Rennes. Deux incendies ont en effet mobilis\u00e9 les soldats du feu dans la nuit de dimanche \u00e0 lundi. Un premier, survenu dans un appartement situ\u00e9 au troisi\u00e8me \u00e9tage d\u2019un immeuble du quartier du Blosne, a d\u00e9clench\u00e9 [&hellip;]","og_url":"https:\/\/stourm.news\/?p=1992","og_site_name":"STOURM","article_publisher":"https:\/\/www.facebook.com\/stourmnews\/","article_published_time":"2024-08-13T17:00:06+00:00","og_image":[{"width":842,"height":618,"url":"https:\/\/stourm.news\/wp-content\/uploads\/2024\/08\/Capture-decran-2024-08-14-a-01.43.18.png","type":"image\/png"}],"author":"La r\u00e9daction","twitter_card":"summary_large_image","twitter_misc":{"\u00c9crit par":"La r\u00e9daction","Dur\u00e9e de lecture estim\u00e9e":"1 minute"},"schema":{"@context":"https:\/\/schema.org","@graph":[{"@type":"Article","@id":"https:\/\/stourm.news\/?p=1992#article","isPartOf":{"@id":"https:\/\/stourm.news\/?p=1992"},"author":{"name":"La r\u00e9daction","@id":"https:\/\/stourm.news\/#\/schema\/person\/c3e1dc65988632e190969234ef046cf9"},"headline":"\u00c0 Rennes, 2 incendies dans le quartier multiculturel du Blosne cette nuit","datePublished":"2024-08-13T17:00:06+00:00","mainEntityOfPage":{"@id":"https:\/\/stourm.news\/?p=1992"},"wordCount":204,"commentCount":0,"publisher":{"@id":"https:\/\/stourm.news\/#organization"},"image":{"@id":"https:\/\/stourm.news\/?p=1992#primaryimage"},"thumbnailUrl":"https:\/\/stourm.news\/wp-content\/uploads\/2024\/08\/Capture-decran-2024-08-14-a-01.43.18.png","articleSection":["Faits divers","Ille-et-Vilaine","Revue de presse"],"inLanguage":"fr-FR","potentialAction":[{"@type":"CommentAction","name":"Comment","target":["https:\/\/stourm.news\/?p=1992#respond"]}]},{"@type":"WebPage","@id":"https:\/\/stourm.news\/?p=1992","url":"https:\/\/stourm.news\/?p=1992","name":"\u00c0 Rennes, 2 incendies dans le quartier multiculturel du Blosne cette nuit - STOURM","isPartOf":{"@id":"https:\/\/stourm.news\/#website"},"primaryImageOfPage":{"@id":"https:\/\/stourm.news\/?p=1992#primaryimage"},"image":{"@id":"https:\/\/stourm.news\/?p=1992#primaryimage"},"thumbnailUrl":"https:\/\/stourm.news\/wp-content\/uploads\/2024\/08\/Capture-decran-2024-08-14-a-01.43.18.png","datePublished":"2024-08-13T17:00:06+00:00","breadcrumb":{"@id":"https:\/\/stourm.news\/?p=1992#breadcrumb"},"inLanguage":"fr-FR","potentialAction":[{"@type":"ReadAction","target":["https:\/\/stourm.news\/?p=1992"]}]},{"@type":"ImageObject","inLanguage":"fr-FR","@id":"https:\/\/stourm.news\/?p=1992#primaryimage","url":"https:\/\/stourm.news\/wp-content\/uploads\/2024\/08\/Capture-decran-2024-08-14-a-01.43.18.png","contentUrl":"https:\/\/stourm.news\/wp-content\/uploads\/2024\/08\/Capture-decran-2024-08-14-a-01.43.18.png","width":842,"height":618},{"@type":"BreadcrumbList","@id":"https:\/\/stourm.news\/?p=1992#breadcrumb","itemListElement":[{"@type":"ListItem","position":1,"name":"Accueil","item":"https:\/\/stourm.news\/"},{"@type":"ListItem","position":2,"name":"\u00c0 Rennes, 2 incendies dans le quartier multiculturel du Blosne cette nuit"}]},{"@type":"WebSite","@id":"https:\/\/stourm.news\/#website","url":"https:\/\/stourm.news\/","name":"Stourm","description":"Kazetenn Strollad Broadel Breizh","publisher":{"@id":"https:\/\/stourm.news\/#organization"},"potentialAction":[{"@type":"SearchAction","target":{"@type":"EntryPoint","urlTemplate":"https:\/\/stourm.news\/?s={search_term_string}"},"query-input":{"@type":"PropertyValueSpecification","valueRequired":true,"valueName":"search_term_string"}}],"inLanguage":"fr-FR"},{"@type":"Organization","@id":"https:\/\/stourm.news\/#organization","name":"Stourm","url":"https:\/\/stourm.news\/","logo":{"@type":"ImageObject","inLanguage":"fr-FR","@id":"https:\/\/stourm.news\/#\/schema\/logo\/image\/","url":"https:\/\/stourm.news\/wp-content\/uploads\/2025\/11\/cropped-Capture-decran-2025-11-28-a-15.19.07.png","contentUrl":"https:\/\/stourm.news\/wp-content\/uploads\/2025\/11\/cropped-Capture-decran-2025-11-28-a-15.19.07.png","width":1855,"height":383,"caption":"Stourm"},"image":{"@id":"https:\/\/stourm.news\/#\/schema\/logo\/image\/"},"sameAs":["https:\/\/www.facebook.com\/stourmnews\/"]},{"@type":"Person","@id":"https:\/\/stourm.news\/#\/schema\/person\/c3e1dc65988632e190969234ef046cf9","name":"La r\u00e9daction","image":{"@type":"ImageObject","inLanguage":"fr-FR","@id":"https:\/\/stourm.news\/#\/schema\/person\/image\/","url":"https:\/\/secure.gravatar.com\/avatar\/7463443f194b6b5fb706b074ca0ef59a0cfcfd720cb47764b0ec5a952ce422b3?s=96&d=mm&r=g","contentUrl":"https:\/\/secure.gravatar.com\/avatar\/7463443f194b6b5fb706b074ca0ef59a0cfcfd720cb47764b0ec5a952ce422b3?s=96&d=mm&r=g","caption":"La r\u00e9daction"},"sameAs":["https:\/\/stourm.news"],"url":"https:\/\/stourm.news\/?author=1"}]}},"_links":{"self":[{"href":"https:\/\/stourm.news\/index.php?rest_route=\/wp\/v2\/posts\/1992","targetHints":{"allow":["GET"]}}],"collection":[{"href":"https:\/\/stourm.news\/index.php?rest_route=\/wp\/v2\/posts"}],"about":[{"href":"https:\/\/stourm.news\/index.php?rest_route=\/wp\/v2\/types\/post"}],"author":[{"embeddable":true,"href":"https:\/\/stourm.news\/index.php?rest_route=\/wp\/v2\/users\/1"}],"replies":[{"embeddable":true,"href":"https:\/\/stourm.news\/index.php?rest_route=%2Fwp%2Fv2%2Fcomments&post=1992"}],"version-history":[{"count":1,"href":"https:\/\/stourm.news\/index.php?rest_route=\/wp\/v2\/posts\/1992\/revisions"}],"predecessor-version":[{"id":1994,"href":"https:\/\/stourm.news\/index.php?rest_route=\/wp\/v2\/posts\/1992\/revisions\/1994"}],"wp:featuredmedia":[{"embeddable":true,"href":"https:\/\/stourm.news\/index.php?rest_route=\/wp\/v2\/media\/1993"}],"wp:attachment":[{"href":"https:\/\/stourm.news\/index.php?rest_route=%2Fwp%2Fv2%2Fmedia&parent=1992"}],"wp:term":[{"taxonomy":"category","embeddable":true,"href":"https:\/\/stourm.news\/index.php?rest_route=%2Fwp%2Fv2%2Fcategories&post=1992"},{"taxonomy":"post_tag","embeddable":true,"href":"https:\/\/stourm.news\/index.php?rest_route=%2Fwp%2Fv2%2Ftags&post=1992"}],"curies":[{"name":"wp","href":"https:\/\/api.w.org\/{rel}","templated":true}]}}