{"id":1995,"date":"2024-08-14T06:49:38","date_gmt":"2024-08-14T06:49:38","guid":{"rendered":"https:\/\/stourm.news\/?p=1995"},"modified":"2024-08-14T06:49:38","modified_gmt":"2024-08-14T06:49:38","slug":"sarajevo-1984-paris-2024-de-lutopie-multiculturelle-a-la-guerre-interethnique","status":"publish","type":"post","link":"https:\/\/stourm.news\/?p=1995","title":{"rendered":"Sarajevo 1984, Paris 2024 : de l&rsquo;utopie multiculturelle \u00e0 la guerre interethnique"},"content":{"rendered":"<p style=\"text-align: justify;\">Les Jeux Olympiques de Paris ont \u00e9t\u00e9 l&rsquo;instrument d&rsquo;une propagande chauvine destin\u00e9e \u00e0 maintenir l&rsquo;illusion de la coh\u00e9sion d&rsquo;un \u00e9tat racialement et religieusement balkanis\u00e9. Au centre de ce dispositif, le monarque r\u00e9publicain, Emmanuel Macron.<\/p>\n<blockquote class=\"twitter-tweet\">\n<p dir=\"ltr\" lang=\"fr\">Cette m\u00e9daille d\u2019or est pour la Nation.<\/p>\n<p>Nous l\u2019avons montr\u00e9 : impossible n\u2019est pas Fran\u00e7ais. Par la force du collectif, on l\u2019a fait. <a href=\"https:\/\/t.co\/bekLL4iNeI\">pic.twitter.com\/bekLL4iNeI<\/a><\/p>\n<p>\u2014 Emmanuel Macron (@EmmanuelMacron) <a href=\"https:\/\/twitter.com\/EmmanuelMacron\/status\/1823065741253607704?ref_src=twsrc%5Etfw\">August 12, 2024<\/a><\/p><\/blockquote>\n<p><script async src=\"https:\/\/platform.twitter.com\/widgets.js\" charset=\"utf-8\"><\/script><\/p>\n<p style=\"text-align: justify;\">Emmanuel Macron et ses conseillers tentent de cr\u00e9er ex nihilo une fiction nationale \u00e0 base de \u00ab\u00a0r\u00e9cits\u00a0\u00bb spectaculaires (au sens propre) qui donnent l&rsquo;occasion de mises en sc\u00e8ne surm\u00e9diatis\u00e9es auxquelles sont expos\u00e9es les masses hexagonales.<\/p>\n<p style=\"text-align: justify;\">Ainsi des \u00ab\u00a0panth\u00e9onisations\u00a0\u00bb \u00e0 r\u00e9p\u00e9tition, des c\u00e9l\u00e9brations m\u00e9morielles r\u00e9sistantialistes durant toute l&rsquo;ann\u00e9e (avec en point d&rsquo;orgue les 80 ans du \u00ab\u00a0d\u00e9barquement\u00a0\u00bb anglo-am\u00e9ricain en Normandie) ou des \u00e9v\u00e8nements internationaux qui ne sont plus que des pr\u00e9textes \u00e0 c\u00e9l\u00e9brer le r\u00e9gime r\u00e9publicain et ce qu&rsquo;il convient d&rsquo;appeler sa mythologie fondatrice.<\/p>\n<blockquote class=\"twitter-tweet\">\n<p dir=\"ltr\" lang=\"fr\">La Terreur, sa guillotine et ses crimes de masse, symboles du r\u00e9gime \u00e9tranger que les chouans bretons ont combattu jusqu&rsquo;\u00e0 sa destruction finale en 1815.<\/p>\n<p>Dalc&rsquo;homp So\u00f1j ! <a href=\"https:\/\/t.co\/Av28NoLIvv\">https:\/\/t.co\/Av28NoLIvv<\/a><\/p>\n<p>\u2014 Parti National Breton &#8211; Strollad Broadel Breizh (@pnbsbb) <a href=\"https:\/\/twitter.com\/pnbsbb\/status\/1823285601170272698?ref_src=twsrc%5Etfw\">August 13, 2024<\/a><\/p><\/blockquote>\n<p><script async src=\"https:\/\/platform.twitter.com\/widgets.js\" charset=\"utf-8\"><\/script><\/p>\n<p style=\"text-align: justify;\">La raison de cet effort d&#8217;embrigadement constant n&rsquo;est pas une fi\u00e8vre nationaliste, mais bien son absence. Sous l&rsquo;effet de l&rsquo;immigration de masse, le sentiment national en France s&rsquo;est tr\u00e8s largement \u00e9rod\u00e9 pour laisser place \u00e0 une soci\u00e9t\u00e9 multiculturelle, multiraciale, multiconfessionnelle en proie \u00e0 des tensions int\u00e9rieures permanentes comme l&rsquo;illustre les r\u00e9sultats des \u00e9lections europ\u00e9ennes et l\u00e9gislatives de juin et juillet 2024.<\/p>\n<p style=\"text-align: justify;\">C&rsquo;est le d\u00e9ficit de consensus identitaire qui pousse l&rsquo;\u00e9lite dirigeante fran\u00e7aise \u00e0 convoquer la mythologie r\u00e9volutionnaire de 1789 et la mystique antifasciste de 1945 pour rel\u00e9gitimer aux yeux du plus grand nombre l&rsquo;\u00c9tat fran\u00e7ais actuel et, a fortiori, la classe dominante qui le contr\u00f4le.<\/p>\n<p style=\"text-align: justify;\">Adeptes de l&rsquo;id\u00e9alisme inh\u00e9rent au jacobinisme, Macron et ses conseillers pensent pour pouvoir surmonter les contradictions internes du syst\u00e8me fran\u00e7ais par un exercice de communication. Si la France est la \u00ab\u00a0r\u00e9publique\u00a0\u00bb et que la r\u00e9publique fran\u00e7aise est une somme de \u00ab\u00a0valeurs\u00a0\u00bb, au demeurant fluctuantes, auxquelles n&rsquo;importe qui peut th\u00e9oriquement adh\u00e9r\u00e9, alors, en effet, convaincre par la r\u00e9p\u00e9tition de slogans et de symboles doit suffire.<\/p>\n<p style=\"text-align: justify;\">La r\u00e9alit\u00e9 est diff\u00e9rente et les dynamiques d\u00e9mographiques ne peuvent pas \u00eatre contr\u00f4l\u00e9es par le seul mart\u00e8lement m\u00e9diatique, aussi intense soit-il. Les gigantesques \u00e9meutes raciales de juin 2023 l&rsquo;ont prouv\u00e9.<\/p>\n<p style=\"text-align: justify;\">En 1984, un autre syst\u00e8me unitaire assis sur une id\u00e9e fonci\u00e8rement universaliste organisait ses jeux olympiques : la Yougoslavie communiste. Le slogan du syst\u00e8me \u00e9tait alors \u00ab\u00a0Unit\u00e9, fraternit\u00e9\u00a0\u00bb et les m\u00e9dias yougoslaves, comme les m\u00e9dias hexagonaux, d\u00e9non\u00e7aient alors quotidiennement la menace \u00ab\u00a0fasciste\u00a0\u00bb et \u00ab\u00a0nazie\u00a0\u00bb, prot\u00e9iforme et extensible \u00e0 tous les ennemis r\u00e9els ou suppos\u00e9s du r\u00e9gime communiste.<\/p>\n<p><iframe title=\"Sarajevo 1984 Winter Olympics Opening Ceremony\" width=\"500\" height=\"281\" src=\"https:\/\/www.youtube.com\/embed\/qla1lKkbeg8?feature=oembed\" frameborder=\"0\" allow=\"accelerometer; autoplay; clipboard-write; encrypted-media; gyroscope; picture-in-picture; web-share\" referrerpolicy=\"strict-origin-when-cross-origin\" allowfullscreen><\/iframe><\/p>\n<p style=\"text-align: justify;\">Huit ans plus tard, le stade olympique de Sarajevo \u00e9tait un cimeti\u00e8re \u00e0 ciel ouvert o\u00f9 les victimes de l&rsquo;exp\u00e9rience multiculturelle communiste \u00e9taient ensevelies.<\/p>\n<p><img fetchpriority=\"high\" decoding=\"async\" class=\"alignnone size-medium\" src=\"https:\/\/i.imgur.com\/KcC3uIF.jpeg\" width=\"2016\" height=\"1267\" \/><\/p>\n<p style=\"text-align: justify;\">Le Stade de France, situ\u00e9e dans le d\u00e9partement de Seine-Saint-Denis o\u00f9 la population autochtone a \u00e9t\u00e9 largement remplac\u00e9e par des immigr\u00e9s du tiers-monde, a lui aussi accueilli la c\u00e9r\u00e9monie de cl\u00f4ture organis\u00e9e par le syst\u00e8me hexagonal. Nous nous retrouverons en 2032 pour dresser le bilan de la situation fran\u00e7aise.<\/p>\n<p><img decoding=\"async\" class=\"alignnone size-medium\" src=\"https:\/\/pbs.twimg.com\/media\/GU6tXBcWwAAyQDb?format=jpg&amp;name=medium\" width=\"1000\" height=\"398\" \/><\/p>\n<p style=\"text-align: right;\"><strong>Ewen Broc&rsquo;han<\/strong><\/p>\n<p>&nbsp;<\/p>\n","protected":false},"excerpt":{"rendered":"<p>Les Jeux Olympiques de Paris ont \u00e9t\u00e9 l&rsquo;instrument d&rsquo;une propagande chauvine destin\u00e9e \u00e0 maintenir l&rsquo;illusion de la coh\u00e9sion d&rsquo;un \u00e9tat racialement et religieusement balkanis\u00e9. Au centre de ce dispositif, le monarque r\u00e9publicain, Emmanuel Macron. Cette m\u00e9daille d\u2019or est pour la Nation. Nous l\u2019avons montr\u00e9 : impossible n\u2019est pas Fran\u00e7ais. Par la force du collectif, on [&hellip;]<\/p>\n","protected":false},"author":1,"featured_media":1997,"comment_status":"open","ping_status":"open","sticky":false,"template":"","format":"standard","meta":{"sb_editor_width":"","footnotes":""},"categories":[63,65],"tags":[],"class_list":["post-1995","post","type-post","status-publish","format-standard","has-post-thumbnail","hentry","category-editorial","category-principale"],"relative_dates":{"created":"2 ans ago","modified":"2 ans ago"},"yoast_head":"<!-- This site is optimized with the Yoast SEO plugin v26.3 - https:\/\/yoast.com\/wordpress\/plugins\/seo\/ -->\n<title>Sarajevo 1984, Paris 2024 : de l&#039;utopie multiculturelle \u00e0 la guerre interethnique - STOURM<\/title>\n<meta name=\"robots\" content=\"index, follow, max-snippet:-1, max-image-preview:large, max-video-preview:-1\" \/>\n<link rel=\"canonical\" href=\"https:\/\/stourm.news\/?p=1995\" \/>\n<meta property=\"og:locale\" content=\"fr_FR\" \/>\n<meta property=\"og:type\" content=\"article\" \/>\n<meta property=\"og:title\" content=\"Sarajevo 1984, Paris 2024 : de l&#039;utopie multiculturelle \u00e0 la guerre interethnique - STOURM\" \/>\n<meta property=\"og:description\" content=\"Les Jeux Olympiques de Paris ont \u00e9t\u00e9 l&rsquo;instrument d&rsquo;une propagande chauvine destin\u00e9e \u00e0 maintenir l&rsquo;illusion de la coh\u00e9sion d&rsquo;un \u00e9tat racialement et religieusement balkanis\u00e9. Au centre de ce dispositif, le monarque r\u00e9publicain, Emmanuel Macron. Cette m\u00e9daille d\u2019or est pour la Nation. Nous l\u2019avons montr\u00e9 : impossible n\u2019est pas Fran\u00e7ais. Par la force du collectif, on [&hellip;]\" \/>\n<meta property=\"og:url\" content=\"https:\/\/stourm.news\/?p=1995\" \/>\n<meta property=\"og:site_name\" content=\"STOURM\" \/>\n<meta property=\"article:publisher\" content=\"https:\/\/www.facebook.com\/stourmnews\/\" \/>\n<meta property=\"article:published_time\" content=\"2024-08-14T06:49:38+00:00\" \/>\n<meta property=\"og:image\" content=\"https:\/\/stourm.news\/wp-content\/uploads\/2024\/08\/Capture-decran-2024-08-14-a-15.48.23.png\" \/>\n\t<meta property=\"og:image:width\" content=\"962\" \/>\n\t<meta property=\"og:image:height\" content=\"568\" \/>\n\t<meta property=\"og:image:type\" content=\"image\/png\" \/>\n<meta name=\"author\" content=\"La r\u00e9daction\" \/>\n<meta name=\"twitter:card\" content=\"summary_large_image\" \/>\n<meta name=\"twitter:label1\" content=\"\u00c9crit par\" \/>\n\t<meta name=\"twitter:data1\" content=\"La r\u00e9daction\" \/>\n\t<meta name=\"twitter:label2\" content=\"Dur\u00e9e de lecture estim\u00e9e\" \/>\n\t<meta name=\"twitter:data2\" content=\"3 minutes\" \/>\n<script type=\"application\/ld+json\" class=\"yoast-schema-graph\">{\"@context\":\"https:\/\/schema.org\",\"@graph\":[{\"@type\":\"Article\",\"@id\":\"https:\/\/stourm.news\/?p=1995#article\",\"isPartOf\":{\"@id\":\"https:\/\/stourm.news\/?p=1995\"},\"author\":{\"name\":\"La r\u00e9daction\",\"@id\":\"https:\/\/stourm.news\/#\/schema\/person\/c3e1dc65988632e190969234ef046cf9\"},\"headline\":\"Sarajevo 1984, Paris 2024 : de l&rsquo;utopie multiculturelle \u00e0 la guerre interethnique\",\"datePublished\":\"2024-08-14T06:49:38+00:00\",\"mainEntityOfPage\":{\"@id\":\"https:\/\/stourm.news\/?p=1995\"},\"wordCount\":632,\"commentCount\":0,\"publisher\":{\"@id\":\"https:\/\/stourm.news\/#organization\"},\"image\":{\"@id\":\"https:\/\/stourm.news\/?p=1995#primaryimage\"},\"thumbnailUrl\":\"https:\/\/stourm.news\/wp-content\/uploads\/2024\/08\/Capture-decran-2024-08-14-a-15.48.23.png\",\"articleSection\":[\"Editorial\",\"Principale\"],\"inLanguage\":\"fr-FR\",\"potentialAction\":[{\"@type\":\"CommentAction\",\"name\":\"Comment\",\"target\":[\"https:\/\/stourm.news\/?p=1995#respond\"]}]},{\"@type\":\"WebPage\",\"@id\":\"https:\/\/stourm.news\/?p=1995\",\"url\":\"https:\/\/stourm.news\/?p=1995\",\"name\":\"Sarajevo 1984, Paris 2024 : de l'utopie multiculturelle \u00e0 la guerre interethnique - STOURM\",\"isPartOf\":{\"@id\":\"https:\/\/stourm.news\/#website\"},\"primaryImageOfPage\":{\"@id\":\"https:\/\/stourm.news\/?p=1995#primaryimage\"},\"image\":{\"@id\":\"https:\/\/stourm.news\/?p=1995#primaryimage\"},\"thumbnailUrl\":\"https:\/\/stourm.news\/wp-content\/uploads\/2024\/08\/Capture-decran-2024-08-14-a-15.48.23.png\",\"datePublished\":\"2024-08-14T06:49:38+00:00\",\"breadcrumb\":{\"@id\":\"https:\/\/stourm.news\/?p=1995#breadcrumb\"},\"inLanguage\":\"fr-FR\",\"potentialAction\":[{\"@type\":\"ReadAction\",\"target\":[\"https:\/\/stourm.news\/?p=1995\"]}]},{\"@type\":\"ImageObject\",\"inLanguage\":\"fr-FR\",\"@id\":\"https:\/\/stourm.news\/?p=1995#primaryimage\",\"url\":\"https:\/\/stourm.news\/wp-content\/uploads\/2024\/08\/Capture-decran-2024-08-14-a-15.48.23.png\",\"contentUrl\":\"https:\/\/stourm.news\/wp-content\/uploads\/2024\/08\/Capture-decran-2024-08-14-a-15.48.23.png\",\"width\":962,\"height\":568},{\"@type\":\"BreadcrumbList\",\"@id\":\"https:\/\/stourm.news\/?p=1995#breadcrumb\",\"itemListElement\":[{\"@type\":\"ListItem\",\"position\":1,\"name\":\"Accueil\",\"item\":\"https:\/\/stourm.news\/\"},{\"@type\":\"ListItem\",\"position\":2,\"name\":\"Sarajevo 1984, Paris 2024 : de l&rsquo;utopie multiculturelle \u00e0 la guerre interethnique\"}]},{\"@type\":\"WebSite\",\"@id\":\"https:\/\/stourm.news\/#website\",\"url\":\"https:\/\/stourm.news\/\",\"name\":\"Stourm\",\"description\":\"Kazetenn Strollad Broadel Breizh\",\"publisher\":{\"@id\":\"https:\/\/stourm.news\/#organization\"},\"potentialAction\":[{\"@type\":\"SearchAction\",\"target\":{\"@type\":\"EntryPoint\",\"urlTemplate\":\"https:\/\/stourm.news\/?s={search_term_string}\"},\"query-input\":{\"@type\":\"PropertyValueSpecification\",\"valueRequired\":true,\"valueName\":\"search_term_string\"}}],\"inLanguage\":\"fr-FR\"},{\"@type\":\"Organization\",\"@id\":\"https:\/\/stourm.news\/#organization\",\"name\":\"Stourm\",\"url\":\"https:\/\/stourm.news\/\",\"logo\":{\"@type\":\"ImageObject\",\"inLanguage\":\"fr-FR\",\"@id\":\"https:\/\/stourm.news\/#\/schema\/logo\/image\/\",\"url\":\"https:\/\/stourm.news\/wp-content\/uploads\/2025\/11\/cropped-Capture-decran-2025-11-28-a-15.19.07.png\",\"contentUrl\":\"https:\/\/stourm.news\/wp-content\/uploads\/2025\/11\/cropped-Capture-decran-2025-11-28-a-15.19.07.png\",\"width\":1855,\"height\":383,\"caption\":\"Stourm\"},\"image\":{\"@id\":\"https:\/\/stourm.news\/#\/schema\/logo\/image\/\"},\"sameAs\":[\"https:\/\/www.facebook.com\/stourmnews\/\"]},{\"@type\":\"Person\",\"@id\":\"https:\/\/stourm.news\/#\/schema\/person\/c3e1dc65988632e190969234ef046cf9\",\"name\":\"La r\u00e9daction\",\"image\":{\"@type\":\"ImageObject\",\"inLanguage\":\"fr-FR\",\"@id\":\"https:\/\/stourm.news\/#\/schema\/person\/image\/\",\"url\":\"https:\/\/secure.gravatar.com\/avatar\/7463443f194b6b5fb706b074ca0ef59a0cfcfd720cb47764b0ec5a952ce422b3?s=96&d=mm&r=g\",\"contentUrl\":\"https:\/\/secure.gravatar.com\/avatar\/7463443f194b6b5fb706b074ca0ef59a0cfcfd720cb47764b0ec5a952ce422b3?s=96&d=mm&r=g\",\"caption\":\"La r\u00e9daction\"},\"sameAs\":[\"https:\/\/stourm.news\"],\"url\":\"https:\/\/stourm.news\/?author=1\"}]}<\/script>\n<!-- \/ Yoast SEO plugin. -->","yoast_head_json":{"title":"Sarajevo 1984, Paris 2024 : de l'utopie multiculturelle \u00e0 la guerre interethnique - STOURM","robots":{"index":"index","follow":"follow","max-snippet":"max-snippet:-1","max-image-preview":"max-image-preview:large","max-video-preview":"max-video-preview:-1"},"canonical":"https:\/\/stourm.news\/?p=1995","og_locale":"fr_FR","og_type":"article","og_title":"Sarajevo 1984, Paris 2024 : de l'utopie multiculturelle \u00e0 la guerre interethnique - STOURM","og_description":"Les Jeux Olympiques de Paris ont \u00e9t\u00e9 l&rsquo;instrument d&rsquo;une propagande chauvine destin\u00e9e \u00e0 maintenir l&rsquo;illusion de la coh\u00e9sion d&rsquo;un \u00e9tat racialement et religieusement balkanis\u00e9. Au centre de ce dispositif, le monarque r\u00e9publicain, Emmanuel Macron. Cette m\u00e9daille d\u2019or est pour la Nation. Nous l\u2019avons montr\u00e9 : impossible n\u2019est pas Fran\u00e7ais. Par la force du collectif, on [&hellip;]","og_url":"https:\/\/stourm.news\/?p=1995","og_site_name":"STOURM","article_publisher":"https:\/\/www.facebook.com\/stourmnews\/","article_published_time":"2024-08-14T06:49:38+00:00","og_image":[{"width":962,"height":568,"url":"https:\/\/stourm.news\/wp-content\/uploads\/2024\/08\/Capture-decran-2024-08-14-a-15.48.23.png","type":"image\/png"}],"author":"La r\u00e9daction","twitter_card":"summary_large_image","twitter_misc":{"\u00c9crit par":"La r\u00e9daction","Dur\u00e9e de lecture estim\u00e9e":"3 minutes"},"schema":{"@context":"https:\/\/schema.org","@graph":[{"@type":"Article","@id":"https:\/\/stourm.news\/?p=1995#article","isPartOf":{"@id":"https:\/\/stourm.news\/?p=1995"},"author":{"name":"La r\u00e9daction","@id":"https:\/\/stourm.news\/#\/schema\/person\/c3e1dc65988632e190969234ef046cf9"},"headline":"Sarajevo 1984, Paris 2024 : de l&rsquo;utopie multiculturelle \u00e0 la guerre interethnique","datePublished":"2024-08-14T06:49:38+00:00","mainEntityOfPage":{"@id":"https:\/\/stourm.news\/?p=1995"},"wordCount":632,"commentCount":0,"publisher":{"@id":"https:\/\/stourm.news\/#organization"},"image":{"@id":"https:\/\/stourm.news\/?p=1995#primaryimage"},"thumbnailUrl":"https:\/\/stourm.news\/wp-content\/uploads\/2024\/08\/Capture-decran-2024-08-14-a-15.48.23.png","articleSection":["Editorial","Principale"],"inLanguage":"fr-FR","potentialAction":[{"@type":"CommentAction","name":"Comment","target":["https:\/\/stourm.news\/?p=1995#respond"]}]},{"@type":"WebPage","@id":"https:\/\/stourm.news\/?p=1995","url":"https:\/\/stourm.news\/?p=1995","name":"Sarajevo 1984, Paris 2024 : de l'utopie multiculturelle \u00e0 la guerre interethnique - STOURM","isPartOf":{"@id":"https:\/\/stourm.news\/#website"},"primaryImageOfPage":{"@id":"https:\/\/stourm.news\/?p=1995#primaryimage"},"image":{"@id":"https:\/\/stourm.news\/?p=1995#primaryimage"},"thumbnailUrl":"https:\/\/stourm.news\/wp-content\/uploads\/2024\/08\/Capture-decran-2024-08-14-a-15.48.23.png","datePublished":"2024-08-14T06:49:38+00:00","breadcrumb":{"@id":"https:\/\/stourm.news\/?p=1995#breadcrumb"},"inLanguage":"fr-FR","potentialAction":[{"@type":"ReadAction","target":["https:\/\/stourm.news\/?p=1995"]}]},{"@type":"ImageObject","inLanguage":"fr-FR","@id":"https:\/\/stourm.news\/?p=1995#primaryimage","url":"https:\/\/stourm.news\/wp-content\/uploads\/2024\/08\/Capture-decran-2024-08-14-a-15.48.23.png","contentUrl":"https:\/\/stourm.news\/wp-content\/uploads\/2024\/08\/Capture-decran-2024-08-14-a-15.48.23.png","width":962,"height":568},{"@type":"BreadcrumbList","@id":"https:\/\/stourm.news\/?p=1995#breadcrumb","itemListElement":[{"@type":"ListItem","position":1,"name":"Accueil","item":"https:\/\/stourm.news\/"},{"@type":"ListItem","position":2,"name":"Sarajevo 1984, Paris 2024 : de l&rsquo;utopie multiculturelle \u00e0 la guerre interethnique"}]},{"@type":"WebSite","@id":"https:\/\/stourm.news\/#website","url":"https:\/\/stourm.news\/","name":"Stourm","description":"Kazetenn Strollad Broadel Breizh","publisher":{"@id":"https:\/\/stourm.news\/#organization"},"potentialAction":[{"@type":"SearchAction","target":{"@type":"EntryPoint","urlTemplate":"https:\/\/stourm.news\/?s={search_term_string}"},"query-input":{"@type":"PropertyValueSpecification","valueRequired":true,"valueName":"search_term_string"}}],"inLanguage":"fr-FR"},{"@type":"Organization","@id":"https:\/\/stourm.news\/#organization","name":"Stourm","url":"https:\/\/stourm.news\/","logo":{"@type":"ImageObject","inLanguage":"fr-FR","@id":"https:\/\/stourm.news\/#\/schema\/logo\/image\/","url":"https:\/\/stourm.news\/wp-content\/uploads\/2025\/11\/cropped-Capture-decran-2025-11-28-a-15.19.07.png","contentUrl":"https:\/\/stourm.news\/wp-content\/uploads\/2025\/11\/cropped-Capture-decran-2025-11-28-a-15.19.07.png","width":1855,"height":383,"caption":"Stourm"},"image":{"@id":"https:\/\/stourm.news\/#\/schema\/logo\/image\/"},"sameAs":["https:\/\/www.facebook.com\/stourmnews\/"]},{"@type":"Person","@id":"https:\/\/stourm.news\/#\/schema\/person\/c3e1dc65988632e190969234ef046cf9","name":"La r\u00e9daction","image":{"@type":"ImageObject","inLanguage":"fr-FR","@id":"https:\/\/stourm.news\/#\/schema\/person\/image\/","url":"https:\/\/secure.gravatar.com\/avatar\/7463443f194b6b5fb706b074ca0ef59a0cfcfd720cb47764b0ec5a952ce422b3?s=96&d=mm&r=g","contentUrl":"https:\/\/secure.gravatar.com\/avatar\/7463443f194b6b5fb706b074ca0ef59a0cfcfd720cb47764b0ec5a952ce422b3?s=96&d=mm&r=g","caption":"La r\u00e9daction"},"sameAs":["https:\/\/stourm.news"],"url":"https:\/\/stourm.news\/?author=1"}]}},"_links":{"self":[{"href":"https:\/\/stourm.news\/index.php?rest_route=\/wp\/v2\/posts\/1995","targetHints":{"allow":["GET"]}}],"collection":[{"href":"https:\/\/stourm.news\/index.php?rest_route=\/wp\/v2\/posts"}],"about":[{"href":"https:\/\/stourm.news\/index.php?rest_route=\/wp\/v2\/types\/post"}],"author":[{"embeddable":true,"href":"https:\/\/stourm.news\/index.php?rest_route=\/wp\/v2\/users\/1"}],"replies":[{"embeddable":true,"href":"https:\/\/stourm.news\/index.php?rest_route=%2Fwp%2Fv2%2Fcomments&post=1995"}],"version-history":[{"count":2,"href":"https:\/\/stourm.news\/index.php?rest_route=\/wp\/v2\/posts\/1995\/revisions"}],"predecessor-version":[{"id":1998,"href":"https:\/\/stourm.news\/index.php?rest_route=\/wp\/v2\/posts\/1995\/revisions\/1998"}],"wp:featuredmedia":[{"embeddable":true,"href":"https:\/\/stourm.news\/index.php?rest_route=\/wp\/v2\/media\/1997"}],"wp:attachment":[{"href":"https:\/\/stourm.news\/index.php?rest_route=%2Fwp%2Fv2%2Fmedia&parent=1995"}],"wp:term":[{"taxonomy":"category","embeddable":true,"href":"https:\/\/stourm.news\/index.php?rest_route=%2Fwp%2Fv2%2Fcategories&post=1995"},{"taxonomy":"post_tag","embeddable":true,"href":"https:\/\/stourm.news\/index.php?rest_route=%2Fwp%2Fv2%2Ftags&post=1995"}],"curies":[{"name":"wp","href":"https:\/\/api.w.org\/{rel}","templated":true}]}}