{"id":2002,"date":"2024-08-14T13:17:33","date_gmt":"2024-08-14T13:17:33","guid":{"rendered":"https:\/\/stourm.news\/?p=2002"},"modified":"2024-08-14T13:17:33","modified_gmt":"2024-08-14T13:17:33","slug":"vannes-en-prison-pour-des-menaces-de-mort-sur-des-voisins-dans-le-quartier-multiculturel-de-menimur","status":"publish","type":"post","link":"https:\/\/stourm.news\/?p=2002","title":{"rendered":"Vannes : en prison pour des menaces de mort sur des voisins dans le quartier multiculturel de M\u00e9nimur"},"content":{"rendered":"<p style=\"text-align: justify;\">Ce dimanche 11 ao\u00fbt en fin de matin\u00e9e, les policiers vannetais avaient \u00e9t\u00e9 appel\u00e9s pour un diff\u00e9rend entre des voisins d\u2019un immeuble situ\u00e9 dans le quartier de M\u00e9nimur. \u00c0 leur arriv\u00e9e, ils avaient alors vu un homme qui, depuis sa fen\u00eatre, <strong>mena\u00e7ait de mort<\/strong> un autre habitant.<\/p>\n<p style=\"text-align: justify;\">Quelques minutes auparavant, c\u2019est une sc\u00e8ne de violence avec <strong>un couteau<\/strong> et d\u2019autres <strong>menaces de mort<\/strong> dont se disaient avoir \u00e9t\u00e9 victimes quatre autres personnes, dont un mineur de 15 ans. Dans la foul\u00e9e, les forces de l\u2019ordre avaient alors interpell\u00e9 cet homme mena\u00e7ant, \u00e2g\u00e9 de 26 ans, vivant chez ses parents. Il est jug\u00e9 ce mardi 13 ao\u00fbt au tribunal, selon la proc\u00e9dure de comparution imm\u00e9diate.<\/p>\n<p>Source : <a href=\"https:\/\/www.letelegramme.fr\/morbihan\/vannes-56000\/en-prison-pour-des-menaces-de-mort-sur-des-voisins-a-menimur-a-vannes-6642855.php\">Le T\u00e9l\u00e9gramme<\/a><\/p>\n","protected":false},"excerpt":{"rendered":"<p>Ce dimanche 11 ao\u00fbt en fin de matin\u00e9e, les policiers vannetais avaient \u00e9t\u00e9 appel\u00e9s pour un diff\u00e9rend entre des voisins d\u2019un immeuble situ\u00e9 dans le quartier de M\u00e9nimur. \u00c0 leur arriv\u00e9e, ils avaient alors vu un homme qui, depuis sa fen\u00eatre, mena\u00e7ait de mort un autre habitant. Quelques minutes auparavant, c\u2019est une sc\u00e8ne de violence [&hellip;]<\/p>\n","protected":false},"author":1,"featured_media":2003,"comment_status":"open","ping_status":"open","sticky":false,"template":"","format":"standard","meta":{"sb_editor_width":"","footnotes":""},"categories":[52,40,62],"tags":[],"class_list":["post-2002","post","type-post","status-publish","format-standard","has-post-thumbnail","hentry","category-faits-divers","category-morbihan","category-revue-de-presse"],"relative_dates":{"created":"2 ans ago","modified":"2 ans ago"},"yoast_head":"<!-- This site is optimized with the Yoast SEO plugin v26.3 - https:\/\/yoast.com\/wordpress\/plugins\/seo\/ -->\n<title>Vannes : en prison pour des menaces de mort sur des voisins dans le quartier multiculturel de M\u00e9nimur - STOURM<\/title>\n<meta name=\"robots\" content=\"index, follow, max-snippet:-1, max-image-preview:large, max-video-preview:-1\" \/>\n<link rel=\"canonical\" href=\"https:\/\/stourm.news\/?p=2002\" \/>\n<meta property=\"og:locale\" content=\"fr_FR\" \/>\n<meta property=\"og:type\" content=\"article\" \/>\n<meta property=\"og:title\" content=\"Vannes : en prison pour des menaces de mort sur des voisins dans le quartier multiculturel de M\u00e9nimur - STOURM\" \/>\n<meta property=\"og:description\" content=\"Ce dimanche 11 ao\u00fbt en fin de matin\u00e9e, les policiers vannetais avaient \u00e9t\u00e9 appel\u00e9s pour un diff\u00e9rend entre des voisins d\u2019un immeuble situ\u00e9 dans le quartier de M\u00e9nimur. \u00c0 leur arriv\u00e9e, ils avaient alors vu un homme qui, depuis sa fen\u00eatre, mena\u00e7ait de mort un autre habitant. Quelques minutes auparavant, c\u2019est une sc\u00e8ne de violence [&hellip;]\" \/>\n<meta property=\"og:url\" content=\"https:\/\/stourm.news\/?p=2002\" \/>\n<meta property=\"og:site_name\" content=\"STOURM\" \/>\n<meta property=\"article:publisher\" content=\"https:\/\/www.facebook.com\/stourmnews\/\" \/>\n<meta property=\"article:published_time\" content=\"2024-08-14T13:17:33+00:00\" \/>\n<meta property=\"og:image\" content=\"https:\/\/stourm.news\/wp-content\/uploads\/2024\/08\/Capture-decran-2024-08-14-a-22.16.38.png\" \/>\n\t<meta property=\"og:image:width\" content=\"1092\" \/>\n\t<meta property=\"og:image:height\" content=\"716\" \/>\n\t<meta property=\"og:image:type\" content=\"image\/png\" \/>\n<meta name=\"author\" content=\"La r\u00e9daction\" \/>\n<meta name=\"twitter:card\" content=\"summary_large_image\" \/>\n<meta name=\"twitter:label1\" content=\"\u00c9crit par\" \/>\n\t<meta name=\"twitter:data1\" content=\"La r\u00e9daction\" \/>\n\t<meta name=\"twitter:label2\" content=\"Dur\u00e9e de lecture estim\u00e9e\" \/>\n\t<meta name=\"twitter:data2\" content=\"1 minute\" \/>\n<script type=\"application\/ld+json\" class=\"yoast-schema-graph\">{\"@context\":\"https:\/\/schema.org\",\"@graph\":[{\"@type\":\"Article\",\"@id\":\"https:\/\/stourm.news\/?p=2002#article\",\"isPartOf\":{\"@id\":\"https:\/\/stourm.news\/?p=2002\"},\"author\":{\"name\":\"La r\u00e9daction\",\"@id\":\"https:\/\/stourm.news\/#\/schema\/person\/c3e1dc65988632e190969234ef046cf9\"},\"headline\":\"Vannes : en prison pour des menaces de mort sur des voisins dans le quartier multiculturel de M\u00e9nimur\",\"datePublished\":\"2024-08-14T13:17:33+00:00\",\"mainEntityOfPage\":{\"@id\":\"https:\/\/stourm.news\/?p=2002\"},\"wordCount\":150,\"commentCount\":0,\"publisher\":{\"@id\":\"https:\/\/stourm.news\/#organization\"},\"image\":{\"@id\":\"https:\/\/stourm.news\/?p=2002#primaryimage\"},\"thumbnailUrl\":\"https:\/\/stourm.news\/wp-content\/uploads\/2024\/08\/Capture-decran-2024-08-14-a-22.16.38.png\",\"articleSection\":[\"Faits divers\",\"Morbihan\",\"Revue de presse\"],\"inLanguage\":\"fr-FR\",\"potentialAction\":[{\"@type\":\"CommentAction\",\"name\":\"Comment\",\"target\":[\"https:\/\/stourm.news\/?p=2002#respond\"]}]},{\"@type\":\"WebPage\",\"@id\":\"https:\/\/stourm.news\/?p=2002\",\"url\":\"https:\/\/stourm.news\/?p=2002\",\"name\":\"Vannes : en prison pour des menaces de mort sur des voisins dans le quartier multiculturel de M\u00e9nimur - STOURM\",\"isPartOf\":{\"@id\":\"https:\/\/stourm.news\/#website\"},\"primaryImageOfPage\":{\"@id\":\"https:\/\/stourm.news\/?p=2002#primaryimage\"},\"image\":{\"@id\":\"https:\/\/stourm.news\/?p=2002#primaryimage\"},\"thumbnailUrl\":\"https:\/\/stourm.news\/wp-content\/uploads\/2024\/08\/Capture-decran-2024-08-14-a-22.16.38.png\",\"datePublished\":\"2024-08-14T13:17:33+00:00\",\"breadcrumb\":{\"@id\":\"https:\/\/stourm.news\/?p=2002#breadcrumb\"},\"inLanguage\":\"fr-FR\",\"potentialAction\":[{\"@type\":\"ReadAction\",\"target\":[\"https:\/\/stourm.news\/?p=2002\"]}]},{\"@type\":\"ImageObject\",\"inLanguage\":\"fr-FR\",\"@id\":\"https:\/\/stourm.news\/?p=2002#primaryimage\",\"url\":\"https:\/\/stourm.news\/wp-content\/uploads\/2024\/08\/Capture-decran-2024-08-14-a-22.16.38.png\",\"contentUrl\":\"https:\/\/stourm.news\/wp-content\/uploads\/2024\/08\/Capture-decran-2024-08-14-a-22.16.38.png\",\"width\":1092,\"height\":716},{\"@type\":\"BreadcrumbList\",\"@id\":\"https:\/\/stourm.news\/?p=2002#breadcrumb\",\"itemListElement\":[{\"@type\":\"ListItem\",\"position\":1,\"name\":\"Accueil\",\"item\":\"https:\/\/stourm.news\/\"},{\"@type\":\"ListItem\",\"position\":2,\"name\":\"Vannes : en prison pour des menaces de mort sur des voisins dans le quartier multiculturel de M\u00e9nimur\"}]},{\"@type\":\"WebSite\",\"@id\":\"https:\/\/stourm.news\/#website\",\"url\":\"https:\/\/stourm.news\/\",\"name\":\"Stourm\",\"description\":\"Kazetenn Strollad Broadel Breizh\",\"publisher\":{\"@id\":\"https:\/\/stourm.news\/#organization\"},\"potentialAction\":[{\"@type\":\"SearchAction\",\"target\":{\"@type\":\"EntryPoint\",\"urlTemplate\":\"https:\/\/stourm.news\/?s={search_term_string}\"},\"query-input\":{\"@type\":\"PropertyValueSpecification\",\"valueRequired\":true,\"valueName\":\"search_term_string\"}}],\"inLanguage\":\"fr-FR\"},{\"@type\":\"Organization\",\"@id\":\"https:\/\/stourm.news\/#organization\",\"name\":\"Stourm\",\"url\":\"https:\/\/stourm.news\/\",\"logo\":{\"@type\":\"ImageObject\",\"inLanguage\":\"fr-FR\",\"@id\":\"https:\/\/stourm.news\/#\/schema\/logo\/image\/\",\"url\":\"https:\/\/stourm.news\/wp-content\/uploads\/2025\/11\/cropped-Capture-decran-2025-11-28-a-15.19.07.png\",\"contentUrl\":\"https:\/\/stourm.news\/wp-content\/uploads\/2025\/11\/cropped-Capture-decran-2025-11-28-a-15.19.07.png\",\"width\":1855,\"height\":383,\"caption\":\"Stourm\"},\"image\":{\"@id\":\"https:\/\/stourm.news\/#\/schema\/logo\/image\/\"},\"sameAs\":[\"https:\/\/www.facebook.com\/stourmnews\/\"]},{\"@type\":\"Person\",\"@id\":\"https:\/\/stourm.news\/#\/schema\/person\/c3e1dc65988632e190969234ef046cf9\",\"name\":\"La r\u00e9daction\",\"image\":{\"@type\":\"ImageObject\",\"inLanguage\":\"fr-FR\",\"@id\":\"https:\/\/stourm.news\/#\/schema\/person\/image\/\",\"url\":\"https:\/\/secure.gravatar.com\/avatar\/7463443f194b6b5fb706b074ca0ef59a0cfcfd720cb47764b0ec5a952ce422b3?s=96&d=mm&r=g\",\"contentUrl\":\"https:\/\/secure.gravatar.com\/avatar\/7463443f194b6b5fb706b074ca0ef59a0cfcfd720cb47764b0ec5a952ce422b3?s=96&d=mm&r=g\",\"caption\":\"La r\u00e9daction\"},\"sameAs\":[\"https:\/\/stourm.news\"],\"url\":\"https:\/\/stourm.news\/?author=1\"}]}<\/script>\n<!-- \/ Yoast SEO plugin. -->","yoast_head_json":{"title":"Vannes : en prison pour des menaces de mort sur des voisins dans le quartier multiculturel de M\u00e9nimur - STOURM","robots":{"index":"index","follow":"follow","max-snippet":"max-snippet:-1","max-image-preview":"max-image-preview:large","max-video-preview":"max-video-preview:-1"},"canonical":"https:\/\/stourm.news\/?p=2002","og_locale":"fr_FR","og_type":"article","og_title":"Vannes : en prison pour des menaces de mort sur des voisins dans le quartier multiculturel de M\u00e9nimur - STOURM","og_description":"Ce dimanche 11 ao\u00fbt en fin de matin\u00e9e, les policiers vannetais avaient \u00e9t\u00e9 appel\u00e9s pour un diff\u00e9rend entre des voisins d\u2019un immeuble situ\u00e9 dans le quartier de M\u00e9nimur. \u00c0 leur arriv\u00e9e, ils avaient alors vu un homme qui, depuis sa fen\u00eatre, mena\u00e7ait de mort un autre habitant. Quelques minutes auparavant, c\u2019est une sc\u00e8ne de violence [&hellip;]","og_url":"https:\/\/stourm.news\/?p=2002","og_site_name":"STOURM","article_publisher":"https:\/\/www.facebook.com\/stourmnews\/","article_published_time":"2024-08-14T13:17:33+00:00","og_image":[{"width":1092,"height":716,"url":"https:\/\/stourm.news\/wp-content\/uploads\/2024\/08\/Capture-decran-2024-08-14-a-22.16.38.png","type":"image\/png"}],"author":"La r\u00e9daction","twitter_card":"summary_large_image","twitter_misc":{"\u00c9crit par":"La r\u00e9daction","Dur\u00e9e de lecture estim\u00e9e":"1 minute"},"schema":{"@context":"https:\/\/schema.org","@graph":[{"@type":"Article","@id":"https:\/\/stourm.news\/?p=2002#article","isPartOf":{"@id":"https:\/\/stourm.news\/?p=2002"},"author":{"name":"La r\u00e9daction","@id":"https:\/\/stourm.news\/#\/schema\/person\/c3e1dc65988632e190969234ef046cf9"},"headline":"Vannes : en prison pour des menaces de mort sur des voisins dans le quartier multiculturel de M\u00e9nimur","datePublished":"2024-08-14T13:17:33+00:00","mainEntityOfPage":{"@id":"https:\/\/stourm.news\/?p=2002"},"wordCount":150,"commentCount":0,"publisher":{"@id":"https:\/\/stourm.news\/#organization"},"image":{"@id":"https:\/\/stourm.news\/?p=2002#primaryimage"},"thumbnailUrl":"https:\/\/stourm.news\/wp-content\/uploads\/2024\/08\/Capture-decran-2024-08-14-a-22.16.38.png","articleSection":["Faits divers","Morbihan","Revue de presse"],"inLanguage":"fr-FR","potentialAction":[{"@type":"CommentAction","name":"Comment","target":["https:\/\/stourm.news\/?p=2002#respond"]}]},{"@type":"WebPage","@id":"https:\/\/stourm.news\/?p=2002","url":"https:\/\/stourm.news\/?p=2002","name":"Vannes : en prison pour des menaces de mort sur des voisins dans le quartier multiculturel de M\u00e9nimur - STOURM","isPartOf":{"@id":"https:\/\/stourm.news\/#website"},"primaryImageOfPage":{"@id":"https:\/\/stourm.news\/?p=2002#primaryimage"},"image":{"@id":"https:\/\/stourm.news\/?p=2002#primaryimage"},"thumbnailUrl":"https:\/\/stourm.news\/wp-content\/uploads\/2024\/08\/Capture-decran-2024-08-14-a-22.16.38.png","datePublished":"2024-08-14T13:17:33+00:00","breadcrumb":{"@id":"https:\/\/stourm.news\/?p=2002#breadcrumb"},"inLanguage":"fr-FR","potentialAction":[{"@type":"ReadAction","target":["https:\/\/stourm.news\/?p=2002"]}]},{"@type":"ImageObject","inLanguage":"fr-FR","@id":"https:\/\/stourm.news\/?p=2002#primaryimage","url":"https:\/\/stourm.news\/wp-content\/uploads\/2024\/08\/Capture-decran-2024-08-14-a-22.16.38.png","contentUrl":"https:\/\/stourm.news\/wp-content\/uploads\/2024\/08\/Capture-decran-2024-08-14-a-22.16.38.png","width":1092,"height":716},{"@type":"BreadcrumbList","@id":"https:\/\/stourm.news\/?p=2002#breadcrumb","itemListElement":[{"@type":"ListItem","position":1,"name":"Accueil","item":"https:\/\/stourm.news\/"},{"@type":"ListItem","position":2,"name":"Vannes : en prison pour des menaces de mort sur des voisins dans le quartier multiculturel de M\u00e9nimur"}]},{"@type":"WebSite","@id":"https:\/\/stourm.news\/#website","url":"https:\/\/stourm.news\/","name":"Stourm","description":"Kazetenn Strollad Broadel Breizh","publisher":{"@id":"https:\/\/stourm.news\/#organization"},"potentialAction":[{"@type":"SearchAction","target":{"@type":"EntryPoint","urlTemplate":"https:\/\/stourm.news\/?s={search_term_string}"},"query-input":{"@type":"PropertyValueSpecification","valueRequired":true,"valueName":"search_term_string"}}],"inLanguage":"fr-FR"},{"@type":"Organization","@id":"https:\/\/stourm.news\/#organization","name":"Stourm","url":"https:\/\/stourm.news\/","logo":{"@type":"ImageObject","inLanguage":"fr-FR","@id":"https:\/\/stourm.news\/#\/schema\/logo\/image\/","url":"https:\/\/stourm.news\/wp-content\/uploads\/2025\/11\/cropped-Capture-decran-2025-11-28-a-15.19.07.png","contentUrl":"https:\/\/stourm.news\/wp-content\/uploads\/2025\/11\/cropped-Capture-decran-2025-11-28-a-15.19.07.png","width":1855,"height":383,"caption":"Stourm"},"image":{"@id":"https:\/\/stourm.news\/#\/schema\/logo\/image\/"},"sameAs":["https:\/\/www.facebook.com\/stourmnews\/"]},{"@type":"Person","@id":"https:\/\/stourm.news\/#\/schema\/person\/c3e1dc65988632e190969234ef046cf9","name":"La r\u00e9daction","image":{"@type":"ImageObject","inLanguage":"fr-FR","@id":"https:\/\/stourm.news\/#\/schema\/person\/image\/","url":"https:\/\/secure.gravatar.com\/avatar\/7463443f194b6b5fb706b074ca0ef59a0cfcfd720cb47764b0ec5a952ce422b3?s=96&d=mm&r=g","contentUrl":"https:\/\/secure.gravatar.com\/avatar\/7463443f194b6b5fb706b074ca0ef59a0cfcfd720cb47764b0ec5a952ce422b3?s=96&d=mm&r=g","caption":"La r\u00e9daction"},"sameAs":["https:\/\/stourm.news"],"url":"https:\/\/stourm.news\/?author=1"}]}},"_links":{"self":[{"href":"https:\/\/stourm.news\/index.php?rest_route=\/wp\/v2\/posts\/2002","targetHints":{"allow":["GET"]}}],"collection":[{"href":"https:\/\/stourm.news\/index.php?rest_route=\/wp\/v2\/posts"}],"about":[{"href":"https:\/\/stourm.news\/index.php?rest_route=\/wp\/v2\/types\/post"}],"author":[{"embeddable":true,"href":"https:\/\/stourm.news\/index.php?rest_route=\/wp\/v2\/users\/1"}],"replies":[{"embeddable":true,"href":"https:\/\/stourm.news\/index.php?rest_route=%2Fwp%2Fv2%2Fcomments&post=2002"}],"version-history":[{"count":1,"href":"https:\/\/stourm.news\/index.php?rest_route=\/wp\/v2\/posts\/2002\/revisions"}],"predecessor-version":[{"id":2004,"href":"https:\/\/stourm.news\/index.php?rest_route=\/wp\/v2\/posts\/2002\/revisions\/2004"}],"wp:featuredmedia":[{"embeddable":true,"href":"https:\/\/stourm.news\/index.php?rest_route=\/wp\/v2\/media\/2003"}],"wp:attachment":[{"href":"https:\/\/stourm.news\/index.php?rest_route=%2Fwp%2Fv2%2Fmedia&parent=2002"}],"wp:term":[{"taxonomy":"category","embeddable":true,"href":"https:\/\/stourm.news\/index.php?rest_route=%2Fwp%2Fv2%2Fcategories&post=2002"},{"taxonomy":"post_tag","embeddable":true,"href":"https:\/\/stourm.news\/index.php?rest_route=%2Fwp%2Fv2%2Ftags&post=2002"}],"curies":[{"name":"wp","href":"https:\/\/api.w.org\/{rel}","templated":true}]}}