{"id":2008,"date":"2024-08-14T13:43:49","date_gmt":"2024-08-14T13:43:49","guid":{"rendered":"https:\/\/stourm.news\/?p=2008"},"modified":"2024-08-14T13:43:49","modified_gmt":"2024-08-14T13:43:49","slug":"allemagne-linterdiction-du-media-patriotique-compact-suspendue-par-la-justice-un-desaveu-pour-le-gouvernement-de-gauche","status":"publish","type":"post","link":"https:\/\/stourm.news\/?p=2008","title":{"rendered":"Allemagne : l&rsquo;interdiction du m\u00e9dia patriotique \u00ab\u00a0COMPACT\u00a0\u00bb suspendue par la justice, un d\u00e9saveu pour le gouvernement de gauche"},"content":{"rendered":"<p style=\"text-align: justify;\">Voulue par la ministre de l&rsquo;int\u00e9rieur Nancy Faeser, socialiste et proche de la mouvance Antifa, l&rsquo;interdiction du m\u00e9dia patriotique \u00ab\u00a0COMPACT\u00a0\u00bb a \u00e9t\u00e9 suspendue par la justice allemande. C&rsquo;est ce qu&rsquo;a annonc\u00e9 sur Twitter son r\u00e9dacteur en chef, J\u00fcrgen Els\u00e4sser.<\/p>\n<p style=\"text-align: justify;\"><em><strong>SIEG !!!!! Le tribunal a annul\u00e9 l&rsquo;interdiction de COMPACT dans le cadre d&rsquo;une proc\u00e9dure d&rsquo;urgence. Une d\u00e9cision ne sera prise que lors de la proc\u00e9dure au fond, et nous la gagnerons. La proc\u00e9dure principale dure au moins deux ans. EN ATTENDANT, NOUS POUVONS CONTINUER ! &#8211; Steffi, Paul et moi allons faire un petit r\u00e9cital qui sera diffus\u00e9 ici sur X !<\/strong><\/em><\/p>\n<blockquote class=\"twitter-tweet\">\n<p dir=\"ltr\" lang=\"de\">SIEG!!!!! Das Gericht hat das COMPACT-Verbot im Eilverfahren aufgehoben. Eine Entscheidung wird erst im Hauptsacheverfahren fallen, und das werden wir auch gewinnen. Hauptsache dauert mind. zwei Jahre. BIS DAHIN K\u00d6NNEN WIR WEITERMACHEN! &#8211; Steffi, Paul und ich machen gleich einen\u2026 <a href=\"https:\/\/t.co\/EYiyil4BTw\">pic.twitter.com\/EYiyil4BTw<\/a><\/p>\n<p>\u2014 J\u00fcrgen Els\u00e4sser (@JurgenElsasser) <a href=\"https:\/\/twitter.com\/JurgenElsasser\/status\/1823683323161432353?ref_src=twsrc%5Etfw\">August 14, 2024<\/a><\/p><\/blockquote>\n<p><script async src=\"https:\/\/platform.twitter.com\/widgets.js\" charset=\"utf-8\"><\/script><\/p>\n<p style=\"text-align: justify;\">M. Els\u00e4sser avait \u00e9t\u00e9 cibl\u00e9 par une op\u00e9ration de police il y a quelques semaines dans ce qui n&rsquo;\u00e9tait qu&rsquo;une tentative d&rsquo;intimidation de la part de la gauche radicale allemande au pouvoir \u00e0 Berlin.<\/p>\n<blockquote class=\"twitter-tweet\">\n<p dir=\"ltr\" lang=\"de\"><a href=\"https:\/\/twitter.com\/hashtag\/COMPACT?src=hash&amp;ref_src=twsrc%5Etfw\">#COMPACT<\/a> siegt \u00fcber <a href=\"https:\/\/twitter.com\/hashtag\/Faeser?src=hash&amp;ref_src=twsrc%5Etfw\">#Faeser<\/a> Die angeblich rechtsradikale Bestuhlung wird wieder in das B\u00fcro transportiert ! <a href=\"https:\/\/t.co\/Tnwz73wTii\">pic.twitter.com\/Tnwz73wTii<\/a><\/p>\n<p>\u2014 Reiner Schmerz (@SchmerzReiner) <a href=\"https:\/\/twitter.com\/SchmerzReiner\/status\/1823709084664914090?ref_src=twsrc%5Etfw\">August 14, 2024<\/a><\/p><\/blockquote>\n<p><script async src=\"https:\/\/platform.twitter.com\/widgets.js\" charset=\"utf-8\"><\/script><\/p>\n<p style=\"text-align: justify;\">J\u00fcrgen Els\u00e4sser s&rsquo;est f\u00e9licit\u00e9 d&rsquo;une victoire de la libert\u00e9 contre le \u00ab\u00a0r\u00e9gime\u00a0\u00bb dans une courte vid\u00e9o.<\/p>\n<blockquote class=\"twitter-tweet\">\n<p dir=\"ltr\" lang=\"de\"><a href=\"https:\/\/twitter.com\/hashtag\/COMPACT?src=hash&amp;ref_src=twsrc%5Etfw\">#COMPACT<\/a> siegt \u00fcber <a href=\"https:\/\/twitter.com\/hashtag\/Faeser?src=hash&amp;ref_src=twsrc%5Etfw\">#Faeser<\/a> ! Hier die erste Stellungnahme von uns \u2013 Champagner ist gek\u00f6pft! <a href=\"https:\/\/t.co\/GlNmTdaoFF\">pic.twitter.com\/GlNmTdaoFF<\/a><\/p>\n<p>\u2014 J\u00fcrgen Els\u00e4sser (@JurgenElsasser) <a href=\"https:\/\/twitter.com\/JurgenElsasser\/status\/1823691165373260041?ref_src=twsrc%5Etfw\">August 14, 2024<\/a><\/p><\/blockquote>\n<p><script async src=\"https:\/\/platform.twitter.com\/widgets.js\" charset=\"utf-8\"><\/script><\/p>\n<p style=\"text-align: justify;\">Fort de 40,000 lecteurs, le journal nationaliste est consid\u00e9r\u00e9 comme la principale publication patriotique par la gauche radicale qui veut l&rsquo;interdire dans un contexte de repli g\u00e9n\u00e9ral de l&rsquo;influence de la gauche et de l&rsquo;extr\u00eame-gauche en Allemagne.<\/p>\n<p style=\"text-align: right;\"><strong>Ewen Broc&rsquo;han<\/strong><\/p>\n","protected":false},"excerpt":{"rendered":"<p>Voulue par la ministre de l&rsquo;int\u00e9rieur Nancy Faeser, socialiste et proche de la mouvance Antifa, l&rsquo;interdiction du m\u00e9dia patriotique \u00ab\u00a0COMPACT\u00a0\u00bb a \u00e9t\u00e9 suspendue par la justice allemande. C&rsquo;est ce qu&rsquo;a annonc\u00e9 sur Twitter son r\u00e9dacteur en chef, J\u00fcrgen Els\u00e4sser. SIEG !!!!! Le tribunal a annul\u00e9 l&rsquo;interdiction de COMPACT dans le cadre d&rsquo;une proc\u00e9dure d&rsquo;urgence. Une [&hellip;]<\/p>\n","protected":false},"author":1,"featured_media":2009,"comment_status":"open","ping_status":"open","sticky":false,"template":"","format":"standard","meta":{"sb_editor_width":"","footnotes":""},"categories":[66,65],"tags":[],"class_list":["post-2008","post","type-post","status-publish","format-standard","has-post-thumbnail","hentry","category-international","category-principale"],"relative_dates":{"created":"2 ans ago","modified":"2 ans ago"},"yoast_head":"<!-- This site is optimized with the Yoast SEO plugin v26.3 - https:\/\/yoast.com\/wordpress\/plugins\/seo\/ -->\n<title>Allemagne : l&#039;interdiction du m\u00e9dia patriotique &quot;COMPACT&quot; suspendue par la justice, un d\u00e9saveu pour le gouvernement de gauche - STOURM<\/title>\n<meta name=\"robots\" content=\"index, follow, max-snippet:-1, max-image-preview:large, max-video-preview:-1\" \/>\n<link rel=\"canonical\" href=\"https:\/\/stourm.news\/?p=2008\" \/>\n<meta property=\"og:locale\" content=\"fr_FR\" \/>\n<meta property=\"og:type\" content=\"article\" \/>\n<meta property=\"og:title\" content=\"Allemagne : l&#039;interdiction du m\u00e9dia patriotique &quot;COMPACT&quot; suspendue par la justice, un d\u00e9saveu pour le gouvernement de gauche - STOURM\" \/>\n<meta property=\"og:description\" content=\"Voulue par la ministre de l&rsquo;int\u00e9rieur Nancy Faeser, socialiste et proche de la mouvance Antifa, l&rsquo;interdiction du m\u00e9dia patriotique \u00ab\u00a0COMPACT\u00a0\u00bb a \u00e9t\u00e9 suspendue par la justice allemande. C&rsquo;est ce qu&rsquo;a annonc\u00e9 sur Twitter son r\u00e9dacteur en chef, J\u00fcrgen Els\u00e4sser. SIEG !!!!! Le tribunal a annul\u00e9 l&rsquo;interdiction de COMPACT dans le cadre d&rsquo;une proc\u00e9dure d&rsquo;urgence. Une [&hellip;]\" \/>\n<meta property=\"og:url\" content=\"https:\/\/stourm.news\/?p=2008\" \/>\n<meta property=\"og:site_name\" content=\"STOURM\" \/>\n<meta property=\"article:publisher\" content=\"https:\/\/www.facebook.com\/stourmnews\/\" \/>\n<meta property=\"article:published_time\" content=\"2024-08-14T13:43:49+00:00\" \/>\n<meta property=\"og:image\" content=\"https:\/\/stourm.news\/wp-content\/uploads\/2024\/08\/Capture-decran-2024-08-14-a-22.39.47.png\" \/>\n\t<meta property=\"og:image:width\" content=\"808\" \/>\n\t<meta property=\"og:image:height\" content=\"462\" \/>\n\t<meta property=\"og:image:type\" content=\"image\/png\" \/>\n<meta name=\"author\" content=\"La r\u00e9daction\" \/>\n<meta name=\"twitter:card\" content=\"summary_large_image\" \/>\n<meta name=\"twitter:label1\" content=\"\u00c9crit par\" \/>\n\t<meta name=\"twitter:data1\" content=\"La r\u00e9daction\" \/>\n\t<meta name=\"twitter:label2\" content=\"Dur\u00e9e de lecture estim\u00e9e\" \/>\n\t<meta name=\"twitter:data2\" content=\"1 minute\" \/>\n<script type=\"application\/ld+json\" class=\"yoast-schema-graph\">{\"@context\":\"https:\/\/schema.org\",\"@graph\":[{\"@type\":\"Article\",\"@id\":\"https:\/\/stourm.news\/?p=2008#article\",\"isPartOf\":{\"@id\":\"https:\/\/stourm.news\/?p=2008\"},\"author\":{\"name\":\"La r\u00e9daction\",\"@id\":\"https:\/\/stourm.news\/#\/schema\/person\/c3e1dc65988632e190969234ef046cf9\"},\"headline\":\"Allemagne : l&rsquo;interdiction du m\u00e9dia patriotique \u00ab\u00a0COMPACT\u00a0\u00bb suspendue par la justice, un d\u00e9saveu pour le gouvernement de gauche\",\"datePublished\":\"2024-08-14T13:43:49+00:00\",\"mainEntityOfPage\":{\"@id\":\"https:\/\/stourm.news\/?p=2008\"},\"wordCount\":342,\"commentCount\":0,\"publisher\":{\"@id\":\"https:\/\/stourm.news\/#organization\"},\"image\":{\"@id\":\"https:\/\/stourm.news\/?p=2008#primaryimage\"},\"thumbnailUrl\":\"https:\/\/stourm.news\/wp-content\/uploads\/2024\/08\/Capture-decran-2024-08-14-a-22.39.47.png\",\"articleSection\":[\"International\",\"Principale\"],\"inLanguage\":\"fr-FR\",\"potentialAction\":[{\"@type\":\"CommentAction\",\"name\":\"Comment\",\"target\":[\"https:\/\/stourm.news\/?p=2008#respond\"]}]},{\"@type\":\"WebPage\",\"@id\":\"https:\/\/stourm.news\/?p=2008\",\"url\":\"https:\/\/stourm.news\/?p=2008\",\"name\":\"Allemagne : l'interdiction du m\u00e9dia patriotique \\\"COMPACT\\\" suspendue par la justice, un d\u00e9saveu pour le gouvernement de gauche - STOURM\",\"isPartOf\":{\"@id\":\"https:\/\/stourm.news\/#website\"},\"primaryImageOfPage\":{\"@id\":\"https:\/\/stourm.news\/?p=2008#primaryimage\"},\"image\":{\"@id\":\"https:\/\/stourm.news\/?p=2008#primaryimage\"},\"thumbnailUrl\":\"https:\/\/stourm.news\/wp-content\/uploads\/2024\/08\/Capture-decran-2024-08-14-a-22.39.47.png\",\"datePublished\":\"2024-08-14T13:43:49+00:00\",\"breadcrumb\":{\"@id\":\"https:\/\/stourm.news\/?p=2008#breadcrumb\"},\"inLanguage\":\"fr-FR\",\"potentialAction\":[{\"@type\":\"ReadAction\",\"target\":[\"https:\/\/stourm.news\/?p=2008\"]}]},{\"@type\":\"ImageObject\",\"inLanguage\":\"fr-FR\",\"@id\":\"https:\/\/stourm.news\/?p=2008#primaryimage\",\"url\":\"https:\/\/stourm.news\/wp-content\/uploads\/2024\/08\/Capture-decran-2024-08-14-a-22.39.47.png\",\"contentUrl\":\"https:\/\/stourm.news\/wp-content\/uploads\/2024\/08\/Capture-decran-2024-08-14-a-22.39.47.png\",\"width\":808,\"height\":462},{\"@type\":\"BreadcrumbList\",\"@id\":\"https:\/\/stourm.news\/?p=2008#breadcrumb\",\"itemListElement\":[{\"@type\":\"ListItem\",\"position\":1,\"name\":\"Accueil\",\"item\":\"https:\/\/stourm.news\/\"},{\"@type\":\"ListItem\",\"position\":2,\"name\":\"Allemagne : l&rsquo;interdiction du m\u00e9dia patriotique \u00ab\u00a0COMPACT\u00a0\u00bb suspendue par la justice, un d\u00e9saveu pour le gouvernement de gauche\"}]},{\"@type\":\"WebSite\",\"@id\":\"https:\/\/stourm.news\/#website\",\"url\":\"https:\/\/stourm.news\/\",\"name\":\"Stourm\",\"description\":\"Kazetenn Strollad Broadel Breizh\",\"publisher\":{\"@id\":\"https:\/\/stourm.news\/#organization\"},\"potentialAction\":[{\"@type\":\"SearchAction\",\"target\":{\"@type\":\"EntryPoint\",\"urlTemplate\":\"https:\/\/stourm.news\/?s={search_term_string}\"},\"query-input\":{\"@type\":\"PropertyValueSpecification\",\"valueRequired\":true,\"valueName\":\"search_term_string\"}}],\"inLanguage\":\"fr-FR\"},{\"@type\":\"Organization\",\"@id\":\"https:\/\/stourm.news\/#organization\",\"name\":\"Stourm\",\"url\":\"https:\/\/stourm.news\/\",\"logo\":{\"@type\":\"ImageObject\",\"inLanguage\":\"fr-FR\",\"@id\":\"https:\/\/stourm.news\/#\/schema\/logo\/image\/\",\"url\":\"https:\/\/stourm.news\/wp-content\/uploads\/2025\/11\/cropped-Capture-decran-2025-11-28-a-15.19.07.png\",\"contentUrl\":\"https:\/\/stourm.news\/wp-content\/uploads\/2025\/11\/cropped-Capture-decran-2025-11-28-a-15.19.07.png\",\"width\":1855,\"height\":383,\"caption\":\"Stourm\"},\"image\":{\"@id\":\"https:\/\/stourm.news\/#\/schema\/logo\/image\/\"},\"sameAs\":[\"https:\/\/www.facebook.com\/stourmnews\/\"]},{\"@type\":\"Person\",\"@id\":\"https:\/\/stourm.news\/#\/schema\/person\/c3e1dc65988632e190969234ef046cf9\",\"name\":\"La r\u00e9daction\",\"image\":{\"@type\":\"ImageObject\",\"inLanguage\":\"fr-FR\",\"@id\":\"https:\/\/stourm.news\/#\/schema\/person\/image\/\",\"url\":\"https:\/\/secure.gravatar.com\/avatar\/7463443f194b6b5fb706b074ca0ef59a0cfcfd720cb47764b0ec5a952ce422b3?s=96&d=mm&r=g\",\"contentUrl\":\"https:\/\/secure.gravatar.com\/avatar\/7463443f194b6b5fb706b074ca0ef59a0cfcfd720cb47764b0ec5a952ce422b3?s=96&d=mm&r=g\",\"caption\":\"La r\u00e9daction\"},\"sameAs\":[\"https:\/\/stourm.news\"],\"url\":\"https:\/\/stourm.news\/?author=1\"}]}<\/script>\n<!-- \/ Yoast SEO plugin. -->","yoast_head_json":{"title":"Allemagne : l'interdiction du m\u00e9dia patriotique \"COMPACT\" suspendue par la justice, un d\u00e9saveu pour le gouvernement de gauche - STOURM","robots":{"index":"index","follow":"follow","max-snippet":"max-snippet:-1","max-image-preview":"max-image-preview:large","max-video-preview":"max-video-preview:-1"},"canonical":"https:\/\/stourm.news\/?p=2008","og_locale":"fr_FR","og_type":"article","og_title":"Allemagne : l'interdiction du m\u00e9dia patriotique \"COMPACT\" suspendue par la justice, un d\u00e9saveu pour le gouvernement de gauche - STOURM","og_description":"Voulue par la ministre de l&rsquo;int\u00e9rieur Nancy Faeser, socialiste et proche de la mouvance Antifa, l&rsquo;interdiction du m\u00e9dia patriotique \u00ab\u00a0COMPACT\u00a0\u00bb a \u00e9t\u00e9 suspendue par la justice allemande. C&rsquo;est ce qu&rsquo;a annonc\u00e9 sur Twitter son r\u00e9dacteur en chef, J\u00fcrgen Els\u00e4sser. SIEG !!!!! Le tribunal a annul\u00e9 l&rsquo;interdiction de COMPACT dans le cadre d&rsquo;une proc\u00e9dure d&rsquo;urgence. Une [&hellip;]","og_url":"https:\/\/stourm.news\/?p=2008","og_site_name":"STOURM","article_publisher":"https:\/\/www.facebook.com\/stourmnews\/","article_published_time":"2024-08-14T13:43:49+00:00","og_image":[{"width":808,"height":462,"url":"https:\/\/stourm.news\/wp-content\/uploads\/2024\/08\/Capture-decran-2024-08-14-a-22.39.47.png","type":"image\/png"}],"author":"La r\u00e9daction","twitter_card":"summary_large_image","twitter_misc":{"\u00c9crit par":"La r\u00e9daction","Dur\u00e9e de lecture estim\u00e9e":"1 minute"},"schema":{"@context":"https:\/\/schema.org","@graph":[{"@type":"Article","@id":"https:\/\/stourm.news\/?p=2008#article","isPartOf":{"@id":"https:\/\/stourm.news\/?p=2008"},"author":{"name":"La r\u00e9daction","@id":"https:\/\/stourm.news\/#\/schema\/person\/c3e1dc65988632e190969234ef046cf9"},"headline":"Allemagne : l&rsquo;interdiction du m\u00e9dia patriotique \u00ab\u00a0COMPACT\u00a0\u00bb suspendue par la justice, un d\u00e9saveu pour le gouvernement de gauche","datePublished":"2024-08-14T13:43:49+00:00","mainEntityOfPage":{"@id":"https:\/\/stourm.news\/?p=2008"},"wordCount":342,"commentCount":0,"publisher":{"@id":"https:\/\/stourm.news\/#organization"},"image":{"@id":"https:\/\/stourm.news\/?p=2008#primaryimage"},"thumbnailUrl":"https:\/\/stourm.news\/wp-content\/uploads\/2024\/08\/Capture-decran-2024-08-14-a-22.39.47.png","articleSection":["International","Principale"],"inLanguage":"fr-FR","potentialAction":[{"@type":"CommentAction","name":"Comment","target":["https:\/\/stourm.news\/?p=2008#respond"]}]},{"@type":"WebPage","@id":"https:\/\/stourm.news\/?p=2008","url":"https:\/\/stourm.news\/?p=2008","name":"Allemagne : l'interdiction du m\u00e9dia patriotique \"COMPACT\" suspendue par la justice, un d\u00e9saveu pour le gouvernement de gauche - STOURM","isPartOf":{"@id":"https:\/\/stourm.news\/#website"},"primaryImageOfPage":{"@id":"https:\/\/stourm.news\/?p=2008#primaryimage"},"image":{"@id":"https:\/\/stourm.news\/?p=2008#primaryimage"},"thumbnailUrl":"https:\/\/stourm.news\/wp-content\/uploads\/2024\/08\/Capture-decran-2024-08-14-a-22.39.47.png","datePublished":"2024-08-14T13:43:49+00:00","breadcrumb":{"@id":"https:\/\/stourm.news\/?p=2008#breadcrumb"},"inLanguage":"fr-FR","potentialAction":[{"@type":"ReadAction","target":["https:\/\/stourm.news\/?p=2008"]}]},{"@type":"ImageObject","inLanguage":"fr-FR","@id":"https:\/\/stourm.news\/?p=2008#primaryimage","url":"https:\/\/stourm.news\/wp-content\/uploads\/2024\/08\/Capture-decran-2024-08-14-a-22.39.47.png","contentUrl":"https:\/\/stourm.news\/wp-content\/uploads\/2024\/08\/Capture-decran-2024-08-14-a-22.39.47.png","width":808,"height":462},{"@type":"BreadcrumbList","@id":"https:\/\/stourm.news\/?p=2008#breadcrumb","itemListElement":[{"@type":"ListItem","position":1,"name":"Accueil","item":"https:\/\/stourm.news\/"},{"@type":"ListItem","position":2,"name":"Allemagne : l&rsquo;interdiction du m\u00e9dia patriotique \u00ab\u00a0COMPACT\u00a0\u00bb suspendue par la justice, un d\u00e9saveu pour le gouvernement de gauche"}]},{"@type":"WebSite","@id":"https:\/\/stourm.news\/#website","url":"https:\/\/stourm.news\/","name":"Stourm","description":"Kazetenn Strollad Broadel Breizh","publisher":{"@id":"https:\/\/stourm.news\/#organization"},"potentialAction":[{"@type":"SearchAction","target":{"@type":"EntryPoint","urlTemplate":"https:\/\/stourm.news\/?s={search_term_string}"},"query-input":{"@type":"PropertyValueSpecification","valueRequired":true,"valueName":"search_term_string"}}],"inLanguage":"fr-FR"},{"@type":"Organization","@id":"https:\/\/stourm.news\/#organization","name":"Stourm","url":"https:\/\/stourm.news\/","logo":{"@type":"ImageObject","inLanguage":"fr-FR","@id":"https:\/\/stourm.news\/#\/schema\/logo\/image\/","url":"https:\/\/stourm.news\/wp-content\/uploads\/2025\/11\/cropped-Capture-decran-2025-11-28-a-15.19.07.png","contentUrl":"https:\/\/stourm.news\/wp-content\/uploads\/2025\/11\/cropped-Capture-decran-2025-11-28-a-15.19.07.png","width":1855,"height":383,"caption":"Stourm"},"image":{"@id":"https:\/\/stourm.news\/#\/schema\/logo\/image\/"},"sameAs":["https:\/\/www.facebook.com\/stourmnews\/"]},{"@type":"Person","@id":"https:\/\/stourm.news\/#\/schema\/person\/c3e1dc65988632e190969234ef046cf9","name":"La r\u00e9daction","image":{"@type":"ImageObject","inLanguage":"fr-FR","@id":"https:\/\/stourm.news\/#\/schema\/person\/image\/","url":"https:\/\/secure.gravatar.com\/avatar\/7463443f194b6b5fb706b074ca0ef59a0cfcfd720cb47764b0ec5a952ce422b3?s=96&d=mm&r=g","contentUrl":"https:\/\/secure.gravatar.com\/avatar\/7463443f194b6b5fb706b074ca0ef59a0cfcfd720cb47764b0ec5a952ce422b3?s=96&d=mm&r=g","caption":"La r\u00e9daction"},"sameAs":["https:\/\/stourm.news"],"url":"https:\/\/stourm.news\/?author=1"}]}},"_links":{"self":[{"href":"https:\/\/stourm.news\/index.php?rest_route=\/wp\/v2\/posts\/2008","targetHints":{"allow":["GET"]}}],"collection":[{"href":"https:\/\/stourm.news\/index.php?rest_route=\/wp\/v2\/posts"}],"about":[{"href":"https:\/\/stourm.news\/index.php?rest_route=\/wp\/v2\/types\/post"}],"author":[{"embeddable":true,"href":"https:\/\/stourm.news\/index.php?rest_route=\/wp\/v2\/users\/1"}],"replies":[{"embeddable":true,"href":"https:\/\/stourm.news\/index.php?rest_route=%2Fwp%2Fv2%2Fcomments&post=2008"}],"version-history":[{"count":1,"href":"https:\/\/stourm.news\/index.php?rest_route=\/wp\/v2\/posts\/2008\/revisions"}],"predecessor-version":[{"id":2010,"href":"https:\/\/stourm.news\/index.php?rest_route=\/wp\/v2\/posts\/2008\/revisions\/2010"}],"wp:featuredmedia":[{"embeddable":true,"href":"https:\/\/stourm.news\/index.php?rest_route=\/wp\/v2\/media\/2009"}],"wp:attachment":[{"href":"https:\/\/stourm.news\/index.php?rest_route=%2Fwp%2Fv2%2Fmedia&parent=2008"}],"wp:term":[{"taxonomy":"category","embeddable":true,"href":"https:\/\/stourm.news\/index.php?rest_route=%2Fwp%2Fv2%2Fcategories&post=2008"},{"taxonomy":"post_tag","embeddable":true,"href":"https:\/\/stourm.news\/index.php?rest_route=%2Fwp%2Fv2%2Ftags&post=2008"}],"curies":[{"name":"wp","href":"https:\/\/api.w.org\/{rel}","templated":true}]}}