{"id":2011,"date":"2024-08-14T14:07:03","date_gmt":"2024-08-14T14:07:03","guid":{"rendered":"https:\/\/stourm.news\/?p=2011"},"modified":"2024-08-14T14:09:01","modified_gmt":"2024-08-14T14:09:01","slug":"christian-guyonvarch-denonce-lextreme-droite-au-pouvoir-en-slovaquie-dirigee-par-la-gauche-socialiste","status":"publish","type":"post","link":"https:\/\/stourm.news\/?p=2011","title":{"rendered":"Christian Guyonvarc&rsquo;h d\u00e9nonce l&rsquo;extr\u00eame-droite au pouvoir en Slovaquie&#8230; dirig\u00e9e par la gauche socialiste"},"content":{"rendered":"<p style=\"text-align: justify;\">Conseiller \u00ab\u00a0r\u00e9gional\u00a0\u00bb de l&rsquo;UDB (r\u00e9gionaliste, extr\u00eame-gauche), Christian Guyonvarc&rsquo;h d\u00e9nonce le plus clair du temps \u00ab\u00a0l&rsquo;extr\u00eame-droite\u00a0\u00bb, au point de la voir l\u00e0 o\u00f9 elle n&rsquo;existe pas.<\/p>\n<p style=\"text-align: justify;\">Commentant la d\u00e9cision du chef du gouvernement slovaque Robert Fico et de sa ministre de la Culture de ne pas reconduire Matej Drli\u010dka \u00e0 la t\u00eate du th\u00e9\u00e2tre national. <strong>\u00ab\u00a0L&rsquo; extr\u00eame-droite sera toujours l&rsquo;extr\u00eame droite, en Slovaquie comme en France, comme partout ailleurs\u00a0\u00bb<\/strong> assure l&rsquo;\u00e9lu d&rsquo;extr\u00eame-gauche.<\/p>\n<blockquote class=\"twitter-tweet\">\n<p dir=\"ltr\" lang=\"fr\">L&rsquo; <a href=\"https:\/\/twitter.com\/hashtag\/extremedroite?src=hash&amp;ref_src=twsrc%5Etfw\">#extremedroite<\/a> sera toujours l&rsquo;extr\u00eame droite, en <a href=\"https:\/\/twitter.com\/hashtag\/slovaquie?src=hash&amp;ref_src=twsrc%5Etfw\">#slovaquie<\/a> comme en <a href=\"https:\/\/twitter.com\/hashtag\/France?src=hash&amp;ref_src=twsrc%5Etfw\">#France<\/a>, comme partout ailleurs. <a href=\"https:\/\/twitter.com\/hashtag\/racisme?src=hash&amp;ref_src=twsrc%5Etfw\">#racisme<\/a> <a href=\"https:\/\/twitter.com\/hashtag\/homophobie?src=hash&amp;ref_src=twsrc%5Etfw\">#homophobie<\/a> <a href=\"https:\/\/twitter.com\/RadioPrague?ref_src=twsrc%5Etfw\">@RadioPrague<\/a> <a href=\"https:\/\/t.co\/XFSefmBj9d\">https:\/\/t.co\/XFSefmBj9d<\/a><\/p>\n<p>\u2014 Guyonvarc&rsquo;h Kristian (@GuyonvarchC) <a href=\"https:\/\/twitter.com\/GuyonvarchC\/status\/1823693831264444417?ref_src=twsrc%5Etfw\">August 14, 2024<\/a><\/p><\/blockquote>\n<p><script async src=\"https:\/\/platform.twitter.com\/widgets.js\" charset=\"utf-8\"><\/script><\/p>\n<p style=\"text-align: justify;\">Christian Guyonvarc&rsquo;h ne s&#8217;embarrasse pas de d\u00e9tails puisque le parti que dirige Robert Fico, SMER, est une formation sociale-d\u00e9mocrate appartenant \u00e0 l&rsquo;internationale socialiste aux c\u00f4t\u00e9s du Parti socialiste fran\u00e7ais ou du SPD allemand, au pouvoir \u00e0 Berlin.<\/p>\n<p style=\"text-align: justify;\">Robert Fico n&rsquo;a jamais appartenu \u00e0 \u00ab\u00a0l&rsquo;extr\u00eame-droite\u00a0\u00bb, que ce soit en Slovaquie ou au parlement europ\u00e9en. Le label dont usent et abusent les z\u00e9lotes de la gauche radicale semble d\u00e9sormais servir \u00e0 d\u00e9signer toutes les formations politiques ou les personnalit\u00e9s qui ne se situent dans leur sillage.<\/p>\n<p style=\"text-align: right;\"><strong>Ewen Broc&rsquo;han<\/strong><\/p>\n","protected":false},"excerpt":{"rendered":"<p>Conseiller \u00ab\u00a0r\u00e9gional\u00a0\u00bb de l&rsquo;UDB (r\u00e9gionaliste, extr\u00eame-gauche), Christian Guyonvarc&rsquo;h d\u00e9nonce le plus clair du temps \u00ab\u00a0l&rsquo;extr\u00eame-droite\u00a0\u00bb, au point de la voir l\u00e0 o\u00f9 elle n&rsquo;existe pas. Commentant la d\u00e9cision du chef du gouvernement slovaque Robert Fico et de sa ministre de la Culture de ne pas reconduire Matej Drli\u010dka \u00e0 la t\u00eate du th\u00e9\u00e2tre national. \u00ab\u00a0L&rsquo; [&hellip;]<\/p>\n","protected":false},"author":1,"featured_media":2012,"comment_status":"open","ping_status":"open","sticky":false,"template":"","format":"standard","meta":{"sb_editor_width":"","footnotes":""},"categories":[36,67,65],"tags":[],"class_list":["post-2011","post","type-post","status-publish","format-standard","has-post-thumbnail","hentry","category-extreme-gauche","category-politique","category-principale"],"relative_dates":{"created":"2 ans ago","modified":"2 ans ago"},"yoast_head":"<!-- This site is optimized with the Yoast SEO plugin v26.3 - https:\/\/yoast.com\/wordpress\/plugins\/seo\/ -->\n<title>Christian Guyonvarc&#039;h d\u00e9nonce l&#039;extr\u00eame-droite au pouvoir en Slovaquie... dirig\u00e9e par la gauche socialiste - STOURM<\/title>\n<meta name=\"robots\" content=\"index, follow, max-snippet:-1, max-image-preview:large, max-video-preview:-1\" \/>\n<link rel=\"canonical\" href=\"https:\/\/stourm.news\/?p=2011\" \/>\n<meta property=\"og:locale\" content=\"fr_FR\" \/>\n<meta property=\"og:type\" content=\"article\" \/>\n<meta property=\"og:title\" content=\"Christian Guyonvarc&#039;h d\u00e9nonce l&#039;extr\u00eame-droite au pouvoir en Slovaquie... dirig\u00e9e par la gauche socialiste - STOURM\" \/>\n<meta property=\"og:description\" content=\"Conseiller \u00ab\u00a0r\u00e9gional\u00a0\u00bb de l&rsquo;UDB (r\u00e9gionaliste, extr\u00eame-gauche), Christian Guyonvarc&rsquo;h d\u00e9nonce le plus clair du temps \u00ab\u00a0l&rsquo;extr\u00eame-droite\u00a0\u00bb, au point de la voir l\u00e0 o\u00f9 elle n&rsquo;existe pas. Commentant la d\u00e9cision du chef du gouvernement slovaque Robert Fico et de sa ministre de la Culture de ne pas reconduire Matej Drli\u010dka \u00e0 la t\u00eate du th\u00e9\u00e2tre national. \u00ab\u00a0L&rsquo; [&hellip;]\" \/>\n<meta property=\"og:url\" content=\"https:\/\/stourm.news\/?p=2011\" \/>\n<meta property=\"og:site_name\" content=\"STOURM\" \/>\n<meta property=\"article:publisher\" content=\"https:\/\/www.facebook.com\/stourmnews\/\" \/>\n<meta property=\"article:published_time\" content=\"2024-08-14T14:07:03+00:00\" \/>\n<meta property=\"article:modified_time\" content=\"2024-08-14T14:09:01+00:00\" \/>\n<meta property=\"og:image\" content=\"https:\/\/stourm.news\/wp-content\/uploads\/2024\/08\/Capture-decran-2024-08-14-a-23.05.32.png\" \/>\n\t<meta property=\"og:image:width\" content=\"672\" \/>\n\t<meta property=\"og:image:height\" content=\"468\" \/>\n\t<meta property=\"og:image:type\" content=\"image\/png\" \/>\n<meta name=\"author\" content=\"La r\u00e9daction\" \/>\n<meta name=\"twitter:card\" content=\"summary_large_image\" \/>\n<meta name=\"twitter:label1\" content=\"\u00c9crit par\" \/>\n\t<meta name=\"twitter:data1\" content=\"La r\u00e9daction\" \/>\n\t<meta name=\"twitter:label2\" content=\"Dur\u00e9e de lecture estim\u00e9e\" \/>\n\t<meta name=\"twitter:data2\" content=\"2 minutes\" \/>\n<script type=\"application\/ld+json\" class=\"yoast-schema-graph\">{\"@context\":\"https:\/\/schema.org\",\"@graph\":[{\"@type\":\"Article\",\"@id\":\"https:\/\/stourm.news\/?p=2011#article\",\"isPartOf\":{\"@id\":\"https:\/\/stourm.news\/?p=2011\"},\"author\":{\"name\":\"La r\u00e9daction\",\"@id\":\"https:\/\/stourm.news\/#\/schema\/person\/c3e1dc65988632e190969234ef046cf9\"},\"headline\":\"Christian Guyonvarc&rsquo;h d\u00e9nonce l&rsquo;extr\u00eame-droite au pouvoir en Slovaquie&#8230; dirig\u00e9e par la gauche socialiste\",\"datePublished\":\"2024-08-14T14:07:03+00:00\",\"dateModified\":\"2024-08-14T14:09:01+00:00\",\"mainEntityOfPage\":{\"@id\":\"https:\/\/stourm.news\/?p=2011\"},\"wordCount\":235,\"commentCount\":0,\"publisher\":{\"@id\":\"https:\/\/stourm.news\/#organization\"},\"image\":{\"@id\":\"https:\/\/stourm.news\/?p=2011#primaryimage\"},\"thumbnailUrl\":\"https:\/\/stourm.news\/wp-content\/uploads\/2024\/08\/Capture-decran-2024-08-14-a-23.05.32.png\",\"articleSection\":[\"Extr\u00eame-gauche\",\"Politique\",\"Principale\"],\"inLanguage\":\"fr-FR\",\"potentialAction\":[{\"@type\":\"CommentAction\",\"name\":\"Comment\",\"target\":[\"https:\/\/stourm.news\/?p=2011#respond\"]}]},{\"@type\":\"WebPage\",\"@id\":\"https:\/\/stourm.news\/?p=2011\",\"url\":\"https:\/\/stourm.news\/?p=2011\",\"name\":\"Christian Guyonvarc'h d\u00e9nonce l'extr\u00eame-droite au pouvoir en Slovaquie... dirig\u00e9e par la gauche socialiste - STOURM\",\"isPartOf\":{\"@id\":\"https:\/\/stourm.news\/#website\"},\"primaryImageOfPage\":{\"@id\":\"https:\/\/stourm.news\/?p=2011#primaryimage\"},\"image\":{\"@id\":\"https:\/\/stourm.news\/?p=2011#primaryimage\"},\"thumbnailUrl\":\"https:\/\/stourm.news\/wp-content\/uploads\/2024\/08\/Capture-decran-2024-08-14-a-23.05.32.png\",\"datePublished\":\"2024-08-14T14:07:03+00:00\",\"dateModified\":\"2024-08-14T14:09:01+00:00\",\"breadcrumb\":{\"@id\":\"https:\/\/stourm.news\/?p=2011#breadcrumb\"},\"inLanguage\":\"fr-FR\",\"potentialAction\":[{\"@type\":\"ReadAction\",\"target\":[\"https:\/\/stourm.news\/?p=2011\"]}]},{\"@type\":\"ImageObject\",\"inLanguage\":\"fr-FR\",\"@id\":\"https:\/\/stourm.news\/?p=2011#primaryimage\",\"url\":\"https:\/\/stourm.news\/wp-content\/uploads\/2024\/08\/Capture-decran-2024-08-14-a-23.05.32.png\",\"contentUrl\":\"https:\/\/stourm.news\/wp-content\/uploads\/2024\/08\/Capture-decran-2024-08-14-a-23.05.32.png\",\"width\":672,\"height\":468},{\"@type\":\"BreadcrumbList\",\"@id\":\"https:\/\/stourm.news\/?p=2011#breadcrumb\",\"itemListElement\":[{\"@type\":\"ListItem\",\"position\":1,\"name\":\"Accueil\",\"item\":\"https:\/\/stourm.news\/\"},{\"@type\":\"ListItem\",\"position\":2,\"name\":\"Christian Guyonvarc&rsquo;h d\u00e9nonce l&rsquo;extr\u00eame-droite au pouvoir en Slovaquie&#8230; dirig\u00e9e par la gauche socialiste\"}]},{\"@type\":\"WebSite\",\"@id\":\"https:\/\/stourm.news\/#website\",\"url\":\"https:\/\/stourm.news\/\",\"name\":\"Stourm\",\"description\":\"Kazetenn Strollad Broadel Breizh\",\"publisher\":{\"@id\":\"https:\/\/stourm.news\/#organization\"},\"potentialAction\":[{\"@type\":\"SearchAction\",\"target\":{\"@type\":\"EntryPoint\",\"urlTemplate\":\"https:\/\/stourm.news\/?s={search_term_string}\"},\"query-input\":{\"@type\":\"PropertyValueSpecification\",\"valueRequired\":true,\"valueName\":\"search_term_string\"}}],\"inLanguage\":\"fr-FR\"},{\"@type\":\"Organization\",\"@id\":\"https:\/\/stourm.news\/#organization\",\"name\":\"Stourm\",\"url\":\"https:\/\/stourm.news\/\",\"logo\":{\"@type\":\"ImageObject\",\"inLanguage\":\"fr-FR\",\"@id\":\"https:\/\/stourm.news\/#\/schema\/logo\/image\/\",\"url\":\"https:\/\/stourm.news\/wp-content\/uploads\/2025\/11\/cropped-Capture-decran-2025-11-28-a-15.19.07.png\",\"contentUrl\":\"https:\/\/stourm.news\/wp-content\/uploads\/2025\/11\/cropped-Capture-decran-2025-11-28-a-15.19.07.png\",\"width\":1855,\"height\":383,\"caption\":\"Stourm\"},\"image\":{\"@id\":\"https:\/\/stourm.news\/#\/schema\/logo\/image\/\"},\"sameAs\":[\"https:\/\/www.facebook.com\/stourmnews\/\"]},{\"@type\":\"Person\",\"@id\":\"https:\/\/stourm.news\/#\/schema\/person\/c3e1dc65988632e190969234ef046cf9\",\"name\":\"La r\u00e9daction\",\"image\":{\"@type\":\"ImageObject\",\"inLanguage\":\"fr-FR\",\"@id\":\"https:\/\/stourm.news\/#\/schema\/person\/image\/\",\"url\":\"https:\/\/secure.gravatar.com\/avatar\/7463443f194b6b5fb706b074ca0ef59a0cfcfd720cb47764b0ec5a952ce422b3?s=96&d=mm&r=g\",\"contentUrl\":\"https:\/\/secure.gravatar.com\/avatar\/7463443f194b6b5fb706b074ca0ef59a0cfcfd720cb47764b0ec5a952ce422b3?s=96&d=mm&r=g\",\"caption\":\"La r\u00e9daction\"},\"sameAs\":[\"https:\/\/stourm.news\"],\"url\":\"https:\/\/stourm.news\/?author=1\"}]}<\/script>\n<!-- \/ Yoast SEO plugin. -->","yoast_head_json":{"title":"Christian Guyonvarc'h d\u00e9nonce l'extr\u00eame-droite au pouvoir en Slovaquie... dirig\u00e9e par la gauche socialiste - STOURM","robots":{"index":"index","follow":"follow","max-snippet":"max-snippet:-1","max-image-preview":"max-image-preview:large","max-video-preview":"max-video-preview:-1"},"canonical":"https:\/\/stourm.news\/?p=2011","og_locale":"fr_FR","og_type":"article","og_title":"Christian Guyonvarc'h d\u00e9nonce l'extr\u00eame-droite au pouvoir en Slovaquie... dirig\u00e9e par la gauche socialiste - STOURM","og_description":"Conseiller \u00ab\u00a0r\u00e9gional\u00a0\u00bb de l&rsquo;UDB (r\u00e9gionaliste, extr\u00eame-gauche), Christian Guyonvarc&rsquo;h d\u00e9nonce le plus clair du temps \u00ab\u00a0l&rsquo;extr\u00eame-droite\u00a0\u00bb, au point de la voir l\u00e0 o\u00f9 elle n&rsquo;existe pas. Commentant la d\u00e9cision du chef du gouvernement slovaque Robert Fico et de sa ministre de la Culture de ne pas reconduire Matej Drli\u010dka \u00e0 la t\u00eate du th\u00e9\u00e2tre national. \u00ab\u00a0L&rsquo; [&hellip;]","og_url":"https:\/\/stourm.news\/?p=2011","og_site_name":"STOURM","article_publisher":"https:\/\/www.facebook.com\/stourmnews\/","article_published_time":"2024-08-14T14:07:03+00:00","article_modified_time":"2024-08-14T14:09:01+00:00","og_image":[{"width":672,"height":468,"url":"https:\/\/stourm.news\/wp-content\/uploads\/2024\/08\/Capture-decran-2024-08-14-a-23.05.32.png","type":"image\/png"}],"author":"La r\u00e9daction","twitter_card":"summary_large_image","twitter_misc":{"\u00c9crit par":"La r\u00e9daction","Dur\u00e9e de lecture estim\u00e9e":"2 minutes"},"schema":{"@context":"https:\/\/schema.org","@graph":[{"@type":"Article","@id":"https:\/\/stourm.news\/?p=2011#article","isPartOf":{"@id":"https:\/\/stourm.news\/?p=2011"},"author":{"name":"La r\u00e9daction","@id":"https:\/\/stourm.news\/#\/schema\/person\/c3e1dc65988632e190969234ef046cf9"},"headline":"Christian Guyonvarc&rsquo;h d\u00e9nonce l&rsquo;extr\u00eame-droite au pouvoir en Slovaquie&#8230; dirig\u00e9e par la gauche socialiste","datePublished":"2024-08-14T14:07:03+00:00","dateModified":"2024-08-14T14:09:01+00:00","mainEntityOfPage":{"@id":"https:\/\/stourm.news\/?p=2011"},"wordCount":235,"commentCount":0,"publisher":{"@id":"https:\/\/stourm.news\/#organization"},"image":{"@id":"https:\/\/stourm.news\/?p=2011#primaryimage"},"thumbnailUrl":"https:\/\/stourm.news\/wp-content\/uploads\/2024\/08\/Capture-decran-2024-08-14-a-23.05.32.png","articleSection":["Extr\u00eame-gauche","Politique","Principale"],"inLanguage":"fr-FR","potentialAction":[{"@type":"CommentAction","name":"Comment","target":["https:\/\/stourm.news\/?p=2011#respond"]}]},{"@type":"WebPage","@id":"https:\/\/stourm.news\/?p=2011","url":"https:\/\/stourm.news\/?p=2011","name":"Christian Guyonvarc'h d\u00e9nonce l'extr\u00eame-droite au pouvoir en Slovaquie... dirig\u00e9e par la gauche socialiste - STOURM","isPartOf":{"@id":"https:\/\/stourm.news\/#website"},"primaryImageOfPage":{"@id":"https:\/\/stourm.news\/?p=2011#primaryimage"},"image":{"@id":"https:\/\/stourm.news\/?p=2011#primaryimage"},"thumbnailUrl":"https:\/\/stourm.news\/wp-content\/uploads\/2024\/08\/Capture-decran-2024-08-14-a-23.05.32.png","datePublished":"2024-08-14T14:07:03+00:00","dateModified":"2024-08-14T14:09:01+00:00","breadcrumb":{"@id":"https:\/\/stourm.news\/?p=2011#breadcrumb"},"inLanguage":"fr-FR","potentialAction":[{"@type":"ReadAction","target":["https:\/\/stourm.news\/?p=2011"]}]},{"@type":"ImageObject","inLanguage":"fr-FR","@id":"https:\/\/stourm.news\/?p=2011#primaryimage","url":"https:\/\/stourm.news\/wp-content\/uploads\/2024\/08\/Capture-decran-2024-08-14-a-23.05.32.png","contentUrl":"https:\/\/stourm.news\/wp-content\/uploads\/2024\/08\/Capture-decran-2024-08-14-a-23.05.32.png","width":672,"height":468},{"@type":"BreadcrumbList","@id":"https:\/\/stourm.news\/?p=2011#breadcrumb","itemListElement":[{"@type":"ListItem","position":1,"name":"Accueil","item":"https:\/\/stourm.news\/"},{"@type":"ListItem","position":2,"name":"Christian Guyonvarc&rsquo;h d\u00e9nonce l&rsquo;extr\u00eame-droite au pouvoir en Slovaquie&#8230; dirig\u00e9e par la gauche socialiste"}]},{"@type":"WebSite","@id":"https:\/\/stourm.news\/#website","url":"https:\/\/stourm.news\/","name":"Stourm","description":"Kazetenn Strollad Broadel Breizh","publisher":{"@id":"https:\/\/stourm.news\/#organization"},"potentialAction":[{"@type":"SearchAction","target":{"@type":"EntryPoint","urlTemplate":"https:\/\/stourm.news\/?s={search_term_string}"},"query-input":{"@type":"PropertyValueSpecification","valueRequired":true,"valueName":"search_term_string"}}],"inLanguage":"fr-FR"},{"@type":"Organization","@id":"https:\/\/stourm.news\/#organization","name":"Stourm","url":"https:\/\/stourm.news\/","logo":{"@type":"ImageObject","inLanguage":"fr-FR","@id":"https:\/\/stourm.news\/#\/schema\/logo\/image\/","url":"https:\/\/stourm.news\/wp-content\/uploads\/2025\/11\/cropped-Capture-decran-2025-11-28-a-15.19.07.png","contentUrl":"https:\/\/stourm.news\/wp-content\/uploads\/2025\/11\/cropped-Capture-decran-2025-11-28-a-15.19.07.png","width":1855,"height":383,"caption":"Stourm"},"image":{"@id":"https:\/\/stourm.news\/#\/schema\/logo\/image\/"},"sameAs":["https:\/\/www.facebook.com\/stourmnews\/"]},{"@type":"Person","@id":"https:\/\/stourm.news\/#\/schema\/person\/c3e1dc65988632e190969234ef046cf9","name":"La r\u00e9daction","image":{"@type":"ImageObject","inLanguage":"fr-FR","@id":"https:\/\/stourm.news\/#\/schema\/person\/image\/","url":"https:\/\/secure.gravatar.com\/avatar\/7463443f194b6b5fb706b074ca0ef59a0cfcfd720cb47764b0ec5a952ce422b3?s=96&d=mm&r=g","contentUrl":"https:\/\/secure.gravatar.com\/avatar\/7463443f194b6b5fb706b074ca0ef59a0cfcfd720cb47764b0ec5a952ce422b3?s=96&d=mm&r=g","caption":"La r\u00e9daction"},"sameAs":["https:\/\/stourm.news"],"url":"https:\/\/stourm.news\/?author=1"}]}},"_links":{"self":[{"href":"https:\/\/stourm.news\/index.php?rest_route=\/wp\/v2\/posts\/2011","targetHints":{"allow":["GET"]}}],"collection":[{"href":"https:\/\/stourm.news\/index.php?rest_route=\/wp\/v2\/posts"}],"about":[{"href":"https:\/\/stourm.news\/index.php?rest_route=\/wp\/v2\/types\/post"}],"author":[{"embeddable":true,"href":"https:\/\/stourm.news\/index.php?rest_route=\/wp\/v2\/users\/1"}],"replies":[{"embeddable":true,"href":"https:\/\/stourm.news\/index.php?rest_route=%2Fwp%2Fv2%2Fcomments&post=2011"}],"version-history":[{"count":1,"href":"https:\/\/stourm.news\/index.php?rest_route=\/wp\/v2\/posts\/2011\/revisions"}],"predecessor-version":[{"id":2013,"href":"https:\/\/stourm.news\/index.php?rest_route=\/wp\/v2\/posts\/2011\/revisions\/2013"}],"wp:featuredmedia":[{"embeddable":true,"href":"https:\/\/stourm.news\/index.php?rest_route=\/wp\/v2\/media\/2012"}],"wp:attachment":[{"href":"https:\/\/stourm.news\/index.php?rest_route=%2Fwp%2Fv2%2Fmedia&parent=2011"}],"wp:term":[{"taxonomy":"category","embeddable":true,"href":"https:\/\/stourm.news\/index.php?rest_route=%2Fwp%2Fv2%2Fcategories&post=2011"},{"taxonomy":"post_tag","embeddable":true,"href":"https:\/\/stourm.news\/index.php?rest_route=%2Fwp%2Fv2%2Ftags&post=2011"}],"curies":[{"name":"wp","href":"https:\/\/api.w.org\/{rel}","templated":true}]}}