{"id":2014,"date":"2024-08-15T08:57:31","date_gmt":"2024-08-15T08:57:31","guid":{"rendered":"https:\/\/stourm.news\/?p=2014"},"modified":"2024-08-15T08:57:31","modified_gmt":"2024-08-15T08:57:31","slug":"acceleration-en-2023-de-leffondrement-du-lectorat-du-media-detat-francais-le-telegramme","status":"publish","type":"post","link":"https:\/\/stourm.news\/?p=2014","title":{"rendered":"Acc\u00e9l\u00e9ration en 2023 de l&rsquo;effondrement du lectorat du m\u00e9dia d&rsquo;\u00e9tat fran\u00e7ais \u00ab\u00a0Le T\u00e9l\u00e9gramme\u00a0\u00bb"},"content":{"rendered":"<p style=\"text-align: justify;\">L&rsquo;audience du journal Le T\u00e9l\u00e9gramme continue sa chute inexorable. L&rsquo;Alliance pour les chiffres de la presse et des m\u00e9dias a publi\u00e9 les chiffres des ventes pour l&rsquo;ann\u00e9e 2023. Avec 163,000 num\u00e9ros pay\u00e9s au quotidien, Le T\u00e9l\u00e9gramme affiche une perte de 7,000 abonn\u00e9s par rapport \u00e0 l&rsquo;ann\u00e9e pr\u00e9c\u00e9dente et de 20,000 par rapport \u00e0 2019. C&rsquo;est pr\u00e8s de 50,000 abonn\u00e9s de moins par rapport \u00e0 2009 o\u00f9 il vendait 210,000 num\u00e9ros par jour.<\/p>\n<p><img fetchpriority=\"high\" decoding=\"async\" class=\"alignnone wp-image-2016 size-full\" src=\"https:\/\/stourm.news\/wp-content\/uploads\/2024\/08\/Capture-decran-2024-08-15-a-17.18.06.png\" alt=\"\" width=\"1402\" height=\"738\" srcset=\"https:\/\/stourm.news\/wp-content\/uploads\/2024\/08\/Capture-decran-2024-08-15-a-17.18.06.png 1402w, https:\/\/stourm.news\/wp-content\/uploads\/2024\/08\/Capture-decran-2024-08-15-a-17.18.06-300x158.png 300w, https:\/\/stourm.news\/wp-content\/uploads\/2024\/08\/Capture-decran-2024-08-15-a-17.18.06-1024x539.png 1024w, https:\/\/stourm.news\/wp-content\/uploads\/2024\/08\/Capture-decran-2024-08-15-a-17.18.06-768x404.png 768w\" sizes=\"(max-width: 1402px) 100vw, 1402px\" \/><\/p>\n<p style=\"text-align: justify;\">Au premier semestre 2024, le journal affiche une nouvelle baisse de ses ventes de 14,4%, ce qui annonce une ann\u00e9e particuli\u00e8rement catastrophique pour Le T\u00e9l\u00e9gramme. Avec moins de 10% de son lectorat abonn\u00e9 qui consulte son \u00e9dition num\u00e9rique, le m\u00e9dia de la famille Coudurier peut difficilement esp\u00e9rer un renversement de tendance aupr\u00e8s des moins de 60 ans, singuli\u00e8rement chez les plus jeunes.<\/p>\n<p><img decoding=\"async\" class=\"alignnone wp-image-2015 size-full\" src=\"https:\/\/stourm.news\/wp-content\/uploads\/2024\/08\/Capture-decran-2024-08-15-a-17.17.06.png\" alt=\"\" width=\"1562\" height=\"688\" srcset=\"https:\/\/stourm.news\/wp-content\/uploads\/2024\/08\/Capture-decran-2024-08-15-a-17.17.06.png 1562w, https:\/\/stourm.news\/wp-content\/uploads\/2024\/08\/Capture-decran-2024-08-15-a-17.17.06-300x132.png 300w, https:\/\/stourm.news\/wp-content\/uploads\/2024\/08\/Capture-decran-2024-08-15-a-17.17.06-1024x451.png 1024w, https:\/\/stourm.news\/wp-content\/uploads\/2024\/08\/Capture-decran-2024-08-15-a-17.17.06-768x338.png 768w, https:\/\/stourm.news\/wp-content\/uploads\/2024\/08\/Capture-decran-2024-08-15-a-17.17.06-1536x677.png 1536w\" sizes=\"(max-width: 1562px) 100vw, 1562px\" \/><\/p>\n<p style=\"text-align: justify;\">D\u00e9pendant d&rsquo;un lectorat abonn\u00e9 \u00e2g\u00e9 (pr\u00e8s de 50% de plus de 60 ans), Le T\u00e9l\u00e9gramme se retrouve face \u00e0 une crise syst\u00e9mique, le renouvellement des abonnements n&rsquo;\u00e9tant plus assur\u00e9 et l&rsquo;\u00e9rosion de ceux-ci allant en s&rsquo;acc\u00e9l\u00e9rant de mani\u00e8re exponentielle.<\/p>\n<p style=\"text-align: justify;\">Avec une perte moyenne de 7,000 abonn\u00e9s par an dont le rythme va encore augmenter, le journal devrait passer sous la barre des 100,000 lecteurs d&rsquo;ici 2030 pour devenir r\u00e9siduel d&rsquo;ici \u00e0 la fin de la prochaine d\u00e9cennie.<\/p>\n<p style=\"text-align: justify;\">Comme m\u00e9dia d&rsquo;\u00e9tat, Le T\u00e9l\u00e9gramme promeut une ligne d&rsquo;intense hostilit\u00e9 aux int\u00e9r\u00eats nationaux de la Bretagne. Servant pour ainsi dire de bulletin local \u00e0 la marine de guerre fran\u00e7aise qui s&rsquo;accroche encore \u00e0 Brest en d\u00e9pit de l&rsquo;effondrement de l&#8217;empire fran\u00e7ais, \u00a0le m\u00e9dia publie r\u00e9guli\u00e8rement des attaques contre le mouvement national breton en convoquant <a href=\"https:\/\/www.letelegramme.fr\/culture-loisirs\/histoire\/pourquoi-le-bezen-perrot-est-le-symbole-de-la-collaboration-en-bretagne-6613189.php\">la vulgate r\u00e9sistantialiste<\/a> de plus en plus \u00e9sot\u00e9rique pour l&rsquo;opinion publique du 21e si\u00e8cle. Sa marginalisation est inexorable. En somme, le fiel et la trahison au service de la France ne paient plus.<\/p>\n<p style=\"text-align: right;\"><strong>Ewen Broc&rsquo;han<\/strong><\/p>\n","protected":false},"excerpt":{"rendered":"<p>L&rsquo;audience du journal Le T\u00e9l\u00e9gramme continue sa chute inexorable. L&rsquo;Alliance pour les chiffres de la presse et des m\u00e9dias a publi\u00e9 les chiffres des ventes pour l&rsquo;ann\u00e9e 2023. Avec 163,000 num\u00e9ros pay\u00e9s au quotidien, Le T\u00e9l\u00e9gramme affiche une perte de 7,000 abonn\u00e9s par rapport \u00e0 l&rsquo;ann\u00e9e pr\u00e9c\u00e9dente et de 20,000 par rapport \u00e0 2019. C&rsquo;est [&hellip;]<\/p>\n","protected":false},"author":1,"featured_media":2017,"comment_status":"open","ping_status":"open","sticky":false,"template":"","format":"standard","meta":{"sb_editor_width":"","footnotes":""},"categories":[38,65],"tags":[],"class_list":["post-2014","post","type-post","status-publish","format-standard","has-post-thumbnail","hentry","category-finistere","category-principale"],"relative_dates":{"created":"2 ans ago","modified":"2 ans ago"},"yoast_head":"<!-- This site is optimized with the Yoast SEO plugin v26.3 - https:\/\/yoast.com\/wordpress\/plugins\/seo\/ -->\n<title>Acc\u00e9l\u00e9ration en 2023 de l&#039;effondrement du lectorat du m\u00e9dia d&#039;\u00e9tat fran\u00e7ais &quot;Le T\u00e9l\u00e9gramme&quot; - STOURM<\/title>\n<meta name=\"robots\" content=\"index, follow, max-snippet:-1, max-image-preview:large, max-video-preview:-1\" \/>\n<link rel=\"canonical\" href=\"https:\/\/stourm.news\/?p=2014\" \/>\n<meta property=\"og:locale\" content=\"fr_FR\" \/>\n<meta property=\"og:type\" content=\"article\" \/>\n<meta property=\"og:title\" content=\"Acc\u00e9l\u00e9ration en 2023 de l&#039;effondrement du lectorat du m\u00e9dia d&#039;\u00e9tat fran\u00e7ais &quot;Le T\u00e9l\u00e9gramme&quot; - STOURM\" \/>\n<meta property=\"og:description\" content=\"L&rsquo;audience du journal Le T\u00e9l\u00e9gramme continue sa chute inexorable. L&rsquo;Alliance pour les chiffres de la presse et des m\u00e9dias a publi\u00e9 les chiffres des ventes pour l&rsquo;ann\u00e9e 2023. Avec 163,000 num\u00e9ros pay\u00e9s au quotidien, Le T\u00e9l\u00e9gramme affiche une perte de 7,000 abonn\u00e9s par rapport \u00e0 l&rsquo;ann\u00e9e pr\u00e9c\u00e9dente et de 20,000 par rapport \u00e0 2019. C&rsquo;est [&hellip;]\" \/>\n<meta property=\"og:url\" content=\"https:\/\/stourm.news\/?p=2014\" \/>\n<meta property=\"og:site_name\" content=\"STOURM\" \/>\n<meta property=\"article:publisher\" content=\"https:\/\/www.facebook.com\/stourmnews\/\" \/>\n<meta property=\"article:published_time\" content=\"2024-08-15T08:57:31+00:00\" \/>\n<meta property=\"og:image\" content=\"https:\/\/stourm.news\/wp-content\/uploads\/2024\/08\/654347046bad964f512e22d9.webp\" \/>\n\t<meta property=\"og:image:width\" content=\"960\" \/>\n\t<meta property=\"og:image:height\" content=\"600\" \/>\n\t<meta property=\"og:image:type\" content=\"image\/webp\" \/>\n<meta name=\"author\" content=\"La r\u00e9daction\" \/>\n<meta name=\"twitter:card\" content=\"summary_large_image\" \/>\n<meta name=\"twitter:label1\" content=\"\u00c9crit par\" \/>\n\t<meta name=\"twitter:data1\" content=\"La r\u00e9daction\" \/>\n\t<meta name=\"twitter:label2\" content=\"Dur\u00e9e de lecture estim\u00e9e\" \/>\n\t<meta name=\"twitter:data2\" content=\"2 minutes\" \/>\n<script type=\"application\/ld+json\" class=\"yoast-schema-graph\">{\"@context\":\"https:\/\/schema.org\",\"@graph\":[{\"@type\":\"Article\",\"@id\":\"https:\/\/stourm.news\/?p=2014#article\",\"isPartOf\":{\"@id\":\"https:\/\/stourm.news\/?p=2014\"},\"author\":{\"name\":\"La r\u00e9daction\",\"@id\":\"https:\/\/stourm.news\/#\/schema\/person\/c3e1dc65988632e190969234ef046cf9\"},\"headline\":\"Acc\u00e9l\u00e9ration en 2023 de l&rsquo;effondrement du lectorat du m\u00e9dia d&rsquo;\u00e9tat fran\u00e7ais \u00ab\u00a0Le T\u00e9l\u00e9gramme\u00a0\u00bb\",\"datePublished\":\"2024-08-15T08:57:31+00:00\",\"mainEntityOfPage\":{\"@id\":\"https:\/\/stourm.news\/?p=2014\"},\"wordCount\":363,\"commentCount\":0,\"publisher\":{\"@id\":\"https:\/\/stourm.news\/#organization\"},\"image\":{\"@id\":\"https:\/\/stourm.news\/?p=2014#primaryimage\"},\"thumbnailUrl\":\"https:\/\/stourm.news\/wp-content\/uploads\/2024\/08\/654347046bad964f512e22d9.webp\",\"articleSection\":[\"Finist\u00e8re\",\"Principale\"],\"inLanguage\":\"fr-FR\",\"potentialAction\":[{\"@type\":\"CommentAction\",\"name\":\"Comment\",\"target\":[\"https:\/\/stourm.news\/?p=2014#respond\"]}]},{\"@type\":\"WebPage\",\"@id\":\"https:\/\/stourm.news\/?p=2014\",\"url\":\"https:\/\/stourm.news\/?p=2014\",\"name\":\"Acc\u00e9l\u00e9ration en 2023 de l'effondrement du lectorat du m\u00e9dia d'\u00e9tat fran\u00e7ais \\\"Le T\u00e9l\u00e9gramme\\\" - STOURM\",\"isPartOf\":{\"@id\":\"https:\/\/stourm.news\/#website\"},\"primaryImageOfPage\":{\"@id\":\"https:\/\/stourm.news\/?p=2014#primaryimage\"},\"image\":{\"@id\":\"https:\/\/stourm.news\/?p=2014#primaryimage\"},\"thumbnailUrl\":\"https:\/\/stourm.news\/wp-content\/uploads\/2024\/08\/654347046bad964f512e22d9.webp\",\"datePublished\":\"2024-08-15T08:57:31+00:00\",\"breadcrumb\":{\"@id\":\"https:\/\/stourm.news\/?p=2014#breadcrumb\"},\"inLanguage\":\"fr-FR\",\"potentialAction\":[{\"@type\":\"ReadAction\",\"target\":[\"https:\/\/stourm.news\/?p=2014\"]}]},{\"@type\":\"ImageObject\",\"inLanguage\":\"fr-FR\",\"@id\":\"https:\/\/stourm.news\/?p=2014#primaryimage\",\"url\":\"https:\/\/stourm.news\/wp-content\/uploads\/2024\/08\/654347046bad964f512e22d9.webp\",\"contentUrl\":\"https:\/\/stourm.news\/wp-content\/uploads\/2024\/08\/654347046bad964f512e22d9.webp\",\"width\":960,\"height\":600},{\"@type\":\"BreadcrumbList\",\"@id\":\"https:\/\/stourm.news\/?p=2014#breadcrumb\",\"itemListElement\":[{\"@type\":\"ListItem\",\"position\":1,\"name\":\"Accueil\",\"item\":\"https:\/\/stourm.news\/\"},{\"@type\":\"ListItem\",\"position\":2,\"name\":\"Acc\u00e9l\u00e9ration en 2023 de l&rsquo;effondrement du lectorat du m\u00e9dia d&rsquo;\u00e9tat fran\u00e7ais \u00ab\u00a0Le T\u00e9l\u00e9gramme\u00a0\u00bb\"}]},{\"@type\":\"WebSite\",\"@id\":\"https:\/\/stourm.news\/#website\",\"url\":\"https:\/\/stourm.news\/\",\"name\":\"Stourm\",\"description\":\"Kazetenn Strollad Broadel Breizh\",\"publisher\":{\"@id\":\"https:\/\/stourm.news\/#organization\"},\"potentialAction\":[{\"@type\":\"SearchAction\",\"target\":{\"@type\":\"EntryPoint\",\"urlTemplate\":\"https:\/\/stourm.news\/?s={search_term_string}\"},\"query-input\":{\"@type\":\"PropertyValueSpecification\",\"valueRequired\":true,\"valueName\":\"search_term_string\"}}],\"inLanguage\":\"fr-FR\"},{\"@type\":\"Organization\",\"@id\":\"https:\/\/stourm.news\/#organization\",\"name\":\"Stourm\",\"url\":\"https:\/\/stourm.news\/\",\"logo\":{\"@type\":\"ImageObject\",\"inLanguage\":\"fr-FR\",\"@id\":\"https:\/\/stourm.news\/#\/schema\/logo\/image\/\",\"url\":\"https:\/\/stourm.news\/wp-content\/uploads\/2025\/11\/cropped-Capture-decran-2025-11-28-a-15.19.07.png\",\"contentUrl\":\"https:\/\/stourm.news\/wp-content\/uploads\/2025\/11\/cropped-Capture-decran-2025-11-28-a-15.19.07.png\",\"width\":1855,\"height\":383,\"caption\":\"Stourm\"},\"image\":{\"@id\":\"https:\/\/stourm.news\/#\/schema\/logo\/image\/\"},\"sameAs\":[\"https:\/\/www.facebook.com\/stourmnews\/\"]},{\"@type\":\"Person\",\"@id\":\"https:\/\/stourm.news\/#\/schema\/person\/c3e1dc65988632e190969234ef046cf9\",\"name\":\"La r\u00e9daction\",\"image\":{\"@type\":\"ImageObject\",\"inLanguage\":\"fr-FR\",\"@id\":\"https:\/\/stourm.news\/#\/schema\/person\/image\/\",\"url\":\"https:\/\/secure.gravatar.com\/avatar\/7463443f194b6b5fb706b074ca0ef59a0cfcfd720cb47764b0ec5a952ce422b3?s=96&d=mm&r=g\",\"contentUrl\":\"https:\/\/secure.gravatar.com\/avatar\/7463443f194b6b5fb706b074ca0ef59a0cfcfd720cb47764b0ec5a952ce422b3?s=96&d=mm&r=g\",\"caption\":\"La r\u00e9daction\"},\"sameAs\":[\"https:\/\/stourm.news\"],\"url\":\"https:\/\/stourm.news\/?author=1\"}]}<\/script>\n<!-- \/ Yoast SEO plugin. -->","yoast_head_json":{"title":"Acc\u00e9l\u00e9ration en 2023 de l'effondrement du lectorat du m\u00e9dia d'\u00e9tat fran\u00e7ais \"Le T\u00e9l\u00e9gramme\" - STOURM","robots":{"index":"index","follow":"follow","max-snippet":"max-snippet:-1","max-image-preview":"max-image-preview:large","max-video-preview":"max-video-preview:-1"},"canonical":"https:\/\/stourm.news\/?p=2014","og_locale":"fr_FR","og_type":"article","og_title":"Acc\u00e9l\u00e9ration en 2023 de l'effondrement du lectorat du m\u00e9dia d'\u00e9tat fran\u00e7ais \"Le T\u00e9l\u00e9gramme\" - STOURM","og_description":"L&rsquo;audience du journal Le T\u00e9l\u00e9gramme continue sa chute inexorable. L&rsquo;Alliance pour les chiffres de la presse et des m\u00e9dias a publi\u00e9 les chiffres des ventes pour l&rsquo;ann\u00e9e 2023. Avec 163,000 num\u00e9ros pay\u00e9s au quotidien, Le T\u00e9l\u00e9gramme affiche une perte de 7,000 abonn\u00e9s par rapport \u00e0 l&rsquo;ann\u00e9e pr\u00e9c\u00e9dente et de 20,000 par rapport \u00e0 2019. C&rsquo;est [&hellip;]","og_url":"https:\/\/stourm.news\/?p=2014","og_site_name":"STOURM","article_publisher":"https:\/\/www.facebook.com\/stourmnews\/","article_published_time":"2024-08-15T08:57:31+00:00","og_image":[{"width":960,"height":600,"url":"https:\/\/stourm.news\/wp-content\/uploads\/2024\/08\/654347046bad964f512e22d9.webp","type":"image\/webp"}],"author":"La r\u00e9daction","twitter_card":"summary_large_image","twitter_misc":{"\u00c9crit par":"La r\u00e9daction","Dur\u00e9e de lecture estim\u00e9e":"2 minutes"},"schema":{"@context":"https:\/\/schema.org","@graph":[{"@type":"Article","@id":"https:\/\/stourm.news\/?p=2014#article","isPartOf":{"@id":"https:\/\/stourm.news\/?p=2014"},"author":{"name":"La r\u00e9daction","@id":"https:\/\/stourm.news\/#\/schema\/person\/c3e1dc65988632e190969234ef046cf9"},"headline":"Acc\u00e9l\u00e9ration en 2023 de l&rsquo;effondrement du lectorat du m\u00e9dia d&rsquo;\u00e9tat fran\u00e7ais \u00ab\u00a0Le T\u00e9l\u00e9gramme\u00a0\u00bb","datePublished":"2024-08-15T08:57:31+00:00","mainEntityOfPage":{"@id":"https:\/\/stourm.news\/?p=2014"},"wordCount":363,"commentCount":0,"publisher":{"@id":"https:\/\/stourm.news\/#organization"},"image":{"@id":"https:\/\/stourm.news\/?p=2014#primaryimage"},"thumbnailUrl":"https:\/\/stourm.news\/wp-content\/uploads\/2024\/08\/654347046bad964f512e22d9.webp","articleSection":["Finist\u00e8re","Principale"],"inLanguage":"fr-FR","potentialAction":[{"@type":"CommentAction","name":"Comment","target":["https:\/\/stourm.news\/?p=2014#respond"]}]},{"@type":"WebPage","@id":"https:\/\/stourm.news\/?p=2014","url":"https:\/\/stourm.news\/?p=2014","name":"Acc\u00e9l\u00e9ration en 2023 de l'effondrement du lectorat du m\u00e9dia d'\u00e9tat fran\u00e7ais \"Le T\u00e9l\u00e9gramme\" - STOURM","isPartOf":{"@id":"https:\/\/stourm.news\/#website"},"primaryImageOfPage":{"@id":"https:\/\/stourm.news\/?p=2014#primaryimage"},"image":{"@id":"https:\/\/stourm.news\/?p=2014#primaryimage"},"thumbnailUrl":"https:\/\/stourm.news\/wp-content\/uploads\/2024\/08\/654347046bad964f512e22d9.webp","datePublished":"2024-08-15T08:57:31+00:00","breadcrumb":{"@id":"https:\/\/stourm.news\/?p=2014#breadcrumb"},"inLanguage":"fr-FR","potentialAction":[{"@type":"ReadAction","target":["https:\/\/stourm.news\/?p=2014"]}]},{"@type":"ImageObject","inLanguage":"fr-FR","@id":"https:\/\/stourm.news\/?p=2014#primaryimage","url":"https:\/\/stourm.news\/wp-content\/uploads\/2024\/08\/654347046bad964f512e22d9.webp","contentUrl":"https:\/\/stourm.news\/wp-content\/uploads\/2024\/08\/654347046bad964f512e22d9.webp","width":960,"height":600},{"@type":"BreadcrumbList","@id":"https:\/\/stourm.news\/?p=2014#breadcrumb","itemListElement":[{"@type":"ListItem","position":1,"name":"Accueil","item":"https:\/\/stourm.news\/"},{"@type":"ListItem","position":2,"name":"Acc\u00e9l\u00e9ration en 2023 de l&rsquo;effondrement du lectorat du m\u00e9dia d&rsquo;\u00e9tat fran\u00e7ais \u00ab\u00a0Le T\u00e9l\u00e9gramme\u00a0\u00bb"}]},{"@type":"WebSite","@id":"https:\/\/stourm.news\/#website","url":"https:\/\/stourm.news\/","name":"Stourm","description":"Kazetenn Strollad Broadel Breizh","publisher":{"@id":"https:\/\/stourm.news\/#organization"},"potentialAction":[{"@type":"SearchAction","target":{"@type":"EntryPoint","urlTemplate":"https:\/\/stourm.news\/?s={search_term_string}"},"query-input":{"@type":"PropertyValueSpecification","valueRequired":true,"valueName":"search_term_string"}}],"inLanguage":"fr-FR"},{"@type":"Organization","@id":"https:\/\/stourm.news\/#organization","name":"Stourm","url":"https:\/\/stourm.news\/","logo":{"@type":"ImageObject","inLanguage":"fr-FR","@id":"https:\/\/stourm.news\/#\/schema\/logo\/image\/","url":"https:\/\/stourm.news\/wp-content\/uploads\/2025\/11\/cropped-Capture-decran-2025-11-28-a-15.19.07.png","contentUrl":"https:\/\/stourm.news\/wp-content\/uploads\/2025\/11\/cropped-Capture-decran-2025-11-28-a-15.19.07.png","width":1855,"height":383,"caption":"Stourm"},"image":{"@id":"https:\/\/stourm.news\/#\/schema\/logo\/image\/"},"sameAs":["https:\/\/www.facebook.com\/stourmnews\/"]},{"@type":"Person","@id":"https:\/\/stourm.news\/#\/schema\/person\/c3e1dc65988632e190969234ef046cf9","name":"La r\u00e9daction","image":{"@type":"ImageObject","inLanguage":"fr-FR","@id":"https:\/\/stourm.news\/#\/schema\/person\/image\/","url":"https:\/\/secure.gravatar.com\/avatar\/7463443f194b6b5fb706b074ca0ef59a0cfcfd720cb47764b0ec5a952ce422b3?s=96&d=mm&r=g","contentUrl":"https:\/\/secure.gravatar.com\/avatar\/7463443f194b6b5fb706b074ca0ef59a0cfcfd720cb47764b0ec5a952ce422b3?s=96&d=mm&r=g","caption":"La r\u00e9daction"},"sameAs":["https:\/\/stourm.news"],"url":"https:\/\/stourm.news\/?author=1"}]}},"_links":{"self":[{"href":"https:\/\/stourm.news\/index.php?rest_route=\/wp\/v2\/posts\/2014","targetHints":{"allow":["GET"]}}],"collection":[{"href":"https:\/\/stourm.news\/index.php?rest_route=\/wp\/v2\/posts"}],"about":[{"href":"https:\/\/stourm.news\/index.php?rest_route=\/wp\/v2\/types\/post"}],"author":[{"embeddable":true,"href":"https:\/\/stourm.news\/index.php?rest_route=\/wp\/v2\/users\/1"}],"replies":[{"embeddable":true,"href":"https:\/\/stourm.news\/index.php?rest_route=%2Fwp%2Fv2%2Fcomments&post=2014"}],"version-history":[{"count":1,"href":"https:\/\/stourm.news\/index.php?rest_route=\/wp\/v2\/posts\/2014\/revisions"}],"predecessor-version":[{"id":2018,"href":"https:\/\/stourm.news\/index.php?rest_route=\/wp\/v2\/posts\/2014\/revisions\/2018"}],"wp:featuredmedia":[{"embeddable":true,"href":"https:\/\/stourm.news\/index.php?rest_route=\/wp\/v2\/media\/2017"}],"wp:attachment":[{"href":"https:\/\/stourm.news\/index.php?rest_route=%2Fwp%2Fv2%2Fmedia&parent=2014"}],"wp:term":[{"taxonomy":"category","embeddable":true,"href":"https:\/\/stourm.news\/index.php?rest_route=%2Fwp%2Fv2%2Fcategories&post=2014"},{"taxonomy":"post_tag","embeddable":true,"href":"https:\/\/stourm.news\/index.php?rest_route=%2Fwp%2Fv2%2Ftags&post=2014"}],"curies":[{"name":"wp","href":"https:\/\/api.w.org\/{rel}","templated":true}]}}