{"id":2030,"date":"2024-08-16T03:30:02","date_gmt":"2024-08-16T03:30:02","guid":{"rendered":"https:\/\/stourm.news\/?p=2030"},"modified":"2024-08-16T03:30:02","modified_gmt":"2024-08-16T03:30:02","slug":"les-festou-noz-festou-deiz-pres-de-chez-vous-ce-weekend","status":"publish","type":"post","link":"https:\/\/stourm.news\/?p=2030","title":{"rendered":"Les festo\u00f9 noz &#038; festo\u00f9 deiz pr\u00e8s de chez vous ce weekend !"},"content":{"rendered":"<p style=\"text-align: justify;\">Liste des festo\u00f9 noz et festo\u00f9 deiz pour les vendredi 16, samedi 17, dimanche 18 et lundi 19 ao\u00fbt.<\/p>\n<p style=\"text-align: center;\">\n<p style=\"text-align: center;\"><strong>Bro Leon \/ Pays du L\u00e9on<\/strong><\/p>\n<p style=\"text-align: center;\"><em>Dim 18\/08 &#8211; Fest Deiz \u00e0 Kerlouan<\/em><\/p>\n<p style=\"text-align: center;\">Breizh Storming, Coadou\/Benoit<\/p>\n<p style=\"text-align: center;\"><em>Dim 18\/08 &#8211; Fest Deiz \u00e0 Carantec<\/em><\/p>\n<p style=\"text-align: center;\">Jammet\/Abgrall, Laridenn<\/p>\n<p style=\"text-align: center;\"><strong>Bro Kerne \/ Cornouaille<\/strong><\/p>\n<p style=\"text-align: center;\"><em>Ven 16\/08 &#8211; Fest Noz \u00e0 Brennilis<\/em><\/p>\n<p style=\"text-align: center;\">Baliskis, Co\u00efc mamm ha merc&rsquo;h, Qu\u00e9r\u00e9\/Le Menn, Re An Are, Simon\/Le Boulanger, Zord Quartet, Bodin\/Guyomarc&rsquo;h<\/p>\n<p style=\"text-align: center;\"><em>Ven 16\/08 &#8211; Spectacle et fest-noz \u00e0 Sp\u00e9zet<\/em><\/p>\n<p style=\"text-align: center;\">Cario\/Le Clech, Rozenn Talec &amp; Yannig Noguet, Cercle celtique Brug ar menez, Guyot\/Le Fur<\/p>\n<p style=\"text-align: center;\"><em>Sam 17\/08 &#8211; Fest Noz \u00e0 Ploz\u00e9vet<\/em><\/p>\n<p style=\"text-align: center;\">Astrakan Project , Carrer\/Perennou, Herriwenn, Skolvan<\/p>\n<p style=\"text-align: center;\"><em>Sam 17\/08 &#8211; Fest Noz \u00e0 Douarnenez<\/em><\/p>\n<p style=\"text-align: center;\">Dixit, Gloaguen\/Le Henaff, Hascoet\/Havart, Za\u00efek<\/p>\n<p style=\"text-align: center;\"><em>Lun 19\/08 &#8211; Fest Noz \u00e0 Plobannalec-Lesconil<\/em><\/p>\n<p style=\"text-align: center;\">Wipidoup, Cercle Pleon Pavenn<\/p>\n<p style=\"text-align: center;\"><em>Lun 19\/08 &#8211; Fest Noz \u00e0 Plobannalec-Lesconil<\/em><\/p>\n<p style=\"text-align: center;\">Wipidoup, Cercle Pleon Pavenn<\/p>\n<p style=\"text-align: center;\"><em>Sam 17\/08 &#8211; Fest Noz \u00e0 Quimperl\u00e9<\/em><\/p>\n<p style=\"text-align: center;\">C&rsquo;hwibanez, Irvoas\/Flouret, Perennou\/Thieriot, Sc\u00e8ne ouverte, Krenadenn<\/p>\n<p style=\"text-align: center;\"><strong>Bro Gwened \/ Pays Vannetais<\/strong><\/p>\n<p style=\"text-align: center;\"><em>Sam 17\/08 &#8211; Concert et Fest-Noz \u00e0 Lorient<\/em><\/p>\n<p style=\"text-align: center;\">MOX, Beat Bouet Trio, Isla Ratcliff<\/p>\n<p style=\"text-align: center;\"><em>Ven 16\/08 &#8211; Fest Noz \u00e0 Groix<\/em><\/p>\n<p style=\"text-align: center;\"><em>Mar 20\/08 &#8211; Fest Noz \u00e0 Etel<\/em><\/p>\n<p style=\"text-align: center;\">Plijadur<\/p>\n<p style=\"text-align: center;\"><em>Mar 20\/08 &#8211; Fest-deiz ha noz \u00e0 Saint-Pierre-Quiberon<\/em><\/p>\n<p style=\"text-align: center;\">ARVEST<\/p>\n<p style=\"text-align: center;\"><em>Dim 18\/08 &#8211; Fest Noz \u00e0 Sainte-H\u00e9l\u00e8ne<\/em><\/p>\n<p style=\"text-align: center;\">ARVEST, Beat Bouet Trio, SOVA!<\/p>\n<p style=\"text-align: center;\"><em>Mar 20\/08 &#8211; Fest-deiz ha noz \u00e0 Saint-Pierre-Quiberon<\/em><\/p>\n<p style=\"text-align: center;\">ARVEST<\/p>\n<p style=\"text-align: center;\"><em>Ven 16\/08 &#8211; Fest Noz \u00e0 Auray<\/em><\/p>\n<p style=\"text-align: center;\">ZO\u00d1J<\/p>\n<p style=\"text-align: center;\"><em>Ven 16\/08 &#8211; Fest Noz \u00e0 Ile d&rsquo;Arz<\/em><\/p>\n<p style=\"text-align: center;\">Deziradell, S\u00e9rot\/Janvier et la GrOove cie<\/p>\n<p style=\"text-align: center;\"><em>Sam 17\/08 &#8211; Fest Noz \u00e0 Surzur<\/em><\/p>\n<p style=\"text-align: center;\">Fariell, Penn Bihan<\/p>\n<p style=\"text-align: center;\"><em>Ven 16\/08 &#8211; Fest Noz \u00e0 Damgan<\/em><\/p>\n<p style=\"text-align: center;\">ERIS, Harold Kotri, Pichard\/Vincendeau Norturnal Project<\/p>\n<p style=\"text-align: center;\"><em>Dim 18\/08 &#8211; Concert et Fest-Deiz \u00e0 Neuillac<\/em><\/p>\n<p style=\"text-align: center;\">Kerrech<\/p>\n<p style=\"text-align: center;\"><em>Ven 16\/08 &#8211; Fest Noz \u00e0 Ile d&rsquo;Arz<\/em><\/p>\n<p style=\"text-align: center;\">Deziradell, S\u00e9rot\/Janvier et la GrOove cie<\/p>\n<p style=\"text-align: center;\"><em>Dim 18\/08 &#8211; Fest-deiz ha noz \u00e0 Rochefort-en-Terre<\/em><\/p>\n<p style=\"text-align: center;\">An amaturien, Laisse de mer, Le Bihan\/Moerman<\/p>\n<p style=\"text-align: center;\"><em>Bro Sant-Brieg \/ Pays de Saint-Brieuc<\/em><\/p>\n<p style=\"text-align: center;\"><em>Sam 17\/08 &#8211; Concert et Fest-Noz \u00e0 Merl\u00e9ac<\/em><\/p>\n<p style=\"text-align: center;\">Kemm<\/p>\n<p style=\"text-align: center;\"><em>Sam 17\/08 &#8211; Fest Noz \u00e0 Tr\u00e9ssignaux<\/em><\/p>\n<p style=\"text-align: center;\">Duo Le Bour-Le Corre, Loened Fall, Morice\/Berardy, Padmada, Morice Tad ha Merc&rsquo;h<\/p>\n<p style=\"text-align: center;\"><strong>Bro Dreger \/ Tr\u00e9gor<\/strong><\/p>\n<p style=\"text-align: center;\"><em>Dim 18\/08 &#8211; Fest Noz \u00e0 Guingamp<\/em><\/p>\n<p style=\"text-align: center;\">Bourdonnay\/Le Panse, Donval\/Philippe, Le Goff\/Kerjean, Moal\/Chaplain, Tahlfour, Talskan<\/p>\n<p style=\"text-align: center;\"><em>Mar 20\/08 &#8211; Concert et Fest-Noz \u00e0 Ile de Br\u00e9hat<\/em><\/p>\n<p style=\"text-align: center;\">Buzuk, Baron\/Pognon, Pincemin\/Letron<\/p>\n<p style=\"text-align: center;\"><em>Dim 18\/08 &#8211; Fest Noz \u00e0 Pl\u00e9neuf-Val-Andr\u00e9<\/em><\/p>\n<p style=\"text-align: center;\">Sterne<\/p>\n<p style=\"text-align: center;\"><strong>Bro Sant-Malo\u00f9 \/ Pays de Saint-Malo<\/strong><\/p>\n<p style=\"text-align: center;\"><em>Mar 20\/08 &#8211; Fest Noz \u00e0 Dinard<\/em><\/p>\n<p style=\"text-align: center;\">Carr\u00e9 Manchot<\/p>\n<p style=\"text-align: center;\"><em>Ven 16\/08 &#8211; Fest Noz \u00e0 Saint-Lunaire<\/em><\/p>\n<p style=\"text-align: center;\">Kelteen, Ka\u00efffa<\/p>\n<p style=\"text-align: center;\"><strong>Bro Roazhon \/ Pays Rennais<\/strong><\/p>\n<p style=\"text-align: center;\"><em>Ven 16\/08 &#8211; Fest Noz \u00e0 Tint\u00e9niac<\/em><\/p>\n<p style=\"text-align: center;\">Denelezh, Electrad<\/p>\n<p style=\"text-align: center;\"><em>Ven 16\/08 &#8211; Fest Noz \u00e0 Redon<\/em><\/p>\n<p style=\"text-align: center;\">Kanerien Nomino\u00eb, Guy CAUNET, Kir breton<\/p>\n","protected":false},"excerpt":{"rendered":"<p>Liste des festo\u00f9 noz et festo\u00f9 deiz pour les vendredi 16, samedi 17, dimanche 18 et lundi 19 ao\u00fbt. Bro Leon \/ Pays du L\u00e9on Dim 18\/08 &#8211; Fest Deiz \u00e0 Kerlouan Breizh Storming, Coadou\/Benoit Dim 18\/08 &#8211; Fest Deiz \u00e0 Carantec Jammet\/Abgrall, Laridenn Bro Kerne \/ Cornouaille Ven 16\/08 &#8211; Fest Noz \u00e0 Brennilis [&hellip;]<\/p>\n","protected":false},"author":1,"featured_media":2031,"comment_status":"open","ping_status":"open","sticky":false,"template":"","format":"standard","meta":{"sb_editor_width":"","footnotes":""},"categories":[58,65],"tags":[],"class_list":["post-2030","post","type-post","status-publish","format-standard","has-post-thumbnail","hentry","category-breizh","category-principale"],"relative_dates":{"created":"2 ans ago","modified":"2 ans ago"},"yoast_head":"<!-- This site is optimized with the Yoast SEO plugin v26.3 - https:\/\/yoast.com\/wordpress\/plugins\/seo\/ -->\n<title>Les festo\u00f9 noz &amp; festo\u00f9 deiz pr\u00e8s de chez vous ce weekend ! - STOURM<\/title>\n<meta name=\"robots\" content=\"index, follow, max-snippet:-1, max-image-preview:large, max-video-preview:-1\" \/>\n<link rel=\"canonical\" href=\"https:\/\/stourm.news\/?p=2030\" \/>\n<meta property=\"og:locale\" content=\"fr_FR\" \/>\n<meta property=\"og:type\" content=\"article\" \/>\n<meta property=\"og:title\" content=\"Les festo\u00f9 noz &amp; festo\u00f9 deiz pr\u00e8s de chez vous ce weekend ! - STOURM\" \/>\n<meta property=\"og:description\" content=\"Liste des festo\u00f9 noz et festo\u00f9 deiz pour les vendredi 16, samedi 17, dimanche 18 et lundi 19 ao\u00fbt. Bro Leon \/ Pays du L\u00e9on Dim 18\/08 &#8211; Fest Deiz \u00e0 Kerlouan Breizh Storming, Coadou\/Benoit Dim 18\/08 &#8211; Fest Deiz \u00e0 Carantec Jammet\/Abgrall, Laridenn Bro Kerne \/ Cornouaille Ven 16\/08 &#8211; Fest Noz \u00e0 Brennilis [&hellip;]\" \/>\n<meta property=\"og:url\" content=\"https:\/\/stourm.news\/?p=2030\" \/>\n<meta property=\"og:site_name\" content=\"STOURM\" \/>\n<meta property=\"article:publisher\" content=\"https:\/\/www.facebook.com\/stourmnews\/\" \/>\n<meta property=\"article:published_time\" content=\"2024-08-16T03:30:02+00:00\" \/>\n<meta property=\"og:image\" content=\"https:\/\/stourm.news\/wp-content\/uploads\/2024\/08\/Capture-decran-2024-08-16-a-12.27.58-1024x653.png\" \/>\n\t<meta property=\"og:image:width\" content=\"1024\" \/>\n\t<meta property=\"og:image:height\" content=\"653\" \/>\n\t<meta property=\"og:image:type\" content=\"image\/png\" \/>\n<meta name=\"author\" content=\"La r\u00e9daction\" \/>\n<meta name=\"twitter:card\" content=\"summary_large_image\" \/>\n<meta name=\"twitter:label1\" content=\"\u00c9crit par\" \/>\n\t<meta name=\"twitter:data1\" content=\"La r\u00e9daction\" \/>\n\t<meta name=\"twitter:label2\" content=\"Dur\u00e9e de lecture estim\u00e9e\" \/>\n\t<meta name=\"twitter:data2\" content=\"3 minutes\" \/>\n<script type=\"application\/ld+json\" class=\"yoast-schema-graph\">{\"@context\":\"https:\/\/schema.org\",\"@graph\":[{\"@type\":\"Article\",\"@id\":\"https:\/\/stourm.news\/?p=2030#article\",\"isPartOf\":{\"@id\":\"https:\/\/stourm.news\/?p=2030\"},\"author\":{\"name\":\"La r\u00e9daction\",\"@id\":\"https:\/\/stourm.news\/#\/schema\/person\/c3e1dc65988632e190969234ef046cf9\"},\"headline\":\"Les festo\u00f9 noz &#038; festo\u00f9 deiz pr\u00e8s de chez vous ce weekend !\",\"datePublished\":\"2024-08-16T03:30:02+00:00\",\"mainEntityOfPage\":{\"@id\":\"https:\/\/stourm.news\/?p=2030\"},\"wordCount\":411,\"commentCount\":0,\"publisher\":{\"@id\":\"https:\/\/stourm.news\/#organization\"},\"image\":{\"@id\":\"https:\/\/stourm.news\/?p=2030#primaryimage\"},\"thumbnailUrl\":\"https:\/\/stourm.news\/wp-content\/uploads\/2024\/08\/Capture-decran-2024-08-16-a-12.27.58.png\",\"articleSection\":[\"Breizh\",\"Principale\"],\"inLanguage\":\"fr-FR\",\"potentialAction\":[{\"@type\":\"CommentAction\",\"name\":\"Comment\",\"target\":[\"https:\/\/stourm.news\/?p=2030#respond\"]}]},{\"@type\":\"WebPage\",\"@id\":\"https:\/\/stourm.news\/?p=2030\",\"url\":\"https:\/\/stourm.news\/?p=2030\",\"name\":\"Les festo\u00f9 noz & festo\u00f9 deiz pr\u00e8s de chez vous ce weekend ! - STOURM\",\"isPartOf\":{\"@id\":\"https:\/\/stourm.news\/#website\"},\"primaryImageOfPage\":{\"@id\":\"https:\/\/stourm.news\/?p=2030#primaryimage\"},\"image\":{\"@id\":\"https:\/\/stourm.news\/?p=2030#primaryimage\"},\"thumbnailUrl\":\"https:\/\/stourm.news\/wp-content\/uploads\/2024\/08\/Capture-decran-2024-08-16-a-12.27.58.png\",\"datePublished\":\"2024-08-16T03:30:02+00:00\",\"breadcrumb\":{\"@id\":\"https:\/\/stourm.news\/?p=2030#breadcrumb\"},\"inLanguage\":\"fr-FR\",\"potentialAction\":[{\"@type\":\"ReadAction\",\"target\":[\"https:\/\/stourm.news\/?p=2030\"]}]},{\"@type\":\"ImageObject\",\"inLanguage\":\"fr-FR\",\"@id\":\"https:\/\/stourm.news\/?p=2030#primaryimage\",\"url\":\"https:\/\/stourm.news\/wp-content\/uploads\/2024\/08\/Capture-decran-2024-08-16-a-12.27.58.png\",\"contentUrl\":\"https:\/\/stourm.news\/wp-content\/uploads\/2024\/08\/Capture-decran-2024-08-16-a-12.27.58.png\",\"width\":1858,\"height\":1184},{\"@type\":\"BreadcrumbList\",\"@id\":\"https:\/\/stourm.news\/?p=2030#breadcrumb\",\"itemListElement\":[{\"@type\":\"ListItem\",\"position\":1,\"name\":\"Accueil\",\"item\":\"https:\/\/stourm.news\/\"},{\"@type\":\"ListItem\",\"position\":2,\"name\":\"Les festo\u00f9 noz &#038; festo\u00f9 deiz pr\u00e8s de chez vous ce weekend !\"}]},{\"@type\":\"WebSite\",\"@id\":\"https:\/\/stourm.news\/#website\",\"url\":\"https:\/\/stourm.news\/\",\"name\":\"Stourm\",\"description\":\"Kazetenn Strollad Broadel Breizh\",\"publisher\":{\"@id\":\"https:\/\/stourm.news\/#organization\"},\"potentialAction\":[{\"@type\":\"SearchAction\",\"target\":{\"@type\":\"EntryPoint\",\"urlTemplate\":\"https:\/\/stourm.news\/?s={search_term_string}\"},\"query-input\":{\"@type\":\"PropertyValueSpecification\",\"valueRequired\":true,\"valueName\":\"search_term_string\"}}],\"inLanguage\":\"fr-FR\"},{\"@type\":\"Organization\",\"@id\":\"https:\/\/stourm.news\/#organization\",\"name\":\"Stourm\",\"url\":\"https:\/\/stourm.news\/\",\"logo\":{\"@type\":\"ImageObject\",\"inLanguage\":\"fr-FR\",\"@id\":\"https:\/\/stourm.news\/#\/schema\/logo\/image\/\",\"url\":\"https:\/\/stourm.news\/wp-content\/uploads\/2025\/11\/cropped-Capture-decran-2025-11-28-a-15.19.07.png\",\"contentUrl\":\"https:\/\/stourm.news\/wp-content\/uploads\/2025\/11\/cropped-Capture-decran-2025-11-28-a-15.19.07.png\",\"width\":1855,\"height\":383,\"caption\":\"Stourm\"},\"image\":{\"@id\":\"https:\/\/stourm.news\/#\/schema\/logo\/image\/\"},\"sameAs\":[\"https:\/\/www.facebook.com\/stourmnews\/\"]},{\"@type\":\"Person\",\"@id\":\"https:\/\/stourm.news\/#\/schema\/person\/c3e1dc65988632e190969234ef046cf9\",\"name\":\"La r\u00e9daction\",\"image\":{\"@type\":\"ImageObject\",\"inLanguage\":\"fr-FR\",\"@id\":\"https:\/\/stourm.news\/#\/schema\/person\/image\/\",\"url\":\"https:\/\/secure.gravatar.com\/avatar\/7463443f194b6b5fb706b074ca0ef59a0cfcfd720cb47764b0ec5a952ce422b3?s=96&d=mm&r=g\",\"contentUrl\":\"https:\/\/secure.gravatar.com\/avatar\/7463443f194b6b5fb706b074ca0ef59a0cfcfd720cb47764b0ec5a952ce422b3?s=96&d=mm&r=g\",\"caption\":\"La r\u00e9daction\"},\"sameAs\":[\"https:\/\/stourm.news\"],\"url\":\"https:\/\/stourm.news\/?author=1\"}]}<\/script>\n<!-- \/ Yoast SEO plugin. -->","yoast_head_json":{"title":"Les festo\u00f9 noz & festo\u00f9 deiz pr\u00e8s de chez vous ce weekend ! - STOURM","robots":{"index":"index","follow":"follow","max-snippet":"max-snippet:-1","max-image-preview":"max-image-preview:large","max-video-preview":"max-video-preview:-1"},"canonical":"https:\/\/stourm.news\/?p=2030","og_locale":"fr_FR","og_type":"article","og_title":"Les festo\u00f9 noz & festo\u00f9 deiz pr\u00e8s de chez vous ce weekend ! - STOURM","og_description":"Liste des festo\u00f9 noz et festo\u00f9 deiz pour les vendredi 16, samedi 17, dimanche 18 et lundi 19 ao\u00fbt. Bro Leon \/ Pays du L\u00e9on Dim 18\/08 &#8211; Fest Deiz \u00e0 Kerlouan Breizh Storming, Coadou\/Benoit Dim 18\/08 &#8211; Fest Deiz \u00e0 Carantec Jammet\/Abgrall, Laridenn Bro Kerne \/ Cornouaille Ven 16\/08 &#8211; Fest Noz \u00e0 Brennilis [&hellip;]","og_url":"https:\/\/stourm.news\/?p=2030","og_site_name":"STOURM","article_publisher":"https:\/\/www.facebook.com\/stourmnews\/","article_published_time":"2024-08-16T03:30:02+00:00","og_image":[{"width":1024,"height":653,"url":"https:\/\/stourm.news\/wp-content\/uploads\/2024\/08\/Capture-decran-2024-08-16-a-12.27.58-1024x653.png","type":"image\/png"}],"author":"La r\u00e9daction","twitter_card":"summary_large_image","twitter_misc":{"\u00c9crit par":"La r\u00e9daction","Dur\u00e9e de lecture estim\u00e9e":"3 minutes"},"schema":{"@context":"https:\/\/schema.org","@graph":[{"@type":"Article","@id":"https:\/\/stourm.news\/?p=2030#article","isPartOf":{"@id":"https:\/\/stourm.news\/?p=2030"},"author":{"name":"La r\u00e9daction","@id":"https:\/\/stourm.news\/#\/schema\/person\/c3e1dc65988632e190969234ef046cf9"},"headline":"Les festo\u00f9 noz &#038; festo\u00f9 deiz pr\u00e8s de chez vous ce weekend !","datePublished":"2024-08-16T03:30:02+00:00","mainEntityOfPage":{"@id":"https:\/\/stourm.news\/?p=2030"},"wordCount":411,"commentCount":0,"publisher":{"@id":"https:\/\/stourm.news\/#organization"},"image":{"@id":"https:\/\/stourm.news\/?p=2030#primaryimage"},"thumbnailUrl":"https:\/\/stourm.news\/wp-content\/uploads\/2024\/08\/Capture-decran-2024-08-16-a-12.27.58.png","articleSection":["Breizh","Principale"],"inLanguage":"fr-FR","potentialAction":[{"@type":"CommentAction","name":"Comment","target":["https:\/\/stourm.news\/?p=2030#respond"]}]},{"@type":"WebPage","@id":"https:\/\/stourm.news\/?p=2030","url":"https:\/\/stourm.news\/?p=2030","name":"Les festo\u00f9 noz & festo\u00f9 deiz pr\u00e8s de chez vous ce weekend ! - STOURM","isPartOf":{"@id":"https:\/\/stourm.news\/#website"},"primaryImageOfPage":{"@id":"https:\/\/stourm.news\/?p=2030#primaryimage"},"image":{"@id":"https:\/\/stourm.news\/?p=2030#primaryimage"},"thumbnailUrl":"https:\/\/stourm.news\/wp-content\/uploads\/2024\/08\/Capture-decran-2024-08-16-a-12.27.58.png","datePublished":"2024-08-16T03:30:02+00:00","breadcrumb":{"@id":"https:\/\/stourm.news\/?p=2030#breadcrumb"},"inLanguage":"fr-FR","potentialAction":[{"@type":"ReadAction","target":["https:\/\/stourm.news\/?p=2030"]}]},{"@type":"ImageObject","inLanguage":"fr-FR","@id":"https:\/\/stourm.news\/?p=2030#primaryimage","url":"https:\/\/stourm.news\/wp-content\/uploads\/2024\/08\/Capture-decran-2024-08-16-a-12.27.58.png","contentUrl":"https:\/\/stourm.news\/wp-content\/uploads\/2024\/08\/Capture-decran-2024-08-16-a-12.27.58.png","width":1858,"height":1184},{"@type":"BreadcrumbList","@id":"https:\/\/stourm.news\/?p=2030#breadcrumb","itemListElement":[{"@type":"ListItem","position":1,"name":"Accueil","item":"https:\/\/stourm.news\/"},{"@type":"ListItem","position":2,"name":"Les festo\u00f9 noz &#038; festo\u00f9 deiz pr\u00e8s de chez vous ce weekend !"}]},{"@type":"WebSite","@id":"https:\/\/stourm.news\/#website","url":"https:\/\/stourm.news\/","name":"Stourm","description":"Kazetenn Strollad Broadel Breizh","publisher":{"@id":"https:\/\/stourm.news\/#organization"},"potentialAction":[{"@type":"SearchAction","target":{"@type":"EntryPoint","urlTemplate":"https:\/\/stourm.news\/?s={search_term_string}"},"query-input":{"@type":"PropertyValueSpecification","valueRequired":true,"valueName":"search_term_string"}}],"inLanguage":"fr-FR"},{"@type":"Organization","@id":"https:\/\/stourm.news\/#organization","name":"Stourm","url":"https:\/\/stourm.news\/","logo":{"@type":"ImageObject","inLanguage":"fr-FR","@id":"https:\/\/stourm.news\/#\/schema\/logo\/image\/","url":"https:\/\/stourm.news\/wp-content\/uploads\/2025\/11\/cropped-Capture-decran-2025-11-28-a-15.19.07.png","contentUrl":"https:\/\/stourm.news\/wp-content\/uploads\/2025\/11\/cropped-Capture-decran-2025-11-28-a-15.19.07.png","width":1855,"height":383,"caption":"Stourm"},"image":{"@id":"https:\/\/stourm.news\/#\/schema\/logo\/image\/"},"sameAs":["https:\/\/www.facebook.com\/stourmnews\/"]},{"@type":"Person","@id":"https:\/\/stourm.news\/#\/schema\/person\/c3e1dc65988632e190969234ef046cf9","name":"La r\u00e9daction","image":{"@type":"ImageObject","inLanguage":"fr-FR","@id":"https:\/\/stourm.news\/#\/schema\/person\/image\/","url":"https:\/\/secure.gravatar.com\/avatar\/7463443f194b6b5fb706b074ca0ef59a0cfcfd720cb47764b0ec5a952ce422b3?s=96&d=mm&r=g","contentUrl":"https:\/\/secure.gravatar.com\/avatar\/7463443f194b6b5fb706b074ca0ef59a0cfcfd720cb47764b0ec5a952ce422b3?s=96&d=mm&r=g","caption":"La r\u00e9daction"},"sameAs":["https:\/\/stourm.news"],"url":"https:\/\/stourm.news\/?author=1"}]}},"_links":{"self":[{"href":"https:\/\/stourm.news\/index.php?rest_route=\/wp\/v2\/posts\/2030","targetHints":{"allow":["GET"]}}],"collection":[{"href":"https:\/\/stourm.news\/index.php?rest_route=\/wp\/v2\/posts"}],"about":[{"href":"https:\/\/stourm.news\/index.php?rest_route=\/wp\/v2\/types\/post"}],"author":[{"embeddable":true,"href":"https:\/\/stourm.news\/index.php?rest_route=\/wp\/v2\/users\/1"}],"replies":[{"embeddable":true,"href":"https:\/\/stourm.news\/index.php?rest_route=%2Fwp%2Fv2%2Fcomments&post=2030"}],"version-history":[{"count":1,"href":"https:\/\/stourm.news\/index.php?rest_route=\/wp\/v2\/posts\/2030\/revisions"}],"predecessor-version":[{"id":2032,"href":"https:\/\/stourm.news\/index.php?rest_route=\/wp\/v2\/posts\/2030\/revisions\/2032"}],"wp:featuredmedia":[{"embeddable":true,"href":"https:\/\/stourm.news\/index.php?rest_route=\/wp\/v2\/media\/2031"}],"wp:attachment":[{"href":"https:\/\/stourm.news\/index.php?rest_route=%2Fwp%2Fv2%2Fmedia&parent=2030"}],"wp:term":[{"taxonomy":"category","embeddable":true,"href":"https:\/\/stourm.news\/index.php?rest_route=%2Fwp%2Fv2%2Fcategories&post=2030"},{"taxonomy":"post_tag","embeddable":true,"href":"https:\/\/stourm.news\/index.php?rest_route=%2Fwp%2Fv2%2Ftags&post=2030"}],"curies":[{"name":"wp","href":"https:\/\/api.w.org\/{rel}","templated":true}]}}