{"id":2038,"date":"2024-08-16T09:57:05","date_gmt":"2024-08-16T09:57:05","guid":{"rendered":"https:\/\/stourm.news\/?p=2038"},"modified":"2024-08-16T10:04:27","modified_gmt":"2024-08-16T10:04:27","slug":"lhypocrisie-comme-propagande-lantifascisme-detat-au-service-de-limperialisme-francais","status":"publish","type":"post","link":"https:\/\/stourm.news\/?p=2038","title":{"rendered":"L&rsquo;hypocrisie comme propagande : l&rsquo;antifascisme d&rsquo;\u00e9tat au service de l&rsquo;imp\u00e9rialisme fran\u00e7ais"},"content":{"rendered":"<p style=\"text-align: justify;\">Les c\u00e9l\u00e9brations des \u00ab\u00a080 ans du d\u00e9barquement de Provence\u00a0\u00bb organis\u00e9es au plus haut niveau de l&rsquo;\u00c9tat fran\u00e7ais sont l&rsquo;occasion pour la classe dirigeante fran\u00e7aise de mettre en sc\u00e8ne un message politique. Le r\u00e9cit est simple : la France, patrie des droits de l&rsquo;homme occup\u00e9e militairement par l&rsquo;Allemagne, s&rsquo;est h\u00e9ro\u00efquement lib\u00e9r\u00e9e du fascisme et du \u00ab\u00a0racisme\u00a0\u00bb.<\/p>\n<blockquote class=\"twitter-tweet\">\n<p dir=\"ltr\" lang=\"fr\">Pour que la France vive libre, ils se sont hiss\u00e9s au-del\u00e0 de la souffrance et des risques.<\/p>\n<p>Reconnaissance \u00e9ternelle de la Nation. <a href=\"https:\/\/t.co\/QYABv7lxnl\">pic.twitter.com\/QYABv7lxnl<\/a><\/p>\n<p>\u2014 Emmanuel Macron (@EmmanuelMacron) <a href=\"https:\/\/twitter.com\/EmmanuelMacron\/status\/1824112031546409150?ref_src=twsrc%5Etfw\">August 15, 2024<\/a><\/p><\/blockquote>\n<p><script async src=\"https:\/\/platform.twitter.com\/widgets.js\" charset=\"utf-8\"><\/script><\/p>\n<p><strong>La France ne s&rsquo;est pas lib\u00e9r\u00e9e<\/strong><\/p>\n<p style=\"text-align: justify;\">La r\u00e9alit\u00e9 est radicalement diff\u00e9rente. La France ne s&rsquo;est pas lib\u00e9r\u00e9e, tant et si bien que sans le d\u00e9barquement anglo-am\u00e9ricain le 6 juin 1944, l&rsquo;occupation allemande n&rsquo;aurait pas \u00e9t\u00e9 remise en question par les Fran\u00e7ais. Les c\u00e9l\u00e9brations du d\u00e9barquement de Provence visent \u00e0 donner r\u00e9trospectivement une coloration \u00ab\u00a0nationale\u00a0\u00bb \u00e0 l&rsquo;avance alli\u00e9e en France afin de dissimuler une cruelle r\u00e9alit\u00e9 : vaincue en 1940, la France n&rsquo;a jamais fait partie des puissances militairement victorieuses. Sans Winston Churchill pour l&rsquo;inviter \u00e0 la table des vainqueurs, la France aurait connu le sort de l&rsquo;Italie.<\/p>\n<p><strong>Des c\u00e9l\u00e9brations \u00e0 la gloire du colonialisme fran\u00e7ais<\/strong><\/p>\n<p style=\"text-align: justify;\">En Provence, plus de la moiti\u00e9 des troupes nominalement fran\u00e7aises \u00e9tait compos\u00e9e de sujets coloniaux r\u00e9quisitionn\u00e9s de force. Toute l&rsquo;agitation autour de la \u00ab\u00a0lib\u00e9ration\u00a0\u00bb de l&rsquo;occupant \u00ab\u00a0raciste\u00a0\u00bb allemand tombe \u00e0 plat face \u00e0 la r\u00e9alit\u00e9 des faits : l&rsquo;imp\u00e9rialisme fran\u00e7ais, occupant lui-m\u00eame de larges pans de l&rsquo;Afrique et de l&rsquo;Asie, \u00e9tait engag\u00e9e dans une tentative de restauration de son pouvoir en se servant des populations indig\u00e8nes que son syst\u00e8me colonial opprimait par ailleurs.<\/p>\n<p style=\"text-align: justify;\">Le 8 mai 1945, alors que la France gaulliste c\u00e9l\u00e8bre la capitulation de l&rsquo;Allemagne, \u00e0 S\u00e9tif, en Alg\u00e9rie, son arm\u00e9e \u00e9crase dans le sang la population alg\u00e9rienne montrant un d\u00e9sir pacifique d&rsquo;acc\u00e8s \u00e0 l&rsquo;ind\u00e9pendance. Il faudra 17 ans de guerres de d\u00e9colonisation pour la France, vaincue, abandonne ses possessions coloniales d&rsquo;Asie et d&rsquo;Afrique.<\/p>\n<p><strong>L&rsquo;antifascisme d&rsquo;\u00e9tat, arme de la classe dominante<\/strong><\/p>\n<p style=\"text-align: justify;\">L&rsquo;invocation de l&rsquo;antifascisme est utilis\u00e9e par l&rsquo;\u00c9tat fran\u00e7ais, profond\u00e9ment affaibli par l&rsquo;immigration de masse, pour maintenir le mythe d&rsquo;une r\u00e9publique vierge de tout crime et mobiliser les masses de l&rsquo;Hexagone derri\u00e8re sa classe dirigeante. Derri\u00e8re le fant\u00f4me de l&rsquo;Allemagne nationale-socialiste, ce sont tous les opposants r\u00e9els ou fantasm\u00e9s de cette classe qui lui sont associ\u00e9s, et d&rsquo;abord dans les m\u00e9dias. Ennemis int\u00e9rieurs ou ext\u00e9rieurs, le r\u00e9sistantialisme reste l&rsquo;arme privil\u00e9gi\u00e9e de l&rsquo;imp\u00e9rialisme fran\u00e7ais.<\/p>\n<p style=\"text-align: justify;\">Les Bretons, eux-m\u00eames expos\u00e9s \u00e0 l&rsquo;intense propagande des m\u00e9dias de Paris, sont bien souvent les t\u00e9moins passifs de cet embrigadement. Cette ann\u00e9e encore en Bretagne, on a pu constater comment le r\u00e9gime fran\u00e7ais, renforc\u00e9s de ses partis, a mis en sc\u00e8ne le th\u00e9\u00e2tre antifasciste pour sommer la population bretonne de rester soumise \u00e0 l&rsquo;\u00c9tat fran\u00e7ais.<\/p>\n<p style=\"text-align: justify;\">Sp\u00e9cifiquement cr\u00e9\u00e9e \u00e0 Alger en 1944 pour appuyer le putsch gaullo-communiste de l&rsquo;\u00e9t\u00e9 1944, la presse dite \u00ab\u00a0r\u00e9gionale\u00a0\u00bb, Le T\u00e9l\u00e9gramme en t\u00eate, a amplement relay\u00e9 cette propagande.<\/p>\n<blockquote class=\"twitter-tweet\">\n<p dir=\"ltr\" lang=\"fr\">Des \u00e9l\u00e8ves de St-Pol-de-L\u00e9on ont voulu marquer le coup pour les comm\u00e9morations des 80 ans de la Lib\u00e9ration.<a href=\"https:\/\/t.co\/XkgwkBkDay\">https:\/\/t.co\/XkgwkBkDay<\/a><\/p>\n<p>\u2014 Le T\u00e9l\u00e9gramme (@LeTelegramme) <a href=\"https:\/\/twitter.com\/LeTelegramme\/status\/1819212811710366196?ref_src=twsrc%5Etfw\">August 2, 2024<\/a><\/p><\/blockquote>\n<p><script async src=\"https:\/\/platform.twitter.com\/widgets.js\" charset=\"utf-8\"><\/script><\/p>\n<blockquote class=\"twitter-tweet\">\n<p dir=\"ltr\" lang=\"fr\">Bombard\u00e9e il y a 80 ans, cette commune bretonne comm\u00e9more \u00ab son \u00bb 8 mai<br \/>\n\u27a1\ufe0f <a href=\"https:\/\/t.co\/HxwTLBbswH\">https:\/\/t.co\/HxwTLBbswH<\/a> <a href=\"https:\/\/t.co\/QGItvrEeBK\">pic.twitter.com\/QGItvrEeBK<\/a><\/p>\n<p>\u2014 Le T\u00e9l\u00e9gramme (@LeTelegramme) <a href=\"https:\/\/twitter.com\/LeTelegramme\/status\/1788078987693965820?ref_src=twsrc%5Etfw\">May 8, 2024<\/a><\/p><\/blockquote>\n<p><script async src=\"https:\/\/platform.twitter.com\/widgets.js\" charset=\"utf-8\"><\/script><\/p>\n<blockquote class=\"twitter-tweet\">\n<p dir=\"ltr\" lang=\"fr\">Pl\u00e9met a c\u00e9l\u00e9br\u00e9 le 80e anniversaire de sa Lib\u00e9ration<br \/>\n\u27a1\ufe0f <a href=\"https:\/\/t.co\/vyKi2fHnL3\">https:\/\/t.co\/vyKi2fHnL3<\/a> <a href=\"https:\/\/t.co\/lBFW19C9X8\">pic.twitter.com\/lBFW19C9X8<\/a><\/p>\n<p>\u2014 Le T\u00e9l\u00e9gramme (@LeTelegramme) <a href=\"https:\/\/twitter.com\/LeTelegramme\/status\/1821476687235752251?ref_src=twsrc%5Etfw\">August 8, 2024<\/a><\/p><\/blockquote>\n<p><script async src=\"https:\/\/platform.twitter.com\/widgets.js\" charset=\"utf-8\"><\/script><\/p>\n<blockquote class=\"twitter-tweet\">\n<p dir=\"ltr\" lang=\"fr\">Liesse, deuil, \u00e9puration, transition politique et nouveaux d\u00e9fis s\u2019entrem\u00ealent lors des premiers jours et semaines qui suivent la Lib\u00e9ration.<\/p>\n<p>\ud83d\udc47<a href=\"https:\/\/t.co\/1g0kOs6jFG\">https:\/\/t.co\/1g0kOs6jFG<\/a><\/p>\n<p>\u2014 Le T\u00e9l\u00e9gramme (@LeTelegramme) <a href=\"https:\/\/twitter.com\/LeTelegramme\/status\/1821059613531258962?ref_src=twsrc%5Etfw\">August 7, 2024<\/a><\/p><\/blockquote>\n<p><script async src=\"https:\/\/platform.twitter.com\/widgets.js\" charset=\"utf-8\"><\/script><\/p>\n<blockquote class=\"twitter-tweet\">\n<p dir=\"ltr\" lang=\"fr\">Des \u00e9l\u00e8ves de St-Pol-de-L\u00e9on ont voulu marquer le coup pour les comm\u00e9morations des 80 ans de la Lib\u00e9ration.<a href=\"https:\/\/t.co\/XkgwkBkDay\">https:\/\/t.co\/XkgwkBkDay<\/a><\/p>\n<p>\u2014 Le T\u00e9l\u00e9gramme (@LeTelegramme) <a href=\"https:\/\/twitter.com\/LeTelegramme\/status\/1819212811710366196?ref_src=twsrc%5Etfw\">August 2, 2024<\/a><\/p><\/blockquote>\n<p><script async src=\"https:\/\/platform.twitter.com\/widgets.js\" charset=\"utf-8\"><\/script><\/p>\n<blockquote class=\"twitter-tweet\">\n<p dir=\"ltr\" lang=\"fr\">Cette perc\u00e9e am\u00e9ricaine trompeuse lors de la Lib\u00e9ration de la Bretagne en 1944<br \/>\n\u27a1\ufe0f <a href=\"https:\/\/t.co\/0vjabatVVM\">https:\/\/t.co\/0vjabatVVM<\/a> <a href=\"https:\/\/t.co\/xQLwipklSZ\">pic.twitter.com\/xQLwipklSZ<\/a><\/p>\n<p>\u2014 Le T\u00e9l\u00e9gramme (@LeTelegramme) <a href=\"https:\/\/twitter.com\/LeTelegramme\/status\/1817496587867685184?ref_src=twsrc%5Etfw\">July 28, 2024<\/a><\/p><\/blockquote>\n<p><script async src=\"https:\/\/platform.twitter.com\/widgets.js\" charset=\"utf-8\"><\/script><\/p>\n<blockquote class=\"twitter-tweet\">\n<p dir=\"ltr\" lang=\"fr\">Le g\u00e9n\u00e9ral Ramcke, cet admirateur fervent du nazisme, qui ne voulait pas l\u00e2cher Brest en 1944<br \/>\n\u27a1\ufe0f <a href=\"https:\/\/t.co\/iyb0SwdD2v\">https:\/\/t.co\/iyb0SwdD2v<\/a> <a href=\"https:\/\/t.co\/4ti0fotqM4\">pic.twitter.com\/4ti0fotqM4<\/a><\/p>\n<p>\u2014 Le T\u00e9l\u00e9gramme (@LeTelegramme) <a href=\"https:\/\/twitter.com\/LeTelegramme\/status\/1820010602506424651?ref_src=twsrc%5Etfw\">August 4, 2024<\/a><\/p><\/blockquote>\n<p><script async src=\"https:\/\/platform.twitter.com\/widgets.js\" charset=\"utf-8\"><\/script><\/p>\n<blockquote class=\"twitter-tweet\">\n<p dir=\"ltr\" lang=\"fr\">\u00ab La r\u00e9pression allemande est all\u00e9e crescendo de 1940 \u00e0 1944 \u00bb en Bretagne<br \/>\n\u27a1\ufe0f <a href=\"https:\/\/t.co\/EjwsXINdVZ\">https:\/\/t.co\/EjwsXINdVZ<\/a> <a href=\"https:\/\/t.co\/XOW25Oq1NJ\">pic.twitter.com\/XOW25Oq1NJ<\/a><\/p>\n<p>\u2014 Le T\u00e9l\u00e9gramme (@LeTelegramme) <a href=\"https:\/\/twitter.com\/LeTelegramme\/status\/1817485366477136201?ref_src=twsrc%5Etfw\">July 28, 2024<\/a><\/p><\/blockquote>\n<p><script async src=\"https:\/\/platform.twitter.com\/widgets.js\" charset=\"utf-8\"><\/script><\/p>\n<p style=\"text-align: justify;\">\u00c0 l&rsquo;inverse, l&rsquo;alliance britto-allemande contre l&rsquo;occupation fran\u00e7aise de la Bretagne a \u00e9t\u00e9 \u00e0 nouveau d\u00e9sign\u00e9e comme l&rsquo;expression intol\u00e9rable de la menace existentielle que repr\u00e9sente le risque g\u00e9opolitique breton (identitaire donc de \u00ab\u00a0droite\u00a0\u00bb) pour la France r\u00e9volutionnaire telle qu&rsquo;elle existe depuis 1789 (\u00e9galitaire donc de \u00ab\u00a0gauche\u00a0\u00bb).<\/p>\n<blockquote class=\"twitter-tweet\">\n<p dir=\"ltr\" lang=\"fr\">Pourquoi le Bezen Perrot est le symbole de la collaboration en Bretagne<br \/>\n\u27a1\ufe0f <a href=\"https:\/\/t.co\/nVRlFqCJLw\">https:\/\/t.co\/nVRlFqCJLw<\/a> <a href=\"https:\/\/t.co\/cruEWLo2Zj\">pic.twitter.com\/cruEWLo2Zj<\/a><\/p>\n<p>\u2014 Le T\u00e9l\u00e9gramme (@LeTelegramme) <a href=\"https:\/\/twitter.com\/LeTelegramme\/status\/1822525102795202611?ref_src=twsrc%5Etfw\">August 11, 2024<\/a><\/p><\/blockquote>\n<p><script async src=\"https:\/\/platform.twitter.com\/widgets.js\" charset=\"utf-8\"><\/script><\/p>\n<p style=\"text-align: justify;\">Puissance imp\u00e9rialiste, colonialiste et objectivement raciste, la r\u00e9publique fran\u00e7aise qui r\u00e9prime les Alg\u00e9riens en 1945 voit ses l\u00e9gataires tenter de culpabiliser les Bretons au nom de cet antifascisme d&rsquo;\u00e9tat afin qu&rsquo;ils restent docilement \u00e0 son pouvoir. Il est temps de rejeter d&rsquo;un bloc cette propagande r\u00e9sistantialiste \u00e0 base de chantage et de rappeler le droit souverain de la nation bretonne d&#8217;employer tous les moyens \u00e0 sa disposition pour regagner sa pleine ind\u00e9pendance nationale. Au 21e si\u00e8cle, l&rsquo;\u00e8re du chantage a v\u00e9cu.<\/p>\n<p style=\"text-align: right;\"><strong>Ewen Broc&rsquo;han<\/strong><\/p>\n<p>&nbsp;<\/p>\n","protected":false},"excerpt":{"rendered":"<p>Les c\u00e9l\u00e9brations des \u00ab\u00a080 ans du d\u00e9barquement de Provence\u00a0\u00bb organis\u00e9es au plus haut niveau de l&rsquo;\u00c9tat fran\u00e7ais sont l&rsquo;occasion pour la classe dirigeante fran\u00e7aise de mettre en sc\u00e8ne un message politique. Le r\u00e9cit est simple : la France, patrie des droits de l&rsquo;homme occup\u00e9e militairement par l&rsquo;Allemagne, s&rsquo;est h\u00e9ro\u00efquement lib\u00e9r\u00e9e du fascisme et du \u00ab\u00a0racisme\u00a0\u00bb. [&hellip;]<\/p>\n","protected":false},"author":1,"featured_media":2039,"comment_status":"open","ping_status":"open","sticky":false,"template":"","format":"standard","meta":{"sb_editor_width":"","footnotes":""},"categories":[65,70],"tags":[],"class_list":["post-2038","post","type-post","status-publish","format-standard","has-post-thumbnail","hentry","category-principale","category-tribune"],"relative_dates":{"created":"2 ans ago","modified":"2 ans ago"},"yoast_head":"<!-- This site is optimized with the Yoast SEO plugin v26.3 - https:\/\/yoast.com\/wordpress\/plugins\/seo\/ -->\n<title>L&#039;hypocrisie comme propagande : l&#039;antifascisme d&#039;\u00e9tat au service de l&#039;imp\u00e9rialisme fran\u00e7ais - STOURM<\/title>\n<meta name=\"robots\" content=\"index, follow, max-snippet:-1, max-image-preview:large, max-video-preview:-1\" \/>\n<link rel=\"canonical\" href=\"https:\/\/stourm.news\/?p=2038\" \/>\n<meta property=\"og:locale\" content=\"fr_FR\" \/>\n<meta property=\"og:type\" content=\"article\" \/>\n<meta property=\"og:title\" content=\"L&#039;hypocrisie comme propagande : l&#039;antifascisme d&#039;\u00e9tat au service de l&#039;imp\u00e9rialisme fran\u00e7ais - STOURM\" \/>\n<meta property=\"og:description\" content=\"Les c\u00e9l\u00e9brations des \u00ab\u00a080 ans du d\u00e9barquement de Provence\u00a0\u00bb organis\u00e9es au plus haut niveau de l&rsquo;\u00c9tat fran\u00e7ais sont l&rsquo;occasion pour la classe dirigeante fran\u00e7aise de mettre en sc\u00e8ne un message politique. Le r\u00e9cit est simple : la France, patrie des droits de l&rsquo;homme occup\u00e9e militairement par l&rsquo;Allemagne, s&rsquo;est h\u00e9ro\u00efquement lib\u00e9r\u00e9e du fascisme et du \u00ab\u00a0racisme\u00a0\u00bb. [&hellip;]\" \/>\n<meta property=\"og:url\" content=\"https:\/\/stourm.news\/?p=2038\" \/>\n<meta property=\"og:site_name\" content=\"STOURM\" \/>\n<meta property=\"article:publisher\" content=\"https:\/\/www.facebook.com\/stourmnews\/\" \/>\n<meta property=\"article:published_time\" content=\"2024-08-16T09:57:05+00:00\" \/>\n<meta property=\"article:modified_time\" content=\"2024-08-16T10:04:27+00:00\" \/>\n<meta property=\"og:image\" content=\"https:\/\/stourm.news\/wp-content\/uploads\/2024\/08\/MjAyNDA4ZjA2NGE4MmFjY2IyMTJhOTg4MzMwYmRiZDViNjA3M2I.jpg\" \/>\n\t<meta property=\"og:image:width\" content=\"1260\" \/>\n\t<meta property=\"og:image:height\" content=\"708\" \/>\n\t<meta property=\"og:image:type\" content=\"image\/jpeg\" \/>\n<meta name=\"author\" content=\"La r\u00e9daction\" \/>\n<meta name=\"twitter:card\" content=\"summary_large_image\" \/>\n<meta name=\"twitter:label1\" content=\"\u00c9crit par\" \/>\n\t<meta name=\"twitter:data1\" content=\"La r\u00e9daction\" \/>\n\t<meta name=\"twitter:label2\" content=\"Dur\u00e9e de lecture estim\u00e9e\" \/>\n\t<meta name=\"twitter:data2\" content=\"4 minutes\" \/>\n<script type=\"application\/ld+json\" class=\"yoast-schema-graph\">{\"@context\":\"https:\/\/schema.org\",\"@graph\":[{\"@type\":\"Article\",\"@id\":\"https:\/\/stourm.news\/?p=2038#article\",\"isPartOf\":{\"@id\":\"https:\/\/stourm.news\/?p=2038\"},\"author\":{\"name\":\"La r\u00e9daction\",\"@id\":\"https:\/\/stourm.news\/#\/schema\/person\/c3e1dc65988632e190969234ef046cf9\"},\"headline\":\"L&rsquo;hypocrisie comme propagande : l&rsquo;antifascisme d&rsquo;\u00e9tat au service de l&rsquo;imp\u00e9rialisme fran\u00e7ais\",\"datePublished\":\"2024-08-16T09:57:05+00:00\",\"dateModified\":\"2024-08-16T10:04:27+00:00\",\"mainEntityOfPage\":{\"@id\":\"https:\/\/stourm.news\/?p=2038\"},\"wordCount\":1020,\"commentCount\":0,\"publisher\":{\"@id\":\"https:\/\/stourm.news\/#organization\"},\"image\":{\"@id\":\"https:\/\/stourm.news\/?p=2038#primaryimage\"},\"thumbnailUrl\":\"https:\/\/stourm.news\/wp-content\/uploads\/2024\/08\/MjAyNDA4ZjA2NGE4MmFjY2IyMTJhOTg4MzMwYmRiZDViNjA3M2I.jpg\",\"articleSection\":[\"Principale\",\"Tribune\"],\"inLanguage\":\"fr-FR\",\"potentialAction\":[{\"@type\":\"CommentAction\",\"name\":\"Comment\",\"target\":[\"https:\/\/stourm.news\/?p=2038#respond\"]}]},{\"@type\":\"WebPage\",\"@id\":\"https:\/\/stourm.news\/?p=2038\",\"url\":\"https:\/\/stourm.news\/?p=2038\",\"name\":\"L'hypocrisie comme propagande : l'antifascisme d'\u00e9tat au service de l'imp\u00e9rialisme fran\u00e7ais - STOURM\",\"isPartOf\":{\"@id\":\"https:\/\/stourm.news\/#website\"},\"primaryImageOfPage\":{\"@id\":\"https:\/\/stourm.news\/?p=2038#primaryimage\"},\"image\":{\"@id\":\"https:\/\/stourm.news\/?p=2038#primaryimage\"},\"thumbnailUrl\":\"https:\/\/stourm.news\/wp-content\/uploads\/2024\/08\/MjAyNDA4ZjA2NGE4MmFjY2IyMTJhOTg4MzMwYmRiZDViNjA3M2I.jpg\",\"datePublished\":\"2024-08-16T09:57:05+00:00\",\"dateModified\":\"2024-08-16T10:04:27+00:00\",\"breadcrumb\":{\"@id\":\"https:\/\/stourm.news\/?p=2038#breadcrumb\"},\"inLanguage\":\"fr-FR\",\"potentialAction\":[{\"@type\":\"ReadAction\",\"target\":[\"https:\/\/stourm.news\/?p=2038\"]}]},{\"@type\":\"ImageObject\",\"inLanguage\":\"fr-FR\",\"@id\":\"https:\/\/stourm.news\/?p=2038#primaryimage\",\"url\":\"https:\/\/stourm.news\/wp-content\/uploads\/2024\/08\/MjAyNDA4ZjA2NGE4MmFjY2IyMTJhOTg4MzMwYmRiZDViNjA3M2I.jpg\",\"contentUrl\":\"https:\/\/stourm.news\/wp-content\/uploads\/2024\/08\/MjAyNDA4ZjA2NGE4MmFjY2IyMTJhOTg4MzMwYmRiZDViNjA3M2I.jpg\",\"width\":1260,\"height\":708},{\"@type\":\"BreadcrumbList\",\"@id\":\"https:\/\/stourm.news\/?p=2038#breadcrumb\",\"itemListElement\":[{\"@type\":\"ListItem\",\"position\":1,\"name\":\"Accueil\",\"item\":\"https:\/\/stourm.news\/\"},{\"@type\":\"ListItem\",\"position\":2,\"name\":\"L&rsquo;hypocrisie comme propagande : l&rsquo;antifascisme d&rsquo;\u00e9tat au service de l&rsquo;imp\u00e9rialisme fran\u00e7ais\"}]},{\"@type\":\"WebSite\",\"@id\":\"https:\/\/stourm.news\/#website\",\"url\":\"https:\/\/stourm.news\/\",\"name\":\"Stourm\",\"description\":\"Kazetenn Strollad Broadel Breizh\",\"publisher\":{\"@id\":\"https:\/\/stourm.news\/#organization\"},\"potentialAction\":[{\"@type\":\"SearchAction\",\"target\":{\"@type\":\"EntryPoint\",\"urlTemplate\":\"https:\/\/stourm.news\/?s={search_term_string}\"},\"query-input\":{\"@type\":\"PropertyValueSpecification\",\"valueRequired\":true,\"valueName\":\"search_term_string\"}}],\"inLanguage\":\"fr-FR\"},{\"@type\":\"Organization\",\"@id\":\"https:\/\/stourm.news\/#organization\",\"name\":\"Stourm\",\"url\":\"https:\/\/stourm.news\/\",\"logo\":{\"@type\":\"ImageObject\",\"inLanguage\":\"fr-FR\",\"@id\":\"https:\/\/stourm.news\/#\/schema\/logo\/image\/\",\"url\":\"https:\/\/stourm.news\/wp-content\/uploads\/2025\/11\/cropped-Capture-decran-2025-11-28-a-15.19.07.png\",\"contentUrl\":\"https:\/\/stourm.news\/wp-content\/uploads\/2025\/11\/cropped-Capture-decran-2025-11-28-a-15.19.07.png\",\"width\":1855,\"height\":383,\"caption\":\"Stourm\"},\"image\":{\"@id\":\"https:\/\/stourm.news\/#\/schema\/logo\/image\/\"},\"sameAs\":[\"https:\/\/www.facebook.com\/stourmnews\/\"]},{\"@type\":\"Person\",\"@id\":\"https:\/\/stourm.news\/#\/schema\/person\/c3e1dc65988632e190969234ef046cf9\",\"name\":\"La r\u00e9daction\",\"image\":{\"@type\":\"ImageObject\",\"inLanguage\":\"fr-FR\",\"@id\":\"https:\/\/stourm.news\/#\/schema\/person\/image\/\",\"url\":\"https:\/\/secure.gravatar.com\/avatar\/7463443f194b6b5fb706b074ca0ef59a0cfcfd720cb47764b0ec5a952ce422b3?s=96&d=mm&r=g\",\"contentUrl\":\"https:\/\/secure.gravatar.com\/avatar\/7463443f194b6b5fb706b074ca0ef59a0cfcfd720cb47764b0ec5a952ce422b3?s=96&d=mm&r=g\",\"caption\":\"La r\u00e9daction\"},\"sameAs\":[\"https:\/\/stourm.news\"],\"url\":\"https:\/\/stourm.news\/?author=1\"}]}<\/script>\n<!-- \/ Yoast SEO plugin. -->","yoast_head_json":{"title":"L'hypocrisie comme propagande : l'antifascisme d'\u00e9tat au service de l'imp\u00e9rialisme fran\u00e7ais - STOURM","robots":{"index":"index","follow":"follow","max-snippet":"max-snippet:-1","max-image-preview":"max-image-preview:large","max-video-preview":"max-video-preview:-1"},"canonical":"https:\/\/stourm.news\/?p=2038","og_locale":"fr_FR","og_type":"article","og_title":"L'hypocrisie comme propagande : l'antifascisme d'\u00e9tat au service de l'imp\u00e9rialisme fran\u00e7ais - STOURM","og_description":"Les c\u00e9l\u00e9brations des \u00ab\u00a080 ans du d\u00e9barquement de Provence\u00a0\u00bb organis\u00e9es au plus haut niveau de l&rsquo;\u00c9tat fran\u00e7ais sont l&rsquo;occasion pour la classe dirigeante fran\u00e7aise de mettre en sc\u00e8ne un message politique. Le r\u00e9cit est simple : la France, patrie des droits de l&rsquo;homme occup\u00e9e militairement par l&rsquo;Allemagne, s&rsquo;est h\u00e9ro\u00efquement lib\u00e9r\u00e9e du fascisme et du \u00ab\u00a0racisme\u00a0\u00bb. [&hellip;]","og_url":"https:\/\/stourm.news\/?p=2038","og_site_name":"STOURM","article_publisher":"https:\/\/www.facebook.com\/stourmnews\/","article_published_time":"2024-08-16T09:57:05+00:00","article_modified_time":"2024-08-16T10:04:27+00:00","og_image":[{"width":1260,"height":708,"url":"https:\/\/stourm.news\/wp-content\/uploads\/2024\/08\/MjAyNDA4ZjA2NGE4MmFjY2IyMTJhOTg4MzMwYmRiZDViNjA3M2I.jpg","type":"image\/jpeg"}],"author":"La r\u00e9daction","twitter_card":"summary_large_image","twitter_misc":{"\u00c9crit par":"La r\u00e9daction","Dur\u00e9e de lecture estim\u00e9e":"4 minutes"},"schema":{"@context":"https:\/\/schema.org","@graph":[{"@type":"Article","@id":"https:\/\/stourm.news\/?p=2038#article","isPartOf":{"@id":"https:\/\/stourm.news\/?p=2038"},"author":{"name":"La r\u00e9daction","@id":"https:\/\/stourm.news\/#\/schema\/person\/c3e1dc65988632e190969234ef046cf9"},"headline":"L&rsquo;hypocrisie comme propagande : l&rsquo;antifascisme d&rsquo;\u00e9tat au service de l&rsquo;imp\u00e9rialisme fran\u00e7ais","datePublished":"2024-08-16T09:57:05+00:00","dateModified":"2024-08-16T10:04:27+00:00","mainEntityOfPage":{"@id":"https:\/\/stourm.news\/?p=2038"},"wordCount":1020,"commentCount":0,"publisher":{"@id":"https:\/\/stourm.news\/#organization"},"image":{"@id":"https:\/\/stourm.news\/?p=2038#primaryimage"},"thumbnailUrl":"https:\/\/stourm.news\/wp-content\/uploads\/2024\/08\/MjAyNDA4ZjA2NGE4MmFjY2IyMTJhOTg4MzMwYmRiZDViNjA3M2I.jpg","articleSection":["Principale","Tribune"],"inLanguage":"fr-FR","potentialAction":[{"@type":"CommentAction","name":"Comment","target":["https:\/\/stourm.news\/?p=2038#respond"]}]},{"@type":"WebPage","@id":"https:\/\/stourm.news\/?p=2038","url":"https:\/\/stourm.news\/?p=2038","name":"L'hypocrisie comme propagande : l'antifascisme d'\u00e9tat au service de l'imp\u00e9rialisme fran\u00e7ais - STOURM","isPartOf":{"@id":"https:\/\/stourm.news\/#website"},"primaryImageOfPage":{"@id":"https:\/\/stourm.news\/?p=2038#primaryimage"},"image":{"@id":"https:\/\/stourm.news\/?p=2038#primaryimage"},"thumbnailUrl":"https:\/\/stourm.news\/wp-content\/uploads\/2024\/08\/MjAyNDA4ZjA2NGE4MmFjY2IyMTJhOTg4MzMwYmRiZDViNjA3M2I.jpg","datePublished":"2024-08-16T09:57:05+00:00","dateModified":"2024-08-16T10:04:27+00:00","breadcrumb":{"@id":"https:\/\/stourm.news\/?p=2038#breadcrumb"},"inLanguage":"fr-FR","potentialAction":[{"@type":"ReadAction","target":["https:\/\/stourm.news\/?p=2038"]}]},{"@type":"ImageObject","inLanguage":"fr-FR","@id":"https:\/\/stourm.news\/?p=2038#primaryimage","url":"https:\/\/stourm.news\/wp-content\/uploads\/2024\/08\/MjAyNDA4ZjA2NGE4MmFjY2IyMTJhOTg4MzMwYmRiZDViNjA3M2I.jpg","contentUrl":"https:\/\/stourm.news\/wp-content\/uploads\/2024\/08\/MjAyNDA4ZjA2NGE4MmFjY2IyMTJhOTg4MzMwYmRiZDViNjA3M2I.jpg","width":1260,"height":708},{"@type":"BreadcrumbList","@id":"https:\/\/stourm.news\/?p=2038#breadcrumb","itemListElement":[{"@type":"ListItem","position":1,"name":"Accueil","item":"https:\/\/stourm.news\/"},{"@type":"ListItem","position":2,"name":"L&rsquo;hypocrisie comme propagande : l&rsquo;antifascisme d&rsquo;\u00e9tat au service de l&rsquo;imp\u00e9rialisme fran\u00e7ais"}]},{"@type":"WebSite","@id":"https:\/\/stourm.news\/#website","url":"https:\/\/stourm.news\/","name":"Stourm","description":"Kazetenn Strollad Broadel Breizh","publisher":{"@id":"https:\/\/stourm.news\/#organization"},"potentialAction":[{"@type":"SearchAction","target":{"@type":"EntryPoint","urlTemplate":"https:\/\/stourm.news\/?s={search_term_string}"},"query-input":{"@type":"PropertyValueSpecification","valueRequired":true,"valueName":"search_term_string"}}],"inLanguage":"fr-FR"},{"@type":"Organization","@id":"https:\/\/stourm.news\/#organization","name":"Stourm","url":"https:\/\/stourm.news\/","logo":{"@type":"ImageObject","inLanguage":"fr-FR","@id":"https:\/\/stourm.news\/#\/schema\/logo\/image\/","url":"https:\/\/stourm.news\/wp-content\/uploads\/2025\/11\/cropped-Capture-decran-2025-11-28-a-15.19.07.png","contentUrl":"https:\/\/stourm.news\/wp-content\/uploads\/2025\/11\/cropped-Capture-decran-2025-11-28-a-15.19.07.png","width":1855,"height":383,"caption":"Stourm"},"image":{"@id":"https:\/\/stourm.news\/#\/schema\/logo\/image\/"},"sameAs":["https:\/\/www.facebook.com\/stourmnews\/"]},{"@type":"Person","@id":"https:\/\/stourm.news\/#\/schema\/person\/c3e1dc65988632e190969234ef046cf9","name":"La r\u00e9daction","image":{"@type":"ImageObject","inLanguage":"fr-FR","@id":"https:\/\/stourm.news\/#\/schema\/person\/image\/","url":"https:\/\/secure.gravatar.com\/avatar\/7463443f194b6b5fb706b074ca0ef59a0cfcfd720cb47764b0ec5a952ce422b3?s=96&d=mm&r=g","contentUrl":"https:\/\/secure.gravatar.com\/avatar\/7463443f194b6b5fb706b074ca0ef59a0cfcfd720cb47764b0ec5a952ce422b3?s=96&d=mm&r=g","caption":"La r\u00e9daction"},"sameAs":["https:\/\/stourm.news"],"url":"https:\/\/stourm.news\/?author=1"}]}},"_links":{"self":[{"href":"https:\/\/stourm.news\/index.php?rest_route=\/wp\/v2\/posts\/2038","targetHints":{"allow":["GET"]}}],"collection":[{"href":"https:\/\/stourm.news\/index.php?rest_route=\/wp\/v2\/posts"}],"about":[{"href":"https:\/\/stourm.news\/index.php?rest_route=\/wp\/v2\/types\/post"}],"author":[{"embeddable":true,"href":"https:\/\/stourm.news\/index.php?rest_route=\/wp\/v2\/users\/1"}],"replies":[{"embeddable":true,"href":"https:\/\/stourm.news\/index.php?rest_route=%2Fwp%2Fv2%2Fcomments&post=2038"}],"version-history":[{"count":4,"href":"https:\/\/stourm.news\/index.php?rest_route=\/wp\/v2\/posts\/2038\/revisions"}],"predecessor-version":[{"id":2043,"href":"https:\/\/stourm.news\/index.php?rest_route=\/wp\/v2\/posts\/2038\/revisions\/2043"}],"wp:featuredmedia":[{"embeddable":true,"href":"https:\/\/stourm.news\/index.php?rest_route=\/wp\/v2\/media\/2039"}],"wp:attachment":[{"href":"https:\/\/stourm.news\/index.php?rest_route=%2Fwp%2Fv2%2Fmedia&parent=2038"}],"wp:term":[{"taxonomy":"category","embeddable":true,"href":"https:\/\/stourm.news\/index.php?rest_route=%2Fwp%2Fv2%2Fcategories&post=2038"},{"taxonomy":"post_tag","embeddable":true,"href":"https:\/\/stourm.news\/index.php?rest_route=%2Fwp%2Fv2%2Ftags&post=2038"}],"curies":[{"name":"wp","href":"https:\/\/api.w.org\/{rel}","templated":true}]}}