{"id":2047,"date":"2024-08-19T08:23:19","date_gmt":"2024-08-19T08:23:19","guid":{"rendered":"https:\/\/stourm.news\/?p=2047"},"modified":"2024-08-19T08:23:19","modified_gmt":"2024-08-19T08:23:19","slug":"guingamp-manifestation-des-parents-deleves-du-college-jacques-prevert-apres-la-fermeture-de-la-filiere-en-langue-bretonne-decretee-par-letat-francais","status":"publish","type":"post","link":"https:\/\/stourm.news\/?p=2047","title":{"rendered":"Guingamp : manifestation des parents d&rsquo;\u00e9l\u00e8ves du coll\u00e8ge Jacques Pr\u00e9vert apr\u00e8s la fermeture de la fili\u00e8re en langue bretonne d\u00e9cr\u00e9t\u00e9e par l&rsquo;\u00c9tat fran\u00e7ais"},"content":{"rendered":"<p style=\"text-align: justify;\">En plein festival de la Saint-Loup, parents et \u00e9l\u00e8ves du coll\u00e8ge Jacques-Pr\u00e9vert ont manifest\u00e9, dimanche, devant la mairie de Guingamp avec une banderole revendicative : <strong>\u00ab Oui au maintien du breton au coll\u00e8ge Jacques-Pr\u00e9vert de Guingamp. \u00bb <\/strong><\/p>\n<p style=\"text-align: justify;\">Le 17 juillet, ces derniers avaient d\u00e9j\u00e0 exprim\u00e9 leurs inqui\u00e9tudes concernant la rentr\u00e9e 2024. Le 1er juillet, un coup de fil du principal de l\u2019\u00e9tablissement annon\u00e7ait d\u00e9j\u00e0 aux parents \u00ab la mise en veille \u00bb de la fili\u00e8re bilingue pour septembre. Une information confirm\u00e9e dans la foul\u00e9e par le cabinet du recteur de l\u2019acad\u00e9mie de Rennes all\u00e9guant un faible nombre d\u2019\u00e9l\u00e8ves inscrits.<\/p>\n<p>Source : <a href=\"https:\/\/www.letelegramme.fr\/cotes-d-armor\/guingamp-22200\/a-guingamp-en-pleine-saint-loup-ils-manifestent-contre-larret-du-breton-au-college-jacques-prevert-6645103.php\">Le T\u00e9l\u00e9gramme<\/a><\/p>\n","protected":false},"excerpt":{"rendered":"<p>En plein festival de la Saint-Loup, parents et \u00e9l\u00e8ves du coll\u00e8ge Jacques-Pr\u00e9vert ont manifest\u00e9, dimanche, devant la mairie de Guingamp avec une banderole revendicative : \u00ab Oui au maintien du breton au coll\u00e8ge Jacques-Pr\u00e9vert de Guingamp. \u00bb Le 17 juillet, ces derniers avaient d\u00e9j\u00e0 exprim\u00e9 leurs inqui\u00e9tudes concernant la rentr\u00e9e 2024. Le 1er juillet, un [&hellip;]<\/p>\n","protected":false},"author":1,"featured_media":2048,"comment_status":"open","ping_status":"open","sticky":false,"template":"","format":"standard","meta":{"sb_editor_width":"","footnotes":""},"categories":[58,65],"tags":[],"class_list":["post-2047","post","type-post","status-publish","format-standard","has-post-thumbnail","hentry","category-breizh","category-principale"],"relative_dates":{"created":"2 ans ago","modified":"2 ans ago"},"yoast_head":"<!-- This site is optimized with the Yoast SEO plugin v26.3 - https:\/\/yoast.com\/wordpress\/plugins\/seo\/ -->\n<title>Guingamp : manifestation des parents d&#039;\u00e9l\u00e8ves du coll\u00e8ge Jacques Pr\u00e9vert apr\u00e8s la fermeture de la fili\u00e8re en langue bretonne d\u00e9cr\u00e9t\u00e9e par l&#039;\u00c9tat fran\u00e7ais - STOURM<\/title>\n<meta name=\"robots\" content=\"index, follow, max-snippet:-1, max-image-preview:large, max-video-preview:-1\" \/>\n<link rel=\"canonical\" href=\"https:\/\/stourm.news\/?p=2047\" \/>\n<meta property=\"og:locale\" content=\"fr_FR\" \/>\n<meta property=\"og:type\" content=\"article\" \/>\n<meta property=\"og:title\" content=\"Guingamp : manifestation des parents d&#039;\u00e9l\u00e8ves du coll\u00e8ge Jacques Pr\u00e9vert apr\u00e8s la fermeture de la fili\u00e8re en langue bretonne d\u00e9cr\u00e9t\u00e9e par l&#039;\u00c9tat fran\u00e7ais - STOURM\" \/>\n<meta property=\"og:description\" content=\"En plein festival de la Saint-Loup, parents et \u00e9l\u00e8ves du coll\u00e8ge Jacques-Pr\u00e9vert ont manifest\u00e9, dimanche, devant la mairie de Guingamp avec une banderole revendicative : \u00ab Oui au maintien du breton au coll\u00e8ge Jacques-Pr\u00e9vert de Guingamp. \u00bb Le 17 juillet, ces derniers avaient d\u00e9j\u00e0 exprim\u00e9 leurs inqui\u00e9tudes concernant la rentr\u00e9e 2024. Le 1er juillet, un [&hellip;]\" \/>\n<meta property=\"og:url\" content=\"https:\/\/stourm.news\/?p=2047\" \/>\n<meta property=\"og:site_name\" content=\"STOURM\" \/>\n<meta property=\"article:publisher\" content=\"https:\/\/www.facebook.com\/stourmnews\/\" \/>\n<meta property=\"article:published_time\" content=\"2024-08-19T08:23:19+00:00\" \/>\n<meta property=\"og:image\" content=\"https:\/\/stourm.news\/wp-content\/uploads\/2024\/08\/Capture-decran-2024-08-19-a-17.20.22-1024x592.png\" \/>\n\t<meta property=\"og:image:width\" content=\"1024\" \/>\n\t<meta property=\"og:image:height\" content=\"592\" \/>\n\t<meta property=\"og:image:type\" content=\"image\/png\" \/>\n<meta name=\"author\" content=\"La r\u00e9daction\" \/>\n<meta name=\"twitter:card\" content=\"summary_large_image\" \/>\n<meta name=\"twitter:label1\" content=\"\u00c9crit par\" \/>\n\t<meta name=\"twitter:data1\" content=\"La r\u00e9daction\" \/>\n\t<meta name=\"twitter:label2\" content=\"Dur\u00e9e de lecture estim\u00e9e\" \/>\n\t<meta name=\"twitter:data2\" content=\"1 minute\" \/>\n<script type=\"application\/ld+json\" class=\"yoast-schema-graph\">{\"@context\":\"https:\/\/schema.org\",\"@graph\":[{\"@type\":\"Article\",\"@id\":\"https:\/\/stourm.news\/?p=2047#article\",\"isPartOf\":{\"@id\":\"https:\/\/stourm.news\/?p=2047\"},\"author\":{\"name\":\"La r\u00e9daction\",\"@id\":\"https:\/\/stourm.news\/#\/schema\/person\/c3e1dc65988632e190969234ef046cf9\"},\"headline\":\"Guingamp : manifestation des parents d&rsquo;\u00e9l\u00e8ves du coll\u00e8ge Jacques Pr\u00e9vert apr\u00e8s la fermeture de la fili\u00e8re en langue bretonne d\u00e9cr\u00e9t\u00e9e par l&rsquo;\u00c9tat fran\u00e7ais\",\"datePublished\":\"2024-08-19T08:23:19+00:00\",\"mainEntityOfPage\":{\"@id\":\"https:\/\/stourm.news\/?p=2047\"},\"wordCount\":149,\"commentCount\":0,\"publisher\":{\"@id\":\"https:\/\/stourm.news\/#organization\"},\"image\":{\"@id\":\"https:\/\/stourm.news\/?p=2047#primaryimage\"},\"thumbnailUrl\":\"https:\/\/stourm.news\/wp-content\/uploads\/2024\/08\/Capture-decran-2024-08-19-a-17.20.22.png\",\"articleSection\":[\"Breizh\",\"Principale\"],\"inLanguage\":\"fr-FR\",\"potentialAction\":[{\"@type\":\"CommentAction\",\"name\":\"Comment\",\"target\":[\"https:\/\/stourm.news\/?p=2047#respond\"]}]},{\"@type\":\"WebPage\",\"@id\":\"https:\/\/stourm.news\/?p=2047\",\"url\":\"https:\/\/stourm.news\/?p=2047\",\"name\":\"Guingamp : manifestation des parents d'\u00e9l\u00e8ves du coll\u00e8ge Jacques Pr\u00e9vert apr\u00e8s la fermeture de la fili\u00e8re en langue bretonne d\u00e9cr\u00e9t\u00e9e par l'\u00c9tat fran\u00e7ais - STOURM\",\"isPartOf\":{\"@id\":\"https:\/\/stourm.news\/#website\"},\"primaryImageOfPage\":{\"@id\":\"https:\/\/stourm.news\/?p=2047#primaryimage\"},\"image\":{\"@id\":\"https:\/\/stourm.news\/?p=2047#primaryimage\"},\"thumbnailUrl\":\"https:\/\/stourm.news\/wp-content\/uploads\/2024\/08\/Capture-decran-2024-08-19-a-17.20.22.png\",\"datePublished\":\"2024-08-19T08:23:19+00:00\",\"breadcrumb\":{\"@id\":\"https:\/\/stourm.news\/?p=2047#breadcrumb\"},\"inLanguage\":\"fr-FR\",\"potentialAction\":[{\"@type\":\"ReadAction\",\"target\":[\"https:\/\/stourm.news\/?p=2047\"]}]},{\"@type\":\"ImageObject\",\"inLanguage\":\"fr-FR\",\"@id\":\"https:\/\/stourm.news\/?p=2047#primaryimage\",\"url\":\"https:\/\/stourm.news\/wp-content\/uploads\/2024\/08\/Capture-decran-2024-08-19-a-17.20.22.png\",\"contentUrl\":\"https:\/\/stourm.news\/wp-content\/uploads\/2024\/08\/Capture-decran-2024-08-19-a-17.20.22.png\",\"width\":1768,\"height\":1022},{\"@type\":\"BreadcrumbList\",\"@id\":\"https:\/\/stourm.news\/?p=2047#breadcrumb\",\"itemListElement\":[{\"@type\":\"ListItem\",\"position\":1,\"name\":\"Accueil\",\"item\":\"https:\/\/stourm.news\/\"},{\"@type\":\"ListItem\",\"position\":2,\"name\":\"Guingamp : manifestation des parents d&rsquo;\u00e9l\u00e8ves du coll\u00e8ge Jacques Pr\u00e9vert apr\u00e8s la fermeture de la fili\u00e8re en langue bretonne d\u00e9cr\u00e9t\u00e9e par l&rsquo;\u00c9tat fran\u00e7ais\"}]},{\"@type\":\"WebSite\",\"@id\":\"https:\/\/stourm.news\/#website\",\"url\":\"https:\/\/stourm.news\/\",\"name\":\"Stourm\",\"description\":\"Kazetenn Strollad Broadel Breizh\",\"publisher\":{\"@id\":\"https:\/\/stourm.news\/#organization\"},\"potentialAction\":[{\"@type\":\"SearchAction\",\"target\":{\"@type\":\"EntryPoint\",\"urlTemplate\":\"https:\/\/stourm.news\/?s={search_term_string}\"},\"query-input\":{\"@type\":\"PropertyValueSpecification\",\"valueRequired\":true,\"valueName\":\"search_term_string\"}}],\"inLanguage\":\"fr-FR\"},{\"@type\":\"Organization\",\"@id\":\"https:\/\/stourm.news\/#organization\",\"name\":\"Stourm\",\"url\":\"https:\/\/stourm.news\/\",\"logo\":{\"@type\":\"ImageObject\",\"inLanguage\":\"fr-FR\",\"@id\":\"https:\/\/stourm.news\/#\/schema\/logo\/image\/\",\"url\":\"https:\/\/stourm.news\/wp-content\/uploads\/2025\/11\/cropped-Capture-decran-2025-11-28-a-15.19.07.png\",\"contentUrl\":\"https:\/\/stourm.news\/wp-content\/uploads\/2025\/11\/cropped-Capture-decran-2025-11-28-a-15.19.07.png\",\"width\":1855,\"height\":383,\"caption\":\"Stourm\"},\"image\":{\"@id\":\"https:\/\/stourm.news\/#\/schema\/logo\/image\/\"},\"sameAs\":[\"https:\/\/www.facebook.com\/stourmnews\/\"]},{\"@type\":\"Person\",\"@id\":\"https:\/\/stourm.news\/#\/schema\/person\/c3e1dc65988632e190969234ef046cf9\",\"name\":\"La r\u00e9daction\",\"image\":{\"@type\":\"ImageObject\",\"inLanguage\":\"fr-FR\",\"@id\":\"https:\/\/stourm.news\/#\/schema\/person\/image\/\",\"url\":\"https:\/\/secure.gravatar.com\/avatar\/7463443f194b6b5fb706b074ca0ef59a0cfcfd720cb47764b0ec5a952ce422b3?s=96&d=mm&r=g\",\"contentUrl\":\"https:\/\/secure.gravatar.com\/avatar\/7463443f194b6b5fb706b074ca0ef59a0cfcfd720cb47764b0ec5a952ce422b3?s=96&d=mm&r=g\",\"caption\":\"La r\u00e9daction\"},\"sameAs\":[\"https:\/\/stourm.news\"],\"url\":\"https:\/\/stourm.news\/?author=1\"}]}<\/script>\n<!-- \/ Yoast SEO plugin. -->","yoast_head_json":{"title":"Guingamp : manifestation des parents d'\u00e9l\u00e8ves du coll\u00e8ge Jacques Pr\u00e9vert apr\u00e8s la fermeture de la fili\u00e8re en langue bretonne d\u00e9cr\u00e9t\u00e9e par l'\u00c9tat fran\u00e7ais - STOURM","robots":{"index":"index","follow":"follow","max-snippet":"max-snippet:-1","max-image-preview":"max-image-preview:large","max-video-preview":"max-video-preview:-1"},"canonical":"https:\/\/stourm.news\/?p=2047","og_locale":"fr_FR","og_type":"article","og_title":"Guingamp : manifestation des parents d'\u00e9l\u00e8ves du coll\u00e8ge Jacques Pr\u00e9vert apr\u00e8s la fermeture de la fili\u00e8re en langue bretonne d\u00e9cr\u00e9t\u00e9e par l'\u00c9tat fran\u00e7ais - STOURM","og_description":"En plein festival de la Saint-Loup, parents et \u00e9l\u00e8ves du coll\u00e8ge Jacques-Pr\u00e9vert ont manifest\u00e9, dimanche, devant la mairie de Guingamp avec une banderole revendicative : \u00ab Oui au maintien du breton au coll\u00e8ge Jacques-Pr\u00e9vert de Guingamp. \u00bb Le 17 juillet, ces derniers avaient d\u00e9j\u00e0 exprim\u00e9 leurs inqui\u00e9tudes concernant la rentr\u00e9e 2024. Le 1er juillet, un [&hellip;]","og_url":"https:\/\/stourm.news\/?p=2047","og_site_name":"STOURM","article_publisher":"https:\/\/www.facebook.com\/stourmnews\/","article_published_time":"2024-08-19T08:23:19+00:00","og_image":[{"width":1024,"height":592,"url":"https:\/\/stourm.news\/wp-content\/uploads\/2024\/08\/Capture-decran-2024-08-19-a-17.20.22-1024x592.png","type":"image\/png"}],"author":"La r\u00e9daction","twitter_card":"summary_large_image","twitter_misc":{"\u00c9crit par":"La r\u00e9daction","Dur\u00e9e de lecture estim\u00e9e":"1 minute"},"schema":{"@context":"https:\/\/schema.org","@graph":[{"@type":"Article","@id":"https:\/\/stourm.news\/?p=2047#article","isPartOf":{"@id":"https:\/\/stourm.news\/?p=2047"},"author":{"name":"La r\u00e9daction","@id":"https:\/\/stourm.news\/#\/schema\/person\/c3e1dc65988632e190969234ef046cf9"},"headline":"Guingamp : manifestation des parents d&rsquo;\u00e9l\u00e8ves du coll\u00e8ge Jacques Pr\u00e9vert apr\u00e8s la fermeture de la fili\u00e8re en langue bretonne d\u00e9cr\u00e9t\u00e9e par l&rsquo;\u00c9tat fran\u00e7ais","datePublished":"2024-08-19T08:23:19+00:00","mainEntityOfPage":{"@id":"https:\/\/stourm.news\/?p=2047"},"wordCount":149,"commentCount":0,"publisher":{"@id":"https:\/\/stourm.news\/#organization"},"image":{"@id":"https:\/\/stourm.news\/?p=2047#primaryimage"},"thumbnailUrl":"https:\/\/stourm.news\/wp-content\/uploads\/2024\/08\/Capture-decran-2024-08-19-a-17.20.22.png","articleSection":["Breizh","Principale"],"inLanguage":"fr-FR","potentialAction":[{"@type":"CommentAction","name":"Comment","target":["https:\/\/stourm.news\/?p=2047#respond"]}]},{"@type":"WebPage","@id":"https:\/\/stourm.news\/?p=2047","url":"https:\/\/stourm.news\/?p=2047","name":"Guingamp : manifestation des parents d'\u00e9l\u00e8ves du coll\u00e8ge Jacques Pr\u00e9vert apr\u00e8s la fermeture de la fili\u00e8re en langue bretonne d\u00e9cr\u00e9t\u00e9e par l'\u00c9tat fran\u00e7ais - STOURM","isPartOf":{"@id":"https:\/\/stourm.news\/#website"},"primaryImageOfPage":{"@id":"https:\/\/stourm.news\/?p=2047#primaryimage"},"image":{"@id":"https:\/\/stourm.news\/?p=2047#primaryimage"},"thumbnailUrl":"https:\/\/stourm.news\/wp-content\/uploads\/2024\/08\/Capture-decran-2024-08-19-a-17.20.22.png","datePublished":"2024-08-19T08:23:19+00:00","breadcrumb":{"@id":"https:\/\/stourm.news\/?p=2047#breadcrumb"},"inLanguage":"fr-FR","potentialAction":[{"@type":"ReadAction","target":["https:\/\/stourm.news\/?p=2047"]}]},{"@type":"ImageObject","inLanguage":"fr-FR","@id":"https:\/\/stourm.news\/?p=2047#primaryimage","url":"https:\/\/stourm.news\/wp-content\/uploads\/2024\/08\/Capture-decran-2024-08-19-a-17.20.22.png","contentUrl":"https:\/\/stourm.news\/wp-content\/uploads\/2024\/08\/Capture-decran-2024-08-19-a-17.20.22.png","width":1768,"height":1022},{"@type":"BreadcrumbList","@id":"https:\/\/stourm.news\/?p=2047#breadcrumb","itemListElement":[{"@type":"ListItem","position":1,"name":"Accueil","item":"https:\/\/stourm.news\/"},{"@type":"ListItem","position":2,"name":"Guingamp : manifestation des parents d&rsquo;\u00e9l\u00e8ves du coll\u00e8ge Jacques Pr\u00e9vert apr\u00e8s la fermeture de la fili\u00e8re en langue bretonne d\u00e9cr\u00e9t\u00e9e par l&rsquo;\u00c9tat fran\u00e7ais"}]},{"@type":"WebSite","@id":"https:\/\/stourm.news\/#website","url":"https:\/\/stourm.news\/","name":"Stourm","description":"Kazetenn Strollad Broadel Breizh","publisher":{"@id":"https:\/\/stourm.news\/#organization"},"potentialAction":[{"@type":"SearchAction","target":{"@type":"EntryPoint","urlTemplate":"https:\/\/stourm.news\/?s={search_term_string}"},"query-input":{"@type":"PropertyValueSpecification","valueRequired":true,"valueName":"search_term_string"}}],"inLanguage":"fr-FR"},{"@type":"Organization","@id":"https:\/\/stourm.news\/#organization","name":"Stourm","url":"https:\/\/stourm.news\/","logo":{"@type":"ImageObject","inLanguage":"fr-FR","@id":"https:\/\/stourm.news\/#\/schema\/logo\/image\/","url":"https:\/\/stourm.news\/wp-content\/uploads\/2025\/11\/cropped-Capture-decran-2025-11-28-a-15.19.07.png","contentUrl":"https:\/\/stourm.news\/wp-content\/uploads\/2025\/11\/cropped-Capture-decran-2025-11-28-a-15.19.07.png","width":1855,"height":383,"caption":"Stourm"},"image":{"@id":"https:\/\/stourm.news\/#\/schema\/logo\/image\/"},"sameAs":["https:\/\/www.facebook.com\/stourmnews\/"]},{"@type":"Person","@id":"https:\/\/stourm.news\/#\/schema\/person\/c3e1dc65988632e190969234ef046cf9","name":"La r\u00e9daction","image":{"@type":"ImageObject","inLanguage":"fr-FR","@id":"https:\/\/stourm.news\/#\/schema\/person\/image\/","url":"https:\/\/secure.gravatar.com\/avatar\/7463443f194b6b5fb706b074ca0ef59a0cfcfd720cb47764b0ec5a952ce422b3?s=96&d=mm&r=g","contentUrl":"https:\/\/secure.gravatar.com\/avatar\/7463443f194b6b5fb706b074ca0ef59a0cfcfd720cb47764b0ec5a952ce422b3?s=96&d=mm&r=g","caption":"La r\u00e9daction"},"sameAs":["https:\/\/stourm.news"],"url":"https:\/\/stourm.news\/?author=1"}]}},"_links":{"self":[{"href":"https:\/\/stourm.news\/index.php?rest_route=\/wp\/v2\/posts\/2047","targetHints":{"allow":["GET"]}}],"collection":[{"href":"https:\/\/stourm.news\/index.php?rest_route=\/wp\/v2\/posts"}],"about":[{"href":"https:\/\/stourm.news\/index.php?rest_route=\/wp\/v2\/types\/post"}],"author":[{"embeddable":true,"href":"https:\/\/stourm.news\/index.php?rest_route=\/wp\/v2\/users\/1"}],"replies":[{"embeddable":true,"href":"https:\/\/stourm.news\/index.php?rest_route=%2Fwp%2Fv2%2Fcomments&post=2047"}],"version-history":[{"count":1,"href":"https:\/\/stourm.news\/index.php?rest_route=\/wp\/v2\/posts\/2047\/revisions"}],"predecessor-version":[{"id":2049,"href":"https:\/\/stourm.news\/index.php?rest_route=\/wp\/v2\/posts\/2047\/revisions\/2049"}],"wp:featuredmedia":[{"embeddable":true,"href":"https:\/\/stourm.news\/index.php?rest_route=\/wp\/v2\/media\/2048"}],"wp:attachment":[{"href":"https:\/\/stourm.news\/index.php?rest_route=%2Fwp%2Fv2%2Fmedia&parent=2047"}],"wp:term":[{"taxonomy":"category","embeddable":true,"href":"https:\/\/stourm.news\/index.php?rest_route=%2Fwp%2Fv2%2Fcategories&post=2047"},{"taxonomy":"post_tag","embeddable":true,"href":"https:\/\/stourm.news\/index.php?rest_route=%2Fwp%2Fv2%2Ftags&post=2047"}],"curies":[{"name":"wp","href":"https:\/\/api.w.org\/{rel}","templated":true}]}}