{"id":2069,"date":"2024-08-20T05:21:46","date_gmt":"2024-08-20T05:21:46","guid":{"rendered":"https:\/\/stourm.news\/?p=2069"},"modified":"2024-08-20T05:21:46","modified_gmt":"2024-08-20T05:21:46","slug":"alain-delon-le-gall-lascendance-bretonne-meconnue","status":"publish","type":"post","link":"https:\/\/stourm.news\/?p=2069","title":{"rendered":"Alain Delon &#8211; Le Gall : l&rsquo;ascendance bretonne m\u00e9connue"},"content":{"rendered":"<p style=\"text-align: justify;\">Alain Delon est mort dans le Loiret, le 18 ao\u00fbt 2024, \u00e0 l&rsquo;\u00e2ge de 88 ans. Son nom, Delon, est d&rsquo;origine germanique, de l&rsquo;est de la Francie, puisqu&rsquo;il s&rsquo;agit d&rsquo;une aph\u00e9r\u00e8se d&rsquo;Adelon dont la racine est \u00ab\u00a0Adal\u00a0\u00bb qui signifie \u00ab\u00a0noble\u00a0\u00bb en vieux germain.<\/p>\n<p style=\"text-align: justify;\">Alain Delon \u00e9tait d&rsquo;origine corse, fran\u00e7aise, germanique, mais \u00e9galement bretonne. Son arri\u00e8re-grand-m\u00e8re maternelle, <strong><a href=\"https:\/\/www.geneastar.org\/celebrite\/delon\/alain-delon\">Marie-Louise Le Gall<\/a><\/strong>, \u00e9tait originaire de Guilers, dans le Bro Leon.<\/p>\n<p><img fetchpriority=\"high\" decoding=\"async\" class=\"alignnone wp-image-2064 size-full\" src=\"https:\/\/stourm.news\/wp-content\/uploads\/2024\/08\/Capture-decran-2024-08-20-a-13.59.14.png\" alt=\"\" width=\"1626\" height=\"1272\" srcset=\"https:\/\/stourm.news\/wp-content\/uploads\/2024\/08\/Capture-decran-2024-08-20-a-13.59.14.png 1626w, https:\/\/stourm.news\/wp-content\/uploads\/2024\/08\/Capture-decran-2024-08-20-a-13.59.14-300x235.png 300w, https:\/\/stourm.news\/wp-content\/uploads\/2024\/08\/Capture-decran-2024-08-20-a-13.59.14-1024x801.png 1024w, https:\/\/stourm.news\/wp-content\/uploads\/2024\/08\/Capture-decran-2024-08-20-a-13.59.14-768x601.png 768w, https:\/\/stourm.news\/wp-content\/uploads\/2024\/08\/Capture-decran-2024-08-20-a-13.59.14-1536x1202.png 1536w\" sizes=\"(max-width: 1626px) 100vw, 1626px\" \/><\/p>\n<p style=\"text-align: justify;\">Outre son service militaire, pr\u00e8s de Rennes, ainsi que l&rsquo;achat d&rsquo;un fort, au large de Saint-Malo, Alain Delon a particip\u00e9 \u00e0 quatre films se d\u00e9roulant en Bretagne, dont un \u00e0 Brest et un autre dans le Bro Vigoudenn dans lequel il interpr\u00e8te un pr\u00eatre.<\/p>\n<p><img decoding=\"async\" class=\"alignnone size-medium\" src=\"https:\/\/64.media.tumblr.com\/249a5888b5ea725b17808f29ba24d9fd\/30248cbd22a3d01b-2b\/s1280x1920\/702bd5b006b4ac7c87fbd1106150ee044c80072d.jpg\" width=\"1271\" height=\"1920\" \/><\/p>\n<p>&nbsp;<\/p>\n<p style=\"text-align: right;\"><strong>Ewen Broc&rsquo;han<\/strong><\/p>\n","protected":false},"excerpt":{"rendered":"<p>Alain Delon est mort dans le Loiret, le 18 ao\u00fbt 2024, \u00e0 l&rsquo;\u00e2ge de 88 ans. Son nom, Delon, est d&rsquo;origine germanique, de l&rsquo;est de la Francie, puisqu&rsquo;il s&rsquo;agit d&rsquo;une aph\u00e9r\u00e8se d&rsquo;Adelon dont la racine est \u00ab\u00a0Adal\u00a0\u00bb qui signifie \u00ab\u00a0noble\u00a0\u00bb en vieux germain. Alain Delon \u00e9tait d&rsquo;origine corse, fran\u00e7aise, germanique, mais \u00e9galement bretonne. Son arri\u00e8re-grand-m\u00e8re [&hellip;]<\/p>\n","protected":false},"author":1,"featured_media":2065,"comment_status":"open","ping_status":"open","sticky":false,"template":"","format":"standard","meta":{"sb_editor_width":"","footnotes":""},"categories":[58,65],"tags":[],"class_list":["post-2069","post","type-post","status-publish","format-standard","has-post-thumbnail","hentry","category-breizh","category-principale"],"relative_dates":{"created":"2 ans ago","modified":"2 ans ago"},"yoast_head":"<!-- This site is optimized with the Yoast SEO plugin v26.3 - https:\/\/yoast.com\/wordpress\/plugins\/seo\/ -->\n<title>Alain Delon - Le Gall : l&#039;ascendance bretonne m\u00e9connue - STOURM<\/title>\n<meta name=\"robots\" content=\"index, follow, max-snippet:-1, max-image-preview:large, max-video-preview:-1\" \/>\n<link rel=\"canonical\" href=\"https:\/\/stourm.news\/?p=2069\" \/>\n<meta property=\"og:locale\" content=\"fr_FR\" \/>\n<meta property=\"og:type\" content=\"article\" \/>\n<meta property=\"og:title\" content=\"Alain Delon - Le Gall : l&#039;ascendance bretonne m\u00e9connue - STOURM\" \/>\n<meta property=\"og:description\" content=\"Alain Delon est mort dans le Loiret, le 18 ao\u00fbt 2024, \u00e0 l&rsquo;\u00e2ge de 88 ans. Son nom, Delon, est d&rsquo;origine germanique, de l&rsquo;est de la Francie, puisqu&rsquo;il s&rsquo;agit d&rsquo;une aph\u00e9r\u00e8se d&rsquo;Adelon dont la racine est \u00ab\u00a0Adal\u00a0\u00bb qui signifie \u00ab\u00a0noble\u00a0\u00bb en vieux germain. Alain Delon \u00e9tait d&rsquo;origine corse, fran\u00e7aise, germanique, mais \u00e9galement bretonne. Son arri\u00e8re-grand-m\u00e8re [&hellip;]\" \/>\n<meta property=\"og:url\" content=\"https:\/\/stourm.news\/?p=2069\" \/>\n<meta property=\"og:site_name\" content=\"STOURM\" \/>\n<meta property=\"article:publisher\" content=\"https:\/\/www.facebook.com\/stourmnews\/\" \/>\n<meta property=\"article:published_time\" content=\"2024-08-20T05:21:46+00:00\" \/>\n<meta property=\"og:image\" content=\"https:\/\/stourm.news\/wp-content\/uploads\/2024\/08\/Le-style-francais-selon-Alain-Delon.jpg\" \/>\n\t<meta property=\"og:image:width\" content=\"1284\" \/>\n\t<meta property=\"og:image:height\" content=\"832\" \/>\n\t<meta property=\"og:image:type\" content=\"image\/jpeg\" \/>\n<meta name=\"author\" content=\"La r\u00e9daction\" \/>\n<meta name=\"twitter:card\" content=\"summary_large_image\" \/>\n<meta name=\"twitter:label1\" content=\"\u00c9crit par\" \/>\n\t<meta name=\"twitter:data1\" content=\"La r\u00e9daction\" \/>\n<script type=\"application\/ld+json\" class=\"yoast-schema-graph\">{\"@context\":\"https:\/\/schema.org\",\"@graph\":[{\"@type\":\"Article\",\"@id\":\"https:\/\/stourm.news\/?p=2069#article\",\"isPartOf\":{\"@id\":\"https:\/\/stourm.news\/?p=2069\"},\"author\":{\"name\":\"La r\u00e9daction\",\"@id\":\"https:\/\/stourm.news\/#\/schema\/person\/c3e1dc65988632e190969234ef046cf9\"},\"headline\":\"Alain Delon &#8211; Le Gall : l&rsquo;ascendance bretonne m\u00e9connue\",\"datePublished\":\"2024-08-20T05:21:46+00:00\",\"mainEntityOfPage\":{\"@id\":\"https:\/\/stourm.news\/?p=2069\"},\"wordCount\":139,\"commentCount\":0,\"publisher\":{\"@id\":\"https:\/\/stourm.news\/#organization\"},\"image\":{\"@id\":\"https:\/\/stourm.news\/?p=2069#primaryimage\"},\"thumbnailUrl\":\"https:\/\/stourm.news\/wp-content\/uploads\/2024\/08\/Le-style-francais-selon-Alain-Delon.jpg\",\"articleSection\":[\"Breizh\",\"Principale\"],\"inLanguage\":\"fr-FR\",\"potentialAction\":[{\"@type\":\"CommentAction\",\"name\":\"Comment\",\"target\":[\"https:\/\/stourm.news\/?p=2069#respond\"]}]},{\"@type\":\"WebPage\",\"@id\":\"https:\/\/stourm.news\/?p=2069\",\"url\":\"https:\/\/stourm.news\/?p=2069\",\"name\":\"Alain Delon - Le Gall : l'ascendance bretonne m\u00e9connue - STOURM\",\"isPartOf\":{\"@id\":\"https:\/\/stourm.news\/#website\"},\"primaryImageOfPage\":{\"@id\":\"https:\/\/stourm.news\/?p=2069#primaryimage\"},\"image\":{\"@id\":\"https:\/\/stourm.news\/?p=2069#primaryimage\"},\"thumbnailUrl\":\"https:\/\/stourm.news\/wp-content\/uploads\/2024\/08\/Le-style-francais-selon-Alain-Delon.jpg\",\"datePublished\":\"2024-08-20T05:21:46+00:00\",\"breadcrumb\":{\"@id\":\"https:\/\/stourm.news\/?p=2069#breadcrumb\"},\"inLanguage\":\"fr-FR\",\"potentialAction\":[{\"@type\":\"ReadAction\",\"target\":[\"https:\/\/stourm.news\/?p=2069\"]}]},{\"@type\":\"ImageObject\",\"inLanguage\":\"fr-FR\",\"@id\":\"https:\/\/stourm.news\/?p=2069#primaryimage\",\"url\":\"https:\/\/stourm.news\/wp-content\/uploads\/2024\/08\/Le-style-francais-selon-Alain-Delon.jpg\",\"contentUrl\":\"https:\/\/stourm.news\/wp-content\/uploads\/2024\/08\/Le-style-francais-selon-Alain-Delon.jpg\",\"width\":1284,\"height\":832},{\"@type\":\"BreadcrumbList\",\"@id\":\"https:\/\/stourm.news\/?p=2069#breadcrumb\",\"itemListElement\":[{\"@type\":\"ListItem\",\"position\":1,\"name\":\"Accueil\",\"item\":\"https:\/\/stourm.news\/\"},{\"@type\":\"ListItem\",\"position\":2,\"name\":\"Alain Delon &#8211; Le Gall : l&rsquo;ascendance bretonne m\u00e9connue\"}]},{\"@type\":\"WebSite\",\"@id\":\"https:\/\/stourm.news\/#website\",\"url\":\"https:\/\/stourm.news\/\",\"name\":\"Stourm\",\"description\":\"Kazetenn Strollad Broadel Breizh\",\"publisher\":{\"@id\":\"https:\/\/stourm.news\/#organization\"},\"potentialAction\":[{\"@type\":\"SearchAction\",\"target\":{\"@type\":\"EntryPoint\",\"urlTemplate\":\"https:\/\/stourm.news\/?s={search_term_string}\"},\"query-input\":{\"@type\":\"PropertyValueSpecification\",\"valueRequired\":true,\"valueName\":\"search_term_string\"}}],\"inLanguage\":\"fr-FR\"},{\"@type\":\"Organization\",\"@id\":\"https:\/\/stourm.news\/#organization\",\"name\":\"Stourm\",\"url\":\"https:\/\/stourm.news\/\",\"logo\":{\"@type\":\"ImageObject\",\"inLanguage\":\"fr-FR\",\"@id\":\"https:\/\/stourm.news\/#\/schema\/logo\/image\/\",\"url\":\"https:\/\/stourm.news\/wp-content\/uploads\/2025\/11\/cropped-Capture-decran-2025-11-28-a-15.19.07.png\",\"contentUrl\":\"https:\/\/stourm.news\/wp-content\/uploads\/2025\/11\/cropped-Capture-decran-2025-11-28-a-15.19.07.png\",\"width\":1855,\"height\":383,\"caption\":\"Stourm\"},\"image\":{\"@id\":\"https:\/\/stourm.news\/#\/schema\/logo\/image\/\"},\"sameAs\":[\"https:\/\/www.facebook.com\/stourmnews\/\"]},{\"@type\":\"Person\",\"@id\":\"https:\/\/stourm.news\/#\/schema\/person\/c3e1dc65988632e190969234ef046cf9\",\"name\":\"La r\u00e9daction\",\"image\":{\"@type\":\"ImageObject\",\"inLanguage\":\"fr-FR\",\"@id\":\"https:\/\/stourm.news\/#\/schema\/person\/image\/\",\"url\":\"https:\/\/secure.gravatar.com\/avatar\/7463443f194b6b5fb706b074ca0ef59a0cfcfd720cb47764b0ec5a952ce422b3?s=96&d=mm&r=g\",\"contentUrl\":\"https:\/\/secure.gravatar.com\/avatar\/7463443f194b6b5fb706b074ca0ef59a0cfcfd720cb47764b0ec5a952ce422b3?s=96&d=mm&r=g\",\"caption\":\"La r\u00e9daction\"},\"sameAs\":[\"https:\/\/stourm.news\"],\"url\":\"https:\/\/stourm.news\/?author=1\"}]}<\/script>\n<!-- \/ Yoast SEO plugin. -->","yoast_head_json":{"title":"Alain Delon - Le Gall : l'ascendance bretonne m\u00e9connue - STOURM","robots":{"index":"index","follow":"follow","max-snippet":"max-snippet:-1","max-image-preview":"max-image-preview:large","max-video-preview":"max-video-preview:-1"},"canonical":"https:\/\/stourm.news\/?p=2069","og_locale":"fr_FR","og_type":"article","og_title":"Alain Delon - Le Gall : l'ascendance bretonne m\u00e9connue - STOURM","og_description":"Alain Delon est mort dans le Loiret, le 18 ao\u00fbt 2024, \u00e0 l&rsquo;\u00e2ge de 88 ans. Son nom, Delon, est d&rsquo;origine germanique, de l&rsquo;est de la Francie, puisqu&rsquo;il s&rsquo;agit d&rsquo;une aph\u00e9r\u00e8se d&rsquo;Adelon dont la racine est \u00ab\u00a0Adal\u00a0\u00bb qui signifie \u00ab\u00a0noble\u00a0\u00bb en vieux germain. Alain Delon \u00e9tait d&rsquo;origine corse, fran\u00e7aise, germanique, mais \u00e9galement bretonne. Son arri\u00e8re-grand-m\u00e8re [&hellip;]","og_url":"https:\/\/stourm.news\/?p=2069","og_site_name":"STOURM","article_publisher":"https:\/\/www.facebook.com\/stourmnews\/","article_published_time":"2024-08-20T05:21:46+00:00","og_image":[{"width":1284,"height":832,"url":"https:\/\/stourm.news\/wp-content\/uploads\/2024\/08\/Le-style-francais-selon-Alain-Delon.jpg","type":"image\/jpeg"}],"author":"La r\u00e9daction","twitter_card":"summary_large_image","twitter_misc":{"\u00c9crit par":"La r\u00e9daction"},"schema":{"@context":"https:\/\/schema.org","@graph":[{"@type":"Article","@id":"https:\/\/stourm.news\/?p=2069#article","isPartOf":{"@id":"https:\/\/stourm.news\/?p=2069"},"author":{"name":"La r\u00e9daction","@id":"https:\/\/stourm.news\/#\/schema\/person\/c3e1dc65988632e190969234ef046cf9"},"headline":"Alain Delon &#8211; Le Gall : l&rsquo;ascendance bretonne m\u00e9connue","datePublished":"2024-08-20T05:21:46+00:00","mainEntityOfPage":{"@id":"https:\/\/stourm.news\/?p=2069"},"wordCount":139,"commentCount":0,"publisher":{"@id":"https:\/\/stourm.news\/#organization"},"image":{"@id":"https:\/\/stourm.news\/?p=2069#primaryimage"},"thumbnailUrl":"https:\/\/stourm.news\/wp-content\/uploads\/2024\/08\/Le-style-francais-selon-Alain-Delon.jpg","articleSection":["Breizh","Principale"],"inLanguage":"fr-FR","potentialAction":[{"@type":"CommentAction","name":"Comment","target":["https:\/\/stourm.news\/?p=2069#respond"]}]},{"@type":"WebPage","@id":"https:\/\/stourm.news\/?p=2069","url":"https:\/\/stourm.news\/?p=2069","name":"Alain Delon - Le Gall : l'ascendance bretonne m\u00e9connue - STOURM","isPartOf":{"@id":"https:\/\/stourm.news\/#website"},"primaryImageOfPage":{"@id":"https:\/\/stourm.news\/?p=2069#primaryimage"},"image":{"@id":"https:\/\/stourm.news\/?p=2069#primaryimage"},"thumbnailUrl":"https:\/\/stourm.news\/wp-content\/uploads\/2024\/08\/Le-style-francais-selon-Alain-Delon.jpg","datePublished":"2024-08-20T05:21:46+00:00","breadcrumb":{"@id":"https:\/\/stourm.news\/?p=2069#breadcrumb"},"inLanguage":"fr-FR","potentialAction":[{"@type":"ReadAction","target":["https:\/\/stourm.news\/?p=2069"]}]},{"@type":"ImageObject","inLanguage":"fr-FR","@id":"https:\/\/stourm.news\/?p=2069#primaryimage","url":"https:\/\/stourm.news\/wp-content\/uploads\/2024\/08\/Le-style-francais-selon-Alain-Delon.jpg","contentUrl":"https:\/\/stourm.news\/wp-content\/uploads\/2024\/08\/Le-style-francais-selon-Alain-Delon.jpg","width":1284,"height":832},{"@type":"BreadcrumbList","@id":"https:\/\/stourm.news\/?p=2069#breadcrumb","itemListElement":[{"@type":"ListItem","position":1,"name":"Accueil","item":"https:\/\/stourm.news\/"},{"@type":"ListItem","position":2,"name":"Alain Delon &#8211; Le Gall : l&rsquo;ascendance bretonne m\u00e9connue"}]},{"@type":"WebSite","@id":"https:\/\/stourm.news\/#website","url":"https:\/\/stourm.news\/","name":"Stourm","description":"Kazetenn Strollad Broadel Breizh","publisher":{"@id":"https:\/\/stourm.news\/#organization"},"potentialAction":[{"@type":"SearchAction","target":{"@type":"EntryPoint","urlTemplate":"https:\/\/stourm.news\/?s={search_term_string}"},"query-input":{"@type":"PropertyValueSpecification","valueRequired":true,"valueName":"search_term_string"}}],"inLanguage":"fr-FR"},{"@type":"Organization","@id":"https:\/\/stourm.news\/#organization","name":"Stourm","url":"https:\/\/stourm.news\/","logo":{"@type":"ImageObject","inLanguage":"fr-FR","@id":"https:\/\/stourm.news\/#\/schema\/logo\/image\/","url":"https:\/\/stourm.news\/wp-content\/uploads\/2025\/11\/cropped-Capture-decran-2025-11-28-a-15.19.07.png","contentUrl":"https:\/\/stourm.news\/wp-content\/uploads\/2025\/11\/cropped-Capture-decran-2025-11-28-a-15.19.07.png","width":1855,"height":383,"caption":"Stourm"},"image":{"@id":"https:\/\/stourm.news\/#\/schema\/logo\/image\/"},"sameAs":["https:\/\/www.facebook.com\/stourmnews\/"]},{"@type":"Person","@id":"https:\/\/stourm.news\/#\/schema\/person\/c3e1dc65988632e190969234ef046cf9","name":"La r\u00e9daction","image":{"@type":"ImageObject","inLanguage":"fr-FR","@id":"https:\/\/stourm.news\/#\/schema\/person\/image\/","url":"https:\/\/secure.gravatar.com\/avatar\/7463443f194b6b5fb706b074ca0ef59a0cfcfd720cb47764b0ec5a952ce422b3?s=96&d=mm&r=g","contentUrl":"https:\/\/secure.gravatar.com\/avatar\/7463443f194b6b5fb706b074ca0ef59a0cfcfd720cb47764b0ec5a952ce422b3?s=96&d=mm&r=g","caption":"La r\u00e9daction"},"sameAs":["https:\/\/stourm.news"],"url":"https:\/\/stourm.news\/?author=1"}]}},"_links":{"self":[{"href":"https:\/\/stourm.news\/index.php?rest_route=\/wp\/v2\/posts\/2069","targetHints":{"allow":["GET"]}}],"collection":[{"href":"https:\/\/stourm.news\/index.php?rest_route=\/wp\/v2\/posts"}],"about":[{"href":"https:\/\/stourm.news\/index.php?rest_route=\/wp\/v2\/types\/post"}],"author":[{"embeddable":true,"href":"https:\/\/stourm.news\/index.php?rest_route=\/wp\/v2\/users\/1"}],"replies":[{"embeddable":true,"href":"https:\/\/stourm.news\/index.php?rest_route=%2Fwp%2Fv2%2Fcomments&post=2069"}],"version-history":[{"count":1,"href":"https:\/\/stourm.news\/index.php?rest_route=\/wp\/v2\/posts\/2069\/revisions"}],"predecessor-version":[{"id":2070,"href":"https:\/\/stourm.news\/index.php?rest_route=\/wp\/v2\/posts\/2069\/revisions\/2070"}],"wp:featuredmedia":[{"embeddable":true,"href":"https:\/\/stourm.news\/index.php?rest_route=\/wp\/v2\/media\/2065"}],"wp:attachment":[{"href":"https:\/\/stourm.news\/index.php?rest_route=%2Fwp%2Fv2%2Fmedia&parent=2069"}],"wp:term":[{"taxonomy":"category","embeddable":true,"href":"https:\/\/stourm.news\/index.php?rest_route=%2Fwp%2Fv2%2Fcategories&post=2069"},{"taxonomy":"post_tag","embeddable":true,"href":"https:\/\/stourm.news\/index.php?rest_route=%2Fwp%2Fv2%2Ftags&post=2069"}],"curies":[{"name":"wp","href":"https:\/\/api.w.org\/{rel}","templated":true}]}}