{"id":2071,"date":"2024-08-20T05:26:10","date_gmt":"2024-08-20T05:26:10","guid":{"rendered":"https:\/\/stourm.news\/?p=2071"},"modified":"2024-08-20T05:26:10","modified_gmt":"2024-08-20T05:26:10","slug":"n-im-bresantin-ha-presantin-ar-vro-koloreg","status":"publish","type":"post","link":"https:\/\/stourm.news\/?p=2071","title":{"rendered":"&lsquo;N-im bresanti\u00f1 ha presanti\u00f1 ar vro (Koloreg)"},"content":{"rendered":"<p style=\"text-align: justify;\">Voici un enregistrement r\u00e9alis\u00e9 par Humphrey Lloyd Humphreys en 1971 pour le NALBB aupr\u00e8s de Pierre Coquil de Koloreg. Il commence tranquillement l&rsquo;enqu\u00eate en le faisant parler, se pr\u00e9senter et parler un peu de sa vision du breton.<\/p>\n<p>Suivre Brezhoneg Bew sur <strong><a href=\"https:\/\/www.youtube.com\/@BrezhonegBew\">YouTube<\/a><\/strong> et sur <a href=\"https:\/\/x.com\/Diko_kr_Breizh\"><strong>Twitter<\/strong><\/a>.<\/p>\n<p><iframe title=\"YouTube video player\" src=\"https:\/\/www.youtube.com\/embed\/7bZzdy4Al6s?si=9uJVbBLBqx84SwmF\" width=\"560\" height=\"315\" frameborder=\"0\" allowfullscreen=\"allowfullscreen\"><\/iframe><\/p>\n","protected":false},"excerpt":{"rendered":"<p>Voici un enregistrement r\u00e9alis\u00e9 par Humphrey Lloyd Humphreys en 1971 pour le NALBB aupr\u00e8s de Pierre Coquil de Koloreg. Il commence tranquillement l&rsquo;enqu\u00eate en le faisant parler, se pr\u00e9senter et parler un peu de sa vision du breton. Suivre Brezhoneg Bew sur YouTube et sur Twitter.<\/p>\n","protected":false},"author":1,"featured_media":2061,"comment_status":"open","ping_status":"open","sticky":false,"template":"","format":"standard","meta":{"sb_editor_width":"","footnotes":""},"categories":[58,59,65],"tags":[],"class_list":["post-2071","post","type-post","status-publish","format-standard","has-post-thumbnail","hentry","category-breizh","category-e-brezhoneg","category-principale"],"relative_dates":{"created":"2 ans ago","modified":"2 ans ago"},"yoast_head":"<!-- This site is optimized with the Yoast SEO plugin v26.3 - https:\/\/yoast.com\/wordpress\/plugins\/seo\/ -->\n<title>&#039;N-im bresanti\u00f1 ha presanti\u00f1 ar vro (Koloreg) - STOURM<\/title>\n<meta name=\"robots\" content=\"index, follow, max-snippet:-1, max-image-preview:large, max-video-preview:-1\" \/>\n<link rel=\"canonical\" href=\"https:\/\/stourm.news\/?p=2071\" \/>\n<meta property=\"og:locale\" content=\"fr_FR\" \/>\n<meta property=\"og:type\" content=\"article\" \/>\n<meta property=\"og:title\" content=\"&#039;N-im bresanti\u00f1 ha presanti\u00f1 ar vro (Koloreg) - STOURM\" \/>\n<meta property=\"og:description\" content=\"Voici un enregistrement r\u00e9alis\u00e9 par Humphrey Lloyd Humphreys en 1971 pour le NALBB aupr\u00e8s de Pierre Coquil de Koloreg. Il commence tranquillement l&rsquo;enqu\u00eate en le faisant parler, se pr\u00e9senter et parler un peu de sa vision du breton. Suivre Brezhoneg Bew sur YouTube et sur Twitter.\" \/>\n<meta property=\"og:url\" content=\"https:\/\/stourm.news\/?p=2071\" \/>\n<meta property=\"og:site_name\" content=\"STOURM\" \/>\n<meta property=\"article:publisher\" content=\"https:\/\/www.facebook.com\/stourmnews\/\" \/>\n<meta property=\"article:published_time\" content=\"2024-08-20T05:26:10+00:00\" \/>\n<meta property=\"og:image\" content=\"https:\/\/stourm.news\/wp-content\/uploads\/2024\/08\/Designer-2024-08-20T133757.771.jpg\" \/>\n\t<meta property=\"og:image:width\" content=\"1792\" \/>\n\t<meta property=\"og:image:height\" content=\"1024\" \/>\n\t<meta property=\"og:image:type\" content=\"image\/jpeg\" \/>\n<meta name=\"author\" content=\"La r\u00e9daction\" \/>\n<meta name=\"twitter:card\" content=\"summary_large_image\" \/>\n<meta name=\"twitter:label1\" content=\"\u00c9crit par\" \/>\n\t<meta name=\"twitter:data1\" content=\"La r\u00e9daction\" \/>\n\t<meta name=\"twitter:label2\" content=\"Dur\u00e9e de lecture estim\u00e9e\" \/>\n\t<meta name=\"twitter:data2\" content=\"1 minute\" \/>\n<script type=\"application\/ld+json\" class=\"yoast-schema-graph\">{\"@context\":\"https:\/\/schema.org\",\"@graph\":[{\"@type\":\"Article\",\"@id\":\"https:\/\/stourm.news\/?p=2071#article\",\"isPartOf\":{\"@id\":\"https:\/\/stourm.news\/?p=2071\"},\"author\":{\"name\":\"La r\u00e9daction\",\"@id\":\"https:\/\/stourm.news\/#\/schema\/person\/c3e1dc65988632e190969234ef046cf9\"},\"headline\":\"&lsquo;N-im bresanti\u00f1 ha presanti\u00f1 ar vro (Koloreg)\",\"datePublished\":\"2024-08-20T05:26:10+00:00\",\"mainEntityOfPage\":{\"@id\":\"https:\/\/stourm.news\/?p=2071\"},\"wordCount\":57,\"commentCount\":0,\"publisher\":{\"@id\":\"https:\/\/stourm.news\/#organization\"},\"image\":{\"@id\":\"https:\/\/stourm.news\/?p=2071#primaryimage\"},\"thumbnailUrl\":\"https:\/\/stourm.news\/wp-content\/uploads\/2024\/08\/Designer-2024-08-20T133757.771.jpg\",\"articleSection\":[\"Breizh\",\"E brezhoneg\",\"Principale\"],\"inLanguage\":\"fr-FR\",\"potentialAction\":[{\"@type\":\"CommentAction\",\"name\":\"Comment\",\"target\":[\"https:\/\/stourm.news\/?p=2071#respond\"]}]},{\"@type\":\"WebPage\",\"@id\":\"https:\/\/stourm.news\/?p=2071\",\"url\":\"https:\/\/stourm.news\/?p=2071\",\"name\":\"'N-im bresanti\u00f1 ha presanti\u00f1 ar vro (Koloreg) - STOURM\",\"isPartOf\":{\"@id\":\"https:\/\/stourm.news\/#website\"},\"primaryImageOfPage\":{\"@id\":\"https:\/\/stourm.news\/?p=2071#primaryimage\"},\"image\":{\"@id\":\"https:\/\/stourm.news\/?p=2071#primaryimage\"},\"thumbnailUrl\":\"https:\/\/stourm.news\/wp-content\/uploads\/2024\/08\/Designer-2024-08-20T133757.771.jpg\",\"datePublished\":\"2024-08-20T05:26:10+00:00\",\"breadcrumb\":{\"@id\":\"https:\/\/stourm.news\/?p=2071#breadcrumb\"},\"inLanguage\":\"fr-FR\",\"potentialAction\":[{\"@type\":\"ReadAction\",\"target\":[\"https:\/\/stourm.news\/?p=2071\"]}]},{\"@type\":\"ImageObject\",\"inLanguage\":\"fr-FR\",\"@id\":\"https:\/\/stourm.news\/?p=2071#primaryimage\",\"url\":\"https:\/\/stourm.news\/wp-content\/uploads\/2024\/08\/Designer-2024-08-20T133757.771.jpg\",\"contentUrl\":\"https:\/\/stourm.news\/wp-content\/uploads\/2024\/08\/Designer-2024-08-20T133757.771.jpg\",\"width\":1792,\"height\":1024},{\"@type\":\"BreadcrumbList\",\"@id\":\"https:\/\/stourm.news\/?p=2071#breadcrumb\",\"itemListElement\":[{\"@type\":\"ListItem\",\"position\":1,\"name\":\"Accueil\",\"item\":\"https:\/\/stourm.news\/\"},{\"@type\":\"ListItem\",\"position\":2,\"name\":\"&lsquo;N-im bresanti\u00f1 ha presanti\u00f1 ar vro (Koloreg)\"}]},{\"@type\":\"WebSite\",\"@id\":\"https:\/\/stourm.news\/#website\",\"url\":\"https:\/\/stourm.news\/\",\"name\":\"Stourm\",\"description\":\"Kazetenn Strollad Broadel Breizh\",\"publisher\":{\"@id\":\"https:\/\/stourm.news\/#organization\"},\"potentialAction\":[{\"@type\":\"SearchAction\",\"target\":{\"@type\":\"EntryPoint\",\"urlTemplate\":\"https:\/\/stourm.news\/?s={search_term_string}\"},\"query-input\":{\"@type\":\"PropertyValueSpecification\",\"valueRequired\":true,\"valueName\":\"search_term_string\"}}],\"inLanguage\":\"fr-FR\"},{\"@type\":\"Organization\",\"@id\":\"https:\/\/stourm.news\/#organization\",\"name\":\"Stourm\",\"url\":\"https:\/\/stourm.news\/\",\"logo\":{\"@type\":\"ImageObject\",\"inLanguage\":\"fr-FR\",\"@id\":\"https:\/\/stourm.news\/#\/schema\/logo\/image\/\",\"url\":\"https:\/\/stourm.news\/wp-content\/uploads\/2025\/11\/cropped-Capture-decran-2025-11-28-a-15.19.07.png\",\"contentUrl\":\"https:\/\/stourm.news\/wp-content\/uploads\/2025\/11\/cropped-Capture-decran-2025-11-28-a-15.19.07.png\",\"width\":1855,\"height\":383,\"caption\":\"Stourm\"},\"image\":{\"@id\":\"https:\/\/stourm.news\/#\/schema\/logo\/image\/\"},\"sameAs\":[\"https:\/\/www.facebook.com\/stourmnews\/\"]},{\"@type\":\"Person\",\"@id\":\"https:\/\/stourm.news\/#\/schema\/person\/c3e1dc65988632e190969234ef046cf9\",\"name\":\"La r\u00e9daction\",\"image\":{\"@type\":\"ImageObject\",\"inLanguage\":\"fr-FR\",\"@id\":\"https:\/\/stourm.news\/#\/schema\/person\/image\/\",\"url\":\"https:\/\/secure.gravatar.com\/avatar\/7463443f194b6b5fb706b074ca0ef59a0cfcfd720cb47764b0ec5a952ce422b3?s=96&d=mm&r=g\",\"contentUrl\":\"https:\/\/secure.gravatar.com\/avatar\/7463443f194b6b5fb706b074ca0ef59a0cfcfd720cb47764b0ec5a952ce422b3?s=96&d=mm&r=g\",\"caption\":\"La r\u00e9daction\"},\"sameAs\":[\"https:\/\/stourm.news\"],\"url\":\"https:\/\/stourm.news\/?author=1\"}]}<\/script>\n<!-- \/ Yoast SEO plugin. -->","yoast_head_json":{"title":"'N-im bresanti\u00f1 ha presanti\u00f1 ar vro (Koloreg) - STOURM","robots":{"index":"index","follow":"follow","max-snippet":"max-snippet:-1","max-image-preview":"max-image-preview:large","max-video-preview":"max-video-preview:-1"},"canonical":"https:\/\/stourm.news\/?p=2071","og_locale":"fr_FR","og_type":"article","og_title":"'N-im bresanti\u00f1 ha presanti\u00f1 ar vro (Koloreg) - STOURM","og_description":"Voici un enregistrement r\u00e9alis\u00e9 par Humphrey Lloyd Humphreys en 1971 pour le NALBB aupr\u00e8s de Pierre Coquil de Koloreg. Il commence tranquillement l&rsquo;enqu\u00eate en le faisant parler, se pr\u00e9senter et parler un peu de sa vision du breton. Suivre Brezhoneg Bew sur YouTube et sur Twitter.","og_url":"https:\/\/stourm.news\/?p=2071","og_site_name":"STOURM","article_publisher":"https:\/\/www.facebook.com\/stourmnews\/","article_published_time":"2024-08-20T05:26:10+00:00","og_image":[{"width":1792,"height":1024,"url":"https:\/\/stourm.news\/wp-content\/uploads\/2024\/08\/Designer-2024-08-20T133757.771.jpg","type":"image\/jpeg"}],"author":"La r\u00e9daction","twitter_card":"summary_large_image","twitter_misc":{"\u00c9crit par":"La r\u00e9daction","Dur\u00e9e de lecture estim\u00e9e":"1 minute"},"schema":{"@context":"https:\/\/schema.org","@graph":[{"@type":"Article","@id":"https:\/\/stourm.news\/?p=2071#article","isPartOf":{"@id":"https:\/\/stourm.news\/?p=2071"},"author":{"name":"La r\u00e9daction","@id":"https:\/\/stourm.news\/#\/schema\/person\/c3e1dc65988632e190969234ef046cf9"},"headline":"&lsquo;N-im bresanti\u00f1 ha presanti\u00f1 ar vro (Koloreg)","datePublished":"2024-08-20T05:26:10+00:00","mainEntityOfPage":{"@id":"https:\/\/stourm.news\/?p=2071"},"wordCount":57,"commentCount":0,"publisher":{"@id":"https:\/\/stourm.news\/#organization"},"image":{"@id":"https:\/\/stourm.news\/?p=2071#primaryimage"},"thumbnailUrl":"https:\/\/stourm.news\/wp-content\/uploads\/2024\/08\/Designer-2024-08-20T133757.771.jpg","articleSection":["Breizh","E brezhoneg","Principale"],"inLanguage":"fr-FR","potentialAction":[{"@type":"CommentAction","name":"Comment","target":["https:\/\/stourm.news\/?p=2071#respond"]}]},{"@type":"WebPage","@id":"https:\/\/stourm.news\/?p=2071","url":"https:\/\/stourm.news\/?p=2071","name":"'N-im bresanti\u00f1 ha presanti\u00f1 ar vro (Koloreg) - STOURM","isPartOf":{"@id":"https:\/\/stourm.news\/#website"},"primaryImageOfPage":{"@id":"https:\/\/stourm.news\/?p=2071#primaryimage"},"image":{"@id":"https:\/\/stourm.news\/?p=2071#primaryimage"},"thumbnailUrl":"https:\/\/stourm.news\/wp-content\/uploads\/2024\/08\/Designer-2024-08-20T133757.771.jpg","datePublished":"2024-08-20T05:26:10+00:00","breadcrumb":{"@id":"https:\/\/stourm.news\/?p=2071#breadcrumb"},"inLanguage":"fr-FR","potentialAction":[{"@type":"ReadAction","target":["https:\/\/stourm.news\/?p=2071"]}]},{"@type":"ImageObject","inLanguage":"fr-FR","@id":"https:\/\/stourm.news\/?p=2071#primaryimage","url":"https:\/\/stourm.news\/wp-content\/uploads\/2024\/08\/Designer-2024-08-20T133757.771.jpg","contentUrl":"https:\/\/stourm.news\/wp-content\/uploads\/2024\/08\/Designer-2024-08-20T133757.771.jpg","width":1792,"height":1024},{"@type":"BreadcrumbList","@id":"https:\/\/stourm.news\/?p=2071#breadcrumb","itemListElement":[{"@type":"ListItem","position":1,"name":"Accueil","item":"https:\/\/stourm.news\/"},{"@type":"ListItem","position":2,"name":"&lsquo;N-im bresanti\u00f1 ha presanti\u00f1 ar vro (Koloreg)"}]},{"@type":"WebSite","@id":"https:\/\/stourm.news\/#website","url":"https:\/\/stourm.news\/","name":"Stourm","description":"Kazetenn Strollad Broadel Breizh","publisher":{"@id":"https:\/\/stourm.news\/#organization"},"potentialAction":[{"@type":"SearchAction","target":{"@type":"EntryPoint","urlTemplate":"https:\/\/stourm.news\/?s={search_term_string}"},"query-input":{"@type":"PropertyValueSpecification","valueRequired":true,"valueName":"search_term_string"}}],"inLanguage":"fr-FR"},{"@type":"Organization","@id":"https:\/\/stourm.news\/#organization","name":"Stourm","url":"https:\/\/stourm.news\/","logo":{"@type":"ImageObject","inLanguage":"fr-FR","@id":"https:\/\/stourm.news\/#\/schema\/logo\/image\/","url":"https:\/\/stourm.news\/wp-content\/uploads\/2025\/11\/cropped-Capture-decran-2025-11-28-a-15.19.07.png","contentUrl":"https:\/\/stourm.news\/wp-content\/uploads\/2025\/11\/cropped-Capture-decran-2025-11-28-a-15.19.07.png","width":1855,"height":383,"caption":"Stourm"},"image":{"@id":"https:\/\/stourm.news\/#\/schema\/logo\/image\/"},"sameAs":["https:\/\/www.facebook.com\/stourmnews\/"]},{"@type":"Person","@id":"https:\/\/stourm.news\/#\/schema\/person\/c3e1dc65988632e190969234ef046cf9","name":"La r\u00e9daction","image":{"@type":"ImageObject","inLanguage":"fr-FR","@id":"https:\/\/stourm.news\/#\/schema\/person\/image\/","url":"https:\/\/secure.gravatar.com\/avatar\/7463443f194b6b5fb706b074ca0ef59a0cfcfd720cb47764b0ec5a952ce422b3?s=96&d=mm&r=g","contentUrl":"https:\/\/secure.gravatar.com\/avatar\/7463443f194b6b5fb706b074ca0ef59a0cfcfd720cb47764b0ec5a952ce422b3?s=96&d=mm&r=g","caption":"La r\u00e9daction"},"sameAs":["https:\/\/stourm.news"],"url":"https:\/\/stourm.news\/?author=1"}]}},"_links":{"self":[{"href":"https:\/\/stourm.news\/index.php?rest_route=\/wp\/v2\/posts\/2071","targetHints":{"allow":["GET"]}}],"collection":[{"href":"https:\/\/stourm.news\/index.php?rest_route=\/wp\/v2\/posts"}],"about":[{"href":"https:\/\/stourm.news\/index.php?rest_route=\/wp\/v2\/types\/post"}],"author":[{"embeddable":true,"href":"https:\/\/stourm.news\/index.php?rest_route=\/wp\/v2\/users\/1"}],"replies":[{"embeddable":true,"href":"https:\/\/stourm.news\/index.php?rest_route=%2Fwp%2Fv2%2Fcomments&post=2071"}],"version-history":[{"count":1,"href":"https:\/\/stourm.news\/index.php?rest_route=\/wp\/v2\/posts\/2071\/revisions"}],"predecessor-version":[{"id":2072,"href":"https:\/\/stourm.news\/index.php?rest_route=\/wp\/v2\/posts\/2071\/revisions\/2072"}],"wp:featuredmedia":[{"embeddable":true,"href":"https:\/\/stourm.news\/index.php?rest_route=\/wp\/v2\/media\/2061"}],"wp:attachment":[{"href":"https:\/\/stourm.news\/index.php?rest_route=%2Fwp%2Fv2%2Fmedia&parent=2071"}],"wp:term":[{"taxonomy":"category","embeddable":true,"href":"https:\/\/stourm.news\/index.php?rest_route=%2Fwp%2Fv2%2Fcategories&post=2071"},{"taxonomy":"post_tag","embeddable":true,"href":"https:\/\/stourm.news\/index.php?rest_route=%2Fwp%2Fv2%2Ftags&post=2071"}],"curies":[{"name":"wp","href":"https:\/\/api.w.org\/{rel}","templated":true}]}}