{"id":2073,"date":"2024-08-20T10:56:33","date_gmt":"2024-08-20T10:56:33","guid":{"rendered":"https:\/\/stourm.news\/?p=2073"},"modified":"2024-08-20T10:56:33","modified_gmt":"2024-08-20T10:56:33","slug":"pays-de-galles-les-bibliothecaires-devront-adopter-le-plan-de-lutte-contre-lidentite-blanche-de-la-gauche-gouvernementale","status":"publish","type":"post","link":"https:\/\/stourm.news\/?p=2073","title":{"rendered":"Pays de Galles : les biblioth\u00e9caires devront adopter le plan de lutte contre \u00ab\u00a0l&rsquo;identit\u00e9 blanche\u00a0\u00bb de la gauche gouvernementale"},"content":{"rendered":"<p style=\"text-align: justify;\">Le gouvernement gallois a d\u00e9bloqu\u00e9 des fonds pour <strong>\u00ab\u00a0\u00e9radiquer\u00a0\u00bb le racisme syst\u00e9mique<\/strong> dans les biblioth\u00e8ques en formant le personnel aux <strong>\u00ab\u00a0principes antiracistes\u00a0\u00bb<\/strong>.<\/p>\n<p style=\"text-align: justify;\">Selon un rapport pr\u00e9liminaire, des biblioth\u00e8ques <strong>antiracistes et \u00ab\u00a0inclusives\u00a0\u00bb<\/strong> peuvent \u00eatre cr\u00e9\u00e9es en remettant en question le <strong>\u00ab\u00a0paradigme dominant de la blancheur\u00a0\u00bb<\/strong>.<\/p>\n<p style=\"text-align: justify;\">Il fait partie d&rsquo;un projet soutenu par un financement gouvernemental de 130 000 livres sterling, qui abordera les <strong>\u00ab\u00a0attitudes coloniales\u00a0\u00bb<\/strong> et cherchera \u00e0 cr\u00e9er de <strong>\u00ab\u00a0nouveaux r\u00e9cits historiques\u00a0\u00bb<\/strong>.<\/p>\n<p style=\"text-align: justify;\">Dans le rapport, on peut lire ce qui suit : \u00ab\u00a0En examinant de mani\u00e8re critique et en remettant en question<strong> le paradigme dominant de la blancheur<\/strong>, les professionnels de la biblioth\u00e9conomie et des sciences de l&rsquo;information peuvent \u0153uvrer \u00e0 la cr\u00e9ation d&rsquo;institutions plus justes et <strong>plus inclusives<\/strong> au service de tous les membres de leurs communaut\u00e9s.\u00a0\u00bb<\/p>\n<p style=\"text-align: justify;\">Ce rapport s&rsquo;inscrit dans le cadre des efforts d\u00e9ploy\u00e9s <strong>par l&rsquo;ensemble du secteur culturel du pays de Galles<\/strong> pour se conformer au plan d&rsquo;action <strong>antiraciste<\/strong> pour le pays de Galles (2022) du gouvernement travailliste, qui visait \u00e0 \u00e9tablir le<strong> \u00ab\u00a0bon r\u00e9cit historique\u00a0\u00bb<\/strong>.<\/p>\n<p style=\"text-align: justify;\">Source : <a href=\"https:\/\/www.telegraph.co.uk\/news\/2024\/07\/09\/welsh-labour-anti-racism-plan-decolonise-libraries\/\">The Telegraph<\/a><\/p>\n","protected":false},"excerpt":{"rendered":"<p>Le gouvernement gallois a d\u00e9bloqu\u00e9 des fonds pour \u00ab\u00a0\u00e9radiquer\u00a0\u00bb le racisme syst\u00e9mique dans les biblioth\u00e8ques en formant le personnel aux \u00ab\u00a0principes antiracistes\u00a0\u00bb. Selon un rapport pr\u00e9liminaire, des biblioth\u00e8ques antiracistes et \u00ab\u00a0inclusives\u00a0\u00bb peuvent \u00eatre cr\u00e9\u00e9es en remettant en question le \u00ab\u00a0paradigme dominant de la blancheur\u00a0\u00bb. Il fait partie d&rsquo;un projet soutenu par un financement gouvernemental de [&hellip;]<\/p>\n","protected":false},"author":1,"featured_media":2074,"comment_status":"open","ping_status":"open","sticky":false,"template":"","format":"standard","meta":{"sb_editor_width":"","footnotes":""},"categories":[36,33,65],"tags":[],"class_list":["post-2073","post","type-post","status-publish","format-standard","has-post-thumbnail","hentry","category-extreme-gauche","category-immigration","category-principale"],"relative_dates":{"created":"2 ans ago","modified":"2 ans ago"},"yoast_head":"<!-- This site is optimized with the Yoast SEO plugin v26.3 - https:\/\/yoast.com\/wordpress\/plugins\/seo\/ -->\n<title>Pays de Galles : les biblioth\u00e9caires devront adopter le plan de lutte contre &quot;l&#039;identit\u00e9 blanche&quot; de la gauche gouvernementale - STOURM<\/title>\n<meta name=\"robots\" content=\"index, follow, max-snippet:-1, max-image-preview:large, max-video-preview:-1\" \/>\n<link rel=\"canonical\" href=\"https:\/\/stourm.news\/?p=2073\" \/>\n<meta property=\"og:locale\" content=\"fr_FR\" \/>\n<meta property=\"og:type\" content=\"article\" \/>\n<meta property=\"og:title\" content=\"Pays de Galles : les biblioth\u00e9caires devront adopter le plan de lutte contre &quot;l&#039;identit\u00e9 blanche&quot; de la gauche gouvernementale - STOURM\" \/>\n<meta property=\"og:description\" content=\"Le gouvernement gallois a d\u00e9bloqu\u00e9 des fonds pour \u00ab\u00a0\u00e9radiquer\u00a0\u00bb le racisme syst\u00e9mique dans les biblioth\u00e8ques en formant le personnel aux \u00ab\u00a0principes antiracistes\u00a0\u00bb. Selon un rapport pr\u00e9liminaire, des biblioth\u00e8ques antiracistes et \u00ab\u00a0inclusives\u00a0\u00bb peuvent \u00eatre cr\u00e9\u00e9es en remettant en question le \u00ab\u00a0paradigme dominant de la blancheur\u00a0\u00bb. Il fait partie d&rsquo;un projet soutenu par un financement gouvernemental de [&hellip;]\" \/>\n<meta property=\"og:url\" content=\"https:\/\/stourm.news\/?p=2073\" \/>\n<meta property=\"og:site_name\" content=\"STOURM\" \/>\n<meta property=\"article:publisher\" content=\"https:\/\/www.facebook.com\/stourmnews\/\" \/>\n<meta property=\"article:published_time\" content=\"2024-08-20T10:56:33+00:00\" \/>\n<meta property=\"og:image\" content=\"https:\/\/stourm.news\/wp-content\/uploads\/2024\/08\/Theology-Room-Gallery.webp\" \/>\n\t<meta property=\"og:image:width\" content=\"1200\" \/>\n\t<meta property=\"og:image:height\" content=\"630\" \/>\n\t<meta property=\"og:image:type\" content=\"image\/webp\" \/>\n<meta name=\"author\" content=\"La r\u00e9daction\" \/>\n<meta name=\"twitter:card\" content=\"summary_large_image\" \/>\n<meta name=\"twitter:label1\" content=\"\u00c9crit par\" \/>\n\t<meta name=\"twitter:data1\" content=\"La r\u00e9daction\" \/>\n\t<meta name=\"twitter:label2\" content=\"Dur\u00e9e de lecture estim\u00e9e\" \/>\n\t<meta name=\"twitter:data2\" content=\"1 minute\" \/>\n<script type=\"application\/ld+json\" class=\"yoast-schema-graph\">{\"@context\":\"https:\/\/schema.org\",\"@graph\":[{\"@type\":\"Article\",\"@id\":\"https:\/\/stourm.news\/?p=2073#article\",\"isPartOf\":{\"@id\":\"https:\/\/stourm.news\/?p=2073\"},\"author\":{\"name\":\"La r\u00e9daction\",\"@id\":\"https:\/\/stourm.news\/#\/schema\/person\/c3e1dc65988632e190969234ef046cf9\"},\"headline\":\"Pays de Galles : les biblioth\u00e9caires devront adopter le plan de lutte contre \u00ab\u00a0l&rsquo;identit\u00e9 blanche\u00a0\u00bb de la gauche gouvernementale\",\"datePublished\":\"2024-08-20T10:56:33+00:00\",\"mainEntityOfPage\":{\"@id\":\"https:\/\/stourm.news\/?p=2073\"},\"wordCount\":207,\"commentCount\":0,\"publisher\":{\"@id\":\"https:\/\/stourm.news\/#organization\"},\"image\":{\"@id\":\"https:\/\/stourm.news\/?p=2073#primaryimage\"},\"thumbnailUrl\":\"https:\/\/stourm.news\/wp-content\/uploads\/2024\/08\/Theology-Room-Gallery.webp\",\"articleSection\":[\"Extr\u00eame-gauche\",\"Immigration\",\"Principale\"],\"inLanguage\":\"fr-FR\",\"potentialAction\":[{\"@type\":\"CommentAction\",\"name\":\"Comment\",\"target\":[\"https:\/\/stourm.news\/?p=2073#respond\"]}]},{\"@type\":\"WebPage\",\"@id\":\"https:\/\/stourm.news\/?p=2073\",\"url\":\"https:\/\/stourm.news\/?p=2073\",\"name\":\"Pays de Galles : les biblioth\u00e9caires devront adopter le plan de lutte contre \\\"l'identit\u00e9 blanche\\\" de la gauche gouvernementale - STOURM\",\"isPartOf\":{\"@id\":\"https:\/\/stourm.news\/#website\"},\"primaryImageOfPage\":{\"@id\":\"https:\/\/stourm.news\/?p=2073#primaryimage\"},\"image\":{\"@id\":\"https:\/\/stourm.news\/?p=2073#primaryimage\"},\"thumbnailUrl\":\"https:\/\/stourm.news\/wp-content\/uploads\/2024\/08\/Theology-Room-Gallery.webp\",\"datePublished\":\"2024-08-20T10:56:33+00:00\",\"breadcrumb\":{\"@id\":\"https:\/\/stourm.news\/?p=2073#breadcrumb\"},\"inLanguage\":\"fr-FR\",\"potentialAction\":[{\"@type\":\"ReadAction\",\"target\":[\"https:\/\/stourm.news\/?p=2073\"]}]},{\"@type\":\"ImageObject\",\"inLanguage\":\"fr-FR\",\"@id\":\"https:\/\/stourm.news\/?p=2073#primaryimage\",\"url\":\"https:\/\/stourm.news\/wp-content\/uploads\/2024\/08\/Theology-Room-Gallery.webp\",\"contentUrl\":\"https:\/\/stourm.news\/wp-content\/uploads\/2024\/08\/Theology-Room-Gallery.webp\",\"width\":1200,\"height\":630},{\"@type\":\"BreadcrumbList\",\"@id\":\"https:\/\/stourm.news\/?p=2073#breadcrumb\",\"itemListElement\":[{\"@type\":\"ListItem\",\"position\":1,\"name\":\"Accueil\",\"item\":\"https:\/\/stourm.news\/\"},{\"@type\":\"ListItem\",\"position\":2,\"name\":\"Pays de Galles : les biblioth\u00e9caires devront adopter le plan de lutte contre \u00ab\u00a0l&rsquo;identit\u00e9 blanche\u00a0\u00bb de la gauche gouvernementale\"}]},{\"@type\":\"WebSite\",\"@id\":\"https:\/\/stourm.news\/#website\",\"url\":\"https:\/\/stourm.news\/\",\"name\":\"Stourm\",\"description\":\"Kazetenn Strollad Broadel Breizh\",\"publisher\":{\"@id\":\"https:\/\/stourm.news\/#organization\"},\"potentialAction\":[{\"@type\":\"SearchAction\",\"target\":{\"@type\":\"EntryPoint\",\"urlTemplate\":\"https:\/\/stourm.news\/?s={search_term_string}\"},\"query-input\":{\"@type\":\"PropertyValueSpecification\",\"valueRequired\":true,\"valueName\":\"search_term_string\"}}],\"inLanguage\":\"fr-FR\"},{\"@type\":\"Organization\",\"@id\":\"https:\/\/stourm.news\/#organization\",\"name\":\"Stourm\",\"url\":\"https:\/\/stourm.news\/\",\"logo\":{\"@type\":\"ImageObject\",\"inLanguage\":\"fr-FR\",\"@id\":\"https:\/\/stourm.news\/#\/schema\/logo\/image\/\",\"url\":\"https:\/\/stourm.news\/wp-content\/uploads\/2025\/11\/cropped-Capture-decran-2025-11-28-a-15.19.07.png\",\"contentUrl\":\"https:\/\/stourm.news\/wp-content\/uploads\/2025\/11\/cropped-Capture-decran-2025-11-28-a-15.19.07.png\",\"width\":1855,\"height\":383,\"caption\":\"Stourm\"},\"image\":{\"@id\":\"https:\/\/stourm.news\/#\/schema\/logo\/image\/\"},\"sameAs\":[\"https:\/\/www.facebook.com\/stourmnews\/\"]},{\"@type\":\"Person\",\"@id\":\"https:\/\/stourm.news\/#\/schema\/person\/c3e1dc65988632e190969234ef046cf9\",\"name\":\"La r\u00e9daction\",\"image\":{\"@type\":\"ImageObject\",\"inLanguage\":\"fr-FR\",\"@id\":\"https:\/\/stourm.news\/#\/schema\/person\/image\/\",\"url\":\"https:\/\/secure.gravatar.com\/avatar\/7463443f194b6b5fb706b074ca0ef59a0cfcfd720cb47764b0ec5a952ce422b3?s=96&d=mm&r=g\",\"contentUrl\":\"https:\/\/secure.gravatar.com\/avatar\/7463443f194b6b5fb706b074ca0ef59a0cfcfd720cb47764b0ec5a952ce422b3?s=96&d=mm&r=g\",\"caption\":\"La r\u00e9daction\"},\"sameAs\":[\"https:\/\/stourm.news\"],\"url\":\"https:\/\/stourm.news\/?author=1\"}]}<\/script>\n<!-- \/ Yoast SEO plugin. -->","yoast_head_json":{"title":"Pays de Galles : les biblioth\u00e9caires devront adopter le plan de lutte contre \"l'identit\u00e9 blanche\" de la gauche gouvernementale - STOURM","robots":{"index":"index","follow":"follow","max-snippet":"max-snippet:-1","max-image-preview":"max-image-preview:large","max-video-preview":"max-video-preview:-1"},"canonical":"https:\/\/stourm.news\/?p=2073","og_locale":"fr_FR","og_type":"article","og_title":"Pays de Galles : les biblioth\u00e9caires devront adopter le plan de lutte contre \"l'identit\u00e9 blanche\" de la gauche gouvernementale - STOURM","og_description":"Le gouvernement gallois a d\u00e9bloqu\u00e9 des fonds pour \u00ab\u00a0\u00e9radiquer\u00a0\u00bb le racisme syst\u00e9mique dans les biblioth\u00e8ques en formant le personnel aux \u00ab\u00a0principes antiracistes\u00a0\u00bb. Selon un rapport pr\u00e9liminaire, des biblioth\u00e8ques antiracistes et \u00ab\u00a0inclusives\u00a0\u00bb peuvent \u00eatre cr\u00e9\u00e9es en remettant en question le \u00ab\u00a0paradigme dominant de la blancheur\u00a0\u00bb. Il fait partie d&rsquo;un projet soutenu par un financement gouvernemental de [&hellip;]","og_url":"https:\/\/stourm.news\/?p=2073","og_site_name":"STOURM","article_publisher":"https:\/\/www.facebook.com\/stourmnews\/","article_published_time":"2024-08-20T10:56:33+00:00","og_image":[{"width":1200,"height":630,"url":"https:\/\/stourm.news\/wp-content\/uploads\/2024\/08\/Theology-Room-Gallery.webp","type":"image\/webp"}],"author":"La r\u00e9daction","twitter_card":"summary_large_image","twitter_misc":{"\u00c9crit par":"La r\u00e9daction","Dur\u00e9e de lecture estim\u00e9e":"1 minute"},"schema":{"@context":"https:\/\/schema.org","@graph":[{"@type":"Article","@id":"https:\/\/stourm.news\/?p=2073#article","isPartOf":{"@id":"https:\/\/stourm.news\/?p=2073"},"author":{"name":"La r\u00e9daction","@id":"https:\/\/stourm.news\/#\/schema\/person\/c3e1dc65988632e190969234ef046cf9"},"headline":"Pays de Galles : les biblioth\u00e9caires devront adopter le plan de lutte contre \u00ab\u00a0l&rsquo;identit\u00e9 blanche\u00a0\u00bb de la gauche gouvernementale","datePublished":"2024-08-20T10:56:33+00:00","mainEntityOfPage":{"@id":"https:\/\/stourm.news\/?p=2073"},"wordCount":207,"commentCount":0,"publisher":{"@id":"https:\/\/stourm.news\/#organization"},"image":{"@id":"https:\/\/stourm.news\/?p=2073#primaryimage"},"thumbnailUrl":"https:\/\/stourm.news\/wp-content\/uploads\/2024\/08\/Theology-Room-Gallery.webp","articleSection":["Extr\u00eame-gauche","Immigration","Principale"],"inLanguage":"fr-FR","potentialAction":[{"@type":"CommentAction","name":"Comment","target":["https:\/\/stourm.news\/?p=2073#respond"]}]},{"@type":"WebPage","@id":"https:\/\/stourm.news\/?p=2073","url":"https:\/\/stourm.news\/?p=2073","name":"Pays de Galles : les biblioth\u00e9caires devront adopter le plan de lutte contre \"l'identit\u00e9 blanche\" de la gauche gouvernementale - STOURM","isPartOf":{"@id":"https:\/\/stourm.news\/#website"},"primaryImageOfPage":{"@id":"https:\/\/stourm.news\/?p=2073#primaryimage"},"image":{"@id":"https:\/\/stourm.news\/?p=2073#primaryimage"},"thumbnailUrl":"https:\/\/stourm.news\/wp-content\/uploads\/2024\/08\/Theology-Room-Gallery.webp","datePublished":"2024-08-20T10:56:33+00:00","breadcrumb":{"@id":"https:\/\/stourm.news\/?p=2073#breadcrumb"},"inLanguage":"fr-FR","potentialAction":[{"@type":"ReadAction","target":["https:\/\/stourm.news\/?p=2073"]}]},{"@type":"ImageObject","inLanguage":"fr-FR","@id":"https:\/\/stourm.news\/?p=2073#primaryimage","url":"https:\/\/stourm.news\/wp-content\/uploads\/2024\/08\/Theology-Room-Gallery.webp","contentUrl":"https:\/\/stourm.news\/wp-content\/uploads\/2024\/08\/Theology-Room-Gallery.webp","width":1200,"height":630},{"@type":"BreadcrumbList","@id":"https:\/\/stourm.news\/?p=2073#breadcrumb","itemListElement":[{"@type":"ListItem","position":1,"name":"Accueil","item":"https:\/\/stourm.news\/"},{"@type":"ListItem","position":2,"name":"Pays de Galles : les biblioth\u00e9caires devront adopter le plan de lutte contre \u00ab\u00a0l&rsquo;identit\u00e9 blanche\u00a0\u00bb de la gauche gouvernementale"}]},{"@type":"WebSite","@id":"https:\/\/stourm.news\/#website","url":"https:\/\/stourm.news\/","name":"Stourm","description":"Kazetenn Strollad Broadel Breizh","publisher":{"@id":"https:\/\/stourm.news\/#organization"},"potentialAction":[{"@type":"SearchAction","target":{"@type":"EntryPoint","urlTemplate":"https:\/\/stourm.news\/?s={search_term_string}"},"query-input":{"@type":"PropertyValueSpecification","valueRequired":true,"valueName":"search_term_string"}}],"inLanguage":"fr-FR"},{"@type":"Organization","@id":"https:\/\/stourm.news\/#organization","name":"Stourm","url":"https:\/\/stourm.news\/","logo":{"@type":"ImageObject","inLanguage":"fr-FR","@id":"https:\/\/stourm.news\/#\/schema\/logo\/image\/","url":"https:\/\/stourm.news\/wp-content\/uploads\/2025\/11\/cropped-Capture-decran-2025-11-28-a-15.19.07.png","contentUrl":"https:\/\/stourm.news\/wp-content\/uploads\/2025\/11\/cropped-Capture-decran-2025-11-28-a-15.19.07.png","width":1855,"height":383,"caption":"Stourm"},"image":{"@id":"https:\/\/stourm.news\/#\/schema\/logo\/image\/"},"sameAs":["https:\/\/www.facebook.com\/stourmnews\/"]},{"@type":"Person","@id":"https:\/\/stourm.news\/#\/schema\/person\/c3e1dc65988632e190969234ef046cf9","name":"La r\u00e9daction","image":{"@type":"ImageObject","inLanguage":"fr-FR","@id":"https:\/\/stourm.news\/#\/schema\/person\/image\/","url":"https:\/\/secure.gravatar.com\/avatar\/7463443f194b6b5fb706b074ca0ef59a0cfcfd720cb47764b0ec5a952ce422b3?s=96&d=mm&r=g","contentUrl":"https:\/\/secure.gravatar.com\/avatar\/7463443f194b6b5fb706b074ca0ef59a0cfcfd720cb47764b0ec5a952ce422b3?s=96&d=mm&r=g","caption":"La r\u00e9daction"},"sameAs":["https:\/\/stourm.news"],"url":"https:\/\/stourm.news\/?author=1"}]}},"_links":{"self":[{"href":"https:\/\/stourm.news\/index.php?rest_route=\/wp\/v2\/posts\/2073","targetHints":{"allow":["GET"]}}],"collection":[{"href":"https:\/\/stourm.news\/index.php?rest_route=\/wp\/v2\/posts"}],"about":[{"href":"https:\/\/stourm.news\/index.php?rest_route=\/wp\/v2\/types\/post"}],"author":[{"embeddable":true,"href":"https:\/\/stourm.news\/index.php?rest_route=\/wp\/v2\/users\/1"}],"replies":[{"embeddable":true,"href":"https:\/\/stourm.news\/index.php?rest_route=%2Fwp%2Fv2%2Fcomments&post=2073"}],"version-history":[{"count":1,"href":"https:\/\/stourm.news\/index.php?rest_route=\/wp\/v2\/posts\/2073\/revisions"}],"predecessor-version":[{"id":2075,"href":"https:\/\/stourm.news\/index.php?rest_route=\/wp\/v2\/posts\/2073\/revisions\/2075"}],"wp:featuredmedia":[{"embeddable":true,"href":"https:\/\/stourm.news\/index.php?rest_route=\/wp\/v2\/media\/2074"}],"wp:attachment":[{"href":"https:\/\/stourm.news\/index.php?rest_route=%2Fwp%2Fv2%2Fmedia&parent=2073"}],"wp:term":[{"taxonomy":"category","embeddable":true,"href":"https:\/\/stourm.news\/index.php?rest_route=%2Fwp%2Fv2%2Fcategories&post=2073"},{"taxonomy":"post_tag","embeddable":true,"href":"https:\/\/stourm.news\/index.php?rest_route=%2Fwp%2Fv2%2Ftags&post=2073"}],"curies":[{"name":"wp","href":"https:\/\/api.w.org\/{rel}","templated":true}]}}