{"id":2076,"date":"2024-08-21T04:15:18","date_gmt":"2024-08-21T04:15:18","guid":{"rendered":"https:\/\/stourm.news\/?p=2076"},"modified":"2024-08-21T05:09:34","modified_gmt":"2024-08-21T05:09:34","slug":"quimper-un-migrant-tunisien-frappe-une-jeune-femme-a-la-sortie-dun-bar","status":"publish","type":"post","link":"https:\/\/stourm.news\/?p=2076","title":{"rendered":"Quimper : dans le quartier de la gare, un migrant tunisien frappe une jeune femme \u00e0 la sortie d&rsquo;un bar"},"content":{"rendered":"<p style=\"text-align: justify;\">\u00ab Les faits sont extr\u00eamement d\u00e9sagr\u00e9ables, extr\u00eamement graves. Ce sont des faits de violences dans un bar. Il a port\u00e9 <strong>des coups<\/strong> \u00e0 la victime car elle ne voulait pas rester avec lui alors qu\u2019ils ne se connaissent pas. Quand on regarde son casier judiciaire, il y a aussi <strong>une agression sexuelle<\/strong> \u00bb, a d\u00e9plor\u00e9 le substitut du procureur, Jean-Baptiste Doubliez, lors de l\u2019audience du tribunal de Quimper du vendredi 26 juillet.<\/p>\n<p style=\"text-align: justify;\">\u00c0 l\u2019audience, un jeune homme de 23 ans, <strong>originaire de Tunisie<\/strong>, a comparu pour des faits de <strong>violences<\/strong> en \u00e9tat d\u2019ivresse. Des faits commis le vendredi 19 juillet \u00e0 l\u2019encontre d\u2019une jeune femme et d\u2019un homme \u00e0 la sortie d\u2019un bar quimp\u00e9rois situ\u00e9 \u00e0 proximit\u00e9 du quartier de la gare. Il est aussi poursuivi pour s\u2019\u00eatre rebell\u00e9 contre trois fonctionnaires de l\u2019ordre et pour avoir refus\u00e9 de donner ses empreintes digitales. D\u2019ailleurs, face aux policiers, il avait refus\u00e9 de d\u00e9voiler son identit\u00e9, donnant le nom <strong>d\u2019une c\u00e9l\u00e9brit\u00e9 turque<\/strong> de cin\u00e9ma.<\/p>\n<p>Source : <a href=\"https:\/\/www.letelegramme.fr\/finistere\/quimper-29000\/a-quimper-un-homme-de-23-ans-poursuivi-pour-avoir-agresse-une-jeune-femme-a-la-sortie-dun-bar-6633413.php\">Le T\u00e9l\u00e9gramme<\/a><\/p>\n","protected":false},"excerpt":{"rendered":"<p>\u00ab Les faits sont extr\u00eamement d\u00e9sagr\u00e9ables, extr\u00eamement graves. Ce sont des faits de violences dans un bar. Il a port\u00e9 des coups \u00e0 la victime car elle ne voulait pas rester avec lui alors qu\u2019ils ne se connaissent pas. Quand on regarde son casier judiciaire, il y a aussi une agression sexuelle \u00bb, a d\u00e9plor\u00e9 [&hellip;]<\/p>\n","protected":false},"author":1,"featured_media":2077,"comment_status":"open","ping_status":"open","sticky":false,"template":"","format":"standard","meta":{"sb_editor_width":"","footnotes":""},"categories":[31,38,33,62],"tags":[],"class_list":["post-2076","post","type-post","status-publish","format-standard","has-post-thumbnail","hentry","category-agression","category-finistere","category-immigration","category-revue-de-presse"],"relative_dates":{"created":"2 ans ago","modified":"2 ans ago"},"yoast_head":"<!-- This site is optimized with the Yoast SEO plugin v26.3 - https:\/\/yoast.com\/wordpress\/plugins\/seo\/ -->\n<title>Quimper : dans le quartier de la gare, un migrant tunisien frappe une jeune femme \u00e0 la sortie d&#039;un bar - STOURM<\/title>\n<meta name=\"robots\" content=\"index, follow, max-snippet:-1, max-image-preview:large, max-video-preview:-1\" \/>\n<link rel=\"canonical\" href=\"https:\/\/stourm.news\/?p=2076\" \/>\n<meta property=\"og:locale\" content=\"fr_FR\" \/>\n<meta property=\"og:type\" content=\"article\" \/>\n<meta property=\"og:title\" content=\"Quimper : dans le quartier de la gare, un migrant tunisien frappe une jeune femme \u00e0 la sortie d&#039;un bar - STOURM\" \/>\n<meta property=\"og:description\" content=\"\u00ab Les faits sont extr\u00eamement d\u00e9sagr\u00e9ables, extr\u00eamement graves. Ce sont des faits de violences dans un bar. Il a port\u00e9 des coups \u00e0 la victime car elle ne voulait pas rester avec lui alors qu\u2019ils ne se connaissent pas. Quand on regarde son casier judiciaire, il y a aussi une agression sexuelle \u00bb, a d\u00e9plor\u00e9 [&hellip;]\" \/>\n<meta property=\"og:url\" content=\"https:\/\/stourm.news\/?p=2076\" \/>\n<meta property=\"og:site_name\" content=\"STOURM\" \/>\n<meta property=\"article:publisher\" content=\"https:\/\/www.facebook.com\/stourmnews\/\" \/>\n<meta property=\"article:published_time\" content=\"2024-08-21T04:15:18+00:00\" \/>\n<meta property=\"article:modified_time\" content=\"2024-08-21T05:09:34+00:00\" \/>\n<meta property=\"og:image\" content=\"https:\/\/stourm.news\/wp-content\/uploads\/2024\/08\/Gare_de_Quimper.jpg\" \/>\n\t<meta property=\"og:image:width\" content=\"2048\" \/>\n\t<meta property=\"og:image:height\" content=\"1536\" \/>\n\t<meta property=\"og:image:type\" content=\"image\/jpeg\" \/>\n<meta name=\"author\" content=\"La r\u00e9daction\" \/>\n<meta name=\"twitter:card\" content=\"summary_large_image\" \/>\n<meta name=\"twitter:label1\" content=\"\u00c9crit par\" \/>\n\t<meta name=\"twitter:data1\" content=\"La r\u00e9daction\" \/>\n\t<meta name=\"twitter:label2\" content=\"Dur\u00e9e de lecture estim\u00e9e\" \/>\n\t<meta name=\"twitter:data2\" content=\"2 minutes\" \/>\n<script type=\"application\/ld+json\" class=\"yoast-schema-graph\">{\"@context\":\"https:\/\/schema.org\",\"@graph\":[{\"@type\":\"Article\",\"@id\":\"https:\/\/stourm.news\/?p=2076#article\",\"isPartOf\":{\"@id\":\"https:\/\/stourm.news\/?p=2076\"},\"author\":{\"name\":\"La r\u00e9daction\",\"@id\":\"https:\/\/stourm.news\/#\/schema\/person\/c3e1dc65988632e190969234ef046cf9\"},\"headline\":\"Quimper : dans le quartier de la gare, un migrant tunisien frappe une jeune femme \u00e0 la sortie d&rsquo;un bar\",\"datePublished\":\"2024-08-21T04:15:18+00:00\",\"dateModified\":\"2024-08-21T05:09:34+00:00\",\"mainEntityOfPage\":{\"@id\":\"https:\/\/stourm.news\/?p=2076\"},\"wordCount\":198,\"commentCount\":0,\"publisher\":{\"@id\":\"https:\/\/stourm.news\/#organization\"},\"image\":{\"@id\":\"https:\/\/stourm.news\/?p=2076#primaryimage\"},\"thumbnailUrl\":\"https:\/\/stourm.news\/wp-content\/uploads\/2024\/08\/Gare_de_Quimper.jpg\",\"articleSection\":[\"Agression\",\"Finist\u00e8re\",\"Immigration\",\"Revue de presse\"],\"inLanguage\":\"fr-FR\",\"potentialAction\":[{\"@type\":\"CommentAction\",\"name\":\"Comment\",\"target\":[\"https:\/\/stourm.news\/?p=2076#respond\"]}]},{\"@type\":\"WebPage\",\"@id\":\"https:\/\/stourm.news\/?p=2076\",\"url\":\"https:\/\/stourm.news\/?p=2076\",\"name\":\"Quimper : dans le quartier de la gare, un migrant tunisien frappe une jeune femme \u00e0 la sortie d'un bar - STOURM\",\"isPartOf\":{\"@id\":\"https:\/\/stourm.news\/#website\"},\"primaryImageOfPage\":{\"@id\":\"https:\/\/stourm.news\/?p=2076#primaryimage\"},\"image\":{\"@id\":\"https:\/\/stourm.news\/?p=2076#primaryimage\"},\"thumbnailUrl\":\"https:\/\/stourm.news\/wp-content\/uploads\/2024\/08\/Gare_de_Quimper.jpg\",\"datePublished\":\"2024-08-21T04:15:18+00:00\",\"dateModified\":\"2024-08-21T05:09:34+00:00\",\"breadcrumb\":{\"@id\":\"https:\/\/stourm.news\/?p=2076#breadcrumb\"},\"inLanguage\":\"fr-FR\",\"potentialAction\":[{\"@type\":\"ReadAction\",\"target\":[\"https:\/\/stourm.news\/?p=2076\"]}]},{\"@type\":\"ImageObject\",\"inLanguage\":\"fr-FR\",\"@id\":\"https:\/\/stourm.news\/?p=2076#primaryimage\",\"url\":\"https:\/\/stourm.news\/wp-content\/uploads\/2024\/08\/Gare_de_Quimper.jpg\",\"contentUrl\":\"https:\/\/stourm.news\/wp-content\/uploads\/2024\/08\/Gare_de_Quimper.jpg\",\"width\":2048,\"height\":1536},{\"@type\":\"BreadcrumbList\",\"@id\":\"https:\/\/stourm.news\/?p=2076#breadcrumb\",\"itemListElement\":[{\"@type\":\"ListItem\",\"position\":1,\"name\":\"Accueil\",\"item\":\"https:\/\/stourm.news\/\"},{\"@type\":\"ListItem\",\"position\":2,\"name\":\"Quimper : dans le quartier de la gare, un migrant tunisien frappe une jeune femme \u00e0 la sortie d&rsquo;un bar\"}]},{\"@type\":\"WebSite\",\"@id\":\"https:\/\/stourm.news\/#website\",\"url\":\"https:\/\/stourm.news\/\",\"name\":\"Stourm\",\"description\":\"Kazetenn Strollad Broadel Breizh\",\"publisher\":{\"@id\":\"https:\/\/stourm.news\/#organization\"},\"potentialAction\":[{\"@type\":\"SearchAction\",\"target\":{\"@type\":\"EntryPoint\",\"urlTemplate\":\"https:\/\/stourm.news\/?s={search_term_string}\"},\"query-input\":{\"@type\":\"PropertyValueSpecification\",\"valueRequired\":true,\"valueName\":\"search_term_string\"}}],\"inLanguage\":\"fr-FR\"},{\"@type\":\"Organization\",\"@id\":\"https:\/\/stourm.news\/#organization\",\"name\":\"Stourm\",\"url\":\"https:\/\/stourm.news\/\",\"logo\":{\"@type\":\"ImageObject\",\"inLanguage\":\"fr-FR\",\"@id\":\"https:\/\/stourm.news\/#\/schema\/logo\/image\/\",\"url\":\"https:\/\/stourm.news\/wp-content\/uploads\/2025\/11\/cropped-Capture-decran-2025-11-28-a-15.19.07.png\",\"contentUrl\":\"https:\/\/stourm.news\/wp-content\/uploads\/2025\/11\/cropped-Capture-decran-2025-11-28-a-15.19.07.png\",\"width\":1855,\"height\":383,\"caption\":\"Stourm\"},\"image\":{\"@id\":\"https:\/\/stourm.news\/#\/schema\/logo\/image\/\"},\"sameAs\":[\"https:\/\/www.facebook.com\/stourmnews\/\"]},{\"@type\":\"Person\",\"@id\":\"https:\/\/stourm.news\/#\/schema\/person\/c3e1dc65988632e190969234ef046cf9\",\"name\":\"La r\u00e9daction\",\"image\":{\"@type\":\"ImageObject\",\"inLanguage\":\"fr-FR\",\"@id\":\"https:\/\/stourm.news\/#\/schema\/person\/image\/\",\"url\":\"https:\/\/secure.gravatar.com\/avatar\/7463443f194b6b5fb706b074ca0ef59a0cfcfd720cb47764b0ec5a952ce422b3?s=96&d=mm&r=g\",\"contentUrl\":\"https:\/\/secure.gravatar.com\/avatar\/7463443f194b6b5fb706b074ca0ef59a0cfcfd720cb47764b0ec5a952ce422b3?s=96&d=mm&r=g\",\"caption\":\"La r\u00e9daction\"},\"sameAs\":[\"https:\/\/stourm.news\"],\"url\":\"https:\/\/stourm.news\/?author=1\"}]}<\/script>\n<!-- \/ Yoast SEO plugin. -->","yoast_head_json":{"title":"Quimper : dans le quartier de la gare, un migrant tunisien frappe une jeune femme \u00e0 la sortie d'un bar - STOURM","robots":{"index":"index","follow":"follow","max-snippet":"max-snippet:-1","max-image-preview":"max-image-preview:large","max-video-preview":"max-video-preview:-1"},"canonical":"https:\/\/stourm.news\/?p=2076","og_locale":"fr_FR","og_type":"article","og_title":"Quimper : dans le quartier de la gare, un migrant tunisien frappe une jeune femme \u00e0 la sortie d'un bar - STOURM","og_description":"\u00ab Les faits sont extr\u00eamement d\u00e9sagr\u00e9ables, extr\u00eamement graves. Ce sont des faits de violences dans un bar. Il a port\u00e9 des coups \u00e0 la victime car elle ne voulait pas rester avec lui alors qu\u2019ils ne se connaissent pas. Quand on regarde son casier judiciaire, il y a aussi une agression sexuelle \u00bb, a d\u00e9plor\u00e9 [&hellip;]","og_url":"https:\/\/stourm.news\/?p=2076","og_site_name":"STOURM","article_publisher":"https:\/\/www.facebook.com\/stourmnews\/","article_published_time":"2024-08-21T04:15:18+00:00","article_modified_time":"2024-08-21T05:09:34+00:00","og_image":[{"width":2048,"height":1536,"url":"https:\/\/stourm.news\/wp-content\/uploads\/2024\/08\/Gare_de_Quimper.jpg","type":"image\/jpeg"}],"author":"La r\u00e9daction","twitter_card":"summary_large_image","twitter_misc":{"\u00c9crit par":"La r\u00e9daction","Dur\u00e9e de lecture estim\u00e9e":"2 minutes"},"schema":{"@context":"https:\/\/schema.org","@graph":[{"@type":"Article","@id":"https:\/\/stourm.news\/?p=2076#article","isPartOf":{"@id":"https:\/\/stourm.news\/?p=2076"},"author":{"name":"La r\u00e9daction","@id":"https:\/\/stourm.news\/#\/schema\/person\/c3e1dc65988632e190969234ef046cf9"},"headline":"Quimper : dans le quartier de la gare, un migrant tunisien frappe une jeune femme \u00e0 la sortie d&rsquo;un bar","datePublished":"2024-08-21T04:15:18+00:00","dateModified":"2024-08-21T05:09:34+00:00","mainEntityOfPage":{"@id":"https:\/\/stourm.news\/?p=2076"},"wordCount":198,"commentCount":0,"publisher":{"@id":"https:\/\/stourm.news\/#organization"},"image":{"@id":"https:\/\/stourm.news\/?p=2076#primaryimage"},"thumbnailUrl":"https:\/\/stourm.news\/wp-content\/uploads\/2024\/08\/Gare_de_Quimper.jpg","articleSection":["Agression","Finist\u00e8re","Immigration","Revue de presse"],"inLanguage":"fr-FR","potentialAction":[{"@type":"CommentAction","name":"Comment","target":["https:\/\/stourm.news\/?p=2076#respond"]}]},{"@type":"WebPage","@id":"https:\/\/stourm.news\/?p=2076","url":"https:\/\/stourm.news\/?p=2076","name":"Quimper : dans le quartier de la gare, un migrant tunisien frappe une jeune femme \u00e0 la sortie d'un bar - STOURM","isPartOf":{"@id":"https:\/\/stourm.news\/#website"},"primaryImageOfPage":{"@id":"https:\/\/stourm.news\/?p=2076#primaryimage"},"image":{"@id":"https:\/\/stourm.news\/?p=2076#primaryimage"},"thumbnailUrl":"https:\/\/stourm.news\/wp-content\/uploads\/2024\/08\/Gare_de_Quimper.jpg","datePublished":"2024-08-21T04:15:18+00:00","dateModified":"2024-08-21T05:09:34+00:00","breadcrumb":{"@id":"https:\/\/stourm.news\/?p=2076#breadcrumb"},"inLanguage":"fr-FR","potentialAction":[{"@type":"ReadAction","target":["https:\/\/stourm.news\/?p=2076"]}]},{"@type":"ImageObject","inLanguage":"fr-FR","@id":"https:\/\/stourm.news\/?p=2076#primaryimage","url":"https:\/\/stourm.news\/wp-content\/uploads\/2024\/08\/Gare_de_Quimper.jpg","contentUrl":"https:\/\/stourm.news\/wp-content\/uploads\/2024\/08\/Gare_de_Quimper.jpg","width":2048,"height":1536},{"@type":"BreadcrumbList","@id":"https:\/\/stourm.news\/?p=2076#breadcrumb","itemListElement":[{"@type":"ListItem","position":1,"name":"Accueil","item":"https:\/\/stourm.news\/"},{"@type":"ListItem","position":2,"name":"Quimper : dans le quartier de la gare, un migrant tunisien frappe une jeune femme \u00e0 la sortie d&rsquo;un bar"}]},{"@type":"WebSite","@id":"https:\/\/stourm.news\/#website","url":"https:\/\/stourm.news\/","name":"Stourm","description":"Kazetenn Strollad Broadel Breizh","publisher":{"@id":"https:\/\/stourm.news\/#organization"},"potentialAction":[{"@type":"SearchAction","target":{"@type":"EntryPoint","urlTemplate":"https:\/\/stourm.news\/?s={search_term_string}"},"query-input":{"@type":"PropertyValueSpecification","valueRequired":true,"valueName":"search_term_string"}}],"inLanguage":"fr-FR"},{"@type":"Organization","@id":"https:\/\/stourm.news\/#organization","name":"Stourm","url":"https:\/\/stourm.news\/","logo":{"@type":"ImageObject","inLanguage":"fr-FR","@id":"https:\/\/stourm.news\/#\/schema\/logo\/image\/","url":"https:\/\/stourm.news\/wp-content\/uploads\/2025\/11\/cropped-Capture-decran-2025-11-28-a-15.19.07.png","contentUrl":"https:\/\/stourm.news\/wp-content\/uploads\/2025\/11\/cropped-Capture-decran-2025-11-28-a-15.19.07.png","width":1855,"height":383,"caption":"Stourm"},"image":{"@id":"https:\/\/stourm.news\/#\/schema\/logo\/image\/"},"sameAs":["https:\/\/www.facebook.com\/stourmnews\/"]},{"@type":"Person","@id":"https:\/\/stourm.news\/#\/schema\/person\/c3e1dc65988632e190969234ef046cf9","name":"La r\u00e9daction","image":{"@type":"ImageObject","inLanguage":"fr-FR","@id":"https:\/\/stourm.news\/#\/schema\/person\/image\/","url":"https:\/\/secure.gravatar.com\/avatar\/7463443f194b6b5fb706b074ca0ef59a0cfcfd720cb47764b0ec5a952ce422b3?s=96&d=mm&r=g","contentUrl":"https:\/\/secure.gravatar.com\/avatar\/7463443f194b6b5fb706b074ca0ef59a0cfcfd720cb47764b0ec5a952ce422b3?s=96&d=mm&r=g","caption":"La r\u00e9daction"},"sameAs":["https:\/\/stourm.news"],"url":"https:\/\/stourm.news\/?author=1"}]}},"_links":{"self":[{"href":"https:\/\/stourm.news\/index.php?rest_route=\/wp\/v2\/posts\/2076","targetHints":{"allow":["GET"]}}],"collection":[{"href":"https:\/\/stourm.news\/index.php?rest_route=\/wp\/v2\/posts"}],"about":[{"href":"https:\/\/stourm.news\/index.php?rest_route=\/wp\/v2\/types\/post"}],"author":[{"embeddable":true,"href":"https:\/\/stourm.news\/index.php?rest_route=\/wp\/v2\/users\/1"}],"replies":[{"embeddable":true,"href":"https:\/\/stourm.news\/index.php?rest_route=%2Fwp%2Fv2%2Fcomments&post=2076"}],"version-history":[{"count":2,"href":"https:\/\/stourm.news\/index.php?rest_route=\/wp\/v2\/posts\/2076\/revisions"}],"predecessor-version":[{"id":2080,"href":"https:\/\/stourm.news\/index.php?rest_route=\/wp\/v2\/posts\/2076\/revisions\/2080"}],"wp:featuredmedia":[{"embeddable":true,"href":"https:\/\/stourm.news\/index.php?rest_route=\/wp\/v2\/media\/2077"}],"wp:attachment":[{"href":"https:\/\/stourm.news\/index.php?rest_route=%2Fwp%2Fv2%2Fmedia&parent=2076"}],"wp:term":[{"taxonomy":"category","embeddable":true,"href":"https:\/\/stourm.news\/index.php?rest_route=%2Fwp%2Fv2%2Fcategories&post=2076"},{"taxonomy":"post_tag","embeddable":true,"href":"https:\/\/stourm.news\/index.php?rest_route=%2Fwp%2Fv2%2Ftags&post=2076"}],"curies":[{"name":"wp","href":"https:\/\/api.w.org\/{rel}","templated":true}]}}