{"id":2081,"date":"2024-08-21T05:33:41","date_gmt":"2024-08-21T05:33:41","guid":{"rendered":"https:\/\/stourm.news\/?p=2081"},"modified":"2024-08-21T06:47:05","modified_gmt":"2024-08-21T06:47:05","slug":"2081","status":"publish","type":"post","link":"https:\/\/stourm.news\/?p=2081","title":{"rendered":"\u00ab\u00a0Les Barbares\u00a0\u00bb : l&rsquo;antique proc\u00e8s en sauvagerie de la bourgeoisie parisienne contre les Bretons"},"content":{"rendered":"<p style=\"text-align: justify;\">En septembre prochain sort \u00ab\u00a0Les Barbares\u00a0\u00bb, un film parisien tr\u00e8s hostile aux Bretons, de la r\u00e9alisatrice Julie Delpy, qui vit \u00e0 Los Angeles.<\/p>\n<p style=\"text-align: justify;\">D\u00e9peints en idiots \u00ab\u00a0x\u00e9nophobes\u00a0\u00bb doubl\u00e9s de racistes hypocrites, les Bretons, par leur refus de l&rsquo;immigration afro-musulmane, y sont d\u00e9peints comme les v\u00e9ritables barbares de cette histoire tandis que les migrants y sont inversement d\u00e9crits en civilisateurs bienveillants.<\/p>\n<p><iframe title=\"LES BARBARES Bande Annonce (2024) Laurent Lafitte, Julie Delpy, Com\u00e9die\" width=\"500\" height=\"281\" src=\"https:\/\/www.youtube.com\/embed\/0LxW35ocoO0?feature=oembed\" frameborder=\"0\" allow=\"accelerometer; autoplay; clipboard-write; encrypted-media; gyroscope; picture-in-picture; web-share\" referrerpolicy=\"strict-origin-when-cross-origin\" allowfullscreen><\/iframe><\/p>\n<p style=\"text-align: justify;\">Le Parti National Breton a r\u00e9agi sur Twitter, d\u00e9non\u00e7ant une \u00ab\u00a0insulte intol\u00e9rable\u00a0\u00bb et appelant au boycott du film.<\/p>\n<blockquote class=\"twitter-tweet\">\n<p dir=\"ltr\" lang=\"fr\">\u2757\ufe0fBOYCOTT\u2757\ufe0f<\/p>\n<p>Ce \u00ab\u00a0film\u00a0\u00bb est une insulte intol\u00e9rable faite au peuple breton au moment o\u00f9 les ravages de l&rsquo;immigration impos\u00e9e par Paris se font toujours plus sentir en Bretagne.<\/p>\n<p>Les Bretons ne doivent pas se laisser insulter par la bourgeoisie parisienne sans r\u00e9agir ! <a href=\"https:\/\/t.co\/vNDPqpojvR\">https:\/\/t.co\/vNDPqpojvR<\/a><\/p>\n<p>\u2014 Parti National Breton &#8211; Strollad Broadel Breizh (@pnbsbb) <a href=\"https:\/\/twitter.com\/pnbsbb\/status\/1825867665136636184?ref_src=twsrc%5Etfw\">August 20, 2024<\/a><\/p><\/blockquote>\n<p><script async src=\"https:\/\/platform.twitter.com\/widgets.js\" charset=\"utf-8\"><\/script><\/p>\n<p style=\"text-align: justify;\"><strong>\u00ab\u00a0D\u00e9fiez-vous de ces cosmopolites qui vont chercher loin dans leurs livres des devoirs qu&rsquo;ils d\u00e9daignent de remplir autour d&rsquo;eux. Tel philosophe aime les Tartares, pour \u00eatre dispens\u00e9 d&rsquo;aimer ses voisins\u00a0\u00bb<\/strong> disait Jean-Jacques Rousseau.<\/p>\n<p style=\"text-align: justify;\">On ne saurait mieux d\u00e9crire l&rsquo;esprit de ce film moraliste produit par la bourgeoisie parisienne. Il reprend l&rsquo;antique trame parisienne qui voit dans la Bretagne et son peuple une terre barbare, habit\u00e9e de sauvages hostiles au \u00ab\u00a0progr\u00e8s\u00a0\u00bb dont Paris et sa bourgeoisie, phare de la civilisation, serait les d\u00e9positaires. Ici, dans un genre nouveau, puisque le progr\u00e8s y est associ\u00e9 \u00e0 l&rsquo;immigration non-europ\u00e9enne, pr\u00e9sent\u00e9e en bienfait universel car vecteur d&rsquo;abolition de l&rsquo;identit\u00e9 la population bretonne, obstacle born\u00e9 \u00e0 l&rsquo;\u00e9mergence d&rsquo;une humanit\u00e9 nouvelle.<\/p>\n<p style=\"text-align: justify;\">En voulant conserver leur identit\u00e9 et leurs traditions, les Bretons sont une nouvelle fois accus\u00e9s par Paris d&rsquo;\u00eatre une tribu r\u00e9actionnaire qui s&rsquo;oppose \u00e0 sa \u00ab\u00a0mission\u00a0\u00bb civilisatrice de Paris. Les r\u00e9volutionnaires fran\u00e7ais ne parlaient pas autrement et, \u00e0 d\u00e9faut de migrants, exp\u00e9diaient-ils leurs guillotineurs pour civiliser la Bretagne \u00ab\u00a0archa\u00efque\u00a0\u00bb.<\/p>\n<p>Rien n&rsquo;a chang\u00e9.<\/p>\n<p style=\"text-align: right;\"><strong>Ewen Broc&rsquo;han<\/strong><\/p>\n","protected":false},"excerpt":{"rendered":"<p>En septembre prochain sort \u00ab\u00a0Les Barbares\u00a0\u00bb, un film parisien tr\u00e8s hostile aux Bretons, de la r\u00e9alisatrice Julie Delpy, qui vit \u00e0 Los Angeles. D\u00e9peints en idiots \u00ab\u00a0x\u00e9nophobes\u00a0\u00bb doubl\u00e9s de racistes hypocrites, les Bretons, par leur refus de l&rsquo;immigration afro-musulmane, y sont d\u00e9peints comme les v\u00e9ritables barbares de cette histoire tandis que les migrants y sont [&hellip;]<\/p>\n","protected":false},"author":1,"featured_media":2084,"comment_status":"open","ping_status":"open","sticky":false,"template":"","format":"standard","meta":{"sb_editor_width":"","footnotes":""},"categories":[63,65,54],"tags":[],"class_list":["post-2081","post","type-post","status-publish","format-standard","has-post-thumbnail","hentry","category-editorial","category-principale","category-societe"],"relative_dates":{"created":"2 ans ago","modified":"2 ans ago"},"yoast_head":"<!-- This site is optimized with the Yoast SEO plugin v26.3 - https:\/\/yoast.com\/wordpress\/plugins\/seo\/ -->\n<title>&quot;Les Barbares&quot; : l&#039;antique proc\u00e8s en sauvagerie de la bourgeoisie parisienne contre les Bretons - STOURM<\/title>\n<meta name=\"robots\" content=\"index, follow, max-snippet:-1, max-image-preview:large, max-video-preview:-1\" \/>\n<link rel=\"canonical\" href=\"https:\/\/stourm.news\/?p=2081\" \/>\n<meta property=\"og:locale\" content=\"fr_FR\" \/>\n<meta property=\"og:type\" content=\"article\" \/>\n<meta property=\"og:title\" content=\"&quot;Les Barbares&quot; : l&#039;antique proc\u00e8s en sauvagerie de la bourgeoisie parisienne contre les Bretons - STOURM\" \/>\n<meta property=\"og:description\" content=\"En septembre prochain sort \u00ab\u00a0Les Barbares\u00a0\u00bb, un film parisien tr\u00e8s hostile aux Bretons, de la r\u00e9alisatrice Julie Delpy, qui vit \u00e0 Los Angeles. D\u00e9peints en idiots \u00ab\u00a0x\u00e9nophobes\u00a0\u00bb doubl\u00e9s de racistes hypocrites, les Bretons, par leur refus de l&rsquo;immigration afro-musulmane, y sont d\u00e9peints comme les v\u00e9ritables barbares de cette histoire tandis que les migrants y sont [&hellip;]\" \/>\n<meta property=\"og:url\" content=\"https:\/\/stourm.news\/?p=2081\" \/>\n<meta property=\"og:site_name\" content=\"STOURM\" \/>\n<meta property=\"article:publisher\" content=\"https:\/\/www.facebook.com\/stourmnews\/\" \/>\n<meta property=\"article:published_time\" content=\"2024-08-21T05:33:41+00:00\" \/>\n<meta property=\"article:modified_time\" content=\"2024-08-21T06:47:05+00:00\" \/>\n<meta property=\"og:image\" content=\"https:\/\/stourm.news\/wp-content\/uploads\/2024\/08\/hq720.jpg\" \/>\n\t<meta property=\"og:image:width\" content=\"686\" \/>\n\t<meta property=\"og:image:height\" content=\"386\" \/>\n\t<meta property=\"og:image:type\" content=\"image\/jpeg\" \/>\n<meta name=\"author\" content=\"La r\u00e9daction\" \/>\n<meta name=\"twitter:card\" content=\"summary_large_image\" \/>\n<meta name=\"twitter:label1\" content=\"\u00c9crit par\" \/>\n\t<meta name=\"twitter:data1\" content=\"La r\u00e9daction\" \/>\n\t<meta name=\"twitter:label2\" content=\"Dur\u00e9e de lecture estim\u00e9e\" \/>\n\t<meta name=\"twitter:data2\" content=\"2 minutes\" \/>\n<script type=\"application\/ld+json\" class=\"yoast-schema-graph\">{\"@context\":\"https:\/\/schema.org\",\"@graph\":[{\"@type\":\"Article\",\"@id\":\"https:\/\/stourm.news\/?p=2081#article\",\"isPartOf\":{\"@id\":\"https:\/\/stourm.news\/?p=2081\"},\"author\":{\"name\":\"La r\u00e9daction\",\"@id\":\"https:\/\/stourm.news\/#\/schema\/person\/c3e1dc65988632e190969234ef046cf9\"},\"headline\":\"\u00ab\u00a0Les Barbares\u00a0\u00bb : l&rsquo;antique proc\u00e8s en sauvagerie de la bourgeoisie parisienne contre les Bretons\",\"datePublished\":\"2024-08-21T05:33:41+00:00\",\"dateModified\":\"2024-08-21T06:47:05+00:00\",\"mainEntityOfPage\":{\"@id\":\"https:\/\/stourm.news\/?p=2081\"},\"wordCount\":368,\"commentCount\":0,\"publisher\":{\"@id\":\"https:\/\/stourm.news\/#organization\"},\"image\":{\"@id\":\"https:\/\/stourm.news\/?p=2081#primaryimage\"},\"thumbnailUrl\":\"https:\/\/stourm.news\/wp-content\/uploads\/2024\/08\/hq720.jpg\",\"articleSection\":[\"Editorial\",\"Principale\",\"Soci\u00e9t\u00e9\"],\"inLanguage\":\"fr-FR\",\"potentialAction\":[{\"@type\":\"CommentAction\",\"name\":\"Comment\",\"target\":[\"https:\/\/stourm.news\/?p=2081#respond\"]}]},{\"@type\":\"WebPage\",\"@id\":\"https:\/\/stourm.news\/?p=2081\",\"url\":\"https:\/\/stourm.news\/?p=2081\",\"name\":\"\\\"Les Barbares\\\" : l'antique proc\u00e8s en sauvagerie de la bourgeoisie parisienne contre les Bretons - STOURM\",\"isPartOf\":{\"@id\":\"https:\/\/stourm.news\/#website\"},\"primaryImageOfPage\":{\"@id\":\"https:\/\/stourm.news\/?p=2081#primaryimage\"},\"image\":{\"@id\":\"https:\/\/stourm.news\/?p=2081#primaryimage\"},\"thumbnailUrl\":\"https:\/\/stourm.news\/wp-content\/uploads\/2024\/08\/hq720.jpg\",\"datePublished\":\"2024-08-21T05:33:41+00:00\",\"dateModified\":\"2024-08-21T06:47:05+00:00\",\"breadcrumb\":{\"@id\":\"https:\/\/stourm.news\/?p=2081#breadcrumb\"},\"inLanguage\":\"fr-FR\",\"potentialAction\":[{\"@type\":\"ReadAction\",\"target\":[\"https:\/\/stourm.news\/?p=2081\"]}]},{\"@type\":\"ImageObject\",\"inLanguage\":\"fr-FR\",\"@id\":\"https:\/\/stourm.news\/?p=2081#primaryimage\",\"url\":\"https:\/\/stourm.news\/wp-content\/uploads\/2024\/08\/hq720.jpg\",\"contentUrl\":\"https:\/\/stourm.news\/wp-content\/uploads\/2024\/08\/hq720.jpg\",\"width\":686,\"height\":386},{\"@type\":\"BreadcrumbList\",\"@id\":\"https:\/\/stourm.news\/?p=2081#breadcrumb\",\"itemListElement\":[{\"@type\":\"ListItem\",\"position\":1,\"name\":\"Accueil\",\"item\":\"https:\/\/stourm.news\/\"},{\"@type\":\"ListItem\",\"position\":2,\"name\":\"\u00ab\u00a0Les Barbares\u00a0\u00bb : l&rsquo;antique proc\u00e8s en sauvagerie de la bourgeoisie parisienne contre les Bretons\"}]},{\"@type\":\"WebSite\",\"@id\":\"https:\/\/stourm.news\/#website\",\"url\":\"https:\/\/stourm.news\/\",\"name\":\"Stourm\",\"description\":\"Kazetenn Strollad Broadel Breizh\",\"publisher\":{\"@id\":\"https:\/\/stourm.news\/#organization\"},\"potentialAction\":[{\"@type\":\"SearchAction\",\"target\":{\"@type\":\"EntryPoint\",\"urlTemplate\":\"https:\/\/stourm.news\/?s={search_term_string}\"},\"query-input\":{\"@type\":\"PropertyValueSpecification\",\"valueRequired\":true,\"valueName\":\"search_term_string\"}}],\"inLanguage\":\"fr-FR\"},{\"@type\":\"Organization\",\"@id\":\"https:\/\/stourm.news\/#organization\",\"name\":\"Stourm\",\"url\":\"https:\/\/stourm.news\/\",\"logo\":{\"@type\":\"ImageObject\",\"inLanguage\":\"fr-FR\",\"@id\":\"https:\/\/stourm.news\/#\/schema\/logo\/image\/\",\"url\":\"https:\/\/stourm.news\/wp-content\/uploads\/2025\/11\/cropped-Capture-decran-2025-11-28-a-15.19.07.png\",\"contentUrl\":\"https:\/\/stourm.news\/wp-content\/uploads\/2025\/11\/cropped-Capture-decran-2025-11-28-a-15.19.07.png\",\"width\":1855,\"height\":383,\"caption\":\"Stourm\"},\"image\":{\"@id\":\"https:\/\/stourm.news\/#\/schema\/logo\/image\/\"},\"sameAs\":[\"https:\/\/www.facebook.com\/stourmnews\/\"]},{\"@type\":\"Person\",\"@id\":\"https:\/\/stourm.news\/#\/schema\/person\/c3e1dc65988632e190969234ef046cf9\",\"name\":\"La r\u00e9daction\",\"image\":{\"@type\":\"ImageObject\",\"inLanguage\":\"fr-FR\",\"@id\":\"https:\/\/stourm.news\/#\/schema\/person\/image\/\",\"url\":\"https:\/\/secure.gravatar.com\/avatar\/7463443f194b6b5fb706b074ca0ef59a0cfcfd720cb47764b0ec5a952ce422b3?s=96&d=mm&r=g\",\"contentUrl\":\"https:\/\/secure.gravatar.com\/avatar\/7463443f194b6b5fb706b074ca0ef59a0cfcfd720cb47764b0ec5a952ce422b3?s=96&d=mm&r=g\",\"caption\":\"La r\u00e9daction\"},\"sameAs\":[\"https:\/\/stourm.news\"],\"url\":\"https:\/\/stourm.news\/?author=1\"}]}<\/script>\n<!-- \/ Yoast SEO plugin. -->","yoast_head_json":{"title":"\"Les Barbares\" : l'antique proc\u00e8s en sauvagerie de la bourgeoisie parisienne contre les Bretons - STOURM","robots":{"index":"index","follow":"follow","max-snippet":"max-snippet:-1","max-image-preview":"max-image-preview:large","max-video-preview":"max-video-preview:-1"},"canonical":"https:\/\/stourm.news\/?p=2081","og_locale":"fr_FR","og_type":"article","og_title":"\"Les Barbares\" : l'antique proc\u00e8s en sauvagerie de la bourgeoisie parisienne contre les Bretons - STOURM","og_description":"En septembre prochain sort \u00ab\u00a0Les Barbares\u00a0\u00bb, un film parisien tr\u00e8s hostile aux Bretons, de la r\u00e9alisatrice Julie Delpy, qui vit \u00e0 Los Angeles. D\u00e9peints en idiots \u00ab\u00a0x\u00e9nophobes\u00a0\u00bb doubl\u00e9s de racistes hypocrites, les Bretons, par leur refus de l&rsquo;immigration afro-musulmane, y sont d\u00e9peints comme les v\u00e9ritables barbares de cette histoire tandis que les migrants y sont [&hellip;]","og_url":"https:\/\/stourm.news\/?p=2081","og_site_name":"STOURM","article_publisher":"https:\/\/www.facebook.com\/stourmnews\/","article_published_time":"2024-08-21T05:33:41+00:00","article_modified_time":"2024-08-21T06:47:05+00:00","og_image":[{"width":686,"height":386,"url":"https:\/\/stourm.news\/wp-content\/uploads\/2024\/08\/hq720.jpg","type":"image\/jpeg"}],"author":"La r\u00e9daction","twitter_card":"summary_large_image","twitter_misc":{"\u00c9crit par":"La r\u00e9daction","Dur\u00e9e de lecture estim\u00e9e":"2 minutes"},"schema":{"@context":"https:\/\/schema.org","@graph":[{"@type":"Article","@id":"https:\/\/stourm.news\/?p=2081#article","isPartOf":{"@id":"https:\/\/stourm.news\/?p=2081"},"author":{"name":"La r\u00e9daction","@id":"https:\/\/stourm.news\/#\/schema\/person\/c3e1dc65988632e190969234ef046cf9"},"headline":"\u00ab\u00a0Les Barbares\u00a0\u00bb : l&rsquo;antique proc\u00e8s en sauvagerie de la bourgeoisie parisienne contre les Bretons","datePublished":"2024-08-21T05:33:41+00:00","dateModified":"2024-08-21T06:47:05+00:00","mainEntityOfPage":{"@id":"https:\/\/stourm.news\/?p=2081"},"wordCount":368,"commentCount":0,"publisher":{"@id":"https:\/\/stourm.news\/#organization"},"image":{"@id":"https:\/\/stourm.news\/?p=2081#primaryimage"},"thumbnailUrl":"https:\/\/stourm.news\/wp-content\/uploads\/2024\/08\/hq720.jpg","articleSection":["Editorial","Principale","Soci\u00e9t\u00e9"],"inLanguage":"fr-FR","potentialAction":[{"@type":"CommentAction","name":"Comment","target":["https:\/\/stourm.news\/?p=2081#respond"]}]},{"@type":"WebPage","@id":"https:\/\/stourm.news\/?p=2081","url":"https:\/\/stourm.news\/?p=2081","name":"\"Les Barbares\" : l'antique proc\u00e8s en sauvagerie de la bourgeoisie parisienne contre les Bretons - STOURM","isPartOf":{"@id":"https:\/\/stourm.news\/#website"},"primaryImageOfPage":{"@id":"https:\/\/stourm.news\/?p=2081#primaryimage"},"image":{"@id":"https:\/\/stourm.news\/?p=2081#primaryimage"},"thumbnailUrl":"https:\/\/stourm.news\/wp-content\/uploads\/2024\/08\/hq720.jpg","datePublished":"2024-08-21T05:33:41+00:00","dateModified":"2024-08-21T06:47:05+00:00","breadcrumb":{"@id":"https:\/\/stourm.news\/?p=2081#breadcrumb"},"inLanguage":"fr-FR","potentialAction":[{"@type":"ReadAction","target":["https:\/\/stourm.news\/?p=2081"]}]},{"@type":"ImageObject","inLanguage":"fr-FR","@id":"https:\/\/stourm.news\/?p=2081#primaryimage","url":"https:\/\/stourm.news\/wp-content\/uploads\/2024\/08\/hq720.jpg","contentUrl":"https:\/\/stourm.news\/wp-content\/uploads\/2024\/08\/hq720.jpg","width":686,"height":386},{"@type":"BreadcrumbList","@id":"https:\/\/stourm.news\/?p=2081#breadcrumb","itemListElement":[{"@type":"ListItem","position":1,"name":"Accueil","item":"https:\/\/stourm.news\/"},{"@type":"ListItem","position":2,"name":"\u00ab\u00a0Les Barbares\u00a0\u00bb : l&rsquo;antique proc\u00e8s en sauvagerie de la bourgeoisie parisienne contre les Bretons"}]},{"@type":"WebSite","@id":"https:\/\/stourm.news\/#website","url":"https:\/\/stourm.news\/","name":"Stourm","description":"Kazetenn Strollad Broadel Breizh","publisher":{"@id":"https:\/\/stourm.news\/#organization"},"potentialAction":[{"@type":"SearchAction","target":{"@type":"EntryPoint","urlTemplate":"https:\/\/stourm.news\/?s={search_term_string}"},"query-input":{"@type":"PropertyValueSpecification","valueRequired":true,"valueName":"search_term_string"}}],"inLanguage":"fr-FR"},{"@type":"Organization","@id":"https:\/\/stourm.news\/#organization","name":"Stourm","url":"https:\/\/stourm.news\/","logo":{"@type":"ImageObject","inLanguage":"fr-FR","@id":"https:\/\/stourm.news\/#\/schema\/logo\/image\/","url":"https:\/\/stourm.news\/wp-content\/uploads\/2025\/11\/cropped-Capture-decran-2025-11-28-a-15.19.07.png","contentUrl":"https:\/\/stourm.news\/wp-content\/uploads\/2025\/11\/cropped-Capture-decran-2025-11-28-a-15.19.07.png","width":1855,"height":383,"caption":"Stourm"},"image":{"@id":"https:\/\/stourm.news\/#\/schema\/logo\/image\/"},"sameAs":["https:\/\/www.facebook.com\/stourmnews\/"]},{"@type":"Person","@id":"https:\/\/stourm.news\/#\/schema\/person\/c3e1dc65988632e190969234ef046cf9","name":"La r\u00e9daction","image":{"@type":"ImageObject","inLanguage":"fr-FR","@id":"https:\/\/stourm.news\/#\/schema\/person\/image\/","url":"https:\/\/secure.gravatar.com\/avatar\/7463443f194b6b5fb706b074ca0ef59a0cfcfd720cb47764b0ec5a952ce422b3?s=96&d=mm&r=g","contentUrl":"https:\/\/secure.gravatar.com\/avatar\/7463443f194b6b5fb706b074ca0ef59a0cfcfd720cb47764b0ec5a952ce422b3?s=96&d=mm&r=g","caption":"La r\u00e9daction"},"sameAs":["https:\/\/stourm.news"],"url":"https:\/\/stourm.news\/?author=1"}]}},"_links":{"self":[{"href":"https:\/\/stourm.news\/index.php?rest_route=\/wp\/v2\/posts\/2081","targetHints":{"allow":["GET"]}}],"collection":[{"href":"https:\/\/stourm.news\/index.php?rest_route=\/wp\/v2\/posts"}],"about":[{"href":"https:\/\/stourm.news\/index.php?rest_route=\/wp\/v2\/types\/post"}],"author":[{"embeddable":true,"href":"https:\/\/stourm.news\/index.php?rest_route=\/wp\/v2\/users\/1"}],"replies":[{"embeddable":true,"href":"https:\/\/stourm.news\/index.php?rest_route=%2Fwp%2Fv2%2Fcomments&post=2081"}],"version-history":[{"count":3,"href":"https:\/\/stourm.news\/index.php?rest_route=\/wp\/v2\/posts\/2081\/revisions"}],"predecessor-version":[{"id":2085,"href":"https:\/\/stourm.news\/index.php?rest_route=\/wp\/v2\/posts\/2081\/revisions\/2085"}],"wp:featuredmedia":[{"embeddable":true,"href":"https:\/\/stourm.news\/index.php?rest_route=\/wp\/v2\/media\/2084"}],"wp:attachment":[{"href":"https:\/\/stourm.news\/index.php?rest_route=%2Fwp%2Fv2%2Fmedia&parent=2081"}],"wp:term":[{"taxonomy":"category","embeddable":true,"href":"https:\/\/stourm.news\/index.php?rest_route=%2Fwp%2Fv2%2Fcategories&post=2081"},{"taxonomy":"post_tag","embeddable":true,"href":"https:\/\/stourm.news\/index.php?rest_route=%2Fwp%2Fv2%2Ftags&post=2081"}],"curies":[{"name":"wp","href":"https:\/\/api.w.org\/{rel}","templated":true}]}}