{"id":2092,"date":"2024-08-23T05:17:13","date_gmt":"2024-08-23T05:17:13","guid":{"rendered":"https:\/\/stourm.news\/?p=2092"},"modified":"2024-08-23T05:18:02","modified_gmt":"2024-08-23T05:18:02","slug":"le-conseil-regional-de-bretagne-a-soutenu-le-film-les-barbares-qui-presentent-les-bretons-en-idiots-racistes","status":"publish","type":"post","link":"https:\/\/stourm.news\/?p=2092","title":{"rendered":"Le Conseil \u00ab\u00a0r\u00e9gional\u00a0\u00bb de Bretagne a soutenu le film \u00ab\u00a0Les Barbares\u00a0\u00bb qui pr\u00e9sente les Bretons en idiots \u00ab\u00a0racistes\u00a0\u00bb"},"content":{"rendered":"<p style=\"text-align: justify;\">La production du film \u00ab\u00a0Les Barbares\u00a0\u00bb de la r\u00e9alisatrice franco-am\u00e9ricaine Julie Delpy, un film qui d\u00e9peint les Bretons comme des idiots arri\u00e9r\u00e9s, hypocrites et x\u00e9nophobes car ils refuseraient l&rsquo;immigration afro-musulmane, a \u00e9t\u00e9 soutenue par la \u00ab\u00a0r\u00e9gion\u00a0\u00bb Bretagne via un organisme qui d\u00e9pend d&rsquo;elle, \u00ab\u00a0Bretagne cin\u00e9ma\u00a0\u00bb.<\/p>\n<p style=\"text-align: justify;\">Cet organisme plac\u00e9 sous la direction du Conseil \u00ab\u00a0R\u00e9gional\u00a0\u00bb de Bretagne a en effet aid\u00e9 techniquement \u00e0 sa production comme l&rsquo;indique son <a href=\"https:\/\/cinema.bretagne.bzh\/actualites\/2023\/04\/recherche-enfants-adolescents-filles-garcons-pour-le-tournage-dun-long-metrage-en-bretagne\/\">site internet<\/a>.<\/p>\n<p><img fetchpriority=\"high\" decoding=\"async\" class=\"alignnone wp-image-2093 size-full\" src=\"https:\/\/stourm.news\/wp-content\/uploads\/2024\/08\/Capture-decran-2024-08-23-a-13.45.28.png\" alt=\"\" width=\"1418\" height=\"692\" srcset=\"https:\/\/stourm.news\/wp-content\/uploads\/2024\/08\/Capture-decran-2024-08-23-a-13.45.28.png 1418w, https:\/\/stourm.news\/wp-content\/uploads\/2024\/08\/Capture-decran-2024-08-23-a-13.45.28-300x146.png 300w, https:\/\/stourm.news\/wp-content\/uploads\/2024\/08\/Capture-decran-2024-08-23-a-13.45.28-1024x500.png 1024w, https:\/\/stourm.news\/wp-content\/uploads\/2024\/08\/Capture-decran-2024-08-23-a-13.45.28-768x375.png 768w\" sizes=\"(max-width: 1418px) 100vw, 1418px\" \/><\/p>\n<p style=\"text-align: justify;\">\u00ab\u00a0Bretagne cin\u00e9ma\u00a0\u00bb indique que son soutien \u00ab\u00a0s\u2019inscrit dans le cadre de la strat\u00e9gie globale de la R\u00e9gion pour la diversit\u00e9 de la cr\u00e9ation et la structuration d\u2019une fili\u00e8re cin\u00e9matographique et audiovisuelle <strong>bretonne<\/strong> ambitieuse, singuli\u00e8re et ouverte\u00a0\u00bb.<\/p>\n<p style=\"text-align: justify;\">Pr\u00e9senter les Bretons comme des \u00ab\u00a0barbares\u00a0\u00bb arri\u00e9r\u00e9s au motif qu&rsquo;ils s&rsquo;opposeraient \u00e0 l&rsquo;immigration extra-europ\u00e9enne impos\u00e9e par Paris serait donc le genre de production audiovisuelle \u00ab\u00a0ambitieuse\u00a0\u00bb que recherchent le Conseil \u00ab\u00a0R\u00e9gional\u00a0\u00bb, sa majorit\u00e9 franco-socialiste et son pr\u00e9sident, Lo\u00efg Chesnais-Girard.<\/p>\n<blockquote class=\"twitter-tweet\">\n<p dir=\"ltr\" lang=\"fr\">En septembre sort \u00ab\u00a0Les Barbares\u00a0\u00bb, un film parisien tr\u00e8s hostile aux Bretons, de la r\u00e9alisatrice Julie Delpy, vivant \u00e0 Los Angeles. D\u00e9peints en idiots \u00ab\u00a0x\u00e9nophobes\u00a0\u00bb, les Bretons, par leur refus de l&rsquo;immigration musulmane, y sont les vrais barbares, ennemis de la civilisation. <a href=\"https:\/\/t.co\/POVIxxysUC\">pic.twitter.com\/POVIxxysUC<\/a><\/p>\n<p>\u2014 Stourm! (@Stourm39280) <a href=\"https:\/\/twitter.com\/Stourm39280\/status\/1825865244201332990?ref_src=twsrc%5Etfw\">August 20, 2024<\/a><\/p><\/blockquote>\n<p><script async src=\"https:\/\/platform.twitter.com\/widgets.js\" charset=\"utf-8\"><\/script><\/p>\n<p style=\"text-align: justify;\">Nous voyons une nouvelle fois la \u00ab\u00a0R\u00e9gion Bretagne\u00a0\u00bb pour ce qu&rsquo;elle est vraiment : un simple relais institutionnel de la bourgeoisie parisienne, tout comme de ses repr\u00e9sentations culturelles. Loin d&rsquo;oeuvrer \u00e0 l&rsquo;\u00e9mergence d&rsquo;une production audiovisuelle \u00ab\u00a0bretonne\u00a0\u00bb, elle diffuse et amplifie les repr\u00e9sentations collectives dominantes qui ont cours au sein des \u00e9lites parisiennes. Caricaturer, rabaisser, salir les Bretons, voil\u00e0 \u00ab\u00a0l&rsquo;ambition\u00a0\u00bb.<\/p>\n<p style=\"text-align: justify;\">Cette attitude synth\u00e9tise l&rsquo;esprit m\u00eame de cette \u00ab\u00a0R\u00e9gion\u00a0\u00bb administrative : aligner la Bretagne sur Paris, sa bourgeoisie et l&rsquo;\u00c9tat fran\u00e7ais.<\/p>\n<p style=\"text-align: justify;\">\u00c0 cette heure, personne n&rsquo;a interpell\u00e9 la pr\u00e9sidence PS du Conseil \u00ab\u00a0R\u00e9gional\u00a0\u00bb \u00e0 propos de ce scandale, mais nous connaissons d&rsquo;ores et d\u00e9j\u00e0 la r\u00e9ponse de Chesnais-Girard s&rsquo;il venait \u00e0 r\u00e9agir : la \u00ab\u00a0libert\u00e9 de cr\u00e9ation\u00a0\u00bb suppose d&rsquo;accepter la caricature, du moins si elle provient de la gauche parisienne, bien entendu, ce que ne pr\u00e9cisera pas l&rsquo;int\u00e9ress\u00e9.<\/p>\n<p style=\"text-align: justify;\">Que la bourgeoisie parisienne insulte les Bretons, voil\u00e0 qui dure depuis plus de deux si\u00e8cles et personne, surtout pas nous, n&rsquo;en sera \u00e9tonn\u00e9. En revanche, nulle part il n&rsquo;est \u00e9crit que les Bretons devraient financer avec leurs imp\u00f4ts une bourgeoisie parisienne d\u00e9j\u00e0 lourdement subventionn\u00e9 pour se faire insulter. Il y a en Bretagne suffisamment de cr\u00e9ateurs en manque de soutien pour que l&rsquo;on cesse de financer le non-art officiel fran\u00e7ais.<\/p>\n<p style=\"text-align: right;\"><strong>Ewen Broc&rsquo;han<\/strong><\/p>\n<p>&nbsp;<\/p>\n","protected":false},"excerpt":{"rendered":"<p>La production du film \u00ab\u00a0Les Barbares\u00a0\u00bb de la r\u00e9alisatrice franco-am\u00e9ricaine Julie Delpy, un film qui d\u00e9peint les Bretons comme des idiots arri\u00e9r\u00e9s, hypocrites et x\u00e9nophobes car ils refuseraient l&rsquo;immigration afro-musulmane, a \u00e9t\u00e9 soutenue par la \u00ab\u00a0r\u00e9gion\u00a0\u00bb Bretagne via un organisme qui d\u00e9pend d&rsquo;elle, \u00ab\u00a0Bretagne cin\u00e9ma\u00a0\u00bb. Cet organisme plac\u00e9 sous la direction du Conseil \u00ab\u00a0R\u00e9gional\u00a0\u00bb de [&hellip;]<\/p>\n","protected":false},"author":1,"featured_media":2094,"comment_status":"open","ping_status":"open","sticky":false,"template":"","format":"standard","meta":{"sb_editor_width":"","footnotes":""},"categories":[58,48,67,65],"tags":[],"class_list":["post-2092","post","type-post","status-publish","format-standard","has-post-thumbnail","hentry","category-breizh","category-occupation-francaise","category-politique","category-principale"],"relative_dates":{"created":"2 ans ago","modified":"2 ans ago"},"yoast_head":"<!-- This site is optimized with the Yoast SEO plugin v26.3 - https:\/\/yoast.com\/wordpress\/plugins\/seo\/ -->\n<title>Le Conseil &quot;r\u00e9gional&quot; de Bretagne a soutenu le film &quot;Les Barbares&quot; qui pr\u00e9sente les Bretons en idiots &quot;racistes&quot; - STOURM<\/title>\n<meta name=\"robots\" content=\"index, follow, max-snippet:-1, max-image-preview:large, max-video-preview:-1\" \/>\n<link rel=\"canonical\" href=\"https:\/\/stourm.news\/?p=2092\" \/>\n<meta property=\"og:locale\" content=\"fr_FR\" \/>\n<meta property=\"og:type\" content=\"article\" \/>\n<meta property=\"og:title\" content=\"Le Conseil &quot;r\u00e9gional&quot; de Bretagne a soutenu le film &quot;Les Barbares&quot; qui pr\u00e9sente les Bretons en idiots &quot;racistes&quot; - STOURM\" \/>\n<meta property=\"og:description\" content=\"La production du film \u00ab\u00a0Les Barbares\u00a0\u00bb de la r\u00e9alisatrice franco-am\u00e9ricaine Julie Delpy, un film qui d\u00e9peint les Bretons comme des idiots arri\u00e9r\u00e9s, hypocrites et x\u00e9nophobes car ils refuseraient l&rsquo;immigration afro-musulmane, a \u00e9t\u00e9 soutenue par la \u00ab\u00a0r\u00e9gion\u00a0\u00bb Bretagne via un organisme qui d\u00e9pend d&rsquo;elle, \u00ab\u00a0Bretagne cin\u00e9ma\u00a0\u00bb. Cet organisme plac\u00e9 sous la direction du Conseil \u00ab\u00a0R\u00e9gional\u00a0\u00bb de [&hellip;]\" \/>\n<meta property=\"og:url\" content=\"https:\/\/stourm.news\/?p=2092\" \/>\n<meta property=\"og:site_name\" content=\"STOURM\" \/>\n<meta property=\"article:publisher\" content=\"https:\/\/www.facebook.com\/stourmnews\/\" \/>\n<meta property=\"article:published_time\" content=\"2024-08-23T05:17:13+00:00\" \/>\n<meta property=\"article:modified_time\" content=\"2024-08-23T05:18:02+00:00\" \/>\n<meta property=\"og:image\" content=\"https:\/\/stourm.news\/wp-content\/uploads\/2024\/08\/1444x920_affiche-du-film-les-barbares.webp\" \/>\n\t<meta property=\"og:image:width\" content=\"1178\" \/>\n\t<meta property=\"og:image:height\" content=\"750\" \/>\n\t<meta property=\"og:image:type\" content=\"image\/webp\" \/>\n<meta name=\"author\" content=\"La r\u00e9daction\" \/>\n<meta name=\"twitter:card\" content=\"summary_large_image\" \/>\n<meta name=\"twitter:label1\" content=\"\u00c9crit par\" \/>\n\t<meta name=\"twitter:data1\" content=\"La r\u00e9daction\" \/>\n\t<meta name=\"twitter:label2\" content=\"Dur\u00e9e de lecture estim\u00e9e\" \/>\n\t<meta name=\"twitter:data2\" content=\"3 minutes\" \/>\n<script type=\"application\/ld+json\" class=\"yoast-schema-graph\">{\"@context\":\"https:\/\/schema.org\",\"@graph\":[{\"@type\":\"Article\",\"@id\":\"https:\/\/stourm.news\/?p=2092#article\",\"isPartOf\":{\"@id\":\"https:\/\/stourm.news\/?p=2092\"},\"author\":{\"name\":\"La r\u00e9daction\",\"@id\":\"https:\/\/stourm.news\/#\/schema\/person\/c3e1dc65988632e190969234ef046cf9\"},\"headline\":\"Le Conseil \u00ab\u00a0r\u00e9gional\u00a0\u00bb de Bretagne a soutenu le film \u00ab\u00a0Les Barbares\u00a0\u00bb qui pr\u00e9sente les Bretons en idiots \u00ab\u00a0racistes\u00a0\u00bb\",\"datePublished\":\"2024-08-23T05:17:13+00:00\",\"dateModified\":\"2024-08-23T05:18:02+00:00\",\"mainEntityOfPage\":{\"@id\":\"https:\/\/stourm.news\/?p=2092\"},\"wordCount\":485,\"commentCount\":0,\"publisher\":{\"@id\":\"https:\/\/stourm.news\/#organization\"},\"image\":{\"@id\":\"https:\/\/stourm.news\/?p=2092#primaryimage\"},\"thumbnailUrl\":\"https:\/\/stourm.news\/wp-content\/uploads\/2024\/08\/1444x920_affiche-du-film-les-barbares.webp\",\"articleSection\":[\"Breizh\",\"Occupation fran\u00e7aise\",\"Politique\",\"Principale\"],\"inLanguage\":\"fr-FR\",\"potentialAction\":[{\"@type\":\"CommentAction\",\"name\":\"Comment\",\"target\":[\"https:\/\/stourm.news\/?p=2092#respond\"]}]},{\"@type\":\"WebPage\",\"@id\":\"https:\/\/stourm.news\/?p=2092\",\"url\":\"https:\/\/stourm.news\/?p=2092\",\"name\":\"Le Conseil \\\"r\u00e9gional\\\" de Bretagne a soutenu le film \\\"Les Barbares\\\" qui pr\u00e9sente les Bretons en idiots \\\"racistes\\\" - STOURM\",\"isPartOf\":{\"@id\":\"https:\/\/stourm.news\/#website\"},\"primaryImageOfPage\":{\"@id\":\"https:\/\/stourm.news\/?p=2092#primaryimage\"},\"image\":{\"@id\":\"https:\/\/stourm.news\/?p=2092#primaryimage\"},\"thumbnailUrl\":\"https:\/\/stourm.news\/wp-content\/uploads\/2024\/08\/1444x920_affiche-du-film-les-barbares.webp\",\"datePublished\":\"2024-08-23T05:17:13+00:00\",\"dateModified\":\"2024-08-23T05:18:02+00:00\",\"breadcrumb\":{\"@id\":\"https:\/\/stourm.news\/?p=2092#breadcrumb\"},\"inLanguage\":\"fr-FR\",\"potentialAction\":[{\"@type\":\"ReadAction\",\"target\":[\"https:\/\/stourm.news\/?p=2092\"]}]},{\"@type\":\"ImageObject\",\"inLanguage\":\"fr-FR\",\"@id\":\"https:\/\/stourm.news\/?p=2092#primaryimage\",\"url\":\"https:\/\/stourm.news\/wp-content\/uploads\/2024\/08\/1444x920_affiche-du-film-les-barbares.webp\",\"contentUrl\":\"https:\/\/stourm.news\/wp-content\/uploads\/2024\/08\/1444x920_affiche-du-film-les-barbares.webp\",\"width\":1178,\"height\":750},{\"@type\":\"BreadcrumbList\",\"@id\":\"https:\/\/stourm.news\/?p=2092#breadcrumb\",\"itemListElement\":[{\"@type\":\"ListItem\",\"position\":1,\"name\":\"Accueil\",\"item\":\"https:\/\/stourm.news\/\"},{\"@type\":\"ListItem\",\"position\":2,\"name\":\"Le Conseil \u00ab\u00a0r\u00e9gional\u00a0\u00bb de Bretagne a soutenu le film \u00ab\u00a0Les Barbares\u00a0\u00bb qui pr\u00e9sente les Bretons en idiots \u00ab\u00a0racistes\u00a0\u00bb\"}]},{\"@type\":\"WebSite\",\"@id\":\"https:\/\/stourm.news\/#website\",\"url\":\"https:\/\/stourm.news\/\",\"name\":\"Stourm\",\"description\":\"Kazetenn Strollad Broadel Breizh\",\"publisher\":{\"@id\":\"https:\/\/stourm.news\/#organization\"},\"potentialAction\":[{\"@type\":\"SearchAction\",\"target\":{\"@type\":\"EntryPoint\",\"urlTemplate\":\"https:\/\/stourm.news\/?s={search_term_string}\"},\"query-input\":{\"@type\":\"PropertyValueSpecification\",\"valueRequired\":true,\"valueName\":\"search_term_string\"}}],\"inLanguage\":\"fr-FR\"},{\"@type\":\"Organization\",\"@id\":\"https:\/\/stourm.news\/#organization\",\"name\":\"Stourm\",\"url\":\"https:\/\/stourm.news\/\",\"logo\":{\"@type\":\"ImageObject\",\"inLanguage\":\"fr-FR\",\"@id\":\"https:\/\/stourm.news\/#\/schema\/logo\/image\/\",\"url\":\"https:\/\/stourm.news\/wp-content\/uploads\/2025\/11\/cropped-Capture-decran-2025-11-28-a-15.19.07.png\",\"contentUrl\":\"https:\/\/stourm.news\/wp-content\/uploads\/2025\/11\/cropped-Capture-decran-2025-11-28-a-15.19.07.png\",\"width\":1855,\"height\":383,\"caption\":\"Stourm\"},\"image\":{\"@id\":\"https:\/\/stourm.news\/#\/schema\/logo\/image\/\"},\"sameAs\":[\"https:\/\/www.facebook.com\/stourmnews\/\"]},{\"@type\":\"Person\",\"@id\":\"https:\/\/stourm.news\/#\/schema\/person\/c3e1dc65988632e190969234ef046cf9\",\"name\":\"La r\u00e9daction\",\"image\":{\"@type\":\"ImageObject\",\"inLanguage\":\"fr-FR\",\"@id\":\"https:\/\/stourm.news\/#\/schema\/person\/image\/\",\"url\":\"https:\/\/secure.gravatar.com\/avatar\/7463443f194b6b5fb706b074ca0ef59a0cfcfd720cb47764b0ec5a952ce422b3?s=96&d=mm&r=g\",\"contentUrl\":\"https:\/\/secure.gravatar.com\/avatar\/7463443f194b6b5fb706b074ca0ef59a0cfcfd720cb47764b0ec5a952ce422b3?s=96&d=mm&r=g\",\"caption\":\"La r\u00e9daction\"},\"sameAs\":[\"https:\/\/stourm.news\"],\"url\":\"https:\/\/stourm.news\/?author=1\"}]}<\/script>\n<!-- \/ Yoast SEO plugin. -->","yoast_head_json":{"title":"Le Conseil \"r\u00e9gional\" de Bretagne a soutenu le film \"Les Barbares\" qui pr\u00e9sente les Bretons en idiots \"racistes\" - STOURM","robots":{"index":"index","follow":"follow","max-snippet":"max-snippet:-1","max-image-preview":"max-image-preview:large","max-video-preview":"max-video-preview:-1"},"canonical":"https:\/\/stourm.news\/?p=2092","og_locale":"fr_FR","og_type":"article","og_title":"Le Conseil \"r\u00e9gional\" de Bretagne a soutenu le film \"Les Barbares\" qui pr\u00e9sente les Bretons en idiots \"racistes\" - STOURM","og_description":"La production du film \u00ab\u00a0Les Barbares\u00a0\u00bb de la r\u00e9alisatrice franco-am\u00e9ricaine Julie Delpy, un film qui d\u00e9peint les Bretons comme des idiots arri\u00e9r\u00e9s, hypocrites et x\u00e9nophobes car ils refuseraient l&rsquo;immigration afro-musulmane, a \u00e9t\u00e9 soutenue par la \u00ab\u00a0r\u00e9gion\u00a0\u00bb Bretagne via un organisme qui d\u00e9pend d&rsquo;elle, \u00ab\u00a0Bretagne cin\u00e9ma\u00a0\u00bb. Cet organisme plac\u00e9 sous la direction du Conseil \u00ab\u00a0R\u00e9gional\u00a0\u00bb de [&hellip;]","og_url":"https:\/\/stourm.news\/?p=2092","og_site_name":"STOURM","article_publisher":"https:\/\/www.facebook.com\/stourmnews\/","article_published_time":"2024-08-23T05:17:13+00:00","article_modified_time":"2024-08-23T05:18:02+00:00","og_image":[{"width":1178,"height":750,"url":"https:\/\/stourm.news\/wp-content\/uploads\/2024\/08\/1444x920_affiche-du-film-les-barbares.webp","type":"image\/webp"}],"author":"La r\u00e9daction","twitter_card":"summary_large_image","twitter_misc":{"\u00c9crit par":"La r\u00e9daction","Dur\u00e9e de lecture estim\u00e9e":"3 minutes"},"schema":{"@context":"https:\/\/schema.org","@graph":[{"@type":"Article","@id":"https:\/\/stourm.news\/?p=2092#article","isPartOf":{"@id":"https:\/\/stourm.news\/?p=2092"},"author":{"name":"La r\u00e9daction","@id":"https:\/\/stourm.news\/#\/schema\/person\/c3e1dc65988632e190969234ef046cf9"},"headline":"Le Conseil \u00ab\u00a0r\u00e9gional\u00a0\u00bb de Bretagne a soutenu le film \u00ab\u00a0Les Barbares\u00a0\u00bb qui pr\u00e9sente les Bretons en idiots \u00ab\u00a0racistes\u00a0\u00bb","datePublished":"2024-08-23T05:17:13+00:00","dateModified":"2024-08-23T05:18:02+00:00","mainEntityOfPage":{"@id":"https:\/\/stourm.news\/?p=2092"},"wordCount":485,"commentCount":0,"publisher":{"@id":"https:\/\/stourm.news\/#organization"},"image":{"@id":"https:\/\/stourm.news\/?p=2092#primaryimage"},"thumbnailUrl":"https:\/\/stourm.news\/wp-content\/uploads\/2024\/08\/1444x920_affiche-du-film-les-barbares.webp","articleSection":["Breizh","Occupation fran\u00e7aise","Politique","Principale"],"inLanguage":"fr-FR","potentialAction":[{"@type":"CommentAction","name":"Comment","target":["https:\/\/stourm.news\/?p=2092#respond"]}]},{"@type":"WebPage","@id":"https:\/\/stourm.news\/?p=2092","url":"https:\/\/stourm.news\/?p=2092","name":"Le Conseil \"r\u00e9gional\" de Bretagne a soutenu le film \"Les Barbares\" qui pr\u00e9sente les Bretons en idiots \"racistes\" - STOURM","isPartOf":{"@id":"https:\/\/stourm.news\/#website"},"primaryImageOfPage":{"@id":"https:\/\/stourm.news\/?p=2092#primaryimage"},"image":{"@id":"https:\/\/stourm.news\/?p=2092#primaryimage"},"thumbnailUrl":"https:\/\/stourm.news\/wp-content\/uploads\/2024\/08\/1444x920_affiche-du-film-les-barbares.webp","datePublished":"2024-08-23T05:17:13+00:00","dateModified":"2024-08-23T05:18:02+00:00","breadcrumb":{"@id":"https:\/\/stourm.news\/?p=2092#breadcrumb"},"inLanguage":"fr-FR","potentialAction":[{"@type":"ReadAction","target":["https:\/\/stourm.news\/?p=2092"]}]},{"@type":"ImageObject","inLanguage":"fr-FR","@id":"https:\/\/stourm.news\/?p=2092#primaryimage","url":"https:\/\/stourm.news\/wp-content\/uploads\/2024\/08\/1444x920_affiche-du-film-les-barbares.webp","contentUrl":"https:\/\/stourm.news\/wp-content\/uploads\/2024\/08\/1444x920_affiche-du-film-les-barbares.webp","width":1178,"height":750},{"@type":"BreadcrumbList","@id":"https:\/\/stourm.news\/?p=2092#breadcrumb","itemListElement":[{"@type":"ListItem","position":1,"name":"Accueil","item":"https:\/\/stourm.news\/"},{"@type":"ListItem","position":2,"name":"Le Conseil \u00ab\u00a0r\u00e9gional\u00a0\u00bb de Bretagne a soutenu le film \u00ab\u00a0Les Barbares\u00a0\u00bb qui pr\u00e9sente les Bretons en idiots \u00ab\u00a0racistes\u00a0\u00bb"}]},{"@type":"WebSite","@id":"https:\/\/stourm.news\/#website","url":"https:\/\/stourm.news\/","name":"Stourm","description":"Kazetenn Strollad Broadel Breizh","publisher":{"@id":"https:\/\/stourm.news\/#organization"},"potentialAction":[{"@type":"SearchAction","target":{"@type":"EntryPoint","urlTemplate":"https:\/\/stourm.news\/?s={search_term_string}"},"query-input":{"@type":"PropertyValueSpecification","valueRequired":true,"valueName":"search_term_string"}}],"inLanguage":"fr-FR"},{"@type":"Organization","@id":"https:\/\/stourm.news\/#organization","name":"Stourm","url":"https:\/\/stourm.news\/","logo":{"@type":"ImageObject","inLanguage":"fr-FR","@id":"https:\/\/stourm.news\/#\/schema\/logo\/image\/","url":"https:\/\/stourm.news\/wp-content\/uploads\/2025\/11\/cropped-Capture-decran-2025-11-28-a-15.19.07.png","contentUrl":"https:\/\/stourm.news\/wp-content\/uploads\/2025\/11\/cropped-Capture-decran-2025-11-28-a-15.19.07.png","width":1855,"height":383,"caption":"Stourm"},"image":{"@id":"https:\/\/stourm.news\/#\/schema\/logo\/image\/"},"sameAs":["https:\/\/www.facebook.com\/stourmnews\/"]},{"@type":"Person","@id":"https:\/\/stourm.news\/#\/schema\/person\/c3e1dc65988632e190969234ef046cf9","name":"La r\u00e9daction","image":{"@type":"ImageObject","inLanguage":"fr-FR","@id":"https:\/\/stourm.news\/#\/schema\/person\/image\/","url":"https:\/\/secure.gravatar.com\/avatar\/7463443f194b6b5fb706b074ca0ef59a0cfcfd720cb47764b0ec5a952ce422b3?s=96&d=mm&r=g","contentUrl":"https:\/\/secure.gravatar.com\/avatar\/7463443f194b6b5fb706b074ca0ef59a0cfcfd720cb47764b0ec5a952ce422b3?s=96&d=mm&r=g","caption":"La r\u00e9daction"},"sameAs":["https:\/\/stourm.news"],"url":"https:\/\/stourm.news\/?author=1"}]}},"_links":{"self":[{"href":"https:\/\/stourm.news\/index.php?rest_route=\/wp\/v2\/posts\/2092","targetHints":{"allow":["GET"]}}],"collection":[{"href":"https:\/\/stourm.news\/index.php?rest_route=\/wp\/v2\/posts"}],"about":[{"href":"https:\/\/stourm.news\/index.php?rest_route=\/wp\/v2\/types\/post"}],"author":[{"embeddable":true,"href":"https:\/\/stourm.news\/index.php?rest_route=\/wp\/v2\/users\/1"}],"replies":[{"embeddable":true,"href":"https:\/\/stourm.news\/index.php?rest_route=%2Fwp%2Fv2%2Fcomments&post=2092"}],"version-history":[{"count":2,"href":"https:\/\/stourm.news\/index.php?rest_route=\/wp\/v2\/posts\/2092\/revisions"}],"predecessor-version":[{"id":2096,"href":"https:\/\/stourm.news\/index.php?rest_route=\/wp\/v2\/posts\/2092\/revisions\/2096"}],"wp:featuredmedia":[{"embeddable":true,"href":"https:\/\/stourm.news\/index.php?rest_route=\/wp\/v2\/media\/2094"}],"wp:attachment":[{"href":"https:\/\/stourm.news\/index.php?rest_route=%2Fwp%2Fv2%2Fmedia&parent=2092"}],"wp:term":[{"taxonomy":"category","embeddable":true,"href":"https:\/\/stourm.news\/index.php?rest_route=%2Fwp%2Fv2%2Fcategories&post=2092"},{"taxonomy":"post_tag","embeddable":true,"href":"https:\/\/stourm.news\/index.php?rest_route=%2Fwp%2Fv2%2Ftags&post=2092"}],"curies":[{"name":"wp","href":"https:\/\/api.w.org\/{rel}","templated":true}]}}