{"id":2105,"date":"2024-08-23T08:34:56","date_gmt":"2024-08-23T08:34:56","guid":{"rendered":"https:\/\/stourm.news\/?p=2105"},"modified":"2024-08-23T08:35:40","modified_gmt":"2024-08-23T08:35:40","slug":"rennes-le-francilien-mathis-lambourde-juge-pour-avoir-percute-et-tue-stephanie-cadeau-51-ans-avec-sa-trottinette-electrique","status":"publish","type":"post","link":"https:\/\/stourm.news\/?p=2105","title":{"rendered":"Rennes : le Francilien Mathis Lambourde jug\u00e9 pour avoir percut\u00e9 et tu\u00e9 St\u00e9phanie Cadeau, 51 ans, avec sa trottinette \u00e9lectrique"},"content":{"rendered":"<p style=\"text-align: justify;\">Le proc\u00e8s pr\u00e9vu ce vendredi devant le tribunal correctionnel de Rennes (Ille-et-Vilaine) s\u2019annonce particuli\u00e8rement douloureux. Comme toutes les histoires d\u2019accident <strong>mortel<\/strong>, l\u2019audience est autant redout\u00e9e qu\u2019attendue. La famille et les proches de <strong>St\u00e9phanie Cadeau<\/strong> attendent de comprendre comment la programmatrice du festival des Embellies a pu perdre la vie alors qu\u2019elle marchait sur le mail Mitterrand le 24 juin 2024.<\/p>\n<p style=\"text-align: justify;\"><strong>Percut\u00e9e<\/strong>, elle avait \u00e9t\u00e9 <strong>gravement bless\u00e9e<\/strong> avant de <strong>d\u00e9c\u00e9der<\/strong> plusieurs jours plus tard \u00e0 seulement 51 ans. Le pr\u00e9venu leur apportera-t-il des r\u00e9ponses ? Ce jour-l\u00e0, <strong>Mathis Lambourde<\/strong>, joueur professionnel du Stade Rennais Football Club, \u00e9tait au guidon d\u2019une <strong>trottinette \u00e9lectrique<\/strong> sur laquelle il avait embarqu\u00e9 un ami. Cet ami, mineur et \u00e9galement inscrit au SRFC, sera \u00e9galement entendu par les juges.<\/p>\n<p><img fetchpriority=\"high\" decoding=\"async\" class=\"alignnone wp-image-2102 size-full\" src=\"https:\/\/stourm.news\/wp-content\/uploads\/2024\/08\/448914158-10231202158427128-5679686055566312260-n-e1719843404247.jpg\" alt=\"\" width=\"1365\" height=\"795\" srcset=\"https:\/\/stourm.news\/wp-content\/uploads\/2024\/08\/448914158-10231202158427128-5679686055566312260-n-e1719843404247.jpg 1365w, https:\/\/stourm.news\/wp-content\/uploads\/2024\/08\/448914158-10231202158427128-5679686055566312260-n-e1719843404247-300x175.jpg 300w, https:\/\/stourm.news\/wp-content\/uploads\/2024\/08\/448914158-10231202158427128-5679686055566312260-n-e1719843404247-1024x596.jpg 1024w, https:\/\/stourm.news\/wp-content\/uploads\/2024\/08\/448914158-10231202158427128-5679686055566312260-n-e1719843404247-768x447.jpg 768w\" sizes=\"(max-width: 1365px) 100vw, 1365px\" \/><\/p>\n<p style=\"text-align: center;\">St\u00e9phanie Cadeau<\/p>\n<p style=\"text-align: justify;\">Les faits s\u2019\u00e9taient d\u00e9roul\u00e9s en journ\u00e9e sur le mail Mitterrand, une large art\u00e8re du centre-ville de Rennes o\u00f9 les pi\u00e9tons cohabitent avec les cyclistes, les enfants qui jouent et les terrasses de caf\u00e9s. La vitesse du conducteur du deux-roues \u00e9tait-elle adapt\u00e9e \u00e0 la situation ? L\u2019engin respectait-il la l\u00e9gislation ? L\u2019ensemble des questions sera \u00e9tudi\u00e9 ce vendredi.<\/p>\n<p style=\"text-align: justify;\">Jug\u00e9 pour <strong>homicide involontaire<\/strong>, violation manifestement d\u00e9lib\u00e9r\u00e9e d\u2019une obligation de s\u00e9curit\u00e9 ou de prudence et d\u00e9faut d\u2019assurance, <strong>Mathis Lambourde<\/strong> risque jusqu\u2019\u00e0 cinq ans d\u2019emprisonnement. L\u2019ensemble des d\u00e9pistages s\u2019\u00e9taient r\u00e9v\u00e9l\u00e9s n\u00e9gatifs.<\/p>\n<p style=\"text-align: justify;\">Sous contrat jusqu\u2019en 2026, il est plusieurs fois apparu dans le groupe professionnel du Stade Rennais cet \u00e9t\u00e9, notamment \u00e0 l\u2019occasion des matchs amicaux disput\u00e9s avant l\u2019ouverture du championnat. \u00c2g\u00e9 de 18 ans, il compte plusieurs s\u00e9lections en \u00e9quipe de France de jeunes.<\/p>\n<p style=\"text-align: justify;\">Source : <a href=\"https:\/\/www.20minutes.fr\/justice\/4106623-20240823-rennes-joueur-stade-rennais-juge-avoir-tue-pietonne-trottinette-electrique\">20 Minutes<\/a><\/p>\n","protected":false},"excerpt":{"rendered":"<p>Le proc\u00e8s pr\u00e9vu ce vendredi devant le tribunal correctionnel de Rennes (Ille-et-Vilaine) s\u2019annonce particuli\u00e8rement douloureux. Comme toutes les histoires d\u2019accident mortel, l\u2019audience est autant redout\u00e9e qu\u2019attendue. La famille et les proches de St\u00e9phanie Cadeau attendent de comprendre comment la programmatrice du festival des Embellies a pu perdre la vie alors qu\u2019elle marchait sur le mail [&hellip;]<\/p>\n","protected":false},"author":1,"featured_media":2103,"comment_status":"open","ping_status":"open","sticky":false,"template":"","format":"standard","meta":{"sb_editor_width":"","footnotes":""},"categories":[52,41,62],"tags":[],"class_list":["post-2105","post","type-post","status-publish","format-standard","has-post-thumbnail","hentry","category-faits-divers","category-ille-et-vilaine","category-revue-de-presse"],"relative_dates":{"created":"2 ans ago","modified":"2 ans ago"},"yoast_head":"<!-- This site is optimized with the Yoast SEO plugin v26.3 - https:\/\/yoast.com\/wordpress\/plugins\/seo\/ -->\n<title>Rennes : le Francilien Mathis Lambourde jug\u00e9 pour avoir percut\u00e9 et tu\u00e9 St\u00e9phanie Cadeau, 51 ans, avec sa trottinette \u00e9lectrique - STOURM<\/title>\n<meta name=\"robots\" content=\"index, follow, max-snippet:-1, max-image-preview:large, max-video-preview:-1\" \/>\n<link rel=\"canonical\" href=\"https:\/\/stourm.news\/?p=2105\" \/>\n<meta property=\"og:locale\" content=\"fr_FR\" \/>\n<meta property=\"og:type\" content=\"article\" \/>\n<meta property=\"og:title\" content=\"Rennes : le Francilien Mathis Lambourde jug\u00e9 pour avoir percut\u00e9 et tu\u00e9 St\u00e9phanie Cadeau, 51 ans, avec sa trottinette \u00e9lectrique - STOURM\" \/>\n<meta property=\"og:description\" content=\"Le proc\u00e8s pr\u00e9vu ce vendredi devant le tribunal correctionnel de Rennes (Ille-et-Vilaine) s\u2019annonce particuli\u00e8rement douloureux. Comme toutes les histoires d\u2019accident mortel, l\u2019audience est autant redout\u00e9e qu\u2019attendue. La famille et les proches de St\u00e9phanie Cadeau attendent de comprendre comment la programmatrice du festival des Embellies a pu perdre la vie alors qu\u2019elle marchait sur le mail [&hellip;]\" \/>\n<meta property=\"og:url\" content=\"https:\/\/stourm.news\/?p=2105\" \/>\n<meta property=\"og:site_name\" content=\"STOURM\" \/>\n<meta property=\"article:publisher\" content=\"https:\/\/www.facebook.com\/stourmnews\/\" \/>\n<meta property=\"article:published_time\" content=\"2024-08-23T08:34:56+00:00\" \/>\n<meta property=\"article:modified_time\" content=\"2024-08-23T08:35:40+00:00\" \/>\n<meta property=\"og:image\" content=\"https:\/\/stourm.news\/wp-content\/uploads\/2024\/08\/BeFunky-collage-2-scaled.jpg\" \/>\n\t<meta property=\"og:image:width\" content=\"2560\" \/>\n\t<meta property=\"og:image:height\" content=\"1541\" \/>\n\t<meta property=\"og:image:type\" content=\"image\/jpeg\" \/>\n<meta name=\"author\" content=\"La r\u00e9daction\" \/>\n<meta name=\"twitter:card\" content=\"summary_large_image\" \/>\n<meta name=\"twitter:label1\" content=\"\u00c9crit par\" \/>\n\t<meta name=\"twitter:data1\" content=\"La r\u00e9daction\" \/>\n\t<meta name=\"twitter:label2\" content=\"Dur\u00e9e de lecture estim\u00e9e\" \/>\n\t<meta name=\"twitter:data2\" content=\"2 minutes\" \/>\n<script type=\"application\/ld+json\" class=\"yoast-schema-graph\">{\"@context\":\"https:\/\/schema.org\",\"@graph\":[{\"@type\":\"Article\",\"@id\":\"https:\/\/stourm.news\/?p=2105#article\",\"isPartOf\":{\"@id\":\"https:\/\/stourm.news\/?p=2105\"},\"author\":{\"name\":\"La r\u00e9daction\",\"@id\":\"https:\/\/stourm.news\/#\/schema\/person\/c3e1dc65988632e190969234ef046cf9\"},\"headline\":\"Rennes : le Francilien Mathis Lambourde jug\u00e9 pour avoir percut\u00e9 et tu\u00e9 St\u00e9phanie Cadeau, 51 ans, avec sa trottinette \u00e9lectrique\",\"datePublished\":\"2024-08-23T08:34:56+00:00\",\"dateModified\":\"2024-08-23T08:35:40+00:00\",\"mainEntityOfPage\":{\"@id\":\"https:\/\/stourm.news\/?p=2105\"},\"wordCount\":313,\"commentCount\":0,\"publisher\":{\"@id\":\"https:\/\/stourm.news\/#organization\"},\"image\":{\"@id\":\"https:\/\/stourm.news\/?p=2105#primaryimage\"},\"thumbnailUrl\":\"https:\/\/stourm.news\/wp-content\/uploads\/2024\/08\/BeFunky-collage-2-scaled.jpg\",\"articleSection\":[\"Faits divers\",\"Ille-et-Vilaine\",\"Revue de presse\"],\"inLanguage\":\"fr-FR\",\"potentialAction\":[{\"@type\":\"CommentAction\",\"name\":\"Comment\",\"target\":[\"https:\/\/stourm.news\/?p=2105#respond\"]}]},{\"@type\":\"WebPage\",\"@id\":\"https:\/\/stourm.news\/?p=2105\",\"url\":\"https:\/\/stourm.news\/?p=2105\",\"name\":\"Rennes : le Francilien Mathis Lambourde jug\u00e9 pour avoir percut\u00e9 et tu\u00e9 St\u00e9phanie Cadeau, 51 ans, avec sa trottinette \u00e9lectrique - STOURM\",\"isPartOf\":{\"@id\":\"https:\/\/stourm.news\/#website\"},\"primaryImageOfPage\":{\"@id\":\"https:\/\/stourm.news\/?p=2105#primaryimage\"},\"image\":{\"@id\":\"https:\/\/stourm.news\/?p=2105#primaryimage\"},\"thumbnailUrl\":\"https:\/\/stourm.news\/wp-content\/uploads\/2024\/08\/BeFunky-collage-2-scaled.jpg\",\"datePublished\":\"2024-08-23T08:34:56+00:00\",\"dateModified\":\"2024-08-23T08:35:40+00:00\",\"breadcrumb\":{\"@id\":\"https:\/\/stourm.news\/?p=2105#breadcrumb\"},\"inLanguage\":\"fr-FR\",\"potentialAction\":[{\"@type\":\"ReadAction\",\"target\":[\"https:\/\/stourm.news\/?p=2105\"]}]},{\"@type\":\"ImageObject\",\"inLanguage\":\"fr-FR\",\"@id\":\"https:\/\/stourm.news\/?p=2105#primaryimage\",\"url\":\"https:\/\/stourm.news\/wp-content\/uploads\/2024\/08\/BeFunky-collage-2-scaled.jpg\",\"contentUrl\":\"https:\/\/stourm.news\/wp-content\/uploads\/2024\/08\/BeFunky-collage-2-scaled.jpg\",\"width\":2560,\"height\":1541},{\"@type\":\"BreadcrumbList\",\"@id\":\"https:\/\/stourm.news\/?p=2105#breadcrumb\",\"itemListElement\":[{\"@type\":\"ListItem\",\"position\":1,\"name\":\"Accueil\",\"item\":\"https:\/\/stourm.news\/\"},{\"@type\":\"ListItem\",\"position\":2,\"name\":\"Rennes : le Francilien Mathis Lambourde jug\u00e9 pour avoir percut\u00e9 et tu\u00e9 St\u00e9phanie Cadeau, 51 ans, avec sa trottinette \u00e9lectrique\"}]},{\"@type\":\"WebSite\",\"@id\":\"https:\/\/stourm.news\/#website\",\"url\":\"https:\/\/stourm.news\/\",\"name\":\"Stourm\",\"description\":\"Kazetenn Strollad Broadel Breizh\",\"publisher\":{\"@id\":\"https:\/\/stourm.news\/#organization\"},\"potentialAction\":[{\"@type\":\"SearchAction\",\"target\":{\"@type\":\"EntryPoint\",\"urlTemplate\":\"https:\/\/stourm.news\/?s={search_term_string}\"},\"query-input\":{\"@type\":\"PropertyValueSpecification\",\"valueRequired\":true,\"valueName\":\"search_term_string\"}}],\"inLanguage\":\"fr-FR\"},{\"@type\":\"Organization\",\"@id\":\"https:\/\/stourm.news\/#organization\",\"name\":\"Stourm\",\"url\":\"https:\/\/stourm.news\/\",\"logo\":{\"@type\":\"ImageObject\",\"inLanguage\":\"fr-FR\",\"@id\":\"https:\/\/stourm.news\/#\/schema\/logo\/image\/\",\"url\":\"https:\/\/stourm.news\/wp-content\/uploads\/2025\/11\/cropped-Capture-decran-2025-11-28-a-15.19.07.png\",\"contentUrl\":\"https:\/\/stourm.news\/wp-content\/uploads\/2025\/11\/cropped-Capture-decran-2025-11-28-a-15.19.07.png\",\"width\":1855,\"height\":383,\"caption\":\"Stourm\"},\"image\":{\"@id\":\"https:\/\/stourm.news\/#\/schema\/logo\/image\/\"},\"sameAs\":[\"https:\/\/www.facebook.com\/stourmnews\/\"]},{\"@type\":\"Person\",\"@id\":\"https:\/\/stourm.news\/#\/schema\/person\/c3e1dc65988632e190969234ef046cf9\",\"name\":\"La r\u00e9daction\",\"image\":{\"@type\":\"ImageObject\",\"inLanguage\":\"fr-FR\",\"@id\":\"https:\/\/stourm.news\/#\/schema\/person\/image\/\",\"url\":\"https:\/\/secure.gravatar.com\/avatar\/7463443f194b6b5fb706b074ca0ef59a0cfcfd720cb47764b0ec5a952ce422b3?s=96&d=mm&r=g\",\"contentUrl\":\"https:\/\/secure.gravatar.com\/avatar\/7463443f194b6b5fb706b074ca0ef59a0cfcfd720cb47764b0ec5a952ce422b3?s=96&d=mm&r=g\",\"caption\":\"La r\u00e9daction\"},\"sameAs\":[\"https:\/\/stourm.news\"],\"url\":\"https:\/\/stourm.news\/?author=1\"}]}<\/script>\n<!-- \/ Yoast SEO plugin. -->","yoast_head_json":{"title":"Rennes : le Francilien Mathis Lambourde jug\u00e9 pour avoir percut\u00e9 et tu\u00e9 St\u00e9phanie Cadeau, 51 ans, avec sa trottinette \u00e9lectrique - STOURM","robots":{"index":"index","follow":"follow","max-snippet":"max-snippet:-1","max-image-preview":"max-image-preview:large","max-video-preview":"max-video-preview:-1"},"canonical":"https:\/\/stourm.news\/?p=2105","og_locale":"fr_FR","og_type":"article","og_title":"Rennes : le Francilien Mathis Lambourde jug\u00e9 pour avoir percut\u00e9 et tu\u00e9 St\u00e9phanie Cadeau, 51 ans, avec sa trottinette \u00e9lectrique - STOURM","og_description":"Le proc\u00e8s pr\u00e9vu ce vendredi devant le tribunal correctionnel de Rennes (Ille-et-Vilaine) s\u2019annonce particuli\u00e8rement douloureux. Comme toutes les histoires d\u2019accident mortel, l\u2019audience est autant redout\u00e9e qu\u2019attendue. La famille et les proches de St\u00e9phanie Cadeau attendent de comprendre comment la programmatrice du festival des Embellies a pu perdre la vie alors qu\u2019elle marchait sur le mail [&hellip;]","og_url":"https:\/\/stourm.news\/?p=2105","og_site_name":"STOURM","article_publisher":"https:\/\/www.facebook.com\/stourmnews\/","article_published_time":"2024-08-23T08:34:56+00:00","article_modified_time":"2024-08-23T08:35:40+00:00","og_image":[{"width":2560,"height":1541,"url":"https:\/\/stourm.news\/wp-content\/uploads\/2024\/08\/BeFunky-collage-2-scaled.jpg","type":"image\/jpeg"}],"author":"La r\u00e9daction","twitter_card":"summary_large_image","twitter_misc":{"\u00c9crit par":"La r\u00e9daction","Dur\u00e9e de lecture estim\u00e9e":"2 minutes"},"schema":{"@context":"https:\/\/schema.org","@graph":[{"@type":"Article","@id":"https:\/\/stourm.news\/?p=2105#article","isPartOf":{"@id":"https:\/\/stourm.news\/?p=2105"},"author":{"name":"La r\u00e9daction","@id":"https:\/\/stourm.news\/#\/schema\/person\/c3e1dc65988632e190969234ef046cf9"},"headline":"Rennes : le Francilien Mathis Lambourde jug\u00e9 pour avoir percut\u00e9 et tu\u00e9 St\u00e9phanie Cadeau, 51 ans, avec sa trottinette \u00e9lectrique","datePublished":"2024-08-23T08:34:56+00:00","dateModified":"2024-08-23T08:35:40+00:00","mainEntityOfPage":{"@id":"https:\/\/stourm.news\/?p=2105"},"wordCount":313,"commentCount":0,"publisher":{"@id":"https:\/\/stourm.news\/#organization"},"image":{"@id":"https:\/\/stourm.news\/?p=2105#primaryimage"},"thumbnailUrl":"https:\/\/stourm.news\/wp-content\/uploads\/2024\/08\/BeFunky-collage-2-scaled.jpg","articleSection":["Faits divers","Ille-et-Vilaine","Revue de presse"],"inLanguage":"fr-FR","potentialAction":[{"@type":"CommentAction","name":"Comment","target":["https:\/\/stourm.news\/?p=2105#respond"]}]},{"@type":"WebPage","@id":"https:\/\/stourm.news\/?p=2105","url":"https:\/\/stourm.news\/?p=2105","name":"Rennes : le Francilien Mathis Lambourde jug\u00e9 pour avoir percut\u00e9 et tu\u00e9 St\u00e9phanie Cadeau, 51 ans, avec sa trottinette \u00e9lectrique - STOURM","isPartOf":{"@id":"https:\/\/stourm.news\/#website"},"primaryImageOfPage":{"@id":"https:\/\/stourm.news\/?p=2105#primaryimage"},"image":{"@id":"https:\/\/stourm.news\/?p=2105#primaryimage"},"thumbnailUrl":"https:\/\/stourm.news\/wp-content\/uploads\/2024\/08\/BeFunky-collage-2-scaled.jpg","datePublished":"2024-08-23T08:34:56+00:00","dateModified":"2024-08-23T08:35:40+00:00","breadcrumb":{"@id":"https:\/\/stourm.news\/?p=2105#breadcrumb"},"inLanguage":"fr-FR","potentialAction":[{"@type":"ReadAction","target":["https:\/\/stourm.news\/?p=2105"]}]},{"@type":"ImageObject","inLanguage":"fr-FR","@id":"https:\/\/stourm.news\/?p=2105#primaryimage","url":"https:\/\/stourm.news\/wp-content\/uploads\/2024\/08\/BeFunky-collage-2-scaled.jpg","contentUrl":"https:\/\/stourm.news\/wp-content\/uploads\/2024\/08\/BeFunky-collage-2-scaled.jpg","width":2560,"height":1541},{"@type":"BreadcrumbList","@id":"https:\/\/stourm.news\/?p=2105#breadcrumb","itemListElement":[{"@type":"ListItem","position":1,"name":"Accueil","item":"https:\/\/stourm.news\/"},{"@type":"ListItem","position":2,"name":"Rennes : le Francilien Mathis Lambourde jug\u00e9 pour avoir percut\u00e9 et tu\u00e9 St\u00e9phanie Cadeau, 51 ans, avec sa trottinette \u00e9lectrique"}]},{"@type":"WebSite","@id":"https:\/\/stourm.news\/#website","url":"https:\/\/stourm.news\/","name":"Stourm","description":"Kazetenn Strollad Broadel Breizh","publisher":{"@id":"https:\/\/stourm.news\/#organization"},"potentialAction":[{"@type":"SearchAction","target":{"@type":"EntryPoint","urlTemplate":"https:\/\/stourm.news\/?s={search_term_string}"},"query-input":{"@type":"PropertyValueSpecification","valueRequired":true,"valueName":"search_term_string"}}],"inLanguage":"fr-FR"},{"@type":"Organization","@id":"https:\/\/stourm.news\/#organization","name":"Stourm","url":"https:\/\/stourm.news\/","logo":{"@type":"ImageObject","inLanguage":"fr-FR","@id":"https:\/\/stourm.news\/#\/schema\/logo\/image\/","url":"https:\/\/stourm.news\/wp-content\/uploads\/2025\/11\/cropped-Capture-decran-2025-11-28-a-15.19.07.png","contentUrl":"https:\/\/stourm.news\/wp-content\/uploads\/2025\/11\/cropped-Capture-decran-2025-11-28-a-15.19.07.png","width":1855,"height":383,"caption":"Stourm"},"image":{"@id":"https:\/\/stourm.news\/#\/schema\/logo\/image\/"},"sameAs":["https:\/\/www.facebook.com\/stourmnews\/"]},{"@type":"Person","@id":"https:\/\/stourm.news\/#\/schema\/person\/c3e1dc65988632e190969234ef046cf9","name":"La r\u00e9daction","image":{"@type":"ImageObject","inLanguage":"fr-FR","@id":"https:\/\/stourm.news\/#\/schema\/person\/image\/","url":"https:\/\/secure.gravatar.com\/avatar\/7463443f194b6b5fb706b074ca0ef59a0cfcfd720cb47764b0ec5a952ce422b3?s=96&d=mm&r=g","contentUrl":"https:\/\/secure.gravatar.com\/avatar\/7463443f194b6b5fb706b074ca0ef59a0cfcfd720cb47764b0ec5a952ce422b3?s=96&d=mm&r=g","caption":"La r\u00e9daction"},"sameAs":["https:\/\/stourm.news"],"url":"https:\/\/stourm.news\/?author=1"}]}},"_links":{"self":[{"href":"https:\/\/stourm.news\/index.php?rest_route=\/wp\/v2\/posts\/2105","targetHints":{"allow":["GET"]}}],"collection":[{"href":"https:\/\/stourm.news\/index.php?rest_route=\/wp\/v2\/posts"}],"about":[{"href":"https:\/\/stourm.news\/index.php?rest_route=\/wp\/v2\/types\/post"}],"author":[{"embeddable":true,"href":"https:\/\/stourm.news\/index.php?rest_route=\/wp\/v2\/users\/1"}],"replies":[{"embeddable":true,"href":"https:\/\/stourm.news\/index.php?rest_route=%2Fwp%2Fv2%2Fcomments&post=2105"}],"version-history":[{"count":3,"href":"https:\/\/stourm.news\/index.php?rest_route=\/wp\/v2\/posts\/2105\/revisions"}],"predecessor-version":[{"id":2108,"href":"https:\/\/stourm.news\/index.php?rest_route=\/wp\/v2\/posts\/2105\/revisions\/2108"}],"wp:featuredmedia":[{"embeddable":true,"href":"https:\/\/stourm.news\/index.php?rest_route=\/wp\/v2\/media\/2103"}],"wp:attachment":[{"href":"https:\/\/stourm.news\/index.php?rest_route=%2Fwp%2Fv2%2Fmedia&parent=2105"}],"wp:term":[{"taxonomy":"category","embeddable":true,"href":"https:\/\/stourm.news\/index.php?rest_route=%2Fwp%2Fv2%2Fcategories&post=2105"},{"taxonomy":"post_tag","embeddable":true,"href":"https:\/\/stourm.news\/index.php?rest_route=%2Fwp%2Fv2%2Ftags&post=2105"}],"curies":[{"name":"wp","href":"https:\/\/api.w.org\/{rel}","templated":true}]}}