{"id":2109,"date":"2024-08-23T14:56:45","date_gmt":"2024-08-23T14:56:45","guid":{"rendered":"https:\/\/stourm.news\/?p=2109"},"modified":"2024-08-23T14:56:45","modified_gmt":"2024-08-23T14:56:45","slug":"immigration-a-rennes-nouvelle-fusillade-sur-fond-de-guerre-des-gangs-ethniques-pour-le-controle-de-la-drogue","status":"publish","type":"post","link":"https:\/\/stourm.news\/?p=2109","title":{"rendered":"Immigration : \u00e0 Rennes, nouvelle fusillade sur fond de guerre des gangs ethniques pour le contr\u00f4le de la drogue"},"content":{"rendered":"<p style=\"text-align: justify;\">C\u2019est <strong>la troisi\u00e8me fois<\/strong> au mois d\u2019ao\u00fbt que <strong>des coups de feu sont tir\u00e9s<\/strong> dans des quartiers de Rennes. Jeudi 22 ao\u00fbt, vers 18 h, c\u2019est devant la piscine de Br\u00e9quigny que les derniers tirs ont eu lieu, selon un t\u00e9moin.<\/p>\n<p style=\"text-align: justify;\">Selon nos informations, plusieurs t\u00e9moins ont \u00e9voqu\u00e9 un homme, <strong>muni d\u2019un \u00ab fusil \u00e0 canon sci\u00e9<\/strong> et dissimul\u00e9 dans un papier \u00bb, qui a tir\u00e9 <strong>\u00e0 deux reprises<\/strong> sur un groupe de personnes. Un t\u00e9moin indique \u00e0 actu Rennes qu\u2019il a manqu\u00e9 sa cible. Un diff\u00e9rend entre eux pourrait \u00eatre \u00e0 l\u2019origine de <strong>ces coups de feu.<\/strong><\/p>\n<p style=\"text-align: justify;\">Le tireur se serait enfui. Une op\u00e9ration de police a ensuite eu lieu sur la plaine de jeux et dans le quartier, toujours selon un t\u00e9moin.<\/p>\n<p style=\"text-align: justify;\">Contact\u00e9s, le parquet n\u2019a pour l\u2019heure pas r\u00e9pondu \u00e0 notre sollicitation et les pompiers n\u2019ont pas non plus relev\u00e9 ces faits.<\/p>\n<p style=\"text-align: justify;\">Plus t\u00f4t au cours du mois d\u2019ao\u00fbt, <strong>des coups de feu ont \u00e9t\u00e9 tir\u00e9s<\/strong> dans des quartiers de Rennes. Le 6 ao\u00fbt, <strong>plusieurs coups de feu<\/strong> \u00e9taient entendus \u00e0 <strong>Maurepas<\/strong>. Deux jours plus tard, de nouveaux coups de feu \u00e9taient tir\u00e9s dans les quartiers de Cleunay et de <strong>Maurepas<\/strong>.<\/p>\n<p style=\"text-align: justify;\">\u00c0 chaque fois, le lien avec la lutte de territoires <strong>pour le trafic de stup\u00e9fiants<\/strong> est \u00e9voqu\u00e9e comme raison de ces faits.<\/p>\n<p style=\"text-align: justify;\">Ces <strong>nouveaux tirs<\/strong> ont \u00e9galement lieu au lendemain d\u2019une grosse op\u00e9ration de police antidrogue dans les quartiers <strong>du Blosne et de Maurepas.\u00a0<\/strong><\/p>\n<p style=\"text-align: justify;\">Source : <a href=\"https:\/\/actu.fr\/bretagne\/rennes_35238\/rennes-des-coups-de-feu-tires-avec-un-fusil-a-canon-devant-la-piscine-de-brequigny_61517980.html\">Actu.fr<\/a><\/p>\n","protected":false},"excerpt":{"rendered":"<p>C\u2019est la troisi\u00e8me fois au mois d\u2019ao\u00fbt que des coups de feu sont tir\u00e9s dans des quartiers de Rennes. Jeudi 22 ao\u00fbt, vers 18 h, c\u2019est devant la piscine de Br\u00e9quigny que les derniers tirs ont eu lieu, selon un t\u00e9moin. Selon nos informations, plusieurs t\u00e9moins ont \u00e9voqu\u00e9 un homme, muni d\u2019un \u00ab fusil \u00e0 [&hellip;]<\/p>\n","protected":false},"author":1,"featured_media":1885,"comment_status":"open","ping_status":"open","sticky":false,"template":"","format":"standard","meta":{"sb_editor_width":"","footnotes":""},"categories":[29,41,62],"tags":[],"class_list":["post-2109","post","type-post","status-publish","format-standard","has-post-thumbnail","hentry","category-drogue","category-ille-et-vilaine","category-revue-de-presse"],"relative_dates":{"created":"2 ans ago","modified":"2 ans ago"},"yoast_head":"<!-- This site is optimized with the Yoast SEO plugin v26.3 - https:\/\/yoast.com\/wordpress\/plugins\/seo\/ -->\n<title>Immigration : \u00e0 Rennes, nouvelle fusillade sur fond de guerre des gangs ethniques pour le contr\u00f4le de la drogue - STOURM<\/title>\n<meta name=\"robots\" content=\"index, follow, max-snippet:-1, max-image-preview:large, max-video-preview:-1\" \/>\n<link rel=\"canonical\" href=\"https:\/\/stourm.news\/?p=2109\" \/>\n<meta property=\"og:locale\" content=\"fr_FR\" \/>\n<meta property=\"og:type\" content=\"article\" \/>\n<meta property=\"og:title\" content=\"Immigration : \u00e0 Rennes, nouvelle fusillade sur fond de guerre des gangs ethniques pour le contr\u00f4le de la drogue - STOURM\" \/>\n<meta property=\"og:description\" content=\"C\u2019est la troisi\u00e8me fois au mois d\u2019ao\u00fbt que des coups de feu sont tir\u00e9s dans des quartiers de Rennes. Jeudi 22 ao\u00fbt, vers 18 h, c\u2019est devant la piscine de Br\u00e9quigny que les derniers tirs ont eu lieu, selon un t\u00e9moin. Selon nos informations, plusieurs t\u00e9moins ont \u00e9voqu\u00e9 un homme, muni d\u2019un \u00ab fusil \u00e0 [&hellip;]\" \/>\n<meta property=\"og:url\" content=\"https:\/\/stourm.news\/?p=2109\" \/>\n<meta property=\"og:site_name\" content=\"STOURM\" \/>\n<meta property=\"article:publisher\" content=\"https:\/\/www.facebook.com\/stourmnews\/\" \/>\n<meta property=\"article:published_time\" content=\"2024-08-23T14:56:45+00:00\" \/>\n<meta property=\"og:image\" content=\"https:\/\/stourm.news\/wp-content\/uploads\/2024\/07\/66a5217ac6e69c5928254219.1.webp\" \/>\n\t<meta property=\"og:image:width\" content=\"1200\" \/>\n\t<meta property=\"og:image:height\" content=\"750\" \/>\n\t<meta property=\"og:image:type\" content=\"image\/webp\" \/>\n<meta name=\"author\" content=\"La r\u00e9daction\" \/>\n<meta name=\"twitter:card\" content=\"summary_large_image\" \/>\n<meta name=\"twitter:label1\" content=\"\u00c9crit par\" \/>\n\t<meta name=\"twitter:data1\" content=\"La r\u00e9daction\" \/>\n\t<meta name=\"twitter:label2\" content=\"Dur\u00e9e de lecture estim\u00e9e\" \/>\n\t<meta name=\"twitter:data2\" content=\"2 minutes\" \/>\n<script type=\"application\/ld+json\" class=\"yoast-schema-graph\">{\"@context\":\"https:\/\/schema.org\",\"@graph\":[{\"@type\":\"Article\",\"@id\":\"https:\/\/stourm.news\/?p=2109#article\",\"isPartOf\":{\"@id\":\"https:\/\/stourm.news\/?p=2109\"},\"author\":{\"name\":\"La r\u00e9daction\",\"@id\":\"https:\/\/stourm.news\/#\/schema\/person\/c3e1dc65988632e190969234ef046cf9\"},\"headline\":\"Immigration : \u00e0 Rennes, nouvelle fusillade sur fond de guerre des gangs ethniques pour le contr\u00f4le de la drogue\",\"datePublished\":\"2024-08-23T14:56:45+00:00\",\"mainEntityOfPage\":{\"@id\":\"https:\/\/stourm.news\/?p=2109\"},\"wordCount\":279,\"commentCount\":0,\"publisher\":{\"@id\":\"https:\/\/stourm.news\/#organization\"},\"image\":{\"@id\":\"https:\/\/stourm.news\/?p=2109#primaryimage\"},\"thumbnailUrl\":\"https:\/\/stourm.news\/wp-content\/uploads\/2024\/07\/66a5217ac6e69c5928254219.1.webp\",\"articleSection\":[\"Drogue\",\"Ille-et-Vilaine\",\"Revue de presse\"],\"inLanguage\":\"fr-FR\",\"potentialAction\":[{\"@type\":\"CommentAction\",\"name\":\"Comment\",\"target\":[\"https:\/\/stourm.news\/?p=2109#respond\"]}]},{\"@type\":\"WebPage\",\"@id\":\"https:\/\/stourm.news\/?p=2109\",\"url\":\"https:\/\/stourm.news\/?p=2109\",\"name\":\"Immigration : \u00e0 Rennes, nouvelle fusillade sur fond de guerre des gangs ethniques pour le contr\u00f4le de la drogue - STOURM\",\"isPartOf\":{\"@id\":\"https:\/\/stourm.news\/#website\"},\"primaryImageOfPage\":{\"@id\":\"https:\/\/stourm.news\/?p=2109#primaryimage\"},\"image\":{\"@id\":\"https:\/\/stourm.news\/?p=2109#primaryimage\"},\"thumbnailUrl\":\"https:\/\/stourm.news\/wp-content\/uploads\/2024\/07\/66a5217ac6e69c5928254219.1.webp\",\"datePublished\":\"2024-08-23T14:56:45+00:00\",\"breadcrumb\":{\"@id\":\"https:\/\/stourm.news\/?p=2109#breadcrumb\"},\"inLanguage\":\"fr-FR\",\"potentialAction\":[{\"@type\":\"ReadAction\",\"target\":[\"https:\/\/stourm.news\/?p=2109\"]}]},{\"@type\":\"ImageObject\",\"inLanguage\":\"fr-FR\",\"@id\":\"https:\/\/stourm.news\/?p=2109#primaryimage\",\"url\":\"https:\/\/stourm.news\/wp-content\/uploads\/2024\/07\/66a5217ac6e69c5928254219.1.webp\",\"contentUrl\":\"https:\/\/stourm.news\/wp-content\/uploads\/2024\/07\/66a5217ac6e69c5928254219.1.webp\",\"width\":1200,\"height\":750},{\"@type\":\"BreadcrumbList\",\"@id\":\"https:\/\/stourm.news\/?p=2109#breadcrumb\",\"itemListElement\":[{\"@type\":\"ListItem\",\"position\":1,\"name\":\"Accueil\",\"item\":\"https:\/\/stourm.news\/\"},{\"@type\":\"ListItem\",\"position\":2,\"name\":\"Immigration : \u00e0 Rennes, nouvelle fusillade sur fond de guerre des gangs ethniques pour le contr\u00f4le de la drogue\"}]},{\"@type\":\"WebSite\",\"@id\":\"https:\/\/stourm.news\/#website\",\"url\":\"https:\/\/stourm.news\/\",\"name\":\"Stourm\",\"description\":\"Kazetenn Strollad Broadel Breizh\",\"publisher\":{\"@id\":\"https:\/\/stourm.news\/#organization\"},\"potentialAction\":[{\"@type\":\"SearchAction\",\"target\":{\"@type\":\"EntryPoint\",\"urlTemplate\":\"https:\/\/stourm.news\/?s={search_term_string}\"},\"query-input\":{\"@type\":\"PropertyValueSpecification\",\"valueRequired\":true,\"valueName\":\"search_term_string\"}}],\"inLanguage\":\"fr-FR\"},{\"@type\":\"Organization\",\"@id\":\"https:\/\/stourm.news\/#organization\",\"name\":\"Stourm\",\"url\":\"https:\/\/stourm.news\/\",\"logo\":{\"@type\":\"ImageObject\",\"inLanguage\":\"fr-FR\",\"@id\":\"https:\/\/stourm.news\/#\/schema\/logo\/image\/\",\"url\":\"https:\/\/stourm.news\/wp-content\/uploads\/2025\/11\/cropped-Capture-decran-2025-11-28-a-15.19.07.png\",\"contentUrl\":\"https:\/\/stourm.news\/wp-content\/uploads\/2025\/11\/cropped-Capture-decran-2025-11-28-a-15.19.07.png\",\"width\":1855,\"height\":383,\"caption\":\"Stourm\"},\"image\":{\"@id\":\"https:\/\/stourm.news\/#\/schema\/logo\/image\/\"},\"sameAs\":[\"https:\/\/www.facebook.com\/stourmnews\/\"]},{\"@type\":\"Person\",\"@id\":\"https:\/\/stourm.news\/#\/schema\/person\/c3e1dc65988632e190969234ef046cf9\",\"name\":\"La r\u00e9daction\",\"image\":{\"@type\":\"ImageObject\",\"inLanguage\":\"fr-FR\",\"@id\":\"https:\/\/stourm.news\/#\/schema\/person\/image\/\",\"url\":\"https:\/\/secure.gravatar.com\/avatar\/7463443f194b6b5fb706b074ca0ef59a0cfcfd720cb47764b0ec5a952ce422b3?s=96&d=mm&r=g\",\"contentUrl\":\"https:\/\/secure.gravatar.com\/avatar\/7463443f194b6b5fb706b074ca0ef59a0cfcfd720cb47764b0ec5a952ce422b3?s=96&d=mm&r=g\",\"caption\":\"La r\u00e9daction\"},\"sameAs\":[\"https:\/\/stourm.news\"],\"url\":\"https:\/\/stourm.news\/?author=1\"}]}<\/script>\n<!-- \/ Yoast SEO plugin. -->","yoast_head_json":{"title":"Immigration : \u00e0 Rennes, nouvelle fusillade sur fond de guerre des gangs ethniques pour le contr\u00f4le de la drogue - STOURM","robots":{"index":"index","follow":"follow","max-snippet":"max-snippet:-1","max-image-preview":"max-image-preview:large","max-video-preview":"max-video-preview:-1"},"canonical":"https:\/\/stourm.news\/?p=2109","og_locale":"fr_FR","og_type":"article","og_title":"Immigration : \u00e0 Rennes, nouvelle fusillade sur fond de guerre des gangs ethniques pour le contr\u00f4le de la drogue - STOURM","og_description":"C\u2019est la troisi\u00e8me fois au mois d\u2019ao\u00fbt que des coups de feu sont tir\u00e9s dans des quartiers de Rennes. Jeudi 22 ao\u00fbt, vers 18 h, c\u2019est devant la piscine de Br\u00e9quigny que les derniers tirs ont eu lieu, selon un t\u00e9moin. Selon nos informations, plusieurs t\u00e9moins ont \u00e9voqu\u00e9 un homme, muni d\u2019un \u00ab fusil \u00e0 [&hellip;]","og_url":"https:\/\/stourm.news\/?p=2109","og_site_name":"STOURM","article_publisher":"https:\/\/www.facebook.com\/stourmnews\/","article_published_time":"2024-08-23T14:56:45+00:00","og_image":[{"width":1200,"height":750,"url":"https:\/\/stourm.news\/wp-content\/uploads\/2024\/07\/66a5217ac6e69c5928254219.1.webp","type":"image\/webp"}],"author":"La r\u00e9daction","twitter_card":"summary_large_image","twitter_misc":{"\u00c9crit par":"La r\u00e9daction","Dur\u00e9e de lecture estim\u00e9e":"2 minutes"},"schema":{"@context":"https:\/\/schema.org","@graph":[{"@type":"Article","@id":"https:\/\/stourm.news\/?p=2109#article","isPartOf":{"@id":"https:\/\/stourm.news\/?p=2109"},"author":{"name":"La r\u00e9daction","@id":"https:\/\/stourm.news\/#\/schema\/person\/c3e1dc65988632e190969234ef046cf9"},"headline":"Immigration : \u00e0 Rennes, nouvelle fusillade sur fond de guerre des gangs ethniques pour le contr\u00f4le de la drogue","datePublished":"2024-08-23T14:56:45+00:00","mainEntityOfPage":{"@id":"https:\/\/stourm.news\/?p=2109"},"wordCount":279,"commentCount":0,"publisher":{"@id":"https:\/\/stourm.news\/#organization"},"image":{"@id":"https:\/\/stourm.news\/?p=2109#primaryimage"},"thumbnailUrl":"https:\/\/stourm.news\/wp-content\/uploads\/2024\/07\/66a5217ac6e69c5928254219.1.webp","articleSection":["Drogue","Ille-et-Vilaine","Revue de presse"],"inLanguage":"fr-FR","potentialAction":[{"@type":"CommentAction","name":"Comment","target":["https:\/\/stourm.news\/?p=2109#respond"]}]},{"@type":"WebPage","@id":"https:\/\/stourm.news\/?p=2109","url":"https:\/\/stourm.news\/?p=2109","name":"Immigration : \u00e0 Rennes, nouvelle fusillade sur fond de guerre des gangs ethniques pour le contr\u00f4le de la drogue - STOURM","isPartOf":{"@id":"https:\/\/stourm.news\/#website"},"primaryImageOfPage":{"@id":"https:\/\/stourm.news\/?p=2109#primaryimage"},"image":{"@id":"https:\/\/stourm.news\/?p=2109#primaryimage"},"thumbnailUrl":"https:\/\/stourm.news\/wp-content\/uploads\/2024\/07\/66a5217ac6e69c5928254219.1.webp","datePublished":"2024-08-23T14:56:45+00:00","breadcrumb":{"@id":"https:\/\/stourm.news\/?p=2109#breadcrumb"},"inLanguage":"fr-FR","potentialAction":[{"@type":"ReadAction","target":["https:\/\/stourm.news\/?p=2109"]}]},{"@type":"ImageObject","inLanguage":"fr-FR","@id":"https:\/\/stourm.news\/?p=2109#primaryimage","url":"https:\/\/stourm.news\/wp-content\/uploads\/2024\/07\/66a5217ac6e69c5928254219.1.webp","contentUrl":"https:\/\/stourm.news\/wp-content\/uploads\/2024\/07\/66a5217ac6e69c5928254219.1.webp","width":1200,"height":750},{"@type":"BreadcrumbList","@id":"https:\/\/stourm.news\/?p=2109#breadcrumb","itemListElement":[{"@type":"ListItem","position":1,"name":"Accueil","item":"https:\/\/stourm.news\/"},{"@type":"ListItem","position":2,"name":"Immigration : \u00e0 Rennes, nouvelle fusillade sur fond de guerre des gangs ethniques pour le contr\u00f4le de la drogue"}]},{"@type":"WebSite","@id":"https:\/\/stourm.news\/#website","url":"https:\/\/stourm.news\/","name":"Stourm","description":"Kazetenn Strollad Broadel Breizh","publisher":{"@id":"https:\/\/stourm.news\/#organization"},"potentialAction":[{"@type":"SearchAction","target":{"@type":"EntryPoint","urlTemplate":"https:\/\/stourm.news\/?s={search_term_string}"},"query-input":{"@type":"PropertyValueSpecification","valueRequired":true,"valueName":"search_term_string"}}],"inLanguage":"fr-FR"},{"@type":"Organization","@id":"https:\/\/stourm.news\/#organization","name":"Stourm","url":"https:\/\/stourm.news\/","logo":{"@type":"ImageObject","inLanguage":"fr-FR","@id":"https:\/\/stourm.news\/#\/schema\/logo\/image\/","url":"https:\/\/stourm.news\/wp-content\/uploads\/2025\/11\/cropped-Capture-decran-2025-11-28-a-15.19.07.png","contentUrl":"https:\/\/stourm.news\/wp-content\/uploads\/2025\/11\/cropped-Capture-decran-2025-11-28-a-15.19.07.png","width":1855,"height":383,"caption":"Stourm"},"image":{"@id":"https:\/\/stourm.news\/#\/schema\/logo\/image\/"},"sameAs":["https:\/\/www.facebook.com\/stourmnews\/"]},{"@type":"Person","@id":"https:\/\/stourm.news\/#\/schema\/person\/c3e1dc65988632e190969234ef046cf9","name":"La r\u00e9daction","image":{"@type":"ImageObject","inLanguage":"fr-FR","@id":"https:\/\/stourm.news\/#\/schema\/person\/image\/","url":"https:\/\/secure.gravatar.com\/avatar\/7463443f194b6b5fb706b074ca0ef59a0cfcfd720cb47764b0ec5a952ce422b3?s=96&d=mm&r=g","contentUrl":"https:\/\/secure.gravatar.com\/avatar\/7463443f194b6b5fb706b074ca0ef59a0cfcfd720cb47764b0ec5a952ce422b3?s=96&d=mm&r=g","caption":"La r\u00e9daction"},"sameAs":["https:\/\/stourm.news"],"url":"https:\/\/stourm.news\/?author=1"}]}},"_links":{"self":[{"href":"https:\/\/stourm.news\/index.php?rest_route=\/wp\/v2\/posts\/2109","targetHints":{"allow":["GET"]}}],"collection":[{"href":"https:\/\/stourm.news\/index.php?rest_route=\/wp\/v2\/posts"}],"about":[{"href":"https:\/\/stourm.news\/index.php?rest_route=\/wp\/v2\/types\/post"}],"author":[{"embeddable":true,"href":"https:\/\/stourm.news\/index.php?rest_route=\/wp\/v2\/users\/1"}],"replies":[{"embeddable":true,"href":"https:\/\/stourm.news\/index.php?rest_route=%2Fwp%2Fv2%2Fcomments&post=2109"}],"version-history":[{"count":1,"href":"https:\/\/stourm.news\/index.php?rest_route=\/wp\/v2\/posts\/2109\/revisions"}],"predecessor-version":[{"id":2110,"href":"https:\/\/stourm.news\/index.php?rest_route=\/wp\/v2\/posts\/2109\/revisions\/2110"}],"wp:featuredmedia":[{"embeddable":true,"href":"https:\/\/stourm.news\/index.php?rest_route=\/wp\/v2\/media\/1885"}],"wp:attachment":[{"href":"https:\/\/stourm.news\/index.php?rest_route=%2Fwp%2Fv2%2Fmedia&parent=2109"}],"wp:term":[{"taxonomy":"category","embeddable":true,"href":"https:\/\/stourm.news\/index.php?rest_route=%2Fwp%2Fv2%2Fcategories&post=2109"},{"taxonomy":"post_tag","embeddable":true,"href":"https:\/\/stourm.news\/index.php?rest_route=%2Fwp%2Fv2%2Ftags&post=2109"}],"curies":[{"name":"wp","href":"https:\/\/api.w.org\/{rel}","templated":true}]}}