{"id":2111,"date":"2024-08-24T06:04:18","date_gmt":"2024-08-24T06:04:18","guid":{"rendered":"https:\/\/stourm.news\/?p=2111"},"modified":"2024-08-24T06:08:24","modified_gmt":"2024-08-24T06:08:24","slug":"rennes-le-francilien-mathis-lambourde-responsable-de-la-mort-de-stephanie-cadeau-51-ans-nira-pas-en-prison","status":"publish","type":"post","link":"https:\/\/stourm.news\/?p=2111","title":{"rendered":"Rennes : le Francilien Mathis Lambourde, responsable de la mort de St\u00e9phanie Cadeau (51 ans), n&rsquo;ira pas en prison"},"content":{"rendered":"<p style=\"text-align: justify;\"><strong>Mathis Lambourde<\/strong>, espoir du Stade Rennais, \u00e9tait jug\u00e9 ce vendredi 23 ao\u00fbt 2024 au tribunal correctionnel de Rennes pour avoir percut\u00e9 en trottinette et tu\u00e9 une pi\u00e9tonne, en juin dernier.<\/p>\n<p style=\"text-align: justify;\">Le jeune joueur de 18 ans a \u00e9t\u00e9 reconnu coupable<strong> d\u2019homicide involontaire<\/strong> par manquement \u00e0 une obligation de s\u00e9curit\u00e9. Il \u00e9cope de deux ans de prison assorti <strong>d\u2019un sursis int\u00e9gral<\/strong> et simple de cinq ans.<\/p>\n<p style=\"text-align: justify;\">La condamnation de Mathis Lambourde a suivi <strong>les r\u00e9quisitions du procureur<\/strong>.<\/p>\n<p style=\"text-align: justify;\">Le 18 juin 2024, Mathis Lambourde circulait en trottinette avec un mineur derri\u00e8re lui sur le mail Fran\u00e7ois Mitterrand. Il a alors percut\u00e9 St\u00e9phanie Cadeau, 51 ans, programmatrice du festival Les Embellies.<\/p>\n<p style=\"text-align: justify;\">Transport\u00e9e \u00e0 l\u2019h\u00f4pital, gravement bless\u00e9e, elle d\u00e9c\u00e8dera des suites de ses blessures six jours plus tard.<\/p>\n<p>Source : <a href=\"https:\/\/actu.fr\/bretagne\/rennes_35238\/je-suis-desole-pour-la-famille-le-joueur-rennais-mathis-lambourde-condamne-a-2-ans-de-prison-avec-sursis_61518937.html\">Actu.fr<\/a><\/p>\n","protected":false},"excerpt":{"rendered":"<p>Mathis Lambourde, espoir du Stade Rennais, \u00e9tait jug\u00e9 ce vendredi 23 ao\u00fbt 2024 au tribunal correctionnel de Rennes pour avoir percut\u00e9 en trottinette et tu\u00e9 une pi\u00e9tonne, en juin dernier. Le jeune joueur de 18 ans a \u00e9t\u00e9 reconnu coupable d\u2019homicide involontaire par manquement \u00e0 une obligation de s\u00e9curit\u00e9. Il \u00e9cope de deux ans de [&hellip;]<\/p>\n","protected":false},"author":1,"featured_media":2112,"comment_status":"open","ping_status":"open","sticky":false,"template":"","format":"standard","meta":{"sb_editor_width":"","footnotes":""},"categories":[52,41,62],"tags":[],"class_list":["post-2111","post","type-post","status-publish","format-standard","has-post-thumbnail","hentry","category-faits-divers","category-ille-et-vilaine","category-revue-de-presse"],"relative_dates":{"created":"2 ans ago","modified":"2 ans ago"},"yoast_head":"<!-- This site is optimized with the Yoast SEO plugin v26.3 - https:\/\/yoast.com\/wordpress\/plugins\/seo\/ -->\n<title>Rennes : le Francilien Mathis Lambourde, responsable de la mort de St\u00e9phanie Cadeau (51 ans), n&#039;ira pas en prison - STOURM<\/title>\n<meta name=\"robots\" content=\"index, follow, max-snippet:-1, max-image-preview:large, max-video-preview:-1\" \/>\n<link rel=\"canonical\" href=\"https:\/\/stourm.news\/?p=2111\" \/>\n<meta property=\"og:locale\" content=\"fr_FR\" \/>\n<meta property=\"og:type\" content=\"article\" \/>\n<meta property=\"og:title\" content=\"Rennes : le Francilien Mathis Lambourde, responsable de la mort de St\u00e9phanie Cadeau (51 ans), n&#039;ira pas en prison - STOURM\" \/>\n<meta property=\"og:description\" content=\"Mathis Lambourde, espoir du Stade Rennais, \u00e9tait jug\u00e9 ce vendredi 23 ao\u00fbt 2024 au tribunal correctionnel de Rennes pour avoir percut\u00e9 en trottinette et tu\u00e9 une pi\u00e9tonne, en juin dernier. Le jeune joueur de 18 ans a \u00e9t\u00e9 reconnu coupable d\u2019homicide involontaire par manquement \u00e0 une obligation de s\u00e9curit\u00e9. Il \u00e9cope de deux ans de [&hellip;]\" \/>\n<meta property=\"og:url\" content=\"https:\/\/stourm.news\/?p=2111\" \/>\n<meta property=\"og:site_name\" content=\"STOURM\" \/>\n<meta property=\"article:publisher\" content=\"https:\/\/www.facebook.com\/stourmnews\/\" \/>\n<meta property=\"article:published_time\" content=\"2024-08-24T06:04:18+00:00\" \/>\n<meta property=\"article:modified_time\" content=\"2024-08-24T06:08:24+00:00\" \/>\n<meta property=\"og:image\" content=\"https:\/\/stourm.news\/wp-content\/uploads\/2024\/08\/BeFunky-collage-2-1-scaled.jpg\" \/>\n\t<meta property=\"og:image:width\" content=\"2560\" \/>\n\t<meta property=\"og:image:height\" content=\"1541\" \/>\n\t<meta property=\"og:image:type\" content=\"image\/jpeg\" \/>\n<meta name=\"author\" content=\"La r\u00e9daction\" \/>\n<meta name=\"twitter:card\" content=\"summary_large_image\" \/>\n<meta name=\"twitter:label1\" content=\"\u00c9crit par\" \/>\n\t<meta name=\"twitter:data1\" content=\"La r\u00e9daction\" \/>\n\t<meta name=\"twitter:label2\" content=\"Dur\u00e9e de lecture estim\u00e9e\" \/>\n\t<meta name=\"twitter:data2\" content=\"1 minute\" \/>\n<script type=\"application\/ld+json\" class=\"yoast-schema-graph\">{\"@context\":\"https:\/\/schema.org\",\"@graph\":[{\"@type\":\"Article\",\"@id\":\"https:\/\/stourm.news\/?p=2111#article\",\"isPartOf\":{\"@id\":\"https:\/\/stourm.news\/?p=2111\"},\"author\":{\"name\":\"La r\u00e9daction\",\"@id\":\"https:\/\/stourm.news\/#\/schema\/person\/c3e1dc65988632e190969234ef046cf9\"},\"headline\":\"Rennes : le Francilien Mathis Lambourde, responsable de la mort de St\u00e9phanie Cadeau (51 ans), n&rsquo;ira pas en prison\",\"datePublished\":\"2024-08-24T06:04:18+00:00\",\"dateModified\":\"2024-08-24T06:08:24+00:00\",\"mainEntityOfPage\":{\"@id\":\"https:\/\/stourm.news\/?p=2111\"},\"wordCount\":154,\"commentCount\":0,\"publisher\":{\"@id\":\"https:\/\/stourm.news\/#organization\"},\"image\":{\"@id\":\"https:\/\/stourm.news\/?p=2111#primaryimage\"},\"thumbnailUrl\":\"https:\/\/stourm.news\/wp-content\/uploads\/2024\/08\/BeFunky-collage-2-1-scaled.jpg\",\"articleSection\":[\"Faits divers\",\"Ille-et-Vilaine\",\"Revue de presse\"],\"inLanguage\":\"fr-FR\",\"potentialAction\":[{\"@type\":\"CommentAction\",\"name\":\"Comment\",\"target\":[\"https:\/\/stourm.news\/?p=2111#respond\"]}]},{\"@type\":\"WebPage\",\"@id\":\"https:\/\/stourm.news\/?p=2111\",\"url\":\"https:\/\/stourm.news\/?p=2111\",\"name\":\"Rennes : le Francilien Mathis Lambourde, responsable de la mort de St\u00e9phanie Cadeau (51 ans), n'ira pas en prison - STOURM\",\"isPartOf\":{\"@id\":\"https:\/\/stourm.news\/#website\"},\"primaryImageOfPage\":{\"@id\":\"https:\/\/stourm.news\/?p=2111#primaryimage\"},\"image\":{\"@id\":\"https:\/\/stourm.news\/?p=2111#primaryimage\"},\"thumbnailUrl\":\"https:\/\/stourm.news\/wp-content\/uploads\/2024\/08\/BeFunky-collage-2-1-scaled.jpg\",\"datePublished\":\"2024-08-24T06:04:18+00:00\",\"dateModified\":\"2024-08-24T06:08:24+00:00\",\"breadcrumb\":{\"@id\":\"https:\/\/stourm.news\/?p=2111#breadcrumb\"},\"inLanguage\":\"fr-FR\",\"potentialAction\":[{\"@type\":\"ReadAction\",\"target\":[\"https:\/\/stourm.news\/?p=2111\"]}]},{\"@type\":\"ImageObject\",\"inLanguage\":\"fr-FR\",\"@id\":\"https:\/\/stourm.news\/?p=2111#primaryimage\",\"url\":\"https:\/\/stourm.news\/wp-content\/uploads\/2024\/08\/BeFunky-collage-2-1-scaled.jpg\",\"contentUrl\":\"https:\/\/stourm.news\/wp-content\/uploads\/2024\/08\/BeFunky-collage-2-1-scaled.jpg\",\"width\":2560,\"height\":1541},{\"@type\":\"BreadcrumbList\",\"@id\":\"https:\/\/stourm.news\/?p=2111#breadcrumb\",\"itemListElement\":[{\"@type\":\"ListItem\",\"position\":1,\"name\":\"Accueil\",\"item\":\"https:\/\/stourm.news\/\"},{\"@type\":\"ListItem\",\"position\":2,\"name\":\"Rennes : le Francilien Mathis Lambourde, responsable de la mort de St\u00e9phanie Cadeau (51 ans), n&rsquo;ira pas en prison\"}]},{\"@type\":\"WebSite\",\"@id\":\"https:\/\/stourm.news\/#website\",\"url\":\"https:\/\/stourm.news\/\",\"name\":\"Stourm\",\"description\":\"Kazetenn Strollad Broadel Breizh\",\"publisher\":{\"@id\":\"https:\/\/stourm.news\/#organization\"},\"potentialAction\":[{\"@type\":\"SearchAction\",\"target\":{\"@type\":\"EntryPoint\",\"urlTemplate\":\"https:\/\/stourm.news\/?s={search_term_string}\"},\"query-input\":{\"@type\":\"PropertyValueSpecification\",\"valueRequired\":true,\"valueName\":\"search_term_string\"}}],\"inLanguage\":\"fr-FR\"},{\"@type\":\"Organization\",\"@id\":\"https:\/\/stourm.news\/#organization\",\"name\":\"Stourm\",\"url\":\"https:\/\/stourm.news\/\",\"logo\":{\"@type\":\"ImageObject\",\"inLanguage\":\"fr-FR\",\"@id\":\"https:\/\/stourm.news\/#\/schema\/logo\/image\/\",\"url\":\"https:\/\/stourm.news\/wp-content\/uploads\/2025\/11\/cropped-Capture-decran-2025-11-28-a-15.19.07.png\",\"contentUrl\":\"https:\/\/stourm.news\/wp-content\/uploads\/2025\/11\/cropped-Capture-decran-2025-11-28-a-15.19.07.png\",\"width\":1855,\"height\":383,\"caption\":\"Stourm\"},\"image\":{\"@id\":\"https:\/\/stourm.news\/#\/schema\/logo\/image\/\"},\"sameAs\":[\"https:\/\/www.facebook.com\/stourmnews\/\"]},{\"@type\":\"Person\",\"@id\":\"https:\/\/stourm.news\/#\/schema\/person\/c3e1dc65988632e190969234ef046cf9\",\"name\":\"La r\u00e9daction\",\"image\":{\"@type\":\"ImageObject\",\"inLanguage\":\"fr-FR\",\"@id\":\"https:\/\/stourm.news\/#\/schema\/person\/image\/\",\"url\":\"https:\/\/secure.gravatar.com\/avatar\/7463443f194b6b5fb706b074ca0ef59a0cfcfd720cb47764b0ec5a952ce422b3?s=96&d=mm&r=g\",\"contentUrl\":\"https:\/\/secure.gravatar.com\/avatar\/7463443f194b6b5fb706b074ca0ef59a0cfcfd720cb47764b0ec5a952ce422b3?s=96&d=mm&r=g\",\"caption\":\"La r\u00e9daction\"},\"sameAs\":[\"https:\/\/stourm.news\"],\"url\":\"https:\/\/stourm.news\/?author=1\"}]}<\/script>\n<!-- \/ Yoast SEO plugin. -->","yoast_head_json":{"title":"Rennes : le Francilien Mathis Lambourde, responsable de la mort de St\u00e9phanie Cadeau (51 ans), n'ira pas en prison - STOURM","robots":{"index":"index","follow":"follow","max-snippet":"max-snippet:-1","max-image-preview":"max-image-preview:large","max-video-preview":"max-video-preview:-1"},"canonical":"https:\/\/stourm.news\/?p=2111","og_locale":"fr_FR","og_type":"article","og_title":"Rennes : le Francilien Mathis Lambourde, responsable de la mort de St\u00e9phanie Cadeau (51 ans), n'ira pas en prison - STOURM","og_description":"Mathis Lambourde, espoir du Stade Rennais, \u00e9tait jug\u00e9 ce vendredi 23 ao\u00fbt 2024 au tribunal correctionnel de Rennes pour avoir percut\u00e9 en trottinette et tu\u00e9 une pi\u00e9tonne, en juin dernier. Le jeune joueur de 18 ans a \u00e9t\u00e9 reconnu coupable d\u2019homicide involontaire par manquement \u00e0 une obligation de s\u00e9curit\u00e9. Il \u00e9cope de deux ans de [&hellip;]","og_url":"https:\/\/stourm.news\/?p=2111","og_site_name":"STOURM","article_publisher":"https:\/\/www.facebook.com\/stourmnews\/","article_published_time":"2024-08-24T06:04:18+00:00","article_modified_time":"2024-08-24T06:08:24+00:00","og_image":[{"width":2560,"height":1541,"url":"https:\/\/stourm.news\/wp-content\/uploads\/2024\/08\/BeFunky-collage-2-1-scaled.jpg","type":"image\/jpeg"}],"author":"La r\u00e9daction","twitter_card":"summary_large_image","twitter_misc":{"\u00c9crit par":"La r\u00e9daction","Dur\u00e9e de lecture estim\u00e9e":"1 minute"},"schema":{"@context":"https:\/\/schema.org","@graph":[{"@type":"Article","@id":"https:\/\/stourm.news\/?p=2111#article","isPartOf":{"@id":"https:\/\/stourm.news\/?p=2111"},"author":{"name":"La r\u00e9daction","@id":"https:\/\/stourm.news\/#\/schema\/person\/c3e1dc65988632e190969234ef046cf9"},"headline":"Rennes : le Francilien Mathis Lambourde, responsable de la mort de St\u00e9phanie Cadeau (51 ans), n&rsquo;ira pas en prison","datePublished":"2024-08-24T06:04:18+00:00","dateModified":"2024-08-24T06:08:24+00:00","mainEntityOfPage":{"@id":"https:\/\/stourm.news\/?p=2111"},"wordCount":154,"commentCount":0,"publisher":{"@id":"https:\/\/stourm.news\/#organization"},"image":{"@id":"https:\/\/stourm.news\/?p=2111#primaryimage"},"thumbnailUrl":"https:\/\/stourm.news\/wp-content\/uploads\/2024\/08\/BeFunky-collage-2-1-scaled.jpg","articleSection":["Faits divers","Ille-et-Vilaine","Revue de presse"],"inLanguage":"fr-FR","potentialAction":[{"@type":"CommentAction","name":"Comment","target":["https:\/\/stourm.news\/?p=2111#respond"]}]},{"@type":"WebPage","@id":"https:\/\/stourm.news\/?p=2111","url":"https:\/\/stourm.news\/?p=2111","name":"Rennes : le Francilien Mathis Lambourde, responsable de la mort de St\u00e9phanie Cadeau (51 ans), n'ira pas en prison - STOURM","isPartOf":{"@id":"https:\/\/stourm.news\/#website"},"primaryImageOfPage":{"@id":"https:\/\/stourm.news\/?p=2111#primaryimage"},"image":{"@id":"https:\/\/stourm.news\/?p=2111#primaryimage"},"thumbnailUrl":"https:\/\/stourm.news\/wp-content\/uploads\/2024\/08\/BeFunky-collage-2-1-scaled.jpg","datePublished":"2024-08-24T06:04:18+00:00","dateModified":"2024-08-24T06:08:24+00:00","breadcrumb":{"@id":"https:\/\/stourm.news\/?p=2111#breadcrumb"},"inLanguage":"fr-FR","potentialAction":[{"@type":"ReadAction","target":["https:\/\/stourm.news\/?p=2111"]}]},{"@type":"ImageObject","inLanguage":"fr-FR","@id":"https:\/\/stourm.news\/?p=2111#primaryimage","url":"https:\/\/stourm.news\/wp-content\/uploads\/2024\/08\/BeFunky-collage-2-1-scaled.jpg","contentUrl":"https:\/\/stourm.news\/wp-content\/uploads\/2024\/08\/BeFunky-collage-2-1-scaled.jpg","width":2560,"height":1541},{"@type":"BreadcrumbList","@id":"https:\/\/stourm.news\/?p=2111#breadcrumb","itemListElement":[{"@type":"ListItem","position":1,"name":"Accueil","item":"https:\/\/stourm.news\/"},{"@type":"ListItem","position":2,"name":"Rennes : le Francilien Mathis Lambourde, responsable de la mort de St\u00e9phanie Cadeau (51 ans), n&rsquo;ira pas en prison"}]},{"@type":"WebSite","@id":"https:\/\/stourm.news\/#website","url":"https:\/\/stourm.news\/","name":"Stourm","description":"Kazetenn Strollad Broadel Breizh","publisher":{"@id":"https:\/\/stourm.news\/#organization"},"potentialAction":[{"@type":"SearchAction","target":{"@type":"EntryPoint","urlTemplate":"https:\/\/stourm.news\/?s={search_term_string}"},"query-input":{"@type":"PropertyValueSpecification","valueRequired":true,"valueName":"search_term_string"}}],"inLanguage":"fr-FR"},{"@type":"Organization","@id":"https:\/\/stourm.news\/#organization","name":"Stourm","url":"https:\/\/stourm.news\/","logo":{"@type":"ImageObject","inLanguage":"fr-FR","@id":"https:\/\/stourm.news\/#\/schema\/logo\/image\/","url":"https:\/\/stourm.news\/wp-content\/uploads\/2025\/11\/cropped-Capture-decran-2025-11-28-a-15.19.07.png","contentUrl":"https:\/\/stourm.news\/wp-content\/uploads\/2025\/11\/cropped-Capture-decran-2025-11-28-a-15.19.07.png","width":1855,"height":383,"caption":"Stourm"},"image":{"@id":"https:\/\/stourm.news\/#\/schema\/logo\/image\/"},"sameAs":["https:\/\/www.facebook.com\/stourmnews\/"]},{"@type":"Person","@id":"https:\/\/stourm.news\/#\/schema\/person\/c3e1dc65988632e190969234ef046cf9","name":"La r\u00e9daction","image":{"@type":"ImageObject","inLanguage":"fr-FR","@id":"https:\/\/stourm.news\/#\/schema\/person\/image\/","url":"https:\/\/secure.gravatar.com\/avatar\/7463443f194b6b5fb706b074ca0ef59a0cfcfd720cb47764b0ec5a952ce422b3?s=96&d=mm&r=g","contentUrl":"https:\/\/secure.gravatar.com\/avatar\/7463443f194b6b5fb706b074ca0ef59a0cfcfd720cb47764b0ec5a952ce422b3?s=96&d=mm&r=g","caption":"La r\u00e9daction"},"sameAs":["https:\/\/stourm.news"],"url":"https:\/\/stourm.news\/?author=1"}]}},"_links":{"self":[{"href":"https:\/\/stourm.news\/index.php?rest_route=\/wp\/v2\/posts\/2111","targetHints":{"allow":["GET"]}}],"collection":[{"href":"https:\/\/stourm.news\/index.php?rest_route=\/wp\/v2\/posts"}],"about":[{"href":"https:\/\/stourm.news\/index.php?rest_route=\/wp\/v2\/types\/post"}],"author":[{"embeddable":true,"href":"https:\/\/stourm.news\/index.php?rest_route=\/wp\/v2\/users\/1"}],"replies":[{"embeddable":true,"href":"https:\/\/stourm.news\/index.php?rest_route=%2Fwp%2Fv2%2Fcomments&post=2111"}],"version-history":[{"count":2,"href":"https:\/\/stourm.news\/index.php?rest_route=\/wp\/v2\/posts\/2111\/revisions"}],"predecessor-version":[{"id":2114,"href":"https:\/\/stourm.news\/index.php?rest_route=\/wp\/v2\/posts\/2111\/revisions\/2114"}],"wp:featuredmedia":[{"embeddable":true,"href":"https:\/\/stourm.news\/index.php?rest_route=\/wp\/v2\/media\/2112"}],"wp:attachment":[{"href":"https:\/\/stourm.news\/index.php?rest_route=%2Fwp%2Fv2%2Fmedia&parent=2111"}],"wp:term":[{"taxonomy":"category","embeddable":true,"href":"https:\/\/stourm.news\/index.php?rest_route=%2Fwp%2Fv2%2Fcategories&post=2111"},{"taxonomy":"post_tag","embeddable":true,"href":"https:\/\/stourm.news\/index.php?rest_route=%2Fwp%2Fv2%2Ftags&post=2111"}],"curies":[{"name":"wp","href":"https:\/\/api.w.org\/{rel}","templated":true}]}}