{"id":2118,"date":"2024-08-27T05:48:16","date_gmt":"2024-08-27T05:48:16","guid":{"rendered":"https:\/\/stourm.news\/?p=2118"},"modified":"2024-08-27T09:56:47","modified_gmt":"2024-08-27T09:56:47","slug":"a-linvitation-du-voorpost-une-delegation-du-pnb-sest-rendue-a-la-23e-edition-de-lijzerwake-festival-du-patriotisme-flamand","status":"publish","type":"post","link":"https:\/\/stourm.news\/?p=2118","title":{"rendered":"\u00c0 l&rsquo;invitation du Voorpost, une d\u00e9l\u00e9gation du PNB s&rsquo;est rendue \u00e0 la 23e \u00e9dition de l&rsquo;Ijzerwake, festival du patriotisme flamand"},"content":{"rendered":"<p style=\"text-align: justify;\">Une d\u00e9l\u00e9gation du Parti National Breton, men\u00e9e par son pr\u00e9sident, a r\u00e9alis\u00e9 son premier d\u00e9placement international en Flandre, ce weekend, \u00e0 la 23e \u00e9dition de l&rsquo;Ijzerwake, le plus grand festival annuel du nationalisme flamand. Nous avions \u00e9t\u00e9 invit\u00e9s par nos camarades flamands du Voorpost, organisation patriotique qui milite en faveur d&rsquo;une Flandre libre et r\u00e9unie \u00e0 la Hollande.<\/p>\n<blockquote class=\"twitter-tweet\">\n<p dir=\"ltr\" lang=\"nl\">Dit weekeinde is het zover!<\/p>\n<p>De IJzerwake, een weekeinde vol identiteit, cultuur en tradities<\/p>\n<p>Beleef het grootste nationalistisch treffen der Lage Landen! <a href=\"https:\/\/twitter.com\/hashtag\/ijzerwake?src=hash&amp;ref_src=twsrc%5Etfw\">#ijzerwake<\/a> <a href=\"https:\/\/twitter.com\/hashtag\/kameraadschapsavond?src=hash&amp;ref_src=twsrc%5Etfw\">#kameraadschapsavond<\/a> <a href=\"https:\/\/t.co\/NXcRyiy3Tz\">pic.twitter.com\/NXcRyiy3Tz<\/a><\/p>\n<p>\u2014 Voorpost (@voorpost) <a href=\"https:\/\/twitter.com\/voorpost\/status\/1826521631893667857?ref_src=twsrc%5Etfw\">August 22, 2024<\/a><\/p><\/blockquote>\n<p><script async src=\"https:\/\/platform.twitter.com\/widgets.js\" charset=\"utf-8\"><\/script><\/p>\n<p style=\"text-align: justify;\">Dans la journ\u00e9e du samedi, guid\u00e9s par deux camarades flamands, nous avons pu d\u00e9poser une gerbe au cimeti\u00e8re militaire breton, o\u00f9, avec beaucoup d&rsquo;\u00e9motion, nous avons chant\u00e9 notre hymne national face \u00e0 un calvaire typique de notre pays afin d\u2019honorer les morts de notre peuple qui reposent en ce lieu.<\/p>\n<p><img fetchpriority=\"high\" decoding=\"async\" class=\"alignnone wp-image-2121 size-full\" src=\"https:\/\/stourm.news\/wp-content\/uploads\/2024\/08\/457250174_2716569778520788_5785764720358473895_n.jpg\" alt=\"\" width=\"912\" height=\"1189\" srcset=\"https:\/\/stourm.news\/wp-content\/uploads\/2024\/08\/457250174_2716569778520788_5785764720358473895_n.jpg 912w, https:\/\/stourm.news\/wp-content\/uploads\/2024\/08\/457250174_2716569778520788_5785764720358473895_n-230x300.jpg 230w, https:\/\/stourm.news\/wp-content\/uploads\/2024\/08\/457250174_2716569778520788_5785764720358473895_n-785x1024.jpg 785w, https:\/\/stourm.news\/wp-content\/uploads\/2024\/08\/457250174_2716569778520788_5785764720358473895_n-768x1001.jpg 768w\" sizes=\"(max-width: 912px) 100vw, 912px\" \/><\/p>\n<p style=\"text-align: justify;\">Notre visite s&rsquo;est ensuite poursuivie dans diff\u00e9rents cimeti\u00e8res militaires, si nombreux dans cette terre terriblement ravag\u00e9e par les combats fratricides de la 1ere guerre mondiale. Nous avons notamment rendu hommage aux irlandais et aux gallois, peuples si proches du notre.<\/p>\n<p><img decoding=\"async\" class=\"alignnone wp-image-2122 size-full\" src=\"https:\/\/stourm.news\/wp-content\/uploads\/2024\/08\/457224953_2739463826224651_8501034262770848785_n.jpg\" alt=\"\" width=\"2000\" height=\"1128\" srcset=\"https:\/\/stourm.news\/wp-content\/uploads\/2024\/08\/457224953_2739463826224651_8501034262770848785_n.jpg 2000w, https:\/\/stourm.news\/wp-content\/uploads\/2024\/08\/457224953_2739463826224651_8501034262770848785_n-300x169.jpg 300w, https:\/\/stourm.news\/wp-content\/uploads\/2024\/08\/457224953_2739463826224651_8501034262770848785_n-1024x578.jpg 1024w, https:\/\/stourm.news\/wp-content\/uploads\/2024\/08\/457224953_2739463826224651_8501034262770848785_n-768x433.jpg 768w, https:\/\/stourm.news\/wp-content\/uploads\/2024\/08\/457224953_2739463826224651_8501034262770848785_n-1536x866.jpg 1536w\" sizes=\"(max-width: 2000px) 100vw, 2000px\" \/><\/p>\n<p><img decoding=\"async\" class=\"alignnone wp-image-2123 size-full\" src=\"https:\/\/stourm.news\/wp-content\/uploads\/2024\/08\/455048178_1034365427810344_2454985957411425649_n.jpg\" alt=\"\" width=\"1632\" height=\"920\" srcset=\"https:\/\/stourm.news\/wp-content\/uploads\/2024\/08\/455048178_1034365427810344_2454985957411425649_n.jpg 1632w, https:\/\/stourm.news\/wp-content\/uploads\/2024\/08\/455048178_1034365427810344_2454985957411425649_n-300x169.jpg 300w, https:\/\/stourm.news\/wp-content\/uploads\/2024\/08\/455048178_1034365427810344_2454985957411425649_n-1024x577.jpg 1024w, https:\/\/stourm.news\/wp-content\/uploads\/2024\/08\/455048178_1034365427810344_2454985957411425649_n-768x433.jpg 768w, https:\/\/stourm.news\/wp-content\/uploads\/2024\/08\/455048178_1034365427810344_2454985957411425649_n-1536x866.jpg 1536w\" sizes=\"(max-width: 1632px) 100vw, 1632px\" \/><\/p>\n<p><img loading=\"lazy\" decoding=\"async\" class=\"alignnone wp-image-2126 size-full\" src=\"https:\/\/stourm.news\/wp-content\/uploads\/2024\/08\/mRlk4mgM.jpg-large.jpg\" alt=\"\" width=\"1574\" height=\"1078\" srcset=\"https:\/\/stourm.news\/wp-content\/uploads\/2024\/08\/mRlk4mgM.jpg-large.jpg 1574w, https:\/\/stourm.news\/wp-content\/uploads\/2024\/08\/mRlk4mgM.jpg-large-300x205.jpg 300w, https:\/\/stourm.news\/wp-content\/uploads\/2024\/08\/mRlk4mgM.jpg-large-1024x701.jpg 1024w, https:\/\/stourm.news\/wp-content\/uploads\/2024\/08\/mRlk4mgM.jpg-large-768x526.jpg 768w, https:\/\/stourm.news\/wp-content\/uploads\/2024\/08\/mRlk4mgM.jpg-large-1536x1052.jpg 1536w\" sizes=\"(max-width: 1574px) 100vw, 1574px\" \/><\/p>\n<p><img loading=\"lazy\" decoding=\"async\" class=\"alignnone wp-image-2125 size-full\" src=\"https:\/\/stourm.news\/wp-content\/uploads\/2024\/08\/6EP1nw_M.jpg-large.jpg\" alt=\"\" width=\"1551\" height=\"1009\" srcset=\"https:\/\/stourm.news\/wp-content\/uploads\/2024\/08\/6EP1nw_M.jpg-large.jpg 1551w, https:\/\/stourm.news\/wp-content\/uploads\/2024\/08\/6EP1nw_M.jpg-large-300x195.jpg 300w, https:\/\/stourm.news\/wp-content\/uploads\/2024\/08\/6EP1nw_M.jpg-large-1024x666.jpg 1024w, https:\/\/stourm.news\/wp-content\/uploads\/2024\/08\/6EP1nw_M.jpg-large-768x500.jpg 768w, https:\/\/stourm.news\/wp-content\/uploads\/2024\/08\/6EP1nw_M.jpg-large-1536x999.jpg 1536w\" sizes=\"(max-width: 1551px) 100vw, 1551px\" \/><\/p>\n<p><img loading=\"lazy\" decoding=\"async\" class=\"alignnone wp-image-2127 size-full\" src=\"https:\/\/stourm.news\/wp-content\/uploads\/2024\/08\/QQJqpO44.jpg-large.jpg\" alt=\"\" width=\"2048\" height=\"1155\" srcset=\"https:\/\/stourm.news\/wp-content\/uploads\/2024\/08\/QQJqpO44.jpg-large.jpg 2048w, https:\/\/stourm.news\/wp-content\/uploads\/2024\/08\/QQJqpO44.jpg-large-300x169.jpg 300w, https:\/\/stourm.news\/wp-content\/uploads\/2024\/08\/QQJqpO44.jpg-large-1024x578.jpg 1024w, https:\/\/stourm.news\/wp-content\/uploads\/2024\/08\/QQJqpO44.jpg-large-768x433.jpg 768w, https:\/\/stourm.news\/wp-content\/uploads\/2024\/08\/QQJqpO44.jpg-large-1536x866.jpg 1536w\" sizes=\"(max-width: 2048px) 100vw, 2048px\" \/><\/p>\n<p style=\"text-align: justify;\">Enfin, nous nous sommes rendus \u00e0 la tour de l&rsquo;Yser, \u00e0 Dixmude, monument \u00e0 la gloire de la libert\u00e9 flamande. Une premiere version de cette tour fut d\u00e9truite par l&rsquo;\u00c9tat belge apr\u00e8s la Seconde Guerre Mondiale, poussant les nationalistes flamands \u00e0 reconstruire une tour plus grande encore. Dans cette tour, visible de tr\u00e8s loin se trouve un mus\u00e9e racontant d&rsquo;une part l&rsquo;histoire poignante du premier conflit mondial et d&rsquo;autre part l&rsquo;histoire de l&rsquo;\u00e9mancipation flamande.<\/p>\n<p><img loading=\"lazy\" decoding=\"async\" class=\"alignnone wp-image-2132 size-full\" src=\"https:\/\/stourm.news\/wp-content\/uploads\/2024\/08\/session-attachment-2024-08-27-105038_025-rotated.jpeg\" alt=\"\" width=\"1152\" height=\"1536\" srcset=\"https:\/\/stourm.news\/wp-content\/uploads\/2024\/08\/session-attachment-2024-08-27-105038_025-rotated.jpeg 1152w, https:\/\/stourm.news\/wp-content\/uploads\/2024\/08\/session-attachment-2024-08-27-105038_025-225x300.jpeg 225w, https:\/\/stourm.news\/wp-content\/uploads\/2024\/08\/session-attachment-2024-08-27-105038_025-768x1024.jpeg 768w\" sizes=\"(max-width: 1152px) 100vw, 1152px\" \/><\/p>\n<p><img loading=\"lazy\" decoding=\"async\" class=\"wp-image-2128 size-full\" src=\"https:\/\/stourm.news\/wp-content\/uploads\/2024\/08\/IMG_20240824_122107-scaled.jpg\" alt=\"\" width=\"1920\" height=\"2560\" srcset=\"https:\/\/stourm.news\/wp-content\/uploads\/2024\/08\/IMG_20240824_122107-scaled.jpg 1920w, https:\/\/stourm.news\/wp-content\/uploads\/2024\/08\/IMG_20240824_122107-225x300.jpg 225w, https:\/\/stourm.news\/wp-content\/uploads\/2024\/08\/IMG_20240824_122107-768x1024.jpg 768w, https:\/\/stourm.news\/wp-content\/uploads\/2024\/08\/IMG_20240824_122107-1152x1536.jpg 1152w, https:\/\/stourm.news\/wp-content\/uploads\/2024\/08\/IMG_20240824_122107-1536x2048.jpg 1536w\" sizes=\"(max-width: 1920px) 100vw, 1920px\" \/><\/p>\n<p style=\"text-align: justify;\">Notre journ\u00e9e s\u2019est termin\u00e9e sur le lieu du rassemblement patriotique du lendemain par une veill\u00e9e particuli\u00e8rement conviviale de chants patriotiques. Au cours de cette soir\u00e9e, nous avons eu le privil\u00e8ge de chanter des chants bretons et notamment le Bro gozh ma zado\u00f9, devant une assembl\u00e9e qui s&rsquo;\u00e9tait spontan\u00e9ment lev\u00e9e par respect pour notre hymne national.<\/p>\n<p><img loading=\"lazy\" decoding=\"async\" class=\"alignnone wp-image-2141 size-full\" src=\"https:\/\/stourm.news\/wp-content\/uploads\/2024\/08\/456687997_1304902817154058_7289776247377358787_n-2.jpg\" alt=\"\" width=\"1128\" height=\"1305\" srcset=\"https:\/\/stourm.news\/wp-content\/uploads\/2024\/08\/456687997_1304902817154058_7289776247377358787_n-2.jpg 1128w, https:\/\/stourm.news\/wp-content\/uploads\/2024\/08\/456687997_1304902817154058_7289776247377358787_n-2-259x300.jpg 259w, https:\/\/stourm.news\/wp-content\/uploads\/2024\/08\/456687997_1304902817154058_7289776247377358787_n-2-885x1024.jpg 885w, https:\/\/stourm.news\/wp-content\/uploads\/2024\/08\/456687997_1304902817154058_7289776247377358787_n-2-768x889.jpg 768w\" sizes=\"(max-width: 1128px) 100vw, 1128px\" \/><\/p>\n<p style=\"text-align: justify;\">Le lendemain, jour du rassemblement, apr\u00e8s avoir assist\u00e9 \u00e0 une c\u00e9r\u00e9monie religieuse d\u00e9di\u00e9e \u00e0 la libert\u00e9 flamande, les discours patriotiques se sont succ\u00e9d\u00e9s suivi par un d\u00e9fil\u00e9 du VNJ, le mouvement de jeunesse patriotique flamande, au son des hauts-tambours et de la fanfare. C&rsquo;est \u00e0 cette occasion que nous avons nous-m\u00eame fi\u00e8rement d\u00e9fil\u00e9 avec nos drapeaux et les avons pr\u00e9sent\u00e9s au public flamand.<\/p>\n<p><img loading=\"lazy\" decoding=\"async\" class=\"alignnone wp-image-2120 size-full\" src=\"https:\/\/stourm.news\/wp-content\/uploads\/2024\/08\/455044341_3781341228807921_2619168191769611316_n.jpg\" alt=\"\" width=\"1632\" height=\"920\" srcset=\"https:\/\/stourm.news\/wp-content\/uploads\/2024\/08\/455044341_3781341228807921_2619168191769611316_n.jpg 1632w, https:\/\/stourm.news\/wp-content\/uploads\/2024\/08\/455044341_3781341228807921_2619168191769611316_n-300x169.jpg 300w, https:\/\/stourm.news\/wp-content\/uploads\/2024\/08\/455044341_3781341228807921_2619168191769611316_n-1024x577.jpg 1024w, https:\/\/stourm.news\/wp-content\/uploads\/2024\/08\/455044341_3781341228807921_2619168191769611316_n-768x433.jpg 768w, https:\/\/stourm.news\/wp-content\/uploads\/2024\/08\/455044341_3781341228807921_2619168191769611316_n-1536x866.jpg 1536w\" sizes=\"(max-width: 1632px) 100vw, 1632px\" \/><\/p>\n<p><img loading=\"lazy\" decoding=\"async\" class=\"size-medium aligncenter\" src=\"https:\/\/pbs.twimg.com\/media\/GV03Q69XIAAvIsI?format=jpg&amp;name=medium\" width=\"900\" height=\"1200\" \/><\/p>\n<p><img loading=\"lazy\" decoding=\"async\" class=\"alignnone wp-image-2130 size-full\" src=\"https:\/\/stourm.news\/wp-content\/uploads\/2024\/08\/457139932_528935092943515_4864247320307795788_n.jpg\" alt=\"\" width=\"2000\" height=\"1128\" srcset=\"https:\/\/stourm.news\/wp-content\/uploads\/2024\/08\/457139932_528935092943515_4864247320307795788_n.jpg 2000w, https:\/\/stourm.news\/wp-content\/uploads\/2024\/08\/457139932_528935092943515_4864247320307795788_n-300x169.jpg 300w, https:\/\/stourm.news\/wp-content\/uploads\/2024\/08\/457139932_528935092943515_4864247320307795788_n-1024x578.jpg 1024w, https:\/\/stourm.news\/wp-content\/uploads\/2024\/08\/457139932_528935092943515_4864247320307795788_n-768x433.jpg 768w, https:\/\/stourm.news\/wp-content\/uploads\/2024\/08\/457139932_528935092943515_4864247320307795788_n-1536x866.jpg 1536w\" sizes=\"(max-width: 2000px) 100vw, 2000px\" \/><\/p>\n<p><img loading=\"lazy\" decoding=\"async\" class=\"alignnone wp-image-2135 size-full\" src=\"https:\/\/stourm.news\/wp-content\/uploads\/2024\/08\/456036676_908901954436006_4267187255934914333_n.jpg\" alt=\"\" width=\"1442\" height=\"1026\" srcset=\"https:\/\/stourm.news\/wp-content\/uploads\/2024\/08\/456036676_908901954436006_4267187255934914333_n.jpg 1442w, https:\/\/stourm.news\/wp-content\/uploads\/2024\/08\/456036676_908901954436006_4267187255934914333_n-300x213.jpg 300w, https:\/\/stourm.news\/wp-content\/uploads\/2024\/08\/456036676_908901954436006_4267187255934914333_n-1024x729.jpg 1024w, https:\/\/stourm.news\/wp-content\/uploads\/2024\/08\/456036676_908901954436006_4267187255934914333_n-768x546.jpg 768w\" sizes=\"(max-width: 1442px) 100vw, 1442px\" \/><\/p>\n<p style=\"text-align: justify;\">Cette belle journ\u00e9e s&rsquo;est poursuivie par la visite de nombreux stands install\u00e9s pour l&rsquo;occasion et par des discussions avec un grand nombre de festivaliers.<\/p>\n<p><img loading=\"lazy\" decoding=\"async\" class=\"alignnone wp-image-2131 size-full\" src=\"https:\/\/stourm.news\/wp-content\/uploads\/2024\/08\/session-attachment-2024-08-27-065545.jpeg\" alt=\"\" width=\"1536\" height=\"1152\" srcset=\"https:\/\/stourm.news\/wp-content\/uploads\/2024\/08\/session-attachment-2024-08-27-065545.jpeg 1536w, https:\/\/stourm.news\/wp-content\/uploads\/2024\/08\/session-attachment-2024-08-27-065545-300x225.jpeg 300w, https:\/\/stourm.news\/wp-content\/uploads\/2024\/08\/session-attachment-2024-08-27-065545-1024x768.jpeg 1024w, https:\/\/stourm.news\/wp-content\/uploads\/2024\/08\/session-attachment-2024-08-27-065545-768x576.jpeg 768w\" sizes=\"(max-width: 1536px) 100vw, 1536px\" \/><\/p>\n<p><img loading=\"lazy\" decoding=\"async\" class=\"alignnone wp-image-2133 size-full\" src=\"https:\/\/stourm.news\/wp-content\/uploads\/2024\/08\/session-attachment-2024-08-27-105038-rotated.jpeg\" alt=\"\" width=\"1152\" height=\"1536\" srcset=\"https:\/\/stourm.news\/wp-content\/uploads\/2024\/08\/session-attachment-2024-08-27-105038-rotated.jpeg 1152w, https:\/\/stourm.news\/wp-content\/uploads\/2024\/08\/session-attachment-2024-08-27-105038-225x300.jpeg 225w, https:\/\/stourm.news\/wp-content\/uploads\/2024\/08\/session-attachment-2024-08-27-105038-768x1024.jpeg 768w\" sizes=\"(max-width: 1152px) 100vw, 1152px\" \/><\/p>\n<p><img loading=\"lazy\" decoding=\"async\" class=\"alignnone wp-image-2134 size-full\" src=\"https:\/\/stourm.news\/wp-content\/uploads\/2024\/08\/session-attachment-2024-08-27-105038_018-rotated.jpeg\" alt=\"\" width=\"1536\" height=\"1152\" srcset=\"https:\/\/stourm.news\/wp-content\/uploads\/2024\/08\/session-attachment-2024-08-27-105038_018-rotated.jpeg 1536w, https:\/\/stourm.news\/wp-content\/uploads\/2024\/08\/session-attachment-2024-08-27-105038_018-300x225.jpeg 300w, https:\/\/stourm.news\/wp-content\/uploads\/2024\/08\/session-attachment-2024-08-27-105038_018-1024x768.jpeg 1024w, https:\/\/stourm.news\/wp-content\/uploads\/2024\/08\/session-attachment-2024-08-27-105038_018-768x576.jpeg 768w\" sizes=\"(max-width: 1536px) 100vw, 1536px\" \/><\/p>\n<p style=\"text-align: justify;\">Ceux-ci se sont montr\u00e9s enchant\u00e9s de la pr\u00e9sence d\u2019une d\u00e9l\u00e9gation bretonne \u00e0 l\u2019IJzerwake, et ont dit \u00eatre heureux de pouvoir nous retrouver l\u2019ann\u00e9e prochaine, pour la 24\u00e8me \u00e9dition de ce festival.<\/p>\n<p style=\"text-align: justify;\">Le Parti National Breton remercie ses amis du Voorpost pour leur invitation, ainsi que pour leur chaleureux accueil et la grande disponibilit\u00e9 dont ils ont fait preuve. Le PNB remercie \u00e9galement le Vlaamse Volksbeweging (VVB) et son pr\u00e9sident, Michael Discart, pour sa gentillesse et les \u00e9changes tr\u00e8s constructifs avec notre d\u00e9l\u00e9gation. Enfin, notre pr\u00e9sident se f\u00e9licite des rencontres avec des repr\u00e9sentants du Vlaams Belang, parti national flamand, et du Nationalistische Studentenvereniging, organisation \u00e9tudiante.<\/p>\n<p style=\"text-align: justify;\">Le PNB entend poursuivre le d\u00e9veloppement de ses relations avec les organisations flamandes, ainsi qu&rsquo;avec d&rsquo;autres partenaires europ\u00e9ens qui partagent l&rsquo;id\u00e9e de l&rsquo;Europe des peuples.<\/p>\n<p style=\"text-align: right;\"><strong>Le Kuzul Meur du Parti National Breton<\/strong><\/p>\n","protected":false},"excerpt":{"rendered":"<p>Une d\u00e9l\u00e9gation du Parti National Breton, men\u00e9e par son pr\u00e9sident, a r\u00e9alis\u00e9 son premier d\u00e9placement international en Flandre, ce weekend, \u00e0 la 23e \u00e9dition de l&rsquo;Ijzerwake, le plus grand festival annuel du nationalisme flamand. Nous avions \u00e9t\u00e9 invit\u00e9s par nos camarades flamands du Voorpost, organisation patriotique qui milite en faveur d&rsquo;une Flandre libre et r\u00e9unie [&hellip;]<\/p>\n","protected":false},"author":1,"featured_media":2120,"comment_status":"open","ping_status":"open","sticky":false,"template":"","format":"standard","meta":{"sb_editor_width":"","footnotes":""},"categories":[66,65,49],"tags":[],"class_list":["post-2118","post","type-post","status-publish","format-standard","has-post-thumbnail","hentry","category-international","category-principale","category-vie-du-parti"],"relative_dates":{"created":"2 ans ago","modified":"2 ans ago"},"yoast_head":"<!-- This site is optimized with the Yoast SEO plugin v26.3 - https:\/\/yoast.com\/wordpress\/plugins\/seo\/ -->\n<title>\u00c0 l&#039;invitation du Voorpost, une d\u00e9l\u00e9gation du PNB s&#039;est rendue \u00e0 la 23e \u00e9dition de l&#039;Ijzerwake, festival du patriotisme flamand - STOURM<\/title>\n<meta name=\"robots\" content=\"index, follow, max-snippet:-1, max-image-preview:large, max-video-preview:-1\" \/>\n<link rel=\"canonical\" href=\"https:\/\/stourm.news\/?p=2118\" \/>\n<meta property=\"og:locale\" content=\"fr_FR\" \/>\n<meta property=\"og:type\" content=\"article\" \/>\n<meta property=\"og:title\" content=\"\u00c0 l&#039;invitation du Voorpost, une d\u00e9l\u00e9gation du PNB s&#039;est rendue \u00e0 la 23e \u00e9dition de l&#039;Ijzerwake, festival du patriotisme flamand - STOURM\" \/>\n<meta property=\"og:description\" content=\"Une d\u00e9l\u00e9gation du Parti National Breton, men\u00e9e par son pr\u00e9sident, a r\u00e9alis\u00e9 son premier d\u00e9placement international en Flandre, ce weekend, \u00e0 la 23e \u00e9dition de l&rsquo;Ijzerwake, le plus grand festival annuel du nationalisme flamand. Nous avions \u00e9t\u00e9 invit\u00e9s par nos camarades flamands du Voorpost, organisation patriotique qui milite en faveur d&rsquo;une Flandre libre et r\u00e9unie [&hellip;]\" \/>\n<meta property=\"og:url\" content=\"https:\/\/stourm.news\/?p=2118\" \/>\n<meta property=\"og:site_name\" content=\"STOURM\" \/>\n<meta property=\"article:publisher\" content=\"https:\/\/www.facebook.com\/stourmnews\/\" \/>\n<meta property=\"article:published_time\" content=\"2024-08-27T05:48:16+00:00\" \/>\n<meta property=\"article:modified_time\" content=\"2024-08-27T09:56:47+00:00\" \/>\n<meta property=\"og:image\" content=\"https:\/\/stourm.news\/wp-content\/uploads\/2024\/08\/455044341_3781341228807921_2619168191769611316_n.jpg\" \/>\n\t<meta property=\"og:image:width\" content=\"1632\" \/>\n\t<meta property=\"og:image:height\" content=\"920\" \/>\n\t<meta property=\"og:image:type\" content=\"image\/jpeg\" \/>\n<meta name=\"author\" content=\"La r\u00e9daction\" \/>\n<meta name=\"twitter:card\" content=\"summary_large_image\" \/>\n<meta name=\"twitter:label1\" content=\"\u00c9crit par\" \/>\n\t<meta name=\"twitter:data1\" content=\"La r\u00e9daction\" \/>\n\t<meta name=\"twitter:label2\" content=\"Dur\u00e9e de lecture estim\u00e9e\" \/>\n\t<meta name=\"twitter:data2\" content=\"6 minutes\" \/>\n<script type=\"application\/ld+json\" class=\"yoast-schema-graph\">{\"@context\":\"https:\/\/schema.org\",\"@graph\":[{\"@type\":\"Article\",\"@id\":\"https:\/\/stourm.news\/?p=2118#article\",\"isPartOf\":{\"@id\":\"https:\/\/stourm.news\/?p=2118\"},\"author\":{\"name\":\"La r\u00e9daction\",\"@id\":\"https:\/\/stourm.news\/#\/schema\/person\/c3e1dc65988632e190969234ef046cf9\"},\"headline\":\"\u00c0 l&rsquo;invitation du Voorpost, une d\u00e9l\u00e9gation du PNB s&rsquo;est rendue \u00e0 la 23e \u00e9dition de l&rsquo;Ijzerwake, festival du patriotisme flamand\",\"datePublished\":\"2024-08-27T05:48:16+00:00\",\"dateModified\":\"2024-08-27T09:56:47+00:00\",\"mainEntityOfPage\":{\"@id\":\"https:\/\/stourm.news\/?p=2118\"},\"wordCount\":627,\"commentCount\":0,\"publisher\":{\"@id\":\"https:\/\/stourm.news\/#organization\"},\"image\":{\"@id\":\"https:\/\/stourm.news\/?p=2118#primaryimage\"},\"thumbnailUrl\":\"https:\/\/stourm.news\/wp-content\/uploads\/2024\/08\/455044341_3781341228807921_2619168191769611316_n.jpg\",\"articleSection\":[\"International\",\"Principale\",\"Vie du Parti\"],\"inLanguage\":\"fr-FR\",\"potentialAction\":[{\"@type\":\"CommentAction\",\"name\":\"Comment\",\"target\":[\"https:\/\/stourm.news\/?p=2118#respond\"]}]},{\"@type\":\"WebPage\",\"@id\":\"https:\/\/stourm.news\/?p=2118\",\"url\":\"https:\/\/stourm.news\/?p=2118\",\"name\":\"\u00c0 l'invitation du Voorpost, une d\u00e9l\u00e9gation du PNB s'est rendue \u00e0 la 23e \u00e9dition de l'Ijzerwake, festival du patriotisme flamand - STOURM\",\"isPartOf\":{\"@id\":\"https:\/\/stourm.news\/#website\"},\"primaryImageOfPage\":{\"@id\":\"https:\/\/stourm.news\/?p=2118#primaryimage\"},\"image\":{\"@id\":\"https:\/\/stourm.news\/?p=2118#primaryimage\"},\"thumbnailUrl\":\"https:\/\/stourm.news\/wp-content\/uploads\/2024\/08\/455044341_3781341228807921_2619168191769611316_n.jpg\",\"datePublished\":\"2024-08-27T05:48:16+00:00\",\"dateModified\":\"2024-08-27T09:56:47+00:00\",\"breadcrumb\":{\"@id\":\"https:\/\/stourm.news\/?p=2118#breadcrumb\"},\"inLanguage\":\"fr-FR\",\"potentialAction\":[{\"@type\":\"ReadAction\",\"target\":[\"https:\/\/stourm.news\/?p=2118\"]}]},{\"@type\":\"ImageObject\",\"inLanguage\":\"fr-FR\",\"@id\":\"https:\/\/stourm.news\/?p=2118#primaryimage\",\"url\":\"https:\/\/stourm.news\/wp-content\/uploads\/2024\/08\/455044341_3781341228807921_2619168191769611316_n.jpg\",\"contentUrl\":\"https:\/\/stourm.news\/wp-content\/uploads\/2024\/08\/455044341_3781341228807921_2619168191769611316_n.jpg\",\"width\":1632,\"height\":920},{\"@type\":\"BreadcrumbList\",\"@id\":\"https:\/\/stourm.news\/?p=2118#breadcrumb\",\"itemListElement\":[{\"@type\":\"ListItem\",\"position\":1,\"name\":\"Accueil\",\"item\":\"https:\/\/stourm.news\/\"},{\"@type\":\"ListItem\",\"position\":2,\"name\":\"\u00c0 l&rsquo;invitation du Voorpost, une d\u00e9l\u00e9gation du PNB s&rsquo;est rendue \u00e0 la 23e \u00e9dition de l&rsquo;Ijzerwake, festival du patriotisme flamand\"}]},{\"@type\":\"WebSite\",\"@id\":\"https:\/\/stourm.news\/#website\",\"url\":\"https:\/\/stourm.news\/\",\"name\":\"Stourm\",\"description\":\"Kazetenn Strollad Broadel Breizh\",\"publisher\":{\"@id\":\"https:\/\/stourm.news\/#organization\"},\"potentialAction\":[{\"@type\":\"SearchAction\",\"target\":{\"@type\":\"EntryPoint\",\"urlTemplate\":\"https:\/\/stourm.news\/?s={search_term_string}\"},\"query-input\":{\"@type\":\"PropertyValueSpecification\",\"valueRequired\":true,\"valueName\":\"search_term_string\"}}],\"inLanguage\":\"fr-FR\"},{\"@type\":\"Organization\",\"@id\":\"https:\/\/stourm.news\/#organization\",\"name\":\"Stourm\",\"url\":\"https:\/\/stourm.news\/\",\"logo\":{\"@type\":\"ImageObject\",\"inLanguage\":\"fr-FR\",\"@id\":\"https:\/\/stourm.news\/#\/schema\/logo\/image\/\",\"url\":\"https:\/\/stourm.news\/wp-content\/uploads\/2025\/11\/cropped-Capture-decran-2025-11-28-a-15.19.07.png\",\"contentUrl\":\"https:\/\/stourm.news\/wp-content\/uploads\/2025\/11\/cropped-Capture-decran-2025-11-28-a-15.19.07.png\",\"width\":1855,\"height\":383,\"caption\":\"Stourm\"},\"image\":{\"@id\":\"https:\/\/stourm.news\/#\/schema\/logo\/image\/\"},\"sameAs\":[\"https:\/\/www.facebook.com\/stourmnews\/\"]},{\"@type\":\"Person\",\"@id\":\"https:\/\/stourm.news\/#\/schema\/person\/c3e1dc65988632e190969234ef046cf9\",\"name\":\"La r\u00e9daction\",\"image\":{\"@type\":\"ImageObject\",\"inLanguage\":\"fr-FR\",\"@id\":\"https:\/\/stourm.news\/#\/schema\/person\/image\/\",\"url\":\"https:\/\/secure.gravatar.com\/avatar\/7463443f194b6b5fb706b074ca0ef59a0cfcfd720cb47764b0ec5a952ce422b3?s=96&d=mm&r=g\",\"contentUrl\":\"https:\/\/secure.gravatar.com\/avatar\/7463443f194b6b5fb706b074ca0ef59a0cfcfd720cb47764b0ec5a952ce422b3?s=96&d=mm&r=g\",\"caption\":\"La r\u00e9daction\"},\"sameAs\":[\"https:\/\/stourm.news\"],\"url\":\"https:\/\/stourm.news\/?author=1\"}]}<\/script>\n<!-- \/ Yoast SEO plugin. -->","yoast_head_json":{"title":"\u00c0 l'invitation du Voorpost, une d\u00e9l\u00e9gation du PNB s'est rendue \u00e0 la 23e \u00e9dition de l'Ijzerwake, festival du patriotisme flamand - STOURM","robots":{"index":"index","follow":"follow","max-snippet":"max-snippet:-1","max-image-preview":"max-image-preview:large","max-video-preview":"max-video-preview:-1"},"canonical":"https:\/\/stourm.news\/?p=2118","og_locale":"fr_FR","og_type":"article","og_title":"\u00c0 l'invitation du Voorpost, une d\u00e9l\u00e9gation du PNB s'est rendue \u00e0 la 23e \u00e9dition de l'Ijzerwake, festival du patriotisme flamand - STOURM","og_description":"Une d\u00e9l\u00e9gation du Parti National Breton, men\u00e9e par son pr\u00e9sident, a r\u00e9alis\u00e9 son premier d\u00e9placement international en Flandre, ce weekend, \u00e0 la 23e \u00e9dition de l&rsquo;Ijzerwake, le plus grand festival annuel du nationalisme flamand. Nous avions \u00e9t\u00e9 invit\u00e9s par nos camarades flamands du Voorpost, organisation patriotique qui milite en faveur d&rsquo;une Flandre libre et r\u00e9unie [&hellip;]","og_url":"https:\/\/stourm.news\/?p=2118","og_site_name":"STOURM","article_publisher":"https:\/\/www.facebook.com\/stourmnews\/","article_published_time":"2024-08-27T05:48:16+00:00","article_modified_time":"2024-08-27T09:56:47+00:00","og_image":[{"width":1632,"height":920,"url":"https:\/\/stourm.news\/wp-content\/uploads\/2024\/08\/455044341_3781341228807921_2619168191769611316_n.jpg","type":"image\/jpeg"}],"author":"La r\u00e9daction","twitter_card":"summary_large_image","twitter_misc":{"\u00c9crit par":"La r\u00e9daction","Dur\u00e9e de lecture estim\u00e9e":"6 minutes"},"schema":{"@context":"https:\/\/schema.org","@graph":[{"@type":"Article","@id":"https:\/\/stourm.news\/?p=2118#article","isPartOf":{"@id":"https:\/\/stourm.news\/?p=2118"},"author":{"name":"La r\u00e9daction","@id":"https:\/\/stourm.news\/#\/schema\/person\/c3e1dc65988632e190969234ef046cf9"},"headline":"\u00c0 l&rsquo;invitation du Voorpost, une d\u00e9l\u00e9gation du PNB s&rsquo;est rendue \u00e0 la 23e \u00e9dition de l&rsquo;Ijzerwake, festival du patriotisme flamand","datePublished":"2024-08-27T05:48:16+00:00","dateModified":"2024-08-27T09:56:47+00:00","mainEntityOfPage":{"@id":"https:\/\/stourm.news\/?p=2118"},"wordCount":627,"commentCount":0,"publisher":{"@id":"https:\/\/stourm.news\/#organization"},"image":{"@id":"https:\/\/stourm.news\/?p=2118#primaryimage"},"thumbnailUrl":"https:\/\/stourm.news\/wp-content\/uploads\/2024\/08\/455044341_3781341228807921_2619168191769611316_n.jpg","articleSection":["International","Principale","Vie du Parti"],"inLanguage":"fr-FR","potentialAction":[{"@type":"CommentAction","name":"Comment","target":["https:\/\/stourm.news\/?p=2118#respond"]}]},{"@type":"WebPage","@id":"https:\/\/stourm.news\/?p=2118","url":"https:\/\/stourm.news\/?p=2118","name":"\u00c0 l'invitation du Voorpost, une d\u00e9l\u00e9gation du PNB s'est rendue \u00e0 la 23e \u00e9dition de l'Ijzerwake, festival du patriotisme flamand - STOURM","isPartOf":{"@id":"https:\/\/stourm.news\/#website"},"primaryImageOfPage":{"@id":"https:\/\/stourm.news\/?p=2118#primaryimage"},"image":{"@id":"https:\/\/stourm.news\/?p=2118#primaryimage"},"thumbnailUrl":"https:\/\/stourm.news\/wp-content\/uploads\/2024\/08\/455044341_3781341228807921_2619168191769611316_n.jpg","datePublished":"2024-08-27T05:48:16+00:00","dateModified":"2024-08-27T09:56:47+00:00","breadcrumb":{"@id":"https:\/\/stourm.news\/?p=2118#breadcrumb"},"inLanguage":"fr-FR","potentialAction":[{"@type":"ReadAction","target":["https:\/\/stourm.news\/?p=2118"]}]},{"@type":"ImageObject","inLanguage":"fr-FR","@id":"https:\/\/stourm.news\/?p=2118#primaryimage","url":"https:\/\/stourm.news\/wp-content\/uploads\/2024\/08\/455044341_3781341228807921_2619168191769611316_n.jpg","contentUrl":"https:\/\/stourm.news\/wp-content\/uploads\/2024\/08\/455044341_3781341228807921_2619168191769611316_n.jpg","width":1632,"height":920},{"@type":"BreadcrumbList","@id":"https:\/\/stourm.news\/?p=2118#breadcrumb","itemListElement":[{"@type":"ListItem","position":1,"name":"Accueil","item":"https:\/\/stourm.news\/"},{"@type":"ListItem","position":2,"name":"\u00c0 l&rsquo;invitation du Voorpost, une d\u00e9l\u00e9gation du PNB s&rsquo;est rendue \u00e0 la 23e \u00e9dition de l&rsquo;Ijzerwake, festival du patriotisme flamand"}]},{"@type":"WebSite","@id":"https:\/\/stourm.news\/#website","url":"https:\/\/stourm.news\/","name":"Stourm","description":"Kazetenn Strollad Broadel Breizh","publisher":{"@id":"https:\/\/stourm.news\/#organization"},"potentialAction":[{"@type":"SearchAction","target":{"@type":"EntryPoint","urlTemplate":"https:\/\/stourm.news\/?s={search_term_string}"},"query-input":{"@type":"PropertyValueSpecification","valueRequired":true,"valueName":"search_term_string"}}],"inLanguage":"fr-FR"},{"@type":"Organization","@id":"https:\/\/stourm.news\/#organization","name":"Stourm","url":"https:\/\/stourm.news\/","logo":{"@type":"ImageObject","inLanguage":"fr-FR","@id":"https:\/\/stourm.news\/#\/schema\/logo\/image\/","url":"https:\/\/stourm.news\/wp-content\/uploads\/2025\/11\/cropped-Capture-decran-2025-11-28-a-15.19.07.png","contentUrl":"https:\/\/stourm.news\/wp-content\/uploads\/2025\/11\/cropped-Capture-decran-2025-11-28-a-15.19.07.png","width":1855,"height":383,"caption":"Stourm"},"image":{"@id":"https:\/\/stourm.news\/#\/schema\/logo\/image\/"},"sameAs":["https:\/\/www.facebook.com\/stourmnews\/"]},{"@type":"Person","@id":"https:\/\/stourm.news\/#\/schema\/person\/c3e1dc65988632e190969234ef046cf9","name":"La r\u00e9daction","image":{"@type":"ImageObject","inLanguage":"fr-FR","@id":"https:\/\/stourm.news\/#\/schema\/person\/image\/","url":"https:\/\/secure.gravatar.com\/avatar\/7463443f194b6b5fb706b074ca0ef59a0cfcfd720cb47764b0ec5a952ce422b3?s=96&d=mm&r=g","contentUrl":"https:\/\/secure.gravatar.com\/avatar\/7463443f194b6b5fb706b074ca0ef59a0cfcfd720cb47764b0ec5a952ce422b3?s=96&d=mm&r=g","caption":"La r\u00e9daction"},"sameAs":["https:\/\/stourm.news"],"url":"https:\/\/stourm.news\/?author=1"}]}},"_links":{"self":[{"href":"https:\/\/stourm.news\/index.php?rest_route=\/wp\/v2\/posts\/2118","targetHints":{"allow":["GET"]}}],"collection":[{"href":"https:\/\/stourm.news\/index.php?rest_route=\/wp\/v2\/posts"}],"about":[{"href":"https:\/\/stourm.news\/index.php?rest_route=\/wp\/v2\/types\/post"}],"author":[{"embeddable":true,"href":"https:\/\/stourm.news\/index.php?rest_route=\/wp\/v2\/users\/1"}],"replies":[{"embeddable":true,"href":"https:\/\/stourm.news\/index.php?rest_route=%2Fwp%2Fv2%2Fcomments&post=2118"}],"version-history":[{"count":5,"href":"https:\/\/stourm.news\/index.php?rest_route=\/wp\/v2\/posts\/2118\/revisions"}],"predecessor-version":[{"id":2142,"href":"https:\/\/stourm.news\/index.php?rest_route=\/wp\/v2\/posts\/2118\/revisions\/2142"}],"wp:featuredmedia":[{"embeddable":true,"href":"https:\/\/stourm.news\/index.php?rest_route=\/wp\/v2\/media\/2120"}],"wp:attachment":[{"href":"https:\/\/stourm.news\/index.php?rest_route=%2Fwp%2Fv2%2Fmedia&parent=2118"}],"wp:term":[{"taxonomy":"category","embeddable":true,"href":"https:\/\/stourm.news\/index.php?rest_route=%2Fwp%2Fv2%2Fcategories&post=2118"},{"taxonomy":"post_tag","embeddable":true,"href":"https:\/\/stourm.news\/index.php?rest_route=%2Fwp%2Fv2%2Ftags&post=2118"}],"curies":[{"name":"wp","href":"https:\/\/api.w.org\/{rel}","templated":true}]}}