{"id":2144,"date":"2024-08-29T05:00:58","date_gmt":"2024-08-29T05:00:58","guid":{"rendered":"https:\/\/stourm.news\/?p=2144"},"modified":"2024-08-29T05:00:58","modified_gmt":"2024-08-29T05:00:58","slug":"rennes-un-migrant-afghan-poignarde-grievement-un-homme-dans-le-centre-ville","status":"publish","type":"post","link":"https:\/\/stourm.news\/?p=2144","title":{"rendered":"Rennes : un migrant afghan poignarde gri\u00e8vement un homme dans le centre-ville"},"content":{"rendered":"<p style=\"text-align: justify;\">\u00c0 peine 24 heures apr\u00e8s <strong>une rixe au couteau<\/strong> dans un campement de <strong>migrants<\/strong> \u00e0 Rennes, une nouvelle agression violente a eu lieu ce mercredi 28 ao\u00fbt dans le centre-ville. Vers 16 h, un homme a \u00e9t\u00e9 agress\u00e9 \u00e0 l\u2019arme blanche devant le centre commercial 3 Soleils. D\u2019apr\u00e8s plusieurs t\u00e9moignages, il aurait \u00e9t\u00e9 touch\u00e9 au niveau du ventre. Pris en charge par les secours et transport\u00e9 \u00e0 l\u2019h\u00f4pital, <strong>son pronostic vital est engag\u00e9<\/strong>.<\/p>\n<p style=\"text-align: justify;\">Selon nos informations, l\u2019auteur du coup de couteau,<strong> d\u2019origine afghane<\/strong>, a \u00e9t\u00e9 interpell\u00e9 un peu plus tard par la police municipale dans le quartier de la Poterie. Une enqu\u00eate a \u00e9t\u00e9 ouverte.<\/p>\n<p style=\"text-align: justify;\">Source : <a href=\"https:\/\/www.letelegramme.fr\/ille-et-vilaine\/rennes-35000\/arme-dun-couteau-il-blesse-grievement-un-homme-dans-le-centre-ville-de-rennes-6650272.php\">Le T\u00e9l\u00e9gramme<\/a><\/p>\n","protected":false},"excerpt":{"rendered":"<p>\u00c0 peine 24 heures apr\u00e8s une rixe au couteau dans un campement de migrants \u00e0 Rennes, une nouvelle agression violente a eu lieu ce mercredi 28 ao\u00fbt dans le centre-ville. Vers 16 h, un homme a \u00e9t\u00e9 agress\u00e9 \u00e0 l\u2019arme blanche devant le centre commercial 3 Soleils. D\u2019apr\u00e8s plusieurs t\u00e9moignages, il aurait \u00e9t\u00e9 touch\u00e9 au [&hellip;]<\/p>\n","protected":false},"author":1,"featured_media":2145,"comment_status":"open","ping_status":"open","sticky":false,"template":"","format":"standard","meta":{"sb_editor_width":"","footnotes":""},"categories":[52,41,62],"tags":[],"class_list":["post-2144","post","type-post","status-publish","format-standard","has-post-thumbnail","hentry","category-faits-divers","category-ille-et-vilaine","category-revue-de-presse"],"relative_dates":{"created":"2 ans ago","modified":"2 ans ago"},"yoast_head":"<!-- This site is optimized with the Yoast SEO plugin v26.3 - https:\/\/yoast.com\/wordpress\/plugins\/seo\/ -->\n<title>Rennes : un migrant afghan poignarde gri\u00e8vement un homme dans le centre-ville - STOURM<\/title>\n<meta name=\"robots\" content=\"index, follow, max-snippet:-1, max-image-preview:large, max-video-preview:-1\" \/>\n<link rel=\"canonical\" href=\"https:\/\/stourm.news\/?p=2144\" \/>\n<meta property=\"og:locale\" content=\"fr_FR\" \/>\n<meta property=\"og:type\" content=\"article\" \/>\n<meta property=\"og:title\" content=\"Rennes : un migrant afghan poignarde gri\u00e8vement un homme dans le centre-ville - STOURM\" \/>\n<meta property=\"og:description\" content=\"\u00c0 peine 24 heures apr\u00e8s une rixe au couteau dans un campement de migrants \u00e0 Rennes, une nouvelle agression violente a eu lieu ce mercredi 28 ao\u00fbt dans le centre-ville. Vers 16 h, un homme a \u00e9t\u00e9 agress\u00e9 \u00e0 l\u2019arme blanche devant le centre commercial 3 Soleils. D\u2019apr\u00e8s plusieurs t\u00e9moignages, il aurait \u00e9t\u00e9 touch\u00e9 au [&hellip;]\" \/>\n<meta property=\"og:url\" content=\"https:\/\/stourm.news\/?p=2144\" \/>\n<meta property=\"og:site_name\" content=\"STOURM\" \/>\n<meta property=\"article:publisher\" content=\"https:\/\/www.facebook.com\/stourmnews\/\" \/>\n<meta property=\"article:published_time\" content=\"2024-08-29T05:00:58+00:00\" \/>\n<meta property=\"og:image\" content=\"https:\/\/stourm.news\/wp-content\/uploads\/2024\/08\/66cf4a5218d7ee22731dc7c5.1.webp\" \/>\n\t<meta property=\"og:image:width\" content=\"1200\" \/>\n\t<meta property=\"og:image:height\" content=\"750\" \/>\n\t<meta property=\"og:image:type\" content=\"image\/webp\" \/>\n<meta name=\"author\" content=\"La r\u00e9daction\" \/>\n<meta name=\"twitter:card\" content=\"summary_large_image\" \/>\n<meta name=\"twitter:label1\" content=\"\u00c9crit par\" \/>\n\t<meta name=\"twitter:data1\" content=\"La r\u00e9daction\" \/>\n\t<meta name=\"twitter:label2\" content=\"Dur\u00e9e de lecture estim\u00e9e\" \/>\n\t<meta name=\"twitter:data2\" content=\"1 minute\" \/>\n<script type=\"application\/ld+json\" class=\"yoast-schema-graph\">{\"@context\":\"https:\/\/schema.org\",\"@graph\":[{\"@type\":\"Article\",\"@id\":\"https:\/\/stourm.news\/?p=2144#article\",\"isPartOf\":{\"@id\":\"https:\/\/stourm.news\/?p=2144\"},\"author\":{\"name\":\"La r\u00e9daction\",\"@id\":\"https:\/\/stourm.news\/#\/schema\/person\/c3e1dc65988632e190969234ef046cf9\"},\"headline\":\"Rennes : un migrant afghan poignarde gri\u00e8vement un homme dans le centre-ville\",\"datePublished\":\"2024-08-29T05:00:58+00:00\",\"mainEntityOfPage\":{\"@id\":\"https:\/\/stourm.news\/?p=2144\"},\"wordCount\":125,\"commentCount\":0,\"publisher\":{\"@id\":\"https:\/\/stourm.news\/#organization\"},\"image\":{\"@id\":\"https:\/\/stourm.news\/?p=2144#primaryimage\"},\"thumbnailUrl\":\"https:\/\/stourm.news\/wp-content\/uploads\/2024\/08\/66cf4a5218d7ee22731dc7c5.1.webp\",\"articleSection\":[\"Faits divers\",\"Ille-et-Vilaine\",\"Revue de presse\"],\"inLanguage\":\"fr-FR\",\"potentialAction\":[{\"@type\":\"CommentAction\",\"name\":\"Comment\",\"target\":[\"https:\/\/stourm.news\/?p=2144#respond\"]}]},{\"@type\":\"WebPage\",\"@id\":\"https:\/\/stourm.news\/?p=2144\",\"url\":\"https:\/\/stourm.news\/?p=2144\",\"name\":\"Rennes : un migrant afghan poignarde gri\u00e8vement un homme dans le centre-ville - STOURM\",\"isPartOf\":{\"@id\":\"https:\/\/stourm.news\/#website\"},\"primaryImageOfPage\":{\"@id\":\"https:\/\/stourm.news\/?p=2144#primaryimage\"},\"image\":{\"@id\":\"https:\/\/stourm.news\/?p=2144#primaryimage\"},\"thumbnailUrl\":\"https:\/\/stourm.news\/wp-content\/uploads\/2024\/08\/66cf4a5218d7ee22731dc7c5.1.webp\",\"datePublished\":\"2024-08-29T05:00:58+00:00\",\"breadcrumb\":{\"@id\":\"https:\/\/stourm.news\/?p=2144#breadcrumb\"},\"inLanguage\":\"fr-FR\",\"potentialAction\":[{\"@type\":\"ReadAction\",\"target\":[\"https:\/\/stourm.news\/?p=2144\"]}]},{\"@type\":\"ImageObject\",\"inLanguage\":\"fr-FR\",\"@id\":\"https:\/\/stourm.news\/?p=2144#primaryimage\",\"url\":\"https:\/\/stourm.news\/wp-content\/uploads\/2024\/08\/66cf4a5218d7ee22731dc7c5.1.webp\",\"contentUrl\":\"https:\/\/stourm.news\/wp-content\/uploads\/2024\/08\/66cf4a5218d7ee22731dc7c5.1.webp\",\"width\":1200,\"height\":750},{\"@type\":\"BreadcrumbList\",\"@id\":\"https:\/\/stourm.news\/?p=2144#breadcrumb\",\"itemListElement\":[{\"@type\":\"ListItem\",\"position\":1,\"name\":\"Accueil\",\"item\":\"https:\/\/stourm.news\/\"},{\"@type\":\"ListItem\",\"position\":2,\"name\":\"Rennes : un migrant afghan poignarde gri\u00e8vement un homme dans le centre-ville\"}]},{\"@type\":\"WebSite\",\"@id\":\"https:\/\/stourm.news\/#website\",\"url\":\"https:\/\/stourm.news\/\",\"name\":\"Stourm\",\"description\":\"Kazetenn Strollad Broadel Breizh\",\"publisher\":{\"@id\":\"https:\/\/stourm.news\/#organization\"},\"potentialAction\":[{\"@type\":\"SearchAction\",\"target\":{\"@type\":\"EntryPoint\",\"urlTemplate\":\"https:\/\/stourm.news\/?s={search_term_string}\"},\"query-input\":{\"@type\":\"PropertyValueSpecification\",\"valueRequired\":true,\"valueName\":\"search_term_string\"}}],\"inLanguage\":\"fr-FR\"},{\"@type\":\"Organization\",\"@id\":\"https:\/\/stourm.news\/#organization\",\"name\":\"Stourm\",\"url\":\"https:\/\/stourm.news\/\",\"logo\":{\"@type\":\"ImageObject\",\"inLanguage\":\"fr-FR\",\"@id\":\"https:\/\/stourm.news\/#\/schema\/logo\/image\/\",\"url\":\"https:\/\/stourm.news\/wp-content\/uploads\/2025\/11\/cropped-Capture-decran-2025-11-28-a-15.19.07.png\",\"contentUrl\":\"https:\/\/stourm.news\/wp-content\/uploads\/2025\/11\/cropped-Capture-decran-2025-11-28-a-15.19.07.png\",\"width\":1855,\"height\":383,\"caption\":\"Stourm\"},\"image\":{\"@id\":\"https:\/\/stourm.news\/#\/schema\/logo\/image\/\"},\"sameAs\":[\"https:\/\/www.facebook.com\/stourmnews\/\"]},{\"@type\":\"Person\",\"@id\":\"https:\/\/stourm.news\/#\/schema\/person\/c3e1dc65988632e190969234ef046cf9\",\"name\":\"La r\u00e9daction\",\"image\":{\"@type\":\"ImageObject\",\"inLanguage\":\"fr-FR\",\"@id\":\"https:\/\/stourm.news\/#\/schema\/person\/image\/\",\"url\":\"https:\/\/secure.gravatar.com\/avatar\/7463443f194b6b5fb706b074ca0ef59a0cfcfd720cb47764b0ec5a952ce422b3?s=96&d=mm&r=g\",\"contentUrl\":\"https:\/\/secure.gravatar.com\/avatar\/7463443f194b6b5fb706b074ca0ef59a0cfcfd720cb47764b0ec5a952ce422b3?s=96&d=mm&r=g\",\"caption\":\"La r\u00e9daction\"},\"sameAs\":[\"https:\/\/stourm.news\"],\"url\":\"https:\/\/stourm.news\/?author=1\"}]}<\/script>\n<!-- \/ Yoast SEO plugin. -->","yoast_head_json":{"title":"Rennes : un migrant afghan poignarde gri\u00e8vement un homme dans le centre-ville - STOURM","robots":{"index":"index","follow":"follow","max-snippet":"max-snippet:-1","max-image-preview":"max-image-preview:large","max-video-preview":"max-video-preview:-1"},"canonical":"https:\/\/stourm.news\/?p=2144","og_locale":"fr_FR","og_type":"article","og_title":"Rennes : un migrant afghan poignarde gri\u00e8vement un homme dans le centre-ville - STOURM","og_description":"\u00c0 peine 24 heures apr\u00e8s une rixe au couteau dans un campement de migrants \u00e0 Rennes, une nouvelle agression violente a eu lieu ce mercredi 28 ao\u00fbt dans le centre-ville. Vers 16 h, un homme a \u00e9t\u00e9 agress\u00e9 \u00e0 l\u2019arme blanche devant le centre commercial 3 Soleils. D\u2019apr\u00e8s plusieurs t\u00e9moignages, il aurait \u00e9t\u00e9 touch\u00e9 au [&hellip;]","og_url":"https:\/\/stourm.news\/?p=2144","og_site_name":"STOURM","article_publisher":"https:\/\/www.facebook.com\/stourmnews\/","article_published_time":"2024-08-29T05:00:58+00:00","og_image":[{"width":1200,"height":750,"url":"https:\/\/stourm.news\/wp-content\/uploads\/2024\/08\/66cf4a5218d7ee22731dc7c5.1.webp","type":"image\/webp"}],"author":"La r\u00e9daction","twitter_card":"summary_large_image","twitter_misc":{"\u00c9crit par":"La r\u00e9daction","Dur\u00e9e de lecture estim\u00e9e":"1 minute"},"schema":{"@context":"https:\/\/schema.org","@graph":[{"@type":"Article","@id":"https:\/\/stourm.news\/?p=2144#article","isPartOf":{"@id":"https:\/\/stourm.news\/?p=2144"},"author":{"name":"La r\u00e9daction","@id":"https:\/\/stourm.news\/#\/schema\/person\/c3e1dc65988632e190969234ef046cf9"},"headline":"Rennes : un migrant afghan poignarde gri\u00e8vement un homme dans le centre-ville","datePublished":"2024-08-29T05:00:58+00:00","mainEntityOfPage":{"@id":"https:\/\/stourm.news\/?p=2144"},"wordCount":125,"commentCount":0,"publisher":{"@id":"https:\/\/stourm.news\/#organization"},"image":{"@id":"https:\/\/stourm.news\/?p=2144#primaryimage"},"thumbnailUrl":"https:\/\/stourm.news\/wp-content\/uploads\/2024\/08\/66cf4a5218d7ee22731dc7c5.1.webp","articleSection":["Faits divers","Ille-et-Vilaine","Revue de presse"],"inLanguage":"fr-FR","potentialAction":[{"@type":"CommentAction","name":"Comment","target":["https:\/\/stourm.news\/?p=2144#respond"]}]},{"@type":"WebPage","@id":"https:\/\/stourm.news\/?p=2144","url":"https:\/\/stourm.news\/?p=2144","name":"Rennes : un migrant afghan poignarde gri\u00e8vement un homme dans le centre-ville - STOURM","isPartOf":{"@id":"https:\/\/stourm.news\/#website"},"primaryImageOfPage":{"@id":"https:\/\/stourm.news\/?p=2144#primaryimage"},"image":{"@id":"https:\/\/stourm.news\/?p=2144#primaryimage"},"thumbnailUrl":"https:\/\/stourm.news\/wp-content\/uploads\/2024\/08\/66cf4a5218d7ee22731dc7c5.1.webp","datePublished":"2024-08-29T05:00:58+00:00","breadcrumb":{"@id":"https:\/\/stourm.news\/?p=2144#breadcrumb"},"inLanguage":"fr-FR","potentialAction":[{"@type":"ReadAction","target":["https:\/\/stourm.news\/?p=2144"]}]},{"@type":"ImageObject","inLanguage":"fr-FR","@id":"https:\/\/stourm.news\/?p=2144#primaryimage","url":"https:\/\/stourm.news\/wp-content\/uploads\/2024\/08\/66cf4a5218d7ee22731dc7c5.1.webp","contentUrl":"https:\/\/stourm.news\/wp-content\/uploads\/2024\/08\/66cf4a5218d7ee22731dc7c5.1.webp","width":1200,"height":750},{"@type":"BreadcrumbList","@id":"https:\/\/stourm.news\/?p=2144#breadcrumb","itemListElement":[{"@type":"ListItem","position":1,"name":"Accueil","item":"https:\/\/stourm.news\/"},{"@type":"ListItem","position":2,"name":"Rennes : un migrant afghan poignarde gri\u00e8vement un homme dans le centre-ville"}]},{"@type":"WebSite","@id":"https:\/\/stourm.news\/#website","url":"https:\/\/stourm.news\/","name":"Stourm","description":"Kazetenn Strollad Broadel Breizh","publisher":{"@id":"https:\/\/stourm.news\/#organization"},"potentialAction":[{"@type":"SearchAction","target":{"@type":"EntryPoint","urlTemplate":"https:\/\/stourm.news\/?s={search_term_string}"},"query-input":{"@type":"PropertyValueSpecification","valueRequired":true,"valueName":"search_term_string"}}],"inLanguage":"fr-FR"},{"@type":"Organization","@id":"https:\/\/stourm.news\/#organization","name":"Stourm","url":"https:\/\/stourm.news\/","logo":{"@type":"ImageObject","inLanguage":"fr-FR","@id":"https:\/\/stourm.news\/#\/schema\/logo\/image\/","url":"https:\/\/stourm.news\/wp-content\/uploads\/2025\/11\/cropped-Capture-decran-2025-11-28-a-15.19.07.png","contentUrl":"https:\/\/stourm.news\/wp-content\/uploads\/2025\/11\/cropped-Capture-decran-2025-11-28-a-15.19.07.png","width":1855,"height":383,"caption":"Stourm"},"image":{"@id":"https:\/\/stourm.news\/#\/schema\/logo\/image\/"},"sameAs":["https:\/\/www.facebook.com\/stourmnews\/"]},{"@type":"Person","@id":"https:\/\/stourm.news\/#\/schema\/person\/c3e1dc65988632e190969234ef046cf9","name":"La r\u00e9daction","image":{"@type":"ImageObject","inLanguage":"fr-FR","@id":"https:\/\/stourm.news\/#\/schema\/person\/image\/","url":"https:\/\/secure.gravatar.com\/avatar\/7463443f194b6b5fb706b074ca0ef59a0cfcfd720cb47764b0ec5a952ce422b3?s=96&d=mm&r=g","contentUrl":"https:\/\/secure.gravatar.com\/avatar\/7463443f194b6b5fb706b074ca0ef59a0cfcfd720cb47764b0ec5a952ce422b3?s=96&d=mm&r=g","caption":"La r\u00e9daction"},"sameAs":["https:\/\/stourm.news"],"url":"https:\/\/stourm.news\/?author=1"}]}},"_links":{"self":[{"href":"https:\/\/stourm.news\/index.php?rest_route=\/wp\/v2\/posts\/2144","targetHints":{"allow":["GET"]}}],"collection":[{"href":"https:\/\/stourm.news\/index.php?rest_route=\/wp\/v2\/posts"}],"about":[{"href":"https:\/\/stourm.news\/index.php?rest_route=\/wp\/v2\/types\/post"}],"author":[{"embeddable":true,"href":"https:\/\/stourm.news\/index.php?rest_route=\/wp\/v2\/users\/1"}],"replies":[{"embeddable":true,"href":"https:\/\/stourm.news\/index.php?rest_route=%2Fwp%2Fv2%2Fcomments&post=2144"}],"version-history":[{"count":1,"href":"https:\/\/stourm.news\/index.php?rest_route=\/wp\/v2\/posts\/2144\/revisions"}],"predecessor-version":[{"id":2146,"href":"https:\/\/stourm.news\/index.php?rest_route=\/wp\/v2\/posts\/2144\/revisions\/2146"}],"wp:featuredmedia":[{"embeddable":true,"href":"https:\/\/stourm.news\/index.php?rest_route=\/wp\/v2\/media\/2145"}],"wp:attachment":[{"href":"https:\/\/stourm.news\/index.php?rest_route=%2Fwp%2Fv2%2Fmedia&parent=2144"}],"wp:term":[{"taxonomy":"category","embeddable":true,"href":"https:\/\/stourm.news\/index.php?rest_route=%2Fwp%2Fv2%2Fcategories&post=2144"},{"taxonomy":"post_tag","embeddable":true,"href":"https:\/\/stourm.news\/index.php?rest_route=%2Fwp%2Fv2%2Ftags&post=2144"}],"curies":[{"name":"wp","href":"https:\/\/api.w.org\/{rel}","templated":true}]}}