{"id":2159,"date":"2024-08-30T00:33:48","date_gmt":"2024-08-30T00:33:48","guid":{"rendered":"https:\/\/stourm.news\/?p=2159"},"modified":"2024-08-30T00:33:48","modified_gmt":"2024-08-30T00:33:48","slug":"il-fonce-sur-les-policiers-avec-une-voiture-volee-a-rennes-un-homme-interpelle","status":"publish","type":"post","link":"https:\/\/stourm.news\/?p=2159","title":{"rendered":"Il fonce sur les policiers avec une voiture vol\u00e9e \u00e0 Rennes : un homme interpell\u00e9"},"content":{"rendered":"<p style=\"text-align: justify;\">Ce jeudi 29 ao\u00fbt 2024, un homme de 28 ans qui circulait \u00e0 bord d\u2019un v\u00e9hicule vol\u00e9 a fonc\u00e9 sur des policiers qui tentaient de l\u2019arr\u00eater au sud de Rennes. Il a finalement \u00e9t\u00e9 interpell\u00e9 quelques instants plus tard. Aucun bless\u00e9 n\u2019est \u00e0 d\u00e9plorer.<\/p>\n<p style=\"text-align: justify;\">Il est environ 3 heures du matin, ce jeudi 29 ao\u00fbt, quand la police est alert\u00e9e qu\u2019un homme, ayant commis des d\u00e9gradations dans un centre de lavage auto \u00e0 Vern-sur-Seiche (35), se dirige \u00e0 vive allure vers Rennes. Le suspect qui roule \u00e0 bord d\u2019un v\u00e9hicule vol\u00e9 est rapidement localis\u00e9. La BAC intervient et met en place un barrage routier pour le forcer \u00e0 s\u2019arr\u00eater.<\/p>\n<p style=\"text-align: justify;\">Malgr\u00e9 les sommations, le conducteur n\u2019obtemp\u00e8re pas et fonce sur les policiers. Un v\u00e9hicule des forces de l\u2019ordre est d\u00e9grad\u00e9 lors du choc, mais aucun agent n\u2019est bless\u00e9. La fuite du suspect se poursuit alors sur la rocade qu\u2019il emprunte tr\u00e8s rapidement \u00e0 contresens. Le conducteur finit par abandonner son v\u00e9hicule en pleine voie avant de s\u2019enfuir \u00e0 pied. Il est finalement interpell\u00e9 quelques instants plus tard par les policiers. \u00c2g\u00e9 de 28 ans, l\u2019homme a \u00e9t\u00e9 plac\u00e9 en garde \u00e0 vue. Une enqu\u00eate a \u00e9t\u00e9 ouverte.<\/p>\n<p style=\"text-align: justify;\">Source : <a href=\"https:\/\/www.letelegramme.fr\/ille-et-vilaine\/rennes-35000\/il-fonce-sur-les-policiers-avec-une-voiture-volee-a-rennes-un-homme-interpelle-6650540.php\">Le T\u00e9l\u00e9gramme<\/a><\/p>\n","protected":false},"excerpt":{"rendered":"<p>Ce jeudi 29 ao\u00fbt 2024, un homme de 28 ans qui circulait \u00e0 bord d\u2019un v\u00e9hicule vol\u00e9 a fonc\u00e9 sur des policiers qui tentaient de l\u2019arr\u00eater au sud de Rennes. Il a finalement \u00e9t\u00e9 interpell\u00e9 quelques instants plus tard. Aucun bless\u00e9 n\u2019est \u00e0 d\u00e9plorer. Il est environ 3 heures du matin, ce jeudi 29 ao\u00fbt, [&hellip;]<\/p>\n","protected":false},"author":1,"featured_media":2160,"comment_status":"open","ping_status":"open","sticky":false,"template":"","format":"standard","meta":{"sb_editor_width":"","footnotes":""},"categories":[52,41,62],"tags":[],"class_list":["post-2159","post","type-post","status-publish","format-standard","has-post-thumbnail","hentry","category-faits-divers","category-ille-et-vilaine","category-revue-de-presse"],"relative_dates":{"created":"2 ans ago","modified":"2 ans ago"},"yoast_head":"<!-- This site is optimized with the Yoast SEO plugin v26.3 - https:\/\/yoast.com\/wordpress\/plugins\/seo\/ -->\n<title>Il fonce sur les policiers avec une voiture vol\u00e9e \u00e0 Rennes : un homme interpell\u00e9 - STOURM<\/title>\n<meta name=\"robots\" content=\"index, follow, max-snippet:-1, max-image-preview:large, max-video-preview:-1\" \/>\n<link rel=\"canonical\" href=\"https:\/\/stourm.news\/?p=2159\" \/>\n<meta property=\"og:locale\" content=\"fr_FR\" \/>\n<meta property=\"og:type\" content=\"article\" \/>\n<meta property=\"og:title\" content=\"Il fonce sur les policiers avec une voiture vol\u00e9e \u00e0 Rennes : un homme interpell\u00e9 - STOURM\" \/>\n<meta property=\"og:description\" content=\"Ce jeudi 29 ao\u00fbt 2024, un homme de 28 ans qui circulait \u00e0 bord d\u2019un v\u00e9hicule vol\u00e9 a fonc\u00e9 sur des policiers qui tentaient de l\u2019arr\u00eater au sud de Rennes. Il a finalement \u00e9t\u00e9 interpell\u00e9 quelques instants plus tard. Aucun bless\u00e9 n\u2019est \u00e0 d\u00e9plorer. Il est environ 3 heures du matin, ce jeudi 29 ao\u00fbt, [&hellip;]\" \/>\n<meta property=\"og:url\" content=\"https:\/\/stourm.news\/?p=2159\" \/>\n<meta property=\"og:site_name\" content=\"STOURM\" \/>\n<meta property=\"article:publisher\" content=\"https:\/\/www.facebook.com\/stourmnews\/\" \/>\n<meta property=\"article:published_time\" content=\"2024-08-30T00:33:48+00:00\" \/>\n<meta property=\"og:image\" content=\"https:\/\/stourm.news\/wp-content\/uploads\/2024\/08\/Capture-decran-2024-08-30-a-09.33.12.png\" \/>\n\t<meta property=\"og:image:width\" content=\"846\" \/>\n\t<meta property=\"og:image:height\" content=\"546\" \/>\n\t<meta property=\"og:image:type\" content=\"image\/png\" \/>\n<meta name=\"author\" content=\"La r\u00e9daction\" \/>\n<meta name=\"twitter:card\" content=\"summary_large_image\" \/>\n<meta name=\"twitter:label1\" content=\"\u00c9crit par\" \/>\n\t<meta name=\"twitter:data1\" content=\"La r\u00e9daction\" \/>\n\t<meta name=\"twitter:label2\" content=\"Dur\u00e9e de lecture estim\u00e9e\" \/>\n\t<meta name=\"twitter:data2\" content=\"2 minutes\" \/>\n<script type=\"application\/ld+json\" class=\"yoast-schema-graph\">{\"@context\":\"https:\/\/schema.org\",\"@graph\":[{\"@type\":\"Article\",\"@id\":\"https:\/\/stourm.news\/?p=2159#article\",\"isPartOf\":{\"@id\":\"https:\/\/stourm.news\/?p=2159\"},\"author\":{\"name\":\"La r\u00e9daction\",\"@id\":\"https:\/\/stourm.news\/#\/schema\/person\/c3e1dc65988632e190969234ef046cf9\"},\"headline\":\"Il fonce sur les policiers avec une voiture vol\u00e9e \u00e0 Rennes : un homme interpell\u00e9\",\"datePublished\":\"2024-08-30T00:33:48+00:00\",\"mainEntityOfPage\":{\"@id\":\"https:\/\/stourm.news\/?p=2159\"},\"wordCount\":226,\"commentCount\":0,\"publisher\":{\"@id\":\"https:\/\/stourm.news\/#organization\"},\"image\":{\"@id\":\"https:\/\/stourm.news\/?p=2159#primaryimage\"},\"thumbnailUrl\":\"https:\/\/stourm.news\/wp-content\/uploads\/2024\/08\/Capture-decran-2024-08-30-a-09.33.12.png\",\"articleSection\":[\"Faits divers\",\"Ille-et-Vilaine\",\"Revue de presse\"],\"inLanguage\":\"fr-FR\",\"potentialAction\":[{\"@type\":\"CommentAction\",\"name\":\"Comment\",\"target\":[\"https:\/\/stourm.news\/?p=2159#respond\"]}]},{\"@type\":\"WebPage\",\"@id\":\"https:\/\/stourm.news\/?p=2159\",\"url\":\"https:\/\/stourm.news\/?p=2159\",\"name\":\"Il fonce sur les policiers avec une voiture vol\u00e9e \u00e0 Rennes : un homme interpell\u00e9 - STOURM\",\"isPartOf\":{\"@id\":\"https:\/\/stourm.news\/#website\"},\"primaryImageOfPage\":{\"@id\":\"https:\/\/stourm.news\/?p=2159#primaryimage\"},\"image\":{\"@id\":\"https:\/\/stourm.news\/?p=2159#primaryimage\"},\"thumbnailUrl\":\"https:\/\/stourm.news\/wp-content\/uploads\/2024\/08\/Capture-decran-2024-08-30-a-09.33.12.png\",\"datePublished\":\"2024-08-30T00:33:48+00:00\",\"breadcrumb\":{\"@id\":\"https:\/\/stourm.news\/?p=2159#breadcrumb\"},\"inLanguage\":\"fr-FR\",\"potentialAction\":[{\"@type\":\"ReadAction\",\"target\":[\"https:\/\/stourm.news\/?p=2159\"]}]},{\"@type\":\"ImageObject\",\"inLanguage\":\"fr-FR\",\"@id\":\"https:\/\/stourm.news\/?p=2159#primaryimage\",\"url\":\"https:\/\/stourm.news\/wp-content\/uploads\/2024\/08\/Capture-decran-2024-08-30-a-09.33.12.png\",\"contentUrl\":\"https:\/\/stourm.news\/wp-content\/uploads\/2024\/08\/Capture-decran-2024-08-30-a-09.33.12.png\",\"width\":846,\"height\":546},{\"@type\":\"BreadcrumbList\",\"@id\":\"https:\/\/stourm.news\/?p=2159#breadcrumb\",\"itemListElement\":[{\"@type\":\"ListItem\",\"position\":1,\"name\":\"Accueil\",\"item\":\"https:\/\/stourm.news\/\"},{\"@type\":\"ListItem\",\"position\":2,\"name\":\"Il fonce sur les policiers avec une voiture vol\u00e9e \u00e0 Rennes : un homme interpell\u00e9\"}]},{\"@type\":\"WebSite\",\"@id\":\"https:\/\/stourm.news\/#website\",\"url\":\"https:\/\/stourm.news\/\",\"name\":\"Stourm\",\"description\":\"Kazetenn Strollad Broadel Breizh\",\"publisher\":{\"@id\":\"https:\/\/stourm.news\/#organization\"},\"potentialAction\":[{\"@type\":\"SearchAction\",\"target\":{\"@type\":\"EntryPoint\",\"urlTemplate\":\"https:\/\/stourm.news\/?s={search_term_string}\"},\"query-input\":{\"@type\":\"PropertyValueSpecification\",\"valueRequired\":true,\"valueName\":\"search_term_string\"}}],\"inLanguage\":\"fr-FR\"},{\"@type\":\"Organization\",\"@id\":\"https:\/\/stourm.news\/#organization\",\"name\":\"Stourm\",\"url\":\"https:\/\/stourm.news\/\",\"logo\":{\"@type\":\"ImageObject\",\"inLanguage\":\"fr-FR\",\"@id\":\"https:\/\/stourm.news\/#\/schema\/logo\/image\/\",\"url\":\"https:\/\/stourm.news\/wp-content\/uploads\/2025\/11\/cropped-Capture-decran-2025-11-28-a-15.19.07.png\",\"contentUrl\":\"https:\/\/stourm.news\/wp-content\/uploads\/2025\/11\/cropped-Capture-decran-2025-11-28-a-15.19.07.png\",\"width\":1855,\"height\":383,\"caption\":\"Stourm\"},\"image\":{\"@id\":\"https:\/\/stourm.news\/#\/schema\/logo\/image\/\"},\"sameAs\":[\"https:\/\/www.facebook.com\/stourmnews\/\"]},{\"@type\":\"Person\",\"@id\":\"https:\/\/stourm.news\/#\/schema\/person\/c3e1dc65988632e190969234ef046cf9\",\"name\":\"La r\u00e9daction\",\"image\":{\"@type\":\"ImageObject\",\"inLanguage\":\"fr-FR\",\"@id\":\"https:\/\/stourm.news\/#\/schema\/person\/image\/\",\"url\":\"https:\/\/secure.gravatar.com\/avatar\/7463443f194b6b5fb706b074ca0ef59a0cfcfd720cb47764b0ec5a952ce422b3?s=96&d=mm&r=g\",\"contentUrl\":\"https:\/\/secure.gravatar.com\/avatar\/7463443f194b6b5fb706b074ca0ef59a0cfcfd720cb47764b0ec5a952ce422b3?s=96&d=mm&r=g\",\"caption\":\"La r\u00e9daction\"},\"sameAs\":[\"https:\/\/stourm.news\"],\"url\":\"https:\/\/stourm.news\/?author=1\"}]}<\/script>\n<!-- \/ Yoast SEO plugin. -->","yoast_head_json":{"title":"Il fonce sur les policiers avec une voiture vol\u00e9e \u00e0 Rennes : un homme interpell\u00e9 - STOURM","robots":{"index":"index","follow":"follow","max-snippet":"max-snippet:-1","max-image-preview":"max-image-preview:large","max-video-preview":"max-video-preview:-1"},"canonical":"https:\/\/stourm.news\/?p=2159","og_locale":"fr_FR","og_type":"article","og_title":"Il fonce sur les policiers avec une voiture vol\u00e9e \u00e0 Rennes : un homme interpell\u00e9 - STOURM","og_description":"Ce jeudi 29 ao\u00fbt 2024, un homme de 28 ans qui circulait \u00e0 bord d\u2019un v\u00e9hicule vol\u00e9 a fonc\u00e9 sur des policiers qui tentaient de l\u2019arr\u00eater au sud de Rennes. Il a finalement \u00e9t\u00e9 interpell\u00e9 quelques instants plus tard. Aucun bless\u00e9 n\u2019est \u00e0 d\u00e9plorer. Il est environ 3 heures du matin, ce jeudi 29 ao\u00fbt, [&hellip;]","og_url":"https:\/\/stourm.news\/?p=2159","og_site_name":"STOURM","article_publisher":"https:\/\/www.facebook.com\/stourmnews\/","article_published_time":"2024-08-30T00:33:48+00:00","og_image":[{"width":846,"height":546,"url":"https:\/\/stourm.news\/wp-content\/uploads\/2024\/08\/Capture-decran-2024-08-30-a-09.33.12.png","type":"image\/png"}],"author":"La r\u00e9daction","twitter_card":"summary_large_image","twitter_misc":{"\u00c9crit par":"La r\u00e9daction","Dur\u00e9e de lecture estim\u00e9e":"2 minutes"},"schema":{"@context":"https:\/\/schema.org","@graph":[{"@type":"Article","@id":"https:\/\/stourm.news\/?p=2159#article","isPartOf":{"@id":"https:\/\/stourm.news\/?p=2159"},"author":{"name":"La r\u00e9daction","@id":"https:\/\/stourm.news\/#\/schema\/person\/c3e1dc65988632e190969234ef046cf9"},"headline":"Il fonce sur les policiers avec une voiture vol\u00e9e \u00e0 Rennes : un homme interpell\u00e9","datePublished":"2024-08-30T00:33:48+00:00","mainEntityOfPage":{"@id":"https:\/\/stourm.news\/?p=2159"},"wordCount":226,"commentCount":0,"publisher":{"@id":"https:\/\/stourm.news\/#organization"},"image":{"@id":"https:\/\/stourm.news\/?p=2159#primaryimage"},"thumbnailUrl":"https:\/\/stourm.news\/wp-content\/uploads\/2024\/08\/Capture-decran-2024-08-30-a-09.33.12.png","articleSection":["Faits divers","Ille-et-Vilaine","Revue de presse"],"inLanguage":"fr-FR","potentialAction":[{"@type":"CommentAction","name":"Comment","target":["https:\/\/stourm.news\/?p=2159#respond"]}]},{"@type":"WebPage","@id":"https:\/\/stourm.news\/?p=2159","url":"https:\/\/stourm.news\/?p=2159","name":"Il fonce sur les policiers avec une voiture vol\u00e9e \u00e0 Rennes : un homme interpell\u00e9 - STOURM","isPartOf":{"@id":"https:\/\/stourm.news\/#website"},"primaryImageOfPage":{"@id":"https:\/\/stourm.news\/?p=2159#primaryimage"},"image":{"@id":"https:\/\/stourm.news\/?p=2159#primaryimage"},"thumbnailUrl":"https:\/\/stourm.news\/wp-content\/uploads\/2024\/08\/Capture-decran-2024-08-30-a-09.33.12.png","datePublished":"2024-08-30T00:33:48+00:00","breadcrumb":{"@id":"https:\/\/stourm.news\/?p=2159#breadcrumb"},"inLanguage":"fr-FR","potentialAction":[{"@type":"ReadAction","target":["https:\/\/stourm.news\/?p=2159"]}]},{"@type":"ImageObject","inLanguage":"fr-FR","@id":"https:\/\/stourm.news\/?p=2159#primaryimage","url":"https:\/\/stourm.news\/wp-content\/uploads\/2024\/08\/Capture-decran-2024-08-30-a-09.33.12.png","contentUrl":"https:\/\/stourm.news\/wp-content\/uploads\/2024\/08\/Capture-decran-2024-08-30-a-09.33.12.png","width":846,"height":546},{"@type":"BreadcrumbList","@id":"https:\/\/stourm.news\/?p=2159#breadcrumb","itemListElement":[{"@type":"ListItem","position":1,"name":"Accueil","item":"https:\/\/stourm.news\/"},{"@type":"ListItem","position":2,"name":"Il fonce sur les policiers avec une voiture vol\u00e9e \u00e0 Rennes : un homme interpell\u00e9"}]},{"@type":"WebSite","@id":"https:\/\/stourm.news\/#website","url":"https:\/\/stourm.news\/","name":"Stourm","description":"Kazetenn Strollad Broadel Breizh","publisher":{"@id":"https:\/\/stourm.news\/#organization"},"potentialAction":[{"@type":"SearchAction","target":{"@type":"EntryPoint","urlTemplate":"https:\/\/stourm.news\/?s={search_term_string}"},"query-input":{"@type":"PropertyValueSpecification","valueRequired":true,"valueName":"search_term_string"}}],"inLanguage":"fr-FR"},{"@type":"Organization","@id":"https:\/\/stourm.news\/#organization","name":"Stourm","url":"https:\/\/stourm.news\/","logo":{"@type":"ImageObject","inLanguage":"fr-FR","@id":"https:\/\/stourm.news\/#\/schema\/logo\/image\/","url":"https:\/\/stourm.news\/wp-content\/uploads\/2025\/11\/cropped-Capture-decran-2025-11-28-a-15.19.07.png","contentUrl":"https:\/\/stourm.news\/wp-content\/uploads\/2025\/11\/cropped-Capture-decran-2025-11-28-a-15.19.07.png","width":1855,"height":383,"caption":"Stourm"},"image":{"@id":"https:\/\/stourm.news\/#\/schema\/logo\/image\/"},"sameAs":["https:\/\/www.facebook.com\/stourmnews\/"]},{"@type":"Person","@id":"https:\/\/stourm.news\/#\/schema\/person\/c3e1dc65988632e190969234ef046cf9","name":"La r\u00e9daction","image":{"@type":"ImageObject","inLanguage":"fr-FR","@id":"https:\/\/stourm.news\/#\/schema\/person\/image\/","url":"https:\/\/secure.gravatar.com\/avatar\/7463443f194b6b5fb706b074ca0ef59a0cfcfd720cb47764b0ec5a952ce422b3?s=96&d=mm&r=g","contentUrl":"https:\/\/secure.gravatar.com\/avatar\/7463443f194b6b5fb706b074ca0ef59a0cfcfd720cb47764b0ec5a952ce422b3?s=96&d=mm&r=g","caption":"La r\u00e9daction"},"sameAs":["https:\/\/stourm.news"],"url":"https:\/\/stourm.news\/?author=1"}]}},"_links":{"self":[{"href":"https:\/\/stourm.news\/index.php?rest_route=\/wp\/v2\/posts\/2159","targetHints":{"allow":["GET"]}}],"collection":[{"href":"https:\/\/stourm.news\/index.php?rest_route=\/wp\/v2\/posts"}],"about":[{"href":"https:\/\/stourm.news\/index.php?rest_route=\/wp\/v2\/types\/post"}],"author":[{"embeddable":true,"href":"https:\/\/stourm.news\/index.php?rest_route=\/wp\/v2\/users\/1"}],"replies":[{"embeddable":true,"href":"https:\/\/stourm.news\/index.php?rest_route=%2Fwp%2Fv2%2Fcomments&post=2159"}],"version-history":[{"count":1,"href":"https:\/\/stourm.news\/index.php?rest_route=\/wp\/v2\/posts\/2159\/revisions"}],"predecessor-version":[{"id":2161,"href":"https:\/\/stourm.news\/index.php?rest_route=\/wp\/v2\/posts\/2159\/revisions\/2161"}],"wp:featuredmedia":[{"embeddable":true,"href":"https:\/\/stourm.news\/index.php?rest_route=\/wp\/v2\/media\/2160"}],"wp:attachment":[{"href":"https:\/\/stourm.news\/index.php?rest_route=%2Fwp%2Fv2%2Fmedia&parent=2159"}],"wp:term":[{"taxonomy":"category","embeddable":true,"href":"https:\/\/stourm.news\/index.php?rest_route=%2Fwp%2Fv2%2Fcategories&post=2159"},{"taxonomy":"post_tag","embeddable":true,"href":"https:\/\/stourm.news\/index.php?rest_route=%2Fwp%2Fv2%2Ftags&post=2159"}],"curies":[{"name":"wp","href":"https:\/\/api.w.org\/{rel}","templated":true}]}}