{"id":2163,"date":"2024-09-02T12:04:41","date_gmt":"2024-09-02T12:04:41","guid":{"rendered":"https:\/\/stourm.news\/?p=2163"},"modified":"2024-09-02T12:04:41","modified_gmt":"2024-09-02T12:04:41","slug":"le-parti-socialiste-francais-premier-ennemi-de-la-bretagne-nationale","status":"publish","type":"post","link":"https:\/\/stourm.news\/?p=2163","title":{"rendered":"Le Parti socialiste fran\u00e7ais, premier ennemi de la Bretagne nationale !"},"content":{"rendered":"<p style=\"text-align: justify;\">Dans un entretien accord\u00e9 \u00e0 <a href=\"https:\/\/abp.bzh\/reponse-de-l-unesco-sur-la-toponymie-bretonne--70772\">ABP<\/a> par Yvon Ollivier, pr\u00e9sident de Koun Breizh, ce dernier revient sur le probl\u00e8me crucial qu&rsquo;affronte progressivement l&rsquo;Emsav depuis plus de 40 ans : sa rel\u00e9gation politique sous l&rsquo;effet de l&rsquo;opportunisme du r\u00e9gionalisme de gauche qui s&rsquo;est ensuite in\u00e9vitablement mis au service de l&rsquo;\u00c9tat fran\u00e7ais.<\/p>\n<p style=\"text-align: justify;\">\u00ab\u00a0Le probl\u00e8me pour faire bouger les choses, c\u2019est le rapport de force politique. On sait cela depuis longtemps mais qui bouge en fait ? Plus grand monde. <strong>Le mouvement culturel breton en s\u2019institutionnalisant sous le pouvoir socialiste s\u2019est affaiss\u00e9.<\/strong> On a perdu le sens de l\u2019\u00e9mancipation. Nos \u00e9lus, il faut le reconna\u00eetre, ne bougent pas beaucoup. Dans cette affaire de toponymie, nous avons la d\u00e9sagr\u00e9able impression de d\u00e9ranger. Nous avons demand\u00e9 \u00e0 l\u2019Office Public de la Langue Bretonne (OPLB) des \u00e9l\u00e9ments pr\u00e9cis pour nourrir le recours UNESCO. Nous les attendons toujours\u00a0\u00bb d\u00e9clare Yvon Ollivier dans cet entretien.<\/p>\n<p style=\"text-align: justify;\">Cette d\u00e9rive vers le loyalisme pro-fran\u00e7ais accompagnait in\u00e9vitablement une g\u00e9n\u00e9ration d&rsquo;apr\u00e8s-guerre rong\u00e9e par les id\u00e9es de gauche, toutes gouvern\u00e9es depuis 1789 par Paris, et l&rsquo;obsession de s&rsquo;assimiler \u00e0 la soci\u00e9t\u00e9 fran\u00e7aise. Il \u00e9tait logique qu&rsquo;en abandonnant le nationalisme breton apr\u00e8s 1968 au profit d&rsquo;un fumeux f\u00e9d\u00e9ralisme international simili-marxiste, les soi-disants d\u00e9fenseurs de la culture bretonne finiraient par servir d&rsquo;idiots utiles \u00e0 la gauche fran\u00e7aise qui, elle, ne change pas. En Bretagne, la \u00ab\u00a0gauche\u00a0\u00bb est l&rsquo;antichambre de l&rsquo;\u00c9tat fran\u00e7ais depuis la r\u00e9volution fran\u00e7aise. \u00a0Coucher avec, c&rsquo;est contracter la syphilis.<\/p>\n<p style=\"text-align: justify;\">Parfaite illustration de cette imposture, Lo\u00efg Chesnais-Girard, pr\u00e9sident de la \u00ab\u00a0r\u00e9gion\u00a0\u00bb Bretagne, membre du Grand Orient de France, hi\u00e9rarque socialiste, opportuniste patent\u00e9 et, bien entendu, agent z\u00e9l\u00e9 des int\u00e9r\u00eats fran\u00e7ais en Bretagne. Rompu \u00e0 la perfidie propre au socialisme organis\u00e9, l&rsquo;int\u00e9ress\u00e9 m\u00e8ne une politique classique de sabotage hypocrite des int\u00e9r\u00eats bretons par l&rsquo;inertie et l&rsquo;a encore prouv\u00e9 \u00e0 propos de la toponymie qui le concerne pourtant au premier chef. Dominant un milieu \u00ab\u00a0culturel\u00a0\u00bb subventionn\u00e9 au plan \u00ab\u00a0r\u00e9gional\u00a0\u00bb par le PS hexagonal, le satrape Chesnais n&rsquo;a pas \u00e0 craindre que ses domestiques lui mordent la main. Ce stratag\u00e8me a \u00e9t\u00e9 mis en place par le sinistre Le Drian dont le souvenir s&rsquo;est d\u00e9j\u00e0 largement \u00e9vapor\u00e9.<\/p>\n<p style=\"text-align: justify;\">On ne demande pas \u00e0 des valets de combattre pour la libert\u00e9. La libert\u00e9 ne se demande pas, elle s&rsquo;arrache et elle ne s&rsquo;arrache pas en courtisant la canaille politique fran\u00e7aise, ce que les associations culturelles ont fait par duplicit\u00e9 id\u00e9ologique avec leur mar\u00e2tre hexagonale.<\/p>\n<p style=\"text-align: justify;\">On lutte et on meurt pour une nation, jamais pour une \u00ab\u00a0r\u00e9gion\u00a0\u00bb. Comme extension naturelle de la personne et de la famille, la nation est une finalit\u00e9 existentielle en soi et soul\u00e8ve par l\u00e0 m\u00eame les plus puissantes \u00e9motions et les plus puissantes forces d&rsquo;engagement. Ce n&rsquo;est pas en mendiant par des j\u00e9r\u00e9miades sur le th\u00e8me de l&rsquo;humanit\u00e9 universelle que les Bretons arracheront leur libert\u00e9, mais par un appel \u00e0 la volont\u00e9 de puissance, \u00e0 la fiert\u00e9 ethnique et \u00e0 la libert\u00e9 sans lesquelles ils ne pourront jamais redevenir les farouches ma\u00eetres de leur terre.<\/p>\n<p style=\"text-align: justify;\">La d\u00e9g\u00e9n\u00e9rescence du \u00ab\u00a0mouvement culturel\u00a0\u00bb est inh\u00e9rente \u00e0 la nature de ceux qui ont pr\u00e9tendu le mener, esprits conformistes, bourgeois, opportunistes, breton \u00e0 leurs heures perdues, gauchistes \u00e0 la fran\u00e7aise \u00e9ternels. Ce qui caract\u00e9rise cette \u00ab\u00a0gauche culturelle\u00a0\u00bb, b\u00e2tarde par essence, c&rsquo;est la l\u00e2chet\u00e9. Si elle est all\u00e9e aussi promptement \u00e0 la gamelle fran\u00e7aise pourvu qu&rsquo;elle soit socialiste, ce n&rsquo;est pas seulement par mim\u00e9tisme id\u00e9ologique, mais par la peur de devoir combattre sous les couleurs nationales de la Bretagne contre l&rsquo;\u00c9tat fran\u00e7ais. Rien de plus facile de que de mendier au lieu de combattre !<\/p>\n<p style=\"text-align: justify;\">L&rsquo;Emsav, ce n&rsquo;est pas le pleutre r\u00e9gionalisme, sous produit et contradiction interne de la soci\u00e9t\u00e9 fran\u00e7aise, c&rsquo;est le nationalisme de combat ! C&rsquo;est \u00e0 ce retour aux bases th\u00e9oriques et pratiques de l&rsquo;Emsav telles que pens\u00e9es et mises en oeuvre par Breiz Atao, puis par le PAB, le PNB, et, plus tard, le FLB, Strollad Ar Vro ou Stourm Ar Brezhoneg, entre autres, que le peuple breton retrouvera sa clart\u00e9 de vue et la radicalit\u00e9 spirituelle n\u00e9cessaire pour reconqu\u00e9rir sa libert\u00e9. Pas en esp\u00e9rant un mis\u00e9rable poste d&rsquo;\u00e9lu \u00ab\u00a0r\u00e9gional\u00a0\u00bb ou une rallonge budg\u00e9taire moyennant d&rsquo;ignobles reptations aux pieds de la racaille politique fran\u00e7aise qui m\u00e8ne la Bretagne \u00e0 la ruine !<\/p>\n<p style=\"text-align: justify;\">Un seul cap, le nationalisme breton ! Une seule m\u00e9thode : enterrer la gauche fran\u00e7aise et ses miasmes id\u00e9ologiques en Bretagne ! Et si l&rsquo;on nous demande pourquoi nous ne disons rien de la droite hexagonale, ce n&rsquo;est pas parce que nous l&rsquo;aimons davantage, mais parce qu&rsquo;elle n&rsquo;a aucune capacit\u00e9 d&rsquo;entra\u00eenement en Bretagne, n&rsquo;y contr\u00f4le rien et surtout ne dispose pas, contrairement \u00e0 la mortif\u00e8re gauche hexagonale, de moyens de lutter contre les int\u00e9r\u00eats nationaux de la Bretagne. L&rsquo;ennemi, c&rsquo;est l&rsquo;\u00c9tat fran\u00e7ais et en Bretagne, l&rsquo;\u00c9tat fran\u00e7ais, c&rsquo;est l&rsquo;\u00c9tat PS.<\/p>\n<p style=\"text-align: justify;\">Se lamenter sur cet \u00e9tat de fait n&rsquo;est pas une politique. Reb\u00e2tir l&rsquo;Emsav sur ses bases, en coh\u00e9rence avec son histoire, est la premi\u00e8re action de r\u00e9sistance positive qui doit \u00eatre men\u00e9e. Sa t\u00e2che doit \u00eatre de lib\u00e9rer la Bretagne des bandes politiques hexagonales qui font obstacles \u00e0 l&rsquo;ind\u00e9pendance et \u00e0 sa renaissance nationale et d&rsquo;abord dans l&rsquo;ar\u00e8ne \u00e9lectorale. L&rsquo;Emsav a besoin d&rsquo;un parti organis\u00e9 et ce parti, le seul parti national, c&rsquo;est le Parti National Breton. Il ne patauge pas dans le r\u00e9gionalisme ou le flou opportuniste, mais d\u00e9veloppe une ligne nationaliste claire, pour la renaissance de l&rsquo;\u00c9tat breton et de la Bretagne nationale. \u00c9largir sa base militante, l&rsquo;engager dans le combat \u00e9lectoral et rassembler ses premiers \u00e9lecteurs, telles sont ses priorit\u00e9s. De son succ\u00e8s d\u00e9couleront les premi\u00e8res ruptures salutaires pour la nation.<\/p>\n<p style=\"text-align: right;\"><strong>Ewen Broc&rsquo;han<\/strong><\/p>\n","protected":false},"excerpt":{"rendered":"<p>Dans un entretien accord\u00e9 \u00e0 ABP par Yvon Ollivier, pr\u00e9sident de Koun Breizh, ce dernier revient sur le probl\u00e8me crucial qu&rsquo;affronte progressivement l&rsquo;Emsav depuis plus de 40 ans : sa rel\u00e9gation politique sous l&rsquo;effet de l&rsquo;opportunisme du r\u00e9gionalisme de gauche qui s&rsquo;est ensuite in\u00e9vitablement mis au service de l&rsquo;\u00c9tat fran\u00e7ais. \u00ab\u00a0Le probl\u00e8me pour faire bouger [&hellip;]<\/p>\n","protected":false},"author":1,"featured_media":2164,"comment_status":"open","ping_status":"open","sticky":false,"template":"","format":"standard","meta":{"sb_editor_width":"","footnotes":""},"categories":[58,63,65],"tags":[],"class_list":["post-2163","post","type-post","status-publish","format-standard","has-post-thumbnail","hentry","category-breizh","category-editorial","category-principale"],"relative_dates":{"created":"2 ans ago","modified":"2 ans ago"},"yoast_head":"<!-- This site is optimized with the Yoast SEO plugin v26.3 - https:\/\/yoast.com\/wordpress\/plugins\/seo\/ -->\n<title>Le Parti socialiste fran\u00e7ais, premier ennemi de la Bretagne nationale ! - STOURM<\/title>\n<meta name=\"robots\" content=\"index, follow, max-snippet:-1, max-image-preview:large, max-video-preview:-1\" \/>\n<link rel=\"canonical\" href=\"https:\/\/stourm.news\/?p=2163\" \/>\n<meta property=\"og:locale\" content=\"fr_FR\" \/>\n<meta property=\"og:type\" content=\"article\" \/>\n<meta property=\"og:title\" content=\"Le Parti socialiste fran\u00e7ais, premier ennemi de la Bretagne nationale ! - STOURM\" \/>\n<meta property=\"og:description\" content=\"Dans un entretien accord\u00e9 \u00e0 ABP par Yvon Ollivier, pr\u00e9sident de Koun Breizh, ce dernier revient sur le probl\u00e8me crucial qu&rsquo;affronte progressivement l&rsquo;Emsav depuis plus de 40 ans : sa rel\u00e9gation politique sous l&rsquo;effet de l&rsquo;opportunisme du r\u00e9gionalisme de gauche qui s&rsquo;est ensuite in\u00e9vitablement mis au service de l&rsquo;\u00c9tat fran\u00e7ais. \u00ab\u00a0Le probl\u00e8me pour faire bouger [&hellip;]\" \/>\n<meta property=\"og:url\" content=\"https:\/\/stourm.news\/?p=2163\" \/>\n<meta property=\"og:site_name\" content=\"STOURM\" \/>\n<meta property=\"article:publisher\" content=\"https:\/\/www.facebook.com\/stourmnews\/\" \/>\n<meta property=\"article:published_time\" content=\"2024-09-02T12:04:41+00:00\" \/>\n<meta property=\"og:image\" content=\"https:\/\/stourm.news\/wp-content\/uploads\/2024\/09\/GWUqYeVXcAEaEfX.jpg\" \/>\n\t<meta property=\"og:image:width\" content=\"1200\" \/>\n\t<meta property=\"og:image:height\" content=\"802\" \/>\n\t<meta property=\"og:image:type\" content=\"image\/jpeg\" \/>\n<meta name=\"author\" content=\"La r\u00e9daction\" \/>\n<meta name=\"twitter:card\" content=\"summary_large_image\" \/>\n<meta name=\"twitter:label1\" content=\"\u00c9crit par\" \/>\n\t<meta name=\"twitter:data1\" content=\"La r\u00e9daction\" \/>\n\t<meta name=\"twitter:label2\" content=\"Dur\u00e9e de lecture estim\u00e9e\" \/>\n\t<meta name=\"twitter:data2\" content=\"5 minutes\" \/>\n<script type=\"application\/ld+json\" class=\"yoast-schema-graph\">{\"@context\":\"https:\/\/schema.org\",\"@graph\":[{\"@type\":\"Article\",\"@id\":\"https:\/\/stourm.news\/?p=2163#article\",\"isPartOf\":{\"@id\":\"https:\/\/stourm.news\/?p=2163\"},\"author\":{\"name\":\"La r\u00e9daction\",\"@id\":\"https:\/\/stourm.news\/#\/schema\/person\/c3e1dc65988632e190969234ef046cf9\"},\"headline\":\"Le Parti socialiste fran\u00e7ais, premier ennemi de la Bretagne nationale !\",\"datePublished\":\"2024-09-02T12:04:41+00:00\",\"mainEntityOfPage\":{\"@id\":\"https:\/\/stourm.news\/?p=2163\"},\"wordCount\":1075,\"commentCount\":0,\"publisher\":{\"@id\":\"https:\/\/stourm.news\/#organization\"},\"image\":{\"@id\":\"https:\/\/stourm.news\/?p=2163#primaryimage\"},\"thumbnailUrl\":\"https:\/\/stourm.news\/wp-content\/uploads\/2024\/09\/GWUqYeVXcAEaEfX.jpg\",\"articleSection\":[\"Breizh\",\"Editorial\",\"Principale\"],\"inLanguage\":\"fr-FR\",\"potentialAction\":[{\"@type\":\"CommentAction\",\"name\":\"Comment\",\"target\":[\"https:\/\/stourm.news\/?p=2163#respond\"]}]},{\"@type\":\"WebPage\",\"@id\":\"https:\/\/stourm.news\/?p=2163\",\"url\":\"https:\/\/stourm.news\/?p=2163\",\"name\":\"Le Parti socialiste fran\u00e7ais, premier ennemi de la Bretagne nationale ! - STOURM\",\"isPartOf\":{\"@id\":\"https:\/\/stourm.news\/#website\"},\"primaryImageOfPage\":{\"@id\":\"https:\/\/stourm.news\/?p=2163#primaryimage\"},\"image\":{\"@id\":\"https:\/\/stourm.news\/?p=2163#primaryimage\"},\"thumbnailUrl\":\"https:\/\/stourm.news\/wp-content\/uploads\/2024\/09\/GWUqYeVXcAEaEfX.jpg\",\"datePublished\":\"2024-09-02T12:04:41+00:00\",\"breadcrumb\":{\"@id\":\"https:\/\/stourm.news\/?p=2163#breadcrumb\"},\"inLanguage\":\"fr-FR\",\"potentialAction\":[{\"@type\":\"ReadAction\",\"target\":[\"https:\/\/stourm.news\/?p=2163\"]}]},{\"@type\":\"ImageObject\",\"inLanguage\":\"fr-FR\",\"@id\":\"https:\/\/stourm.news\/?p=2163#primaryimage\",\"url\":\"https:\/\/stourm.news\/wp-content\/uploads\/2024\/09\/GWUqYeVXcAEaEfX.jpg\",\"contentUrl\":\"https:\/\/stourm.news\/wp-content\/uploads\/2024\/09\/GWUqYeVXcAEaEfX.jpg\",\"width\":1200,\"height\":802},{\"@type\":\"BreadcrumbList\",\"@id\":\"https:\/\/stourm.news\/?p=2163#breadcrumb\",\"itemListElement\":[{\"@type\":\"ListItem\",\"position\":1,\"name\":\"Accueil\",\"item\":\"https:\/\/stourm.news\/\"},{\"@type\":\"ListItem\",\"position\":2,\"name\":\"Le Parti socialiste fran\u00e7ais, premier ennemi de la Bretagne nationale !\"}]},{\"@type\":\"WebSite\",\"@id\":\"https:\/\/stourm.news\/#website\",\"url\":\"https:\/\/stourm.news\/\",\"name\":\"Stourm\",\"description\":\"Kazetenn Strollad Broadel Breizh\",\"publisher\":{\"@id\":\"https:\/\/stourm.news\/#organization\"},\"potentialAction\":[{\"@type\":\"SearchAction\",\"target\":{\"@type\":\"EntryPoint\",\"urlTemplate\":\"https:\/\/stourm.news\/?s={search_term_string}\"},\"query-input\":{\"@type\":\"PropertyValueSpecification\",\"valueRequired\":true,\"valueName\":\"search_term_string\"}}],\"inLanguage\":\"fr-FR\"},{\"@type\":\"Organization\",\"@id\":\"https:\/\/stourm.news\/#organization\",\"name\":\"Stourm\",\"url\":\"https:\/\/stourm.news\/\",\"logo\":{\"@type\":\"ImageObject\",\"inLanguage\":\"fr-FR\",\"@id\":\"https:\/\/stourm.news\/#\/schema\/logo\/image\/\",\"url\":\"https:\/\/stourm.news\/wp-content\/uploads\/2025\/11\/cropped-Capture-decran-2025-11-28-a-15.19.07.png\",\"contentUrl\":\"https:\/\/stourm.news\/wp-content\/uploads\/2025\/11\/cropped-Capture-decran-2025-11-28-a-15.19.07.png\",\"width\":1855,\"height\":383,\"caption\":\"Stourm\"},\"image\":{\"@id\":\"https:\/\/stourm.news\/#\/schema\/logo\/image\/\"},\"sameAs\":[\"https:\/\/www.facebook.com\/stourmnews\/\"]},{\"@type\":\"Person\",\"@id\":\"https:\/\/stourm.news\/#\/schema\/person\/c3e1dc65988632e190969234ef046cf9\",\"name\":\"La r\u00e9daction\",\"image\":{\"@type\":\"ImageObject\",\"inLanguage\":\"fr-FR\",\"@id\":\"https:\/\/stourm.news\/#\/schema\/person\/image\/\",\"url\":\"https:\/\/secure.gravatar.com\/avatar\/7463443f194b6b5fb706b074ca0ef59a0cfcfd720cb47764b0ec5a952ce422b3?s=96&d=mm&r=g\",\"contentUrl\":\"https:\/\/secure.gravatar.com\/avatar\/7463443f194b6b5fb706b074ca0ef59a0cfcfd720cb47764b0ec5a952ce422b3?s=96&d=mm&r=g\",\"caption\":\"La r\u00e9daction\"},\"sameAs\":[\"https:\/\/stourm.news\"],\"url\":\"https:\/\/stourm.news\/?author=1\"}]}<\/script>\n<!-- \/ Yoast SEO plugin. -->","yoast_head_json":{"title":"Le Parti socialiste fran\u00e7ais, premier ennemi de la Bretagne nationale ! - STOURM","robots":{"index":"index","follow":"follow","max-snippet":"max-snippet:-1","max-image-preview":"max-image-preview:large","max-video-preview":"max-video-preview:-1"},"canonical":"https:\/\/stourm.news\/?p=2163","og_locale":"fr_FR","og_type":"article","og_title":"Le Parti socialiste fran\u00e7ais, premier ennemi de la Bretagne nationale ! - STOURM","og_description":"Dans un entretien accord\u00e9 \u00e0 ABP par Yvon Ollivier, pr\u00e9sident de Koun Breizh, ce dernier revient sur le probl\u00e8me crucial qu&rsquo;affronte progressivement l&rsquo;Emsav depuis plus de 40 ans : sa rel\u00e9gation politique sous l&rsquo;effet de l&rsquo;opportunisme du r\u00e9gionalisme de gauche qui s&rsquo;est ensuite in\u00e9vitablement mis au service de l&rsquo;\u00c9tat fran\u00e7ais. \u00ab\u00a0Le probl\u00e8me pour faire bouger [&hellip;]","og_url":"https:\/\/stourm.news\/?p=2163","og_site_name":"STOURM","article_publisher":"https:\/\/www.facebook.com\/stourmnews\/","article_published_time":"2024-09-02T12:04:41+00:00","og_image":[{"width":1200,"height":802,"url":"https:\/\/stourm.news\/wp-content\/uploads\/2024\/09\/GWUqYeVXcAEaEfX.jpg","type":"image\/jpeg"}],"author":"La r\u00e9daction","twitter_card":"summary_large_image","twitter_misc":{"\u00c9crit par":"La r\u00e9daction","Dur\u00e9e de lecture estim\u00e9e":"5 minutes"},"schema":{"@context":"https:\/\/schema.org","@graph":[{"@type":"Article","@id":"https:\/\/stourm.news\/?p=2163#article","isPartOf":{"@id":"https:\/\/stourm.news\/?p=2163"},"author":{"name":"La r\u00e9daction","@id":"https:\/\/stourm.news\/#\/schema\/person\/c3e1dc65988632e190969234ef046cf9"},"headline":"Le Parti socialiste fran\u00e7ais, premier ennemi de la Bretagne nationale !","datePublished":"2024-09-02T12:04:41+00:00","mainEntityOfPage":{"@id":"https:\/\/stourm.news\/?p=2163"},"wordCount":1075,"commentCount":0,"publisher":{"@id":"https:\/\/stourm.news\/#organization"},"image":{"@id":"https:\/\/stourm.news\/?p=2163#primaryimage"},"thumbnailUrl":"https:\/\/stourm.news\/wp-content\/uploads\/2024\/09\/GWUqYeVXcAEaEfX.jpg","articleSection":["Breizh","Editorial","Principale"],"inLanguage":"fr-FR","potentialAction":[{"@type":"CommentAction","name":"Comment","target":["https:\/\/stourm.news\/?p=2163#respond"]}]},{"@type":"WebPage","@id":"https:\/\/stourm.news\/?p=2163","url":"https:\/\/stourm.news\/?p=2163","name":"Le Parti socialiste fran\u00e7ais, premier ennemi de la Bretagne nationale ! - STOURM","isPartOf":{"@id":"https:\/\/stourm.news\/#website"},"primaryImageOfPage":{"@id":"https:\/\/stourm.news\/?p=2163#primaryimage"},"image":{"@id":"https:\/\/stourm.news\/?p=2163#primaryimage"},"thumbnailUrl":"https:\/\/stourm.news\/wp-content\/uploads\/2024\/09\/GWUqYeVXcAEaEfX.jpg","datePublished":"2024-09-02T12:04:41+00:00","breadcrumb":{"@id":"https:\/\/stourm.news\/?p=2163#breadcrumb"},"inLanguage":"fr-FR","potentialAction":[{"@type":"ReadAction","target":["https:\/\/stourm.news\/?p=2163"]}]},{"@type":"ImageObject","inLanguage":"fr-FR","@id":"https:\/\/stourm.news\/?p=2163#primaryimage","url":"https:\/\/stourm.news\/wp-content\/uploads\/2024\/09\/GWUqYeVXcAEaEfX.jpg","contentUrl":"https:\/\/stourm.news\/wp-content\/uploads\/2024\/09\/GWUqYeVXcAEaEfX.jpg","width":1200,"height":802},{"@type":"BreadcrumbList","@id":"https:\/\/stourm.news\/?p=2163#breadcrumb","itemListElement":[{"@type":"ListItem","position":1,"name":"Accueil","item":"https:\/\/stourm.news\/"},{"@type":"ListItem","position":2,"name":"Le Parti socialiste fran\u00e7ais, premier ennemi de la Bretagne nationale !"}]},{"@type":"WebSite","@id":"https:\/\/stourm.news\/#website","url":"https:\/\/stourm.news\/","name":"Stourm","description":"Kazetenn Strollad Broadel Breizh","publisher":{"@id":"https:\/\/stourm.news\/#organization"},"potentialAction":[{"@type":"SearchAction","target":{"@type":"EntryPoint","urlTemplate":"https:\/\/stourm.news\/?s={search_term_string}"},"query-input":{"@type":"PropertyValueSpecification","valueRequired":true,"valueName":"search_term_string"}}],"inLanguage":"fr-FR"},{"@type":"Organization","@id":"https:\/\/stourm.news\/#organization","name":"Stourm","url":"https:\/\/stourm.news\/","logo":{"@type":"ImageObject","inLanguage":"fr-FR","@id":"https:\/\/stourm.news\/#\/schema\/logo\/image\/","url":"https:\/\/stourm.news\/wp-content\/uploads\/2025\/11\/cropped-Capture-decran-2025-11-28-a-15.19.07.png","contentUrl":"https:\/\/stourm.news\/wp-content\/uploads\/2025\/11\/cropped-Capture-decran-2025-11-28-a-15.19.07.png","width":1855,"height":383,"caption":"Stourm"},"image":{"@id":"https:\/\/stourm.news\/#\/schema\/logo\/image\/"},"sameAs":["https:\/\/www.facebook.com\/stourmnews\/"]},{"@type":"Person","@id":"https:\/\/stourm.news\/#\/schema\/person\/c3e1dc65988632e190969234ef046cf9","name":"La r\u00e9daction","image":{"@type":"ImageObject","inLanguage":"fr-FR","@id":"https:\/\/stourm.news\/#\/schema\/person\/image\/","url":"https:\/\/secure.gravatar.com\/avatar\/7463443f194b6b5fb706b074ca0ef59a0cfcfd720cb47764b0ec5a952ce422b3?s=96&d=mm&r=g","contentUrl":"https:\/\/secure.gravatar.com\/avatar\/7463443f194b6b5fb706b074ca0ef59a0cfcfd720cb47764b0ec5a952ce422b3?s=96&d=mm&r=g","caption":"La r\u00e9daction"},"sameAs":["https:\/\/stourm.news"],"url":"https:\/\/stourm.news\/?author=1"}]}},"_links":{"self":[{"href":"https:\/\/stourm.news\/index.php?rest_route=\/wp\/v2\/posts\/2163","targetHints":{"allow":["GET"]}}],"collection":[{"href":"https:\/\/stourm.news\/index.php?rest_route=\/wp\/v2\/posts"}],"about":[{"href":"https:\/\/stourm.news\/index.php?rest_route=\/wp\/v2\/types\/post"}],"author":[{"embeddable":true,"href":"https:\/\/stourm.news\/index.php?rest_route=\/wp\/v2\/users\/1"}],"replies":[{"embeddable":true,"href":"https:\/\/stourm.news\/index.php?rest_route=%2Fwp%2Fv2%2Fcomments&post=2163"}],"version-history":[{"count":1,"href":"https:\/\/stourm.news\/index.php?rest_route=\/wp\/v2\/posts\/2163\/revisions"}],"predecessor-version":[{"id":2165,"href":"https:\/\/stourm.news\/index.php?rest_route=\/wp\/v2\/posts\/2163\/revisions\/2165"}],"wp:featuredmedia":[{"embeddable":true,"href":"https:\/\/stourm.news\/index.php?rest_route=\/wp\/v2\/media\/2164"}],"wp:attachment":[{"href":"https:\/\/stourm.news\/index.php?rest_route=%2Fwp%2Fv2%2Fmedia&parent=2163"}],"wp:term":[{"taxonomy":"category","embeddable":true,"href":"https:\/\/stourm.news\/index.php?rest_route=%2Fwp%2Fv2%2Fcategories&post=2163"},{"taxonomy":"post_tag","embeddable":true,"href":"https:\/\/stourm.news\/index.php?rest_route=%2Fwp%2Fv2%2Ftags&post=2163"}],"curies":[{"name":"wp","href":"https:\/\/api.w.org\/{rel}","templated":true}]}}