{"id":2172,"date":"2024-09-03T15:15:19","date_gmt":"2024-09-03T15:15:19","guid":{"rendered":"https:\/\/stourm.news\/?p=2172"},"modified":"2024-09-03T15:15:19","modified_gmt":"2024-09-03T15:15:19","slug":"les-patriotes-irlandais-sunissent-en-vue-des-elections-nationales","status":"publish","type":"post","link":"https:\/\/stourm.news\/?p=2172","title":{"rendered":"Les patriotes irlandais s&rsquo;unissent en vue des \u00e9lections nationales"},"content":{"rendered":"<p style=\"text-align: justify;\">Les patriotes irlandais de plusieurs formations politiques ont annonc\u00e9 unir leurs forces en vue des prochaines \u00e9lections g\u00e9n\u00e9rales qui auront lieu dans le pays. Faisant face \u00e0 une immigration de grande ampleur dict\u00e9e par le gouvernement pro-UE de Dublin, le sentiment d&rsquo;urgence a pr\u00e9valu. La nouvelle coalition a choisi de se nommer \u00ab\u00a0National Alliance\u00a0\u00bb (Alliance Nationale).<\/p>\n<blockquote class=\"twitter-tweet\">\n<p dir=\"ltr\" lang=\"en\">The National Alliance is a unified electoral pact made up of the National Party, Ireland First, the Irish People and nationalist Independents.<\/p>\n<p>Follow us for further updates and candidate announcements as we prepare for the upcoming elections!<a href=\"https:\/\/t.co\/ofNlfVRNeJ\">https:\/\/t.co\/ofNlfVRNeJ<\/a> <a href=\"https:\/\/t.co\/MG7pFT7j9C\">pic.twitter.com\/MG7pFT7j9C<\/a><\/p>\n<p>\u2014 National Alliance | Comhaontas N\u00e1isi\u00fanta (@NatAllianceIE) <a href=\"https:\/\/twitter.com\/NatAllianceIE\/status\/1829617570376556898?ref_src=twsrc%5Etfw\">August 30, 2024<\/a><\/p><\/blockquote>\n<p><script async src=\"https:\/\/platform.twitter.com\/widgets.js\" charset=\"utf-8\"><\/script><\/p>\n<p>Le Parti National Breton a salu\u00e9 cette unit\u00e9 d&rsquo;action.<\/p>\n<blockquote class=\"twitter-tweet\">\n<p dir=\"ltr\" lang=\"fr\">\ud83c\uddee\ud83c\uddeaExcellente nouvelle en Irlande o\u00f9 les partis patriotiques, y compris le <a href=\"https:\/\/twitter.com\/NationalParty?ref_src=twsrc%5Etfw\">@NationalParty<\/a>, forment une coalition pour d\u00e9fendre l&rsquo;Irlande lors des prochaines \u00e9lections g\u00e9n\u00e9rales. Nous leur souhaitons bonne chance !<a href=\"https:\/\/twitter.com\/hashtag\/IrelandBelongsToTheIrish?src=hash&amp;ref_src=twsrc%5Etfw\">#IrelandBelongsToTheIrish<\/a> <a href=\"https:\/\/t.co\/HZWh8HPcZa\">https:\/\/t.co\/HZWh8HPcZa<\/a><\/p>\n<p>\u2014 Parti National Breton &#8211; Strollad Broadel Breizh (@pnbsbb) <a href=\"https:\/\/twitter.com\/pnbsbb\/status\/1830645620010590263?ref_src=twsrc%5Etfw\">September 2, 2024<\/a><\/p><\/blockquote>\n<p><script async src=\"https:\/\/platform.twitter.com\/widgets.js\" charset=\"utf-8\"><\/script><\/p>\n<p style=\"text-align: right;\"><strong>Ewen Broc&rsquo;han<\/strong><\/p>\n","protected":false},"excerpt":{"rendered":"<p>Les patriotes irlandais de plusieurs formations politiques ont annonc\u00e9 unir leurs forces en vue des prochaines \u00e9lections g\u00e9n\u00e9rales qui auront lieu dans le pays. Faisant face \u00e0 une immigration de grande ampleur dict\u00e9e par le gouvernement pro-UE de Dublin, le sentiment d&rsquo;urgence a pr\u00e9valu. La nouvelle coalition a choisi de se nommer \u00ab\u00a0National Alliance\u00a0\u00bb (Alliance [&hellip;]<\/p>\n","protected":false},"author":1,"featured_media":2173,"comment_status":"open","ping_status":"open","sticky":false,"template":"","format":"standard","meta":{"sb_editor_width":"","footnotes":""},"categories":[66,65],"tags":[],"class_list":["post-2172","post","type-post","status-publish","format-standard","has-post-thumbnail","hentry","category-international","category-principale"],"relative_dates":{"created":"2 ans ago","modified":"2 ans ago"},"yoast_head":"<!-- This site is optimized with the Yoast SEO plugin v26.3 - https:\/\/yoast.com\/wordpress\/plugins\/seo\/ -->\n<title>Les patriotes irlandais s&#039;unissent en vue des \u00e9lections nationales - STOURM<\/title>\n<meta name=\"robots\" content=\"index, follow, max-snippet:-1, max-image-preview:large, max-video-preview:-1\" \/>\n<link rel=\"canonical\" href=\"https:\/\/stourm.news\/?p=2172\" \/>\n<meta property=\"og:locale\" content=\"fr_FR\" \/>\n<meta property=\"og:type\" content=\"article\" \/>\n<meta property=\"og:title\" content=\"Les patriotes irlandais s&#039;unissent en vue des \u00e9lections nationales - STOURM\" \/>\n<meta property=\"og:description\" content=\"Les patriotes irlandais de plusieurs formations politiques ont annonc\u00e9 unir leurs forces en vue des prochaines \u00e9lections g\u00e9n\u00e9rales qui auront lieu dans le pays. Faisant face \u00e0 une immigration de grande ampleur dict\u00e9e par le gouvernement pro-UE de Dublin, le sentiment d&rsquo;urgence a pr\u00e9valu. La nouvelle coalition a choisi de se nommer \u00ab\u00a0National Alliance\u00a0\u00bb (Alliance [&hellip;]\" \/>\n<meta property=\"og:url\" content=\"https:\/\/stourm.news\/?p=2172\" \/>\n<meta property=\"og:site_name\" content=\"STOURM\" \/>\n<meta property=\"article:publisher\" content=\"https:\/\/www.facebook.com\/stourmnews\/\" \/>\n<meta property=\"article:published_time\" content=\"2024-09-03T15:15:19+00:00\" \/>\n<meta property=\"og:image\" content=\"https:\/\/stourm.news\/wp-content\/uploads\/2024\/09\/images.png\" \/>\n\t<meta property=\"og:image:width\" content=\"225\" \/>\n\t<meta property=\"og:image:height\" content=\"225\" \/>\n\t<meta property=\"og:image:type\" content=\"image\/png\" \/>\n<meta name=\"author\" content=\"La r\u00e9daction\" \/>\n<meta name=\"twitter:card\" content=\"summary_large_image\" \/>\n<meta name=\"twitter:label1\" content=\"\u00c9crit par\" \/>\n\t<meta name=\"twitter:data1\" content=\"La r\u00e9daction\" \/>\n\t<meta name=\"twitter:label2\" content=\"Dur\u00e9e de lecture estim\u00e9e\" \/>\n\t<meta name=\"twitter:data2\" content=\"1 minute\" \/>\n<script type=\"application\/ld+json\" class=\"yoast-schema-graph\">{\"@context\":\"https:\/\/schema.org\",\"@graph\":[{\"@type\":\"Article\",\"@id\":\"https:\/\/stourm.news\/?p=2172#article\",\"isPartOf\":{\"@id\":\"https:\/\/stourm.news\/?p=2172\"},\"author\":{\"name\":\"La r\u00e9daction\",\"@id\":\"https:\/\/stourm.news\/#\/schema\/person\/c3e1dc65988632e190969234ef046cf9\"},\"headline\":\"Les patriotes irlandais s&rsquo;unissent en vue des \u00e9lections nationales\",\"datePublished\":\"2024-09-03T15:15:19+00:00\",\"mainEntityOfPage\":{\"@id\":\"https:\/\/stourm.news\/?p=2172\"},\"wordCount\":186,\"commentCount\":0,\"publisher\":{\"@id\":\"https:\/\/stourm.news\/#organization\"},\"image\":{\"@id\":\"https:\/\/stourm.news\/?p=2172#primaryimage\"},\"thumbnailUrl\":\"https:\/\/stourm.news\/wp-content\/uploads\/2024\/09\/images.png\",\"articleSection\":[\"International\",\"Principale\"],\"inLanguage\":\"fr-FR\",\"potentialAction\":[{\"@type\":\"CommentAction\",\"name\":\"Comment\",\"target\":[\"https:\/\/stourm.news\/?p=2172#respond\"]}]},{\"@type\":\"WebPage\",\"@id\":\"https:\/\/stourm.news\/?p=2172\",\"url\":\"https:\/\/stourm.news\/?p=2172\",\"name\":\"Les patriotes irlandais s'unissent en vue des \u00e9lections nationales - STOURM\",\"isPartOf\":{\"@id\":\"https:\/\/stourm.news\/#website\"},\"primaryImageOfPage\":{\"@id\":\"https:\/\/stourm.news\/?p=2172#primaryimage\"},\"image\":{\"@id\":\"https:\/\/stourm.news\/?p=2172#primaryimage\"},\"thumbnailUrl\":\"https:\/\/stourm.news\/wp-content\/uploads\/2024\/09\/images.png\",\"datePublished\":\"2024-09-03T15:15:19+00:00\",\"breadcrumb\":{\"@id\":\"https:\/\/stourm.news\/?p=2172#breadcrumb\"},\"inLanguage\":\"fr-FR\",\"potentialAction\":[{\"@type\":\"ReadAction\",\"target\":[\"https:\/\/stourm.news\/?p=2172\"]}]},{\"@type\":\"ImageObject\",\"inLanguage\":\"fr-FR\",\"@id\":\"https:\/\/stourm.news\/?p=2172#primaryimage\",\"url\":\"https:\/\/stourm.news\/wp-content\/uploads\/2024\/09\/images.png\",\"contentUrl\":\"https:\/\/stourm.news\/wp-content\/uploads\/2024\/09\/images.png\",\"width\":225,\"height\":225},{\"@type\":\"BreadcrumbList\",\"@id\":\"https:\/\/stourm.news\/?p=2172#breadcrumb\",\"itemListElement\":[{\"@type\":\"ListItem\",\"position\":1,\"name\":\"Accueil\",\"item\":\"https:\/\/stourm.news\/\"},{\"@type\":\"ListItem\",\"position\":2,\"name\":\"Les patriotes irlandais s&rsquo;unissent en vue des \u00e9lections nationales\"}]},{\"@type\":\"WebSite\",\"@id\":\"https:\/\/stourm.news\/#website\",\"url\":\"https:\/\/stourm.news\/\",\"name\":\"Stourm\",\"description\":\"Kazetenn Strollad Broadel Breizh\",\"publisher\":{\"@id\":\"https:\/\/stourm.news\/#organization\"},\"potentialAction\":[{\"@type\":\"SearchAction\",\"target\":{\"@type\":\"EntryPoint\",\"urlTemplate\":\"https:\/\/stourm.news\/?s={search_term_string}\"},\"query-input\":{\"@type\":\"PropertyValueSpecification\",\"valueRequired\":true,\"valueName\":\"search_term_string\"}}],\"inLanguage\":\"fr-FR\"},{\"@type\":\"Organization\",\"@id\":\"https:\/\/stourm.news\/#organization\",\"name\":\"Stourm\",\"url\":\"https:\/\/stourm.news\/\",\"logo\":{\"@type\":\"ImageObject\",\"inLanguage\":\"fr-FR\",\"@id\":\"https:\/\/stourm.news\/#\/schema\/logo\/image\/\",\"url\":\"https:\/\/stourm.news\/wp-content\/uploads\/2025\/11\/cropped-Capture-decran-2025-11-28-a-15.19.07.png\",\"contentUrl\":\"https:\/\/stourm.news\/wp-content\/uploads\/2025\/11\/cropped-Capture-decran-2025-11-28-a-15.19.07.png\",\"width\":1855,\"height\":383,\"caption\":\"Stourm\"},\"image\":{\"@id\":\"https:\/\/stourm.news\/#\/schema\/logo\/image\/\"},\"sameAs\":[\"https:\/\/www.facebook.com\/stourmnews\/\"]},{\"@type\":\"Person\",\"@id\":\"https:\/\/stourm.news\/#\/schema\/person\/c3e1dc65988632e190969234ef046cf9\",\"name\":\"La r\u00e9daction\",\"image\":{\"@type\":\"ImageObject\",\"inLanguage\":\"fr-FR\",\"@id\":\"https:\/\/stourm.news\/#\/schema\/person\/image\/\",\"url\":\"https:\/\/secure.gravatar.com\/avatar\/7463443f194b6b5fb706b074ca0ef59a0cfcfd720cb47764b0ec5a952ce422b3?s=96&d=mm&r=g\",\"contentUrl\":\"https:\/\/secure.gravatar.com\/avatar\/7463443f194b6b5fb706b074ca0ef59a0cfcfd720cb47764b0ec5a952ce422b3?s=96&d=mm&r=g\",\"caption\":\"La r\u00e9daction\"},\"sameAs\":[\"https:\/\/stourm.news\"],\"url\":\"https:\/\/stourm.news\/?author=1\"}]}<\/script>\n<!-- \/ Yoast SEO plugin. -->","yoast_head_json":{"title":"Les patriotes irlandais s'unissent en vue des \u00e9lections nationales - STOURM","robots":{"index":"index","follow":"follow","max-snippet":"max-snippet:-1","max-image-preview":"max-image-preview:large","max-video-preview":"max-video-preview:-1"},"canonical":"https:\/\/stourm.news\/?p=2172","og_locale":"fr_FR","og_type":"article","og_title":"Les patriotes irlandais s'unissent en vue des \u00e9lections nationales - STOURM","og_description":"Les patriotes irlandais de plusieurs formations politiques ont annonc\u00e9 unir leurs forces en vue des prochaines \u00e9lections g\u00e9n\u00e9rales qui auront lieu dans le pays. Faisant face \u00e0 une immigration de grande ampleur dict\u00e9e par le gouvernement pro-UE de Dublin, le sentiment d&rsquo;urgence a pr\u00e9valu. La nouvelle coalition a choisi de se nommer \u00ab\u00a0National Alliance\u00a0\u00bb (Alliance [&hellip;]","og_url":"https:\/\/stourm.news\/?p=2172","og_site_name":"STOURM","article_publisher":"https:\/\/www.facebook.com\/stourmnews\/","article_published_time":"2024-09-03T15:15:19+00:00","og_image":[{"width":225,"height":225,"url":"https:\/\/stourm.news\/wp-content\/uploads\/2024\/09\/images.png","type":"image\/png"}],"author":"La r\u00e9daction","twitter_card":"summary_large_image","twitter_misc":{"\u00c9crit par":"La r\u00e9daction","Dur\u00e9e de lecture estim\u00e9e":"1 minute"},"schema":{"@context":"https:\/\/schema.org","@graph":[{"@type":"Article","@id":"https:\/\/stourm.news\/?p=2172#article","isPartOf":{"@id":"https:\/\/stourm.news\/?p=2172"},"author":{"name":"La r\u00e9daction","@id":"https:\/\/stourm.news\/#\/schema\/person\/c3e1dc65988632e190969234ef046cf9"},"headline":"Les patriotes irlandais s&rsquo;unissent en vue des \u00e9lections nationales","datePublished":"2024-09-03T15:15:19+00:00","mainEntityOfPage":{"@id":"https:\/\/stourm.news\/?p=2172"},"wordCount":186,"commentCount":0,"publisher":{"@id":"https:\/\/stourm.news\/#organization"},"image":{"@id":"https:\/\/stourm.news\/?p=2172#primaryimage"},"thumbnailUrl":"https:\/\/stourm.news\/wp-content\/uploads\/2024\/09\/images.png","articleSection":["International","Principale"],"inLanguage":"fr-FR","potentialAction":[{"@type":"CommentAction","name":"Comment","target":["https:\/\/stourm.news\/?p=2172#respond"]}]},{"@type":"WebPage","@id":"https:\/\/stourm.news\/?p=2172","url":"https:\/\/stourm.news\/?p=2172","name":"Les patriotes irlandais s'unissent en vue des \u00e9lections nationales - STOURM","isPartOf":{"@id":"https:\/\/stourm.news\/#website"},"primaryImageOfPage":{"@id":"https:\/\/stourm.news\/?p=2172#primaryimage"},"image":{"@id":"https:\/\/stourm.news\/?p=2172#primaryimage"},"thumbnailUrl":"https:\/\/stourm.news\/wp-content\/uploads\/2024\/09\/images.png","datePublished":"2024-09-03T15:15:19+00:00","breadcrumb":{"@id":"https:\/\/stourm.news\/?p=2172#breadcrumb"},"inLanguage":"fr-FR","potentialAction":[{"@type":"ReadAction","target":["https:\/\/stourm.news\/?p=2172"]}]},{"@type":"ImageObject","inLanguage":"fr-FR","@id":"https:\/\/stourm.news\/?p=2172#primaryimage","url":"https:\/\/stourm.news\/wp-content\/uploads\/2024\/09\/images.png","contentUrl":"https:\/\/stourm.news\/wp-content\/uploads\/2024\/09\/images.png","width":225,"height":225},{"@type":"BreadcrumbList","@id":"https:\/\/stourm.news\/?p=2172#breadcrumb","itemListElement":[{"@type":"ListItem","position":1,"name":"Accueil","item":"https:\/\/stourm.news\/"},{"@type":"ListItem","position":2,"name":"Les patriotes irlandais s&rsquo;unissent en vue des \u00e9lections nationales"}]},{"@type":"WebSite","@id":"https:\/\/stourm.news\/#website","url":"https:\/\/stourm.news\/","name":"Stourm","description":"Kazetenn Strollad Broadel Breizh","publisher":{"@id":"https:\/\/stourm.news\/#organization"},"potentialAction":[{"@type":"SearchAction","target":{"@type":"EntryPoint","urlTemplate":"https:\/\/stourm.news\/?s={search_term_string}"},"query-input":{"@type":"PropertyValueSpecification","valueRequired":true,"valueName":"search_term_string"}}],"inLanguage":"fr-FR"},{"@type":"Organization","@id":"https:\/\/stourm.news\/#organization","name":"Stourm","url":"https:\/\/stourm.news\/","logo":{"@type":"ImageObject","inLanguage":"fr-FR","@id":"https:\/\/stourm.news\/#\/schema\/logo\/image\/","url":"https:\/\/stourm.news\/wp-content\/uploads\/2025\/11\/cropped-Capture-decran-2025-11-28-a-15.19.07.png","contentUrl":"https:\/\/stourm.news\/wp-content\/uploads\/2025\/11\/cropped-Capture-decran-2025-11-28-a-15.19.07.png","width":1855,"height":383,"caption":"Stourm"},"image":{"@id":"https:\/\/stourm.news\/#\/schema\/logo\/image\/"},"sameAs":["https:\/\/www.facebook.com\/stourmnews\/"]},{"@type":"Person","@id":"https:\/\/stourm.news\/#\/schema\/person\/c3e1dc65988632e190969234ef046cf9","name":"La r\u00e9daction","image":{"@type":"ImageObject","inLanguage":"fr-FR","@id":"https:\/\/stourm.news\/#\/schema\/person\/image\/","url":"https:\/\/secure.gravatar.com\/avatar\/7463443f194b6b5fb706b074ca0ef59a0cfcfd720cb47764b0ec5a952ce422b3?s=96&d=mm&r=g","contentUrl":"https:\/\/secure.gravatar.com\/avatar\/7463443f194b6b5fb706b074ca0ef59a0cfcfd720cb47764b0ec5a952ce422b3?s=96&d=mm&r=g","caption":"La r\u00e9daction"},"sameAs":["https:\/\/stourm.news"],"url":"https:\/\/stourm.news\/?author=1"}]}},"_links":{"self":[{"href":"https:\/\/stourm.news\/index.php?rest_route=\/wp\/v2\/posts\/2172","targetHints":{"allow":["GET"]}}],"collection":[{"href":"https:\/\/stourm.news\/index.php?rest_route=\/wp\/v2\/posts"}],"about":[{"href":"https:\/\/stourm.news\/index.php?rest_route=\/wp\/v2\/types\/post"}],"author":[{"embeddable":true,"href":"https:\/\/stourm.news\/index.php?rest_route=\/wp\/v2\/users\/1"}],"replies":[{"embeddable":true,"href":"https:\/\/stourm.news\/index.php?rest_route=%2Fwp%2Fv2%2Fcomments&post=2172"}],"version-history":[{"count":1,"href":"https:\/\/stourm.news\/index.php?rest_route=\/wp\/v2\/posts\/2172\/revisions"}],"predecessor-version":[{"id":2174,"href":"https:\/\/stourm.news\/index.php?rest_route=\/wp\/v2\/posts\/2172\/revisions\/2174"}],"wp:featuredmedia":[{"embeddable":true,"href":"https:\/\/stourm.news\/index.php?rest_route=\/wp\/v2\/media\/2173"}],"wp:attachment":[{"href":"https:\/\/stourm.news\/index.php?rest_route=%2Fwp%2Fv2%2Fmedia&parent=2172"}],"wp:term":[{"taxonomy":"category","embeddable":true,"href":"https:\/\/stourm.news\/index.php?rest_route=%2Fwp%2Fv2%2Fcategories&post=2172"},{"taxonomy":"post_tag","embeddable":true,"href":"https:\/\/stourm.news\/index.php?rest_route=%2Fwp%2Fv2%2Ftags&post=2172"}],"curies":[{"name":"wp","href":"https:\/\/api.w.org\/{rel}","templated":true}]}}