{"id":2176,"date":"2024-09-04T11:12:15","date_gmt":"2024-09-04T11:12:15","guid":{"rendered":"https:\/\/stourm.news\/?p=2176"},"modified":"2024-09-04T11:12:15","modified_gmt":"2024-09-04T11:12:15","slug":"immigration-a-rennes-un-migrant-afro-maghrebin-vole-un-bouc-en-pleine-rue-video","status":"publish","type":"post","link":"https:\/\/stourm.news\/?p=2176","title":{"rendered":"Immigration : \u00e0 Rennes, un migrant afro-maghr\u00e9bin vole un bouc en pleine rue (VID\u00c9O)"},"content":{"rendered":"<p style=\"text-align: justify;\">\u00ab Je crois que vous volez un bien public, monsieur ! \u00bb Voil\u00e0 comment un habitant de Rennes a interpell\u00e9 un homme en train de voler un b\u00e9lier, dimanche 1\u1d49\u02b3 septembre 2024. La sc\u00e8ne, film\u00e9e avec un t\u00e9l\u00e9phone portable, se d\u00e9roule rue de Ch\u00e2teaugiron, dans le quartier du Landry.<\/p>\n<p style=\"text-align: justify;\">Non loin, dans la rue, le parc du Landry accueille en effet des animaux en \u00e9co-p\u00e2turage. Si les espaces verts appartiennent \u00e0 la ville de Rennes ; les herbivores appartiennent \u00e0 un propri\u00e9taire priv\u00e9.<\/p>\n<p style=\"text-align: justify;\">Ce jour-l\u00e0, dimanche 1\u1d49\u02b3 septembre \u00e0 16 h 30, un b\u00e9lier a en effet \u00e9t\u00e9 vol\u00e9, confirme la Ville de Rennes. Dans la rue, l\u2019homme se d\u00e9place avec l\u2019animal sur les \u00e9paules avant de le reposer \u00e0 terre lorsqu\u2019un habitant l\u2019interpelle.<\/p>\n<p style=\"text-align: justify;\">La Ville de Rennes indique que le propri\u00e9taire de l\u2019animal <strong>compte d\u00e9poser plainte.<\/strong><\/p>\n<p style=\"text-align: justify;\">Source : <a href=\"https:\/\/actu.fr\/bretagne\/rennes_35238\/video-vol-d-un-bouc-a-rennes-la-scene-filmee-en-direct-par-un-temoin_61560698.html\">Actu.fr<\/a><\/p>\n","protected":false},"excerpt":{"rendered":"<p>\u00ab Je crois que vous volez un bien public, monsieur ! \u00bb Voil\u00e0 comment un habitant de Rennes a interpell\u00e9 un homme en train de voler un b\u00e9lier, dimanche 1\u1d49\u02b3 septembre 2024. La sc\u00e8ne, film\u00e9e avec un t\u00e9l\u00e9phone portable, se d\u00e9roule rue de Ch\u00e2teaugiron, dans le quartier du Landry. Non loin, dans la rue, le [&hellip;]<\/p>\n","protected":false},"author":1,"featured_media":2177,"comment_status":"open","ping_status":"open","sticky":false,"template":"","format":"standard","meta":{"sb_editor_width":"","footnotes":""},"categories":[52,41,62],"tags":[],"class_list":["post-2176","post","type-post","status-publish","format-standard","has-post-thumbnail","hentry","category-faits-divers","category-ille-et-vilaine","category-revue-de-presse"],"relative_dates":{"created":"2 ans ago","modified":"2 ans ago"},"yoast_head":"<!-- This site is optimized with the Yoast SEO plugin v26.3 - https:\/\/yoast.com\/wordpress\/plugins\/seo\/ -->\n<title>Immigration : \u00e0 Rennes, un migrant afro-maghr\u00e9bin vole un bouc en pleine rue (VID\u00c9O) - STOURM<\/title>\n<meta name=\"robots\" content=\"index, follow, max-snippet:-1, max-image-preview:large, max-video-preview:-1\" \/>\n<link rel=\"canonical\" href=\"https:\/\/stourm.news\/?p=2176\" \/>\n<meta property=\"og:locale\" content=\"fr_FR\" \/>\n<meta property=\"og:type\" content=\"article\" \/>\n<meta property=\"og:title\" content=\"Immigration : \u00e0 Rennes, un migrant afro-maghr\u00e9bin vole un bouc en pleine rue (VID\u00c9O) - STOURM\" \/>\n<meta property=\"og:description\" content=\"\u00ab Je crois que vous volez un bien public, monsieur ! \u00bb Voil\u00e0 comment un habitant de Rennes a interpell\u00e9 un homme en train de voler un b\u00e9lier, dimanche 1\u1d49\u02b3 septembre 2024. La sc\u00e8ne, film\u00e9e avec un t\u00e9l\u00e9phone portable, se d\u00e9roule rue de Ch\u00e2teaugiron, dans le quartier du Landry. Non loin, dans la rue, le [&hellip;]\" \/>\n<meta property=\"og:url\" content=\"https:\/\/stourm.news\/?p=2176\" \/>\n<meta property=\"og:site_name\" content=\"STOURM\" \/>\n<meta property=\"article:publisher\" content=\"https:\/\/www.facebook.com\/stourmnews\/\" \/>\n<meta property=\"article:published_time\" content=\"2024-09-04T11:12:15+00:00\" \/>\n<meta property=\"og:image\" content=\"https:\/\/stourm.news\/wp-content\/uploads\/2024\/09\/Capture-decran-2024-09-04-a-20.11.36.png\" \/>\n\t<meta property=\"og:image:width\" content=\"1100\" \/>\n\t<meta property=\"og:image:height\" content=\"744\" \/>\n\t<meta property=\"og:image:type\" content=\"image\/png\" \/>\n<meta name=\"author\" content=\"La r\u00e9daction\" \/>\n<meta name=\"twitter:card\" content=\"summary_large_image\" \/>\n<meta name=\"twitter:label1\" content=\"\u00c9crit par\" \/>\n\t<meta name=\"twitter:data1\" content=\"La r\u00e9daction\" \/>\n\t<meta name=\"twitter:label2\" content=\"Dur\u00e9e de lecture estim\u00e9e\" \/>\n\t<meta name=\"twitter:data2\" content=\"1 minute\" \/>\n<script type=\"application\/ld+json\" class=\"yoast-schema-graph\">{\"@context\":\"https:\/\/schema.org\",\"@graph\":[{\"@type\":\"Article\",\"@id\":\"https:\/\/stourm.news\/?p=2176#article\",\"isPartOf\":{\"@id\":\"https:\/\/stourm.news\/?p=2176\"},\"author\":{\"name\":\"La r\u00e9daction\",\"@id\":\"https:\/\/stourm.news\/#\/schema\/person\/c3e1dc65988632e190969234ef046cf9\"},\"headline\":\"Immigration : \u00e0 Rennes, un migrant afro-maghr\u00e9bin vole un bouc en pleine rue (VID\u00c9O)\",\"datePublished\":\"2024-09-04T11:12:15+00:00\",\"mainEntityOfPage\":{\"@id\":\"https:\/\/stourm.news\/?p=2176\"},\"wordCount\":159,\"commentCount\":0,\"publisher\":{\"@id\":\"https:\/\/stourm.news\/#organization\"},\"image\":{\"@id\":\"https:\/\/stourm.news\/?p=2176#primaryimage\"},\"thumbnailUrl\":\"https:\/\/stourm.news\/wp-content\/uploads\/2024\/09\/Capture-decran-2024-09-04-a-20.11.36.png\",\"articleSection\":[\"Faits divers\",\"Ille-et-Vilaine\",\"Revue de presse\"],\"inLanguage\":\"fr-FR\",\"potentialAction\":[{\"@type\":\"CommentAction\",\"name\":\"Comment\",\"target\":[\"https:\/\/stourm.news\/?p=2176#respond\"]}]},{\"@type\":\"WebPage\",\"@id\":\"https:\/\/stourm.news\/?p=2176\",\"url\":\"https:\/\/stourm.news\/?p=2176\",\"name\":\"Immigration : \u00e0 Rennes, un migrant afro-maghr\u00e9bin vole un bouc en pleine rue (VID\u00c9O) - STOURM\",\"isPartOf\":{\"@id\":\"https:\/\/stourm.news\/#website\"},\"primaryImageOfPage\":{\"@id\":\"https:\/\/stourm.news\/?p=2176#primaryimage\"},\"image\":{\"@id\":\"https:\/\/stourm.news\/?p=2176#primaryimage\"},\"thumbnailUrl\":\"https:\/\/stourm.news\/wp-content\/uploads\/2024\/09\/Capture-decran-2024-09-04-a-20.11.36.png\",\"datePublished\":\"2024-09-04T11:12:15+00:00\",\"breadcrumb\":{\"@id\":\"https:\/\/stourm.news\/?p=2176#breadcrumb\"},\"inLanguage\":\"fr-FR\",\"potentialAction\":[{\"@type\":\"ReadAction\",\"target\":[\"https:\/\/stourm.news\/?p=2176\"]}]},{\"@type\":\"ImageObject\",\"inLanguage\":\"fr-FR\",\"@id\":\"https:\/\/stourm.news\/?p=2176#primaryimage\",\"url\":\"https:\/\/stourm.news\/wp-content\/uploads\/2024\/09\/Capture-decran-2024-09-04-a-20.11.36.png\",\"contentUrl\":\"https:\/\/stourm.news\/wp-content\/uploads\/2024\/09\/Capture-decran-2024-09-04-a-20.11.36.png\",\"width\":1100,\"height\":744},{\"@type\":\"BreadcrumbList\",\"@id\":\"https:\/\/stourm.news\/?p=2176#breadcrumb\",\"itemListElement\":[{\"@type\":\"ListItem\",\"position\":1,\"name\":\"Accueil\",\"item\":\"https:\/\/stourm.news\/\"},{\"@type\":\"ListItem\",\"position\":2,\"name\":\"Immigration : \u00e0 Rennes, un migrant afro-maghr\u00e9bin vole un bouc en pleine rue (VID\u00c9O)\"}]},{\"@type\":\"WebSite\",\"@id\":\"https:\/\/stourm.news\/#website\",\"url\":\"https:\/\/stourm.news\/\",\"name\":\"Stourm\",\"description\":\"Kazetenn Strollad Broadel Breizh\",\"publisher\":{\"@id\":\"https:\/\/stourm.news\/#organization\"},\"potentialAction\":[{\"@type\":\"SearchAction\",\"target\":{\"@type\":\"EntryPoint\",\"urlTemplate\":\"https:\/\/stourm.news\/?s={search_term_string}\"},\"query-input\":{\"@type\":\"PropertyValueSpecification\",\"valueRequired\":true,\"valueName\":\"search_term_string\"}}],\"inLanguage\":\"fr-FR\"},{\"@type\":\"Organization\",\"@id\":\"https:\/\/stourm.news\/#organization\",\"name\":\"Stourm\",\"url\":\"https:\/\/stourm.news\/\",\"logo\":{\"@type\":\"ImageObject\",\"inLanguage\":\"fr-FR\",\"@id\":\"https:\/\/stourm.news\/#\/schema\/logo\/image\/\",\"url\":\"https:\/\/stourm.news\/wp-content\/uploads\/2025\/11\/cropped-Capture-decran-2025-11-28-a-15.19.07.png\",\"contentUrl\":\"https:\/\/stourm.news\/wp-content\/uploads\/2025\/11\/cropped-Capture-decran-2025-11-28-a-15.19.07.png\",\"width\":1855,\"height\":383,\"caption\":\"Stourm\"},\"image\":{\"@id\":\"https:\/\/stourm.news\/#\/schema\/logo\/image\/\"},\"sameAs\":[\"https:\/\/www.facebook.com\/stourmnews\/\"]},{\"@type\":\"Person\",\"@id\":\"https:\/\/stourm.news\/#\/schema\/person\/c3e1dc65988632e190969234ef046cf9\",\"name\":\"La r\u00e9daction\",\"image\":{\"@type\":\"ImageObject\",\"inLanguage\":\"fr-FR\",\"@id\":\"https:\/\/stourm.news\/#\/schema\/person\/image\/\",\"url\":\"https:\/\/secure.gravatar.com\/avatar\/7463443f194b6b5fb706b074ca0ef59a0cfcfd720cb47764b0ec5a952ce422b3?s=96&d=mm&r=g\",\"contentUrl\":\"https:\/\/secure.gravatar.com\/avatar\/7463443f194b6b5fb706b074ca0ef59a0cfcfd720cb47764b0ec5a952ce422b3?s=96&d=mm&r=g\",\"caption\":\"La r\u00e9daction\"},\"sameAs\":[\"https:\/\/stourm.news\"],\"url\":\"https:\/\/stourm.news\/?author=1\"}]}<\/script>\n<!-- \/ Yoast SEO plugin. -->","yoast_head_json":{"title":"Immigration : \u00e0 Rennes, un migrant afro-maghr\u00e9bin vole un bouc en pleine rue (VID\u00c9O) - STOURM","robots":{"index":"index","follow":"follow","max-snippet":"max-snippet:-1","max-image-preview":"max-image-preview:large","max-video-preview":"max-video-preview:-1"},"canonical":"https:\/\/stourm.news\/?p=2176","og_locale":"fr_FR","og_type":"article","og_title":"Immigration : \u00e0 Rennes, un migrant afro-maghr\u00e9bin vole un bouc en pleine rue (VID\u00c9O) - STOURM","og_description":"\u00ab Je crois que vous volez un bien public, monsieur ! \u00bb Voil\u00e0 comment un habitant de Rennes a interpell\u00e9 un homme en train de voler un b\u00e9lier, dimanche 1\u1d49\u02b3 septembre 2024. La sc\u00e8ne, film\u00e9e avec un t\u00e9l\u00e9phone portable, se d\u00e9roule rue de Ch\u00e2teaugiron, dans le quartier du Landry. Non loin, dans la rue, le [&hellip;]","og_url":"https:\/\/stourm.news\/?p=2176","og_site_name":"STOURM","article_publisher":"https:\/\/www.facebook.com\/stourmnews\/","article_published_time":"2024-09-04T11:12:15+00:00","og_image":[{"width":1100,"height":744,"url":"https:\/\/stourm.news\/wp-content\/uploads\/2024\/09\/Capture-decran-2024-09-04-a-20.11.36.png","type":"image\/png"}],"author":"La r\u00e9daction","twitter_card":"summary_large_image","twitter_misc":{"\u00c9crit par":"La r\u00e9daction","Dur\u00e9e de lecture estim\u00e9e":"1 minute"},"schema":{"@context":"https:\/\/schema.org","@graph":[{"@type":"Article","@id":"https:\/\/stourm.news\/?p=2176#article","isPartOf":{"@id":"https:\/\/stourm.news\/?p=2176"},"author":{"name":"La r\u00e9daction","@id":"https:\/\/stourm.news\/#\/schema\/person\/c3e1dc65988632e190969234ef046cf9"},"headline":"Immigration : \u00e0 Rennes, un migrant afro-maghr\u00e9bin vole un bouc en pleine rue (VID\u00c9O)","datePublished":"2024-09-04T11:12:15+00:00","mainEntityOfPage":{"@id":"https:\/\/stourm.news\/?p=2176"},"wordCount":159,"commentCount":0,"publisher":{"@id":"https:\/\/stourm.news\/#organization"},"image":{"@id":"https:\/\/stourm.news\/?p=2176#primaryimage"},"thumbnailUrl":"https:\/\/stourm.news\/wp-content\/uploads\/2024\/09\/Capture-decran-2024-09-04-a-20.11.36.png","articleSection":["Faits divers","Ille-et-Vilaine","Revue de presse"],"inLanguage":"fr-FR","potentialAction":[{"@type":"CommentAction","name":"Comment","target":["https:\/\/stourm.news\/?p=2176#respond"]}]},{"@type":"WebPage","@id":"https:\/\/stourm.news\/?p=2176","url":"https:\/\/stourm.news\/?p=2176","name":"Immigration : \u00e0 Rennes, un migrant afro-maghr\u00e9bin vole un bouc en pleine rue (VID\u00c9O) - STOURM","isPartOf":{"@id":"https:\/\/stourm.news\/#website"},"primaryImageOfPage":{"@id":"https:\/\/stourm.news\/?p=2176#primaryimage"},"image":{"@id":"https:\/\/stourm.news\/?p=2176#primaryimage"},"thumbnailUrl":"https:\/\/stourm.news\/wp-content\/uploads\/2024\/09\/Capture-decran-2024-09-04-a-20.11.36.png","datePublished":"2024-09-04T11:12:15+00:00","breadcrumb":{"@id":"https:\/\/stourm.news\/?p=2176#breadcrumb"},"inLanguage":"fr-FR","potentialAction":[{"@type":"ReadAction","target":["https:\/\/stourm.news\/?p=2176"]}]},{"@type":"ImageObject","inLanguage":"fr-FR","@id":"https:\/\/stourm.news\/?p=2176#primaryimage","url":"https:\/\/stourm.news\/wp-content\/uploads\/2024\/09\/Capture-decran-2024-09-04-a-20.11.36.png","contentUrl":"https:\/\/stourm.news\/wp-content\/uploads\/2024\/09\/Capture-decran-2024-09-04-a-20.11.36.png","width":1100,"height":744},{"@type":"BreadcrumbList","@id":"https:\/\/stourm.news\/?p=2176#breadcrumb","itemListElement":[{"@type":"ListItem","position":1,"name":"Accueil","item":"https:\/\/stourm.news\/"},{"@type":"ListItem","position":2,"name":"Immigration : \u00e0 Rennes, un migrant afro-maghr\u00e9bin vole un bouc en pleine rue (VID\u00c9O)"}]},{"@type":"WebSite","@id":"https:\/\/stourm.news\/#website","url":"https:\/\/stourm.news\/","name":"Stourm","description":"Kazetenn Strollad Broadel Breizh","publisher":{"@id":"https:\/\/stourm.news\/#organization"},"potentialAction":[{"@type":"SearchAction","target":{"@type":"EntryPoint","urlTemplate":"https:\/\/stourm.news\/?s={search_term_string}"},"query-input":{"@type":"PropertyValueSpecification","valueRequired":true,"valueName":"search_term_string"}}],"inLanguage":"fr-FR"},{"@type":"Organization","@id":"https:\/\/stourm.news\/#organization","name":"Stourm","url":"https:\/\/stourm.news\/","logo":{"@type":"ImageObject","inLanguage":"fr-FR","@id":"https:\/\/stourm.news\/#\/schema\/logo\/image\/","url":"https:\/\/stourm.news\/wp-content\/uploads\/2025\/11\/cropped-Capture-decran-2025-11-28-a-15.19.07.png","contentUrl":"https:\/\/stourm.news\/wp-content\/uploads\/2025\/11\/cropped-Capture-decran-2025-11-28-a-15.19.07.png","width":1855,"height":383,"caption":"Stourm"},"image":{"@id":"https:\/\/stourm.news\/#\/schema\/logo\/image\/"},"sameAs":["https:\/\/www.facebook.com\/stourmnews\/"]},{"@type":"Person","@id":"https:\/\/stourm.news\/#\/schema\/person\/c3e1dc65988632e190969234ef046cf9","name":"La r\u00e9daction","image":{"@type":"ImageObject","inLanguage":"fr-FR","@id":"https:\/\/stourm.news\/#\/schema\/person\/image\/","url":"https:\/\/secure.gravatar.com\/avatar\/7463443f194b6b5fb706b074ca0ef59a0cfcfd720cb47764b0ec5a952ce422b3?s=96&d=mm&r=g","contentUrl":"https:\/\/secure.gravatar.com\/avatar\/7463443f194b6b5fb706b074ca0ef59a0cfcfd720cb47764b0ec5a952ce422b3?s=96&d=mm&r=g","caption":"La r\u00e9daction"},"sameAs":["https:\/\/stourm.news"],"url":"https:\/\/stourm.news\/?author=1"}]}},"_links":{"self":[{"href":"https:\/\/stourm.news\/index.php?rest_route=\/wp\/v2\/posts\/2176","targetHints":{"allow":["GET"]}}],"collection":[{"href":"https:\/\/stourm.news\/index.php?rest_route=\/wp\/v2\/posts"}],"about":[{"href":"https:\/\/stourm.news\/index.php?rest_route=\/wp\/v2\/types\/post"}],"author":[{"embeddable":true,"href":"https:\/\/stourm.news\/index.php?rest_route=\/wp\/v2\/users\/1"}],"replies":[{"embeddable":true,"href":"https:\/\/stourm.news\/index.php?rest_route=%2Fwp%2Fv2%2Fcomments&post=2176"}],"version-history":[{"count":1,"href":"https:\/\/stourm.news\/index.php?rest_route=\/wp\/v2\/posts\/2176\/revisions"}],"predecessor-version":[{"id":2178,"href":"https:\/\/stourm.news\/index.php?rest_route=\/wp\/v2\/posts\/2176\/revisions\/2178"}],"wp:featuredmedia":[{"embeddable":true,"href":"https:\/\/stourm.news\/index.php?rest_route=\/wp\/v2\/media\/2177"}],"wp:attachment":[{"href":"https:\/\/stourm.news\/index.php?rest_route=%2Fwp%2Fv2%2Fmedia&parent=2176"}],"wp:term":[{"taxonomy":"category","embeddable":true,"href":"https:\/\/stourm.news\/index.php?rest_route=%2Fwp%2Fv2%2Fcategories&post=2176"},{"taxonomy":"post_tag","embeddable":true,"href":"https:\/\/stourm.news\/index.php?rest_route=%2Fwp%2Fv2%2Ftags&post=2176"}],"curies":[{"name":"wp","href":"https:\/\/api.w.org\/{rel}","templated":true}]}}