{"id":2191,"date":"2024-09-06T02:35:43","date_gmt":"2024-09-06T02:35:43","guid":{"rendered":"https:\/\/stourm.news\/?p=2191"},"modified":"2024-09-06T02:36:12","modified_gmt":"2024-09-06T02:36:12","slug":"principes-dun-nationalisme-breton","status":"publish","type":"post","link":"https:\/\/stourm.news\/?p=2191","title":{"rendered":"Principes d&rsquo;un nationalisme positif"},"content":{"rendered":"<p style=\"text-align: justify;\">Avant de traiter de nationalisme, il importe de bien d\u00e9finir ce que l&rsquo;on entend par ce terme. Il existe un Parti Nationaliste Fran\u00e7ais&#8230; Salazar et Franco sont des nationalistes, tout comme il y a un courant nationaliste aux Iles Faeroe, \u00e0 Cuba, en Alg\u00e9rie ou \u00e0 Formose. Entre le nationalisme fran\u00e7ais et le nationalisme breton, cependant, entre le franquisme et le nationalisme f\u00e9ringien, il n&rsquo;y a aucune commune mesure. Les premiers se manifestent, \u00e0 l&rsquo;ext\u00e9rieur, par un imp\u00e9rialisme plus ou moins avou\u00e9, \u00e0 l&rsquo;int\u00e9rieur, par un autoritarisme plus ou moins masqu\u00e9 par la subordination de l&rsquo;individu \u00e0 l&rsquo;\u00c9tat-Nation. Les seconds ne sont que la naturelle et saine r\u00e9action de d\u00e9fense d&rsquo;un peuple accul\u00e9 \u00e0 combattre pour sa vie m\u00eame. Les uns sont r\u00e9actionnaires : ils visent \u00e0 \u00e9tablir, ou \u00e0 maintenir, des relations de servage d&rsquo;homme \u00e0 \u00c9tat. Les autres, au contraire, s&rsquo;inscrivent dans le sens de l&rsquo;histoire : ils sont facteurs de progr\u00e8s et de libert\u00e9.<\/p>\n<p style=\"text-align: justify;\">On peut \u00e9videmment regretter qu&rsquo;\u00e0 une \u00e9poque o\u00f9 la propagande donne aux mots une valeur quasi-magique, o\u00f9 triomphe le f\u00e9tichisme du verbe, on d\u00fbt gratifier deux concepts si totalements diff\u00e9rents d&rsquo;une m\u00eame \u00e9tiquette. Mais le moyen de l&rsquo;\u00e9viter ? Et, apr\u00e8s tout, notre argumentation fait appel \u00e0 l&rsquo;intelligence de l&rsquo;homme et nous lui faisons confiance. Il ne faut pas bien longtemps \u00e0 un interlocuteur dot\u00e9 d&rsquo;un Q. I. normal pour comprendre que l&rsquo;id\u00e9e de Bretagne-Nation ne met pas, et ne mettra jamais, en p\u00e9ril la libert\u00e9 de la Guin\u00e9e, par exemple, ou de qui que ce soit d&rsquo;autre. Alors qu&rsquo;on ne peut dire du nationalisme fran\u00e7ais qu&rsquo;il regarde avec beaucoup de bienveillance les r\u00e9alisations de M. Sekou Tour\u00e9 (r\u00e9volutionnaire guin\u00e9en antifran\u00e7ais, ndlr).<\/p>\n<p style=\"text-align: justify;\">Je vous entends bien dire que le mouvement nationaliste fran\u00e7ais ne repr\u00e9sente qu&rsquo;une minorit\u00e9 infime de la population fran\u00e7aise, en fait pas aussi minime que l&rsquo;on semble le croire apr\u00e8s tout. Il n&rsquo;est, malheureusement, de pire nationaliste que celui qui s&rsquo;ignore. Qui songe, parmi les lib\u00e9raux fran\u00e7ais, \u00e0 protester, par exemple, contre le non-enseignement du breton ? Bon, bon, je vous entends encore : le breton n&rsquo;est qu&rsquo;un magma de patois et il n&rsquo;existe pas de \u00ab personnalit\u00e9 bretonne \u00bb ! Mais prenons le cas de la \u00ab personnalit\u00e9 alg\u00e9rienne \u00bb, dont l&rsquo;existence a \u00e9t\u00e9 officiellement reconnue par les plus hautes autorit\u00e9s fran\u00e7aises. Eh bien, qui, parmi les lib\u00e9raux, songe \u00e0 protester contre l&rsquo;enseignement exclusivement fran\u00e7ais donn\u00e9 \u00e0 des milliers d&rsquo;enfants exclusivement arabophones? Pas m\u00eame le plus lib\u00e9ral des lib\u00e9raux ; il va de \u00ab\u00a0soi\u00a0\u00bb que la langue fran\u00e7aise a toujours \u00e9t\u00e9 la langue v\u00e9hiculaire de la libert\u00e9 et le nombre d&rsquo;\u00e9coles fran\u00e7aises cr\u00e9\u00e9es en Alg\u00e9rie, le nombre de petits Alg\u00e9riens scolaris\u00e9s sera donn\u00e9 par tous comme une preuve de la bienfaisante influence civilisatrice de la France: la croyance en un messianisme fran\u00e7ais qu&rsquo;il soit du type \u00ab fille a\u00een\u00e9e de l&rsquo;Eglise \u00bb ou du type \u00ab\u00a0patrie des Droits de l&rsquo;Homme\u00a0\u00bb &#8211; rel\u00e8ve du f\u00e9tichisme le plus primitif et n&rsquo;en est que plus dangereuse : car elle ne s&rsquo;arr\u00eate malheureusement pas \u00e0 D\u00e9roul\u00e8de ni au clairon qui sonne la charge quand l&rsquo;air est pur et la route large.<\/p>\n<p style=\"text-align: justify;\">Apr\u00e8s avoir constat\u00e9 que le nationalisme existe en France, tout comme il existe en Angleterre ou en Russie, nous n&rsquo;en serons que plus \u00e0 l&rsquo;aise pour discuter de l&rsquo;existence en Bretagne du sentiment national et d&rsquo;un mouvement national breton : nul n&rsquo;aura ainsi l&rsquo;impression de se trouver devant une manifestation curieuse de l&rsquo;irr\u00e9ductibilit\u00e9 celte comme le druidisme ou l&rsquo;\u00e9criture ogamique. Le nationalisme en Bretagne est un sentiment parfaitement sain, parfaitement normal fait c&rsquo;est plut\u00f4t son absence qui sortirait de la norme.<\/p>\n<p style=\"text-align: justify;\">S&rsquo;il est facilement explosif et g\u00e9n\u00e9ralement susceptible, que l&rsquo;on veuille bien l&rsquo;en excuser : la faute en est \u00e0 ses voisins. Je n&rsquo;ai point ordinairement conscience de mes deux pieds: ils marchent, font leur travail, sans que j&rsquo;y songe gu\u00e8re. Mais qu&rsquo;un voisin particuli\u00e8rement lourd me pose le talon sur le pied droit, eh bien, mon pied droit s&rsquo;imposera imm\u00e9diatement \u00e0 mon attention. Je ne penserais plus qu&rsquo;\u00e0 mon pied droit. Je r\u00e9agirais en fonction de mon pied droit, et uniquement en fonction de lui. Avec le nationalisme c&rsquo;est la m\u00eame chose. Du jour o\u00f9 nous aurons un Etat, nous deviendrons tout aussi polic\u00e9s que les plus polic\u00e9s de nos voisins. Et qu&rsquo;on ne s&rsquo;imagine point nous toucher en nous taxant de ridicule. Il y a longtemps que Koestler l&rsquo;a \u00e9crit : <strong>\u00ab Un peuple qui lutte pour la libert\u00e9 ne peut pas se permettre d&rsquo;avoir le sens du ridicule ! \u00bb<\/strong>.<\/p>\n<p style=\"text-align: justify;\">Je sais que des Bretons ont de plus ou moins bonne foi succomb\u00e9 au fransquillonisme et trouv\u00e9 des tas de bonnes raisons de n&rsquo;accorder \u00e0 la Bretagne qu&rsquo;une inutile sentimentalit\u00e9 qu&rsquo;aurait la Bretagne \u00e0 leur offrir, face \u00e0 une civilisation fran\u00e7aise tellement sup\u00e9rieure, tellement plus brillante, etc&#8230;. etc&#8230; ? C&rsquo;est \u00e0 partir d&rsquo;un raisonnement semblable que des gens se d\u00e9cident parfois \u00e0 s&rsquo;occuper de la jolie femme du voisin plut\u00f4t que de la leur. La chose se fait, \u00e9videmment, mais donnera-t-on ces ex\u00e9g\u00e8tes en exemple ? Que voulez-vous,<br \/>\nnous sommes n\u00e9s en Bretagne. Dans le grand combat qui se livre journellement pour la civilisation, c&rsquo;est de la Bretagne que nous avons \u00e0 rendre compte, et non point de Pampelune.<\/p>\n<p style=\"text-align: justify;\">Etant simplement Breton, je ne paraphraserai point ce digne homme qui, \u00e0 un Anglais en mal de politesse venant lui d\u00e9clarer : \u00ab Si je n&rsquo;\u00e9tais point n\u00e9 Anglais, Monsieur, j&rsquo;aurais voulu na\u00eetre Fran\u00e7ais \u00bb, r\u00e9pondit avec beaucoup d&rsquo;assurance et peu de componction: \u00ab Et moi, Monsieur, si je n&rsquo;\u00e9tais n\u00e9 Fran\u00e7ais, j&rsquo;aurais voulu l&rsquo;\u00eatre \u00bb je ne paraphraserai donc point cet homme, dis-je n&rsquo;\u00e9tant que Breton, j&rsquo;en serais tax\u00e9 de nationalisme \u00e9troit, racisme, et que sais-je ! Mais voil\u00e0, nous sommes n\u00e9s Bretons. Et c&rsquo;est sur ce champ de bataille qui est n\u00f4tre, la Bretagne, que nous devons mener le combat du progr\u00e8s et de la libert\u00e9.<\/p>\n<p style=\"text-align: justify;\">Car nous luttons, avant tout, pour notre dignit\u00e9 dignit\u00e9 de la personne humaine en Bretagne.<\/p>\n<p style=\"text-align: justify;\">On nous atteint dans notre dignit\u00e9 d&rsquo;hommes lorsqu&rsquo;on nous refuse l&rsquo;enseignement de notre langue. On a d\u00e9grad\u00e9 des g\u00e9n\u00e9rations de Bretons par l&#8217;emploi du \u00ab symbole \u00bb, par la mise en \u0153uvre de m\u00e9thodes coercitives pour l&rsquo;extirpation de leur langue, par l&rsquo;ind\u00e9cente raillerie qui accueille, ici et l\u00e0, le bretonnant, par le refus d&rsquo;accorder \u00e0 sa langue le respect et les droits qui lui sont dus. On a appris au Breton \u00e0 avoir honte de lui-m\u00eame. On a d\u00e9truit en lui le sentiment d&rsquo;\u00eatre, tel qu&rsquo;il est, et parce qu&rsquo;il est tel, un \u00e9l\u00e9ment valable de la communaut\u00e9 humaine. En lui on a d\u00e9grad\u00e9 l&rsquo;homme. Nous voulons lui rendre cette dignit\u00e9 en lui rendant l&rsquo;usage officiel de sa langue.<\/p>\n<p style=\"text-align: justify;\">On nous atteint dans notre dignit\u00e9 d&rsquo;hommes lorsqu&rsquo;on nous enl\u00e8ve notre histoire. Et, qu&rsquo;on le veuille ou non, avant 1512, l&rsquo;histoire de la France n&rsquo;\u00e9tait pas notre histoire, sinon par le<br \/>\nfait que nous e\u00fbmes trop souvent \u00e0 partager avec elle le m\u00eame champ de bataille; et depuis, eh bien, notre r\u00f4le n&rsquo;a-t-il pas \u00e9t\u00e9 de fournir l&rsquo;\u00e9ternel rebelle? \u00ab Est-ce de l&rsquo;histoire nationale pour un Breton, \u00bb \u00e9crivait Augustin Thierry, dans sa Lettre sur l&rsquo;Histoire de France, \u00ab que la biographie des descendants de Clovis et de Charlemagne, lui dont les anc\u00eatres, \u00e0 l&rsquo;\u00e9poque de la premi\u00e8re et de la seconde race, traitaient avec les Franks de peuple \u00e0 peuple \u00bb. L&rsquo;histoire qu&rsquo;on nous enseigne n&rsquo;est pas notre histoire : ce n&rsquo;est pas Charles le Chauve qui est n\u00f4tre, mais Nominoe, son vainqueur.<\/p>\n<p style=\"text-align: justify;\">On nous atteint dans notre dignit\u00e9 d&rsquo;hommes lorsque, par le jeu des lois \u00e9conomiques, on oblige 30.000 d&rsquo;entre nous, chaque ann\u00e9e, \u00e0 \u00e9migrer &#8211; donnant ainsi \u00e0 nos fr\u00e8res qui doivent quitter la Bretagne \u00e0 la recherche du pain quotidien, l&rsquo;impression qu&rsquo;ils sont de trop dans leur pays, qu&rsquo;ils sont inutiles, qu&rsquo;ils sont un intol\u00e9rable surplus humain. Le fait qu&rsquo;il y ait actuellement \u00e0 Paris environ autant de Bretons qu&rsquo;il y en a dans le d\u00e9partement du Finist\u00e8re, sinon plus, montre assez jusqu&rsquo;\u00e0 quel point le processus de d\u00e9bretonnisation de la<br \/>\nBretagne par la contrainte \u00e9conomique a \u00e9t\u00e9 pouss\u00e9. On nous atteint enfin dans notre dignit\u00e9 d&rsquo;hommes lorsqu&rsquo;on nous soumet, chaque heure du jour et chaque jour de la vie, \u00e0 une d\u00e9bauche de propagande pudiquement baptis\u00e9e de bien d&rsquo;autres noms: information, par exemple d&rsquo;autre but que de npus rendre diff\u00e9rents de ce que nous sommes, et de ce que nous devons \u00eatre. Nous assistons d\u00e9sarm\u00e9s, ou presque, \u00e0 ce viol quotidien de notre conscience nationale puisqu&rsquo;il nous manque la seule organisation qui serait &#8211; je veux dire un gouvernement capable d&rsquo;y mettre un terme breton.<\/p>\n<p style=\"text-align: justify;\">C&rsquo;est au point o\u00f9 le Breton s&rsquo;ins\u00e8re dans la soci\u00e9t\u00e9 qu&rsquo;il se voit menac\u00e9. Notre conception d&rsquo;une soci\u00e9t\u00e9 saine est \u00e0 l&rsquo;oppos\u00e9 m\u00eame du totalitarisme. Nous sommes anti-totalitaires. Pour le totalitariste, l&rsquo;homme est au service d&rsquo;un Etat : il doit tout lui sacrifier, \u00e0 commencer par lui-m\u00eame. C&rsquo;est l\u00e0 la base des r\u00e9gimes de dictature que nous voyons tristement fleurir sur notre plan\u00e8te. Nous consid\u00e9rons que l&rsquo;Etat doit \u00eatre au service de la Nation, et non point la Nation au service de l&rsquo;Etat.<\/p>\n<p style=\"text-align: justify;\">Or, voyons un peu quel sort nous subissons. Le Peuple Breton s&rsquo;est form\u00e9, au cours de quinze cent ann\u00e9es d&rsquo;histoire, en une harmonieuse soci\u00e9t\u00e9 naturelle. Sa valeur est d&rsquo;\u00eatre lui- m\u00eame. Mais cette soci\u00e9t\u00e9 voit maintenant sa vie d\u00e9pendre du bon-vouloir d&rsquo;un gouvernement qui n&rsquo;est pas son gouverne- ment \u00e0 elle. Elle est incorpor\u00e9e, minoritairement, \u00e0 un Etat qui garantit les droits, et concr\u00e9tise les app\u00e9tits, d&rsquo;une soci\u00e9t\u00e9 voisine, dont la tradition la plus nette est d&rsquo;avoir \u00e9t\u00e9 constam- ment hostile. Elle est au service de cet Etat. Elle sert, non pas son propre bien, mais le bien de l&rsquo;Etat. Et toute sa vie est organis\u00e9e dans le sens de l&rsquo;enrichissement, de la grandeur et de l&rsquo;exaltation de cet Etat qui est la personnification politique d&rsquo;un autre peuple que le peuple breton. Le peuple breton est mis, sans pouvoir se d\u00e9fendre, au service d&rsquo;int\u00e9r\u00eats \u00e9trangers c&rsquo;est l\u00e0 l&rsquo;essence m\u00eame du totalitarisme.<\/p>\n<p style=\"text-align: justify;\">Le peuple breton ne pourra se reconstituer en soci\u00e9t\u00e9 harmonieuse, responsable de son bonheur et de son progr\u00e8s, que lorsqu&rsquo;il sera ma\u00eetre de ses propres affaires : que lorsqu&rsquo;il \u00e9lira un Parlement Breton, expression de souverainet\u00e9 nationale et internationale: ainsi, et ainsi seulement le peuple breton pourra-t-il faire la preuve de son g\u00e9nie cr\u00e9ateur et, en \u00e9tablissant de fructueuses relations avec les autres nations, collaborer efficacement au bonheur de l&rsquo;humanit\u00e9.<\/p>\n<p style=\"text-align: justify;\">Il ne s&rsquo;agit point, comme l&rsquo;affirment nos adversaires, de s&rsquo;enfermer dans un provincialisme d\u00e9suet : mais bien, au con- traire, de rejeter le provincialisme parisien qui est le leur et qui paralyse nos forces vives. Il s&rsquo;agira, au lieu de n&rsquo;avoir de relations qu&rsquo;avec Paris ou que par Paris, d&rsquo;entrer directement en relation avec les divers centres de civilisation mondiale. Il s&rsquo;agit d&rsquo;ouvrir toutes grandes les fen\u00eatres de la Bretagne aux alis\u00e9es du monde.<\/p>\n<p style=\"text-align: justify;\">La libert\u00e9 politique entra\u00eene la responsabilit\u00e9 \u00e9conomique. L\u00e0 encore il ne s&rsquo;agit pas de cr\u00e9er je ne sais quelle autarcie d\u00e9mod\u00e9e. Mais, qu&rsquo;on me suive bien : actuellement nous exportons tout sur Paris, au prix que Paris veut bien nous donner; et nous achetons tout \u00e0 Paris, au prix que Paris choisit de nous vendre. La richesse de la Bretagne se trouve ainsi drain\u00e9e vers des organismes pour lesquels les barrages de l&rsquo;Afrique Noire et le Plan de Constantine passent, et passeront toujours, avant le bien-\u00eatre du peuple breton. Nous ne demandons pas mieux que de continuer \u00e0 exp\u00e9dier nos pommes de terre \u00e0 Paris ; mais si la Grande-Bretagne nous offre un meilleur prix, pourquoi n&rsquo;exporterions-nous pas l\u00e0 plut\u00f4t ? Nous ne demandons pas mieux que d&rsquo;acheter des Dauphines, mais si nous pouvons avoir une Volkswagen ou une Volvo \u00e0 meilleur prix ? Un Parlement Breton aura pour mission de disposer au mieux des richesses de la Bretagne je veux dire au mieux des int\u00e9r\u00eats des Bretons eux-m\u00eames.<\/p>\n<p style=\"text-align: justify;\">On a bien souvent lanc\u00e9 l&rsquo;objection de la Bretagne pauvre, sans ressources, sans avenir. Qui, depuis la derni\u00e8re guerre, prend encore au s\u00e9rieux cette objection ? Nous avons une grosse production agricole, une bonne flotte de p\u00eache, une population courageuse, d&rsquo;in\u00e9puisables r\u00e9serves d&rsquo;\u00e9nergie dans nos mar\u00e9es et nos cours d&rsquo;eau, du fer, de l&rsquo;uranium. Que n&rsquo;a pas fait le Danemark avec beaucoup moins de richesses naturelles ?<\/p>\n<p style=\"text-align: justify;\">La Bretagne doit reprendre sa place au soleil. Et elle ne peut le faire qu&rsquo;en redevenant un \u00c9tat. Ce changement province sous-d\u00e9velopp\u00e9e en nation heureuse de vivre pourra que rendre service \u00e0 tous au peuple breton \u00e9videmment, mais aussi \u00e0 tous les autres. Dans la justice et la libert\u00e9, des relations amicales et cordiales lieront la Bretagne \u00e0 tous ses voisins. Une \u00e9volution g\u00e9n\u00e9rale en ce sens assainira permettra seule l&rsquo;atmosph\u00e8re de l&rsquo;Europe Occidentale et permettra enfin la construction de ce grand ensemble europ\u00e9en que nous souhaitons tous, \u00e9tablissant enfin entre les nations des relations qui, au si\u00e8cle de l&rsquo;atome, ne peuvent rester ce qu&rsquo;elles \u00e9taient au si\u00e8cle des diligences.<\/p>\n<p style=\"text-align: right;\"><strong>Ar Vro Gwirionez\u00a0<\/strong><\/p>\n","protected":false},"excerpt":{"rendered":"<p>Avant de traiter de nationalisme, il importe de bien d\u00e9finir ce que l&rsquo;on entend par ce terme. Il existe un Parti Nationaliste Fran\u00e7ais&#8230; Salazar et Franco sont des nationalistes, tout comme il y a un courant nationaliste aux Iles Faeroe, \u00e0 Cuba, en Alg\u00e9rie ou \u00e0 Formose. Entre le nationalisme fran\u00e7ais et le nationalisme breton, [&hellip;]<\/p>\n","protected":false},"author":1,"featured_media":2192,"comment_status":"open","ping_status":"open","sticky":false,"template":"","format":"standard","meta":{"sb_editor_width":"","footnotes":""},"categories":[58,65],"tags":[],"class_list":["post-2191","post","type-post","status-publish","format-standard","has-post-thumbnail","hentry","category-breizh","category-principale"],"relative_dates":{"created":"2 ans ago","modified":"2 ans ago"},"yoast_head":"<!-- This site is optimized with the Yoast SEO plugin v26.3 - https:\/\/yoast.com\/wordpress\/plugins\/seo\/ -->\n<title>Principes d&#039;un nationalisme positif - STOURM<\/title>\n<meta name=\"robots\" content=\"index, follow, max-snippet:-1, max-image-preview:large, max-video-preview:-1\" \/>\n<link rel=\"canonical\" href=\"https:\/\/stourm.news\/?p=2191\" \/>\n<meta property=\"og:locale\" content=\"fr_FR\" \/>\n<meta property=\"og:type\" content=\"article\" \/>\n<meta property=\"og:title\" content=\"Principes d&#039;un nationalisme positif - STOURM\" \/>\n<meta property=\"og:description\" content=\"Avant de traiter de nationalisme, il importe de bien d\u00e9finir ce que l&rsquo;on entend par ce terme. Il existe un Parti Nationaliste Fran\u00e7ais&#8230; Salazar et Franco sont des nationalistes, tout comme il y a un courant nationaliste aux Iles Faeroe, \u00e0 Cuba, en Alg\u00e9rie ou \u00e0 Formose. Entre le nationalisme fran\u00e7ais et le nationalisme breton, [&hellip;]\" \/>\n<meta property=\"og:url\" content=\"https:\/\/stourm.news\/?p=2191\" \/>\n<meta property=\"og:site_name\" content=\"STOURM\" \/>\n<meta property=\"article:publisher\" content=\"https:\/\/www.facebook.com\/stourmnews\/\" \/>\n<meta property=\"article:published_time\" content=\"2024-09-06T02:35:43+00:00\" \/>\n<meta property=\"article:modified_time\" content=\"2024-09-06T02:36:12+00:00\" \/>\n<meta property=\"og:image\" content=\"https:\/\/stourm.news\/wp-content\/uploads\/2024\/09\/6683ebf2cd301e3bed2b3e49.webp\" \/>\n\t<meta property=\"og:image:width\" content=\"960\" \/>\n\t<meta property=\"og:image:height\" content=\"600\" \/>\n\t<meta property=\"og:image:type\" content=\"image\/webp\" \/>\n<meta name=\"author\" content=\"La r\u00e9daction\" \/>\n<meta name=\"twitter:card\" content=\"summary_large_image\" \/>\n<meta name=\"twitter:label1\" content=\"\u00c9crit par\" \/>\n\t<meta name=\"twitter:data1\" content=\"La r\u00e9daction\" \/>\n\t<meta name=\"twitter:label2\" content=\"Dur\u00e9e de lecture estim\u00e9e\" \/>\n\t<meta name=\"twitter:data2\" content=\"12 minutes\" \/>\n<script type=\"application\/ld+json\" class=\"yoast-schema-graph\">{\"@context\":\"https:\/\/schema.org\",\"@graph\":[{\"@type\":\"Article\",\"@id\":\"https:\/\/stourm.news\/?p=2191#article\",\"isPartOf\":{\"@id\":\"https:\/\/stourm.news\/?p=2191\"},\"author\":{\"name\":\"La r\u00e9daction\",\"@id\":\"https:\/\/stourm.news\/#\/schema\/person\/c3e1dc65988632e190969234ef046cf9\"},\"headline\":\"Principes d&rsquo;un nationalisme positif\",\"datePublished\":\"2024-09-06T02:35:43+00:00\",\"dateModified\":\"2024-09-06T02:36:12+00:00\",\"mainEntityOfPage\":{\"@id\":\"https:\/\/stourm.news\/?p=2191\"},\"wordCount\":2399,\"commentCount\":0,\"publisher\":{\"@id\":\"https:\/\/stourm.news\/#organization\"},\"image\":{\"@id\":\"https:\/\/stourm.news\/?p=2191#primaryimage\"},\"thumbnailUrl\":\"https:\/\/stourm.news\/wp-content\/uploads\/2024\/09\/6683ebf2cd301e3bed2b3e49.webp\",\"articleSection\":[\"Breizh\",\"Principale\"],\"inLanguage\":\"fr-FR\",\"potentialAction\":[{\"@type\":\"CommentAction\",\"name\":\"Comment\",\"target\":[\"https:\/\/stourm.news\/?p=2191#respond\"]}]},{\"@type\":\"WebPage\",\"@id\":\"https:\/\/stourm.news\/?p=2191\",\"url\":\"https:\/\/stourm.news\/?p=2191\",\"name\":\"Principes d'un nationalisme positif - STOURM\",\"isPartOf\":{\"@id\":\"https:\/\/stourm.news\/#website\"},\"primaryImageOfPage\":{\"@id\":\"https:\/\/stourm.news\/?p=2191#primaryimage\"},\"image\":{\"@id\":\"https:\/\/stourm.news\/?p=2191#primaryimage\"},\"thumbnailUrl\":\"https:\/\/stourm.news\/wp-content\/uploads\/2024\/09\/6683ebf2cd301e3bed2b3e49.webp\",\"datePublished\":\"2024-09-06T02:35:43+00:00\",\"dateModified\":\"2024-09-06T02:36:12+00:00\",\"breadcrumb\":{\"@id\":\"https:\/\/stourm.news\/?p=2191#breadcrumb\"},\"inLanguage\":\"fr-FR\",\"potentialAction\":[{\"@type\":\"ReadAction\",\"target\":[\"https:\/\/stourm.news\/?p=2191\"]}]},{\"@type\":\"ImageObject\",\"inLanguage\":\"fr-FR\",\"@id\":\"https:\/\/stourm.news\/?p=2191#primaryimage\",\"url\":\"https:\/\/stourm.news\/wp-content\/uploads\/2024\/09\/6683ebf2cd301e3bed2b3e49.webp\",\"contentUrl\":\"https:\/\/stourm.news\/wp-content\/uploads\/2024\/09\/6683ebf2cd301e3bed2b3e49.webp\",\"width\":960,\"height\":600},{\"@type\":\"BreadcrumbList\",\"@id\":\"https:\/\/stourm.news\/?p=2191#breadcrumb\",\"itemListElement\":[{\"@type\":\"ListItem\",\"position\":1,\"name\":\"Accueil\",\"item\":\"https:\/\/stourm.news\/\"},{\"@type\":\"ListItem\",\"position\":2,\"name\":\"Principes d&rsquo;un nationalisme positif\"}]},{\"@type\":\"WebSite\",\"@id\":\"https:\/\/stourm.news\/#website\",\"url\":\"https:\/\/stourm.news\/\",\"name\":\"Stourm\",\"description\":\"Kazetenn Strollad Broadel Breizh\",\"publisher\":{\"@id\":\"https:\/\/stourm.news\/#organization\"},\"potentialAction\":[{\"@type\":\"SearchAction\",\"target\":{\"@type\":\"EntryPoint\",\"urlTemplate\":\"https:\/\/stourm.news\/?s={search_term_string}\"},\"query-input\":{\"@type\":\"PropertyValueSpecification\",\"valueRequired\":true,\"valueName\":\"search_term_string\"}}],\"inLanguage\":\"fr-FR\"},{\"@type\":\"Organization\",\"@id\":\"https:\/\/stourm.news\/#organization\",\"name\":\"Stourm\",\"url\":\"https:\/\/stourm.news\/\",\"logo\":{\"@type\":\"ImageObject\",\"inLanguage\":\"fr-FR\",\"@id\":\"https:\/\/stourm.news\/#\/schema\/logo\/image\/\",\"url\":\"https:\/\/stourm.news\/wp-content\/uploads\/2025\/11\/cropped-Capture-decran-2025-11-28-a-15.19.07.png\",\"contentUrl\":\"https:\/\/stourm.news\/wp-content\/uploads\/2025\/11\/cropped-Capture-decran-2025-11-28-a-15.19.07.png\",\"width\":1855,\"height\":383,\"caption\":\"Stourm\"},\"image\":{\"@id\":\"https:\/\/stourm.news\/#\/schema\/logo\/image\/\"},\"sameAs\":[\"https:\/\/www.facebook.com\/stourmnews\/\"]},{\"@type\":\"Person\",\"@id\":\"https:\/\/stourm.news\/#\/schema\/person\/c3e1dc65988632e190969234ef046cf9\",\"name\":\"La r\u00e9daction\",\"image\":{\"@type\":\"ImageObject\",\"inLanguage\":\"fr-FR\",\"@id\":\"https:\/\/stourm.news\/#\/schema\/person\/image\/\",\"url\":\"https:\/\/secure.gravatar.com\/avatar\/7463443f194b6b5fb706b074ca0ef59a0cfcfd720cb47764b0ec5a952ce422b3?s=96&d=mm&r=g\",\"contentUrl\":\"https:\/\/secure.gravatar.com\/avatar\/7463443f194b6b5fb706b074ca0ef59a0cfcfd720cb47764b0ec5a952ce422b3?s=96&d=mm&r=g\",\"caption\":\"La r\u00e9daction\"},\"sameAs\":[\"https:\/\/stourm.news\"],\"url\":\"https:\/\/stourm.news\/?author=1\"}]}<\/script>\n<!-- \/ Yoast SEO plugin. -->","yoast_head_json":{"title":"Principes d'un nationalisme positif - STOURM","robots":{"index":"index","follow":"follow","max-snippet":"max-snippet:-1","max-image-preview":"max-image-preview:large","max-video-preview":"max-video-preview:-1"},"canonical":"https:\/\/stourm.news\/?p=2191","og_locale":"fr_FR","og_type":"article","og_title":"Principes d'un nationalisme positif - STOURM","og_description":"Avant de traiter de nationalisme, il importe de bien d\u00e9finir ce que l&rsquo;on entend par ce terme. Il existe un Parti Nationaliste Fran\u00e7ais&#8230; Salazar et Franco sont des nationalistes, tout comme il y a un courant nationaliste aux Iles Faeroe, \u00e0 Cuba, en Alg\u00e9rie ou \u00e0 Formose. Entre le nationalisme fran\u00e7ais et le nationalisme breton, [&hellip;]","og_url":"https:\/\/stourm.news\/?p=2191","og_site_name":"STOURM","article_publisher":"https:\/\/www.facebook.com\/stourmnews\/","article_published_time":"2024-09-06T02:35:43+00:00","article_modified_time":"2024-09-06T02:36:12+00:00","og_image":[{"width":960,"height":600,"url":"https:\/\/stourm.news\/wp-content\/uploads\/2024\/09\/6683ebf2cd301e3bed2b3e49.webp","type":"image\/webp"}],"author":"La r\u00e9daction","twitter_card":"summary_large_image","twitter_misc":{"\u00c9crit par":"La r\u00e9daction","Dur\u00e9e de lecture estim\u00e9e":"12 minutes"},"schema":{"@context":"https:\/\/schema.org","@graph":[{"@type":"Article","@id":"https:\/\/stourm.news\/?p=2191#article","isPartOf":{"@id":"https:\/\/stourm.news\/?p=2191"},"author":{"name":"La r\u00e9daction","@id":"https:\/\/stourm.news\/#\/schema\/person\/c3e1dc65988632e190969234ef046cf9"},"headline":"Principes d&rsquo;un nationalisme positif","datePublished":"2024-09-06T02:35:43+00:00","dateModified":"2024-09-06T02:36:12+00:00","mainEntityOfPage":{"@id":"https:\/\/stourm.news\/?p=2191"},"wordCount":2399,"commentCount":0,"publisher":{"@id":"https:\/\/stourm.news\/#organization"},"image":{"@id":"https:\/\/stourm.news\/?p=2191#primaryimage"},"thumbnailUrl":"https:\/\/stourm.news\/wp-content\/uploads\/2024\/09\/6683ebf2cd301e3bed2b3e49.webp","articleSection":["Breizh","Principale"],"inLanguage":"fr-FR","potentialAction":[{"@type":"CommentAction","name":"Comment","target":["https:\/\/stourm.news\/?p=2191#respond"]}]},{"@type":"WebPage","@id":"https:\/\/stourm.news\/?p=2191","url":"https:\/\/stourm.news\/?p=2191","name":"Principes d'un nationalisme positif - STOURM","isPartOf":{"@id":"https:\/\/stourm.news\/#website"},"primaryImageOfPage":{"@id":"https:\/\/stourm.news\/?p=2191#primaryimage"},"image":{"@id":"https:\/\/stourm.news\/?p=2191#primaryimage"},"thumbnailUrl":"https:\/\/stourm.news\/wp-content\/uploads\/2024\/09\/6683ebf2cd301e3bed2b3e49.webp","datePublished":"2024-09-06T02:35:43+00:00","dateModified":"2024-09-06T02:36:12+00:00","breadcrumb":{"@id":"https:\/\/stourm.news\/?p=2191#breadcrumb"},"inLanguage":"fr-FR","potentialAction":[{"@type":"ReadAction","target":["https:\/\/stourm.news\/?p=2191"]}]},{"@type":"ImageObject","inLanguage":"fr-FR","@id":"https:\/\/stourm.news\/?p=2191#primaryimage","url":"https:\/\/stourm.news\/wp-content\/uploads\/2024\/09\/6683ebf2cd301e3bed2b3e49.webp","contentUrl":"https:\/\/stourm.news\/wp-content\/uploads\/2024\/09\/6683ebf2cd301e3bed2b3e49.webp","width":960,"height":600},{"@type":"BreadcrumbList","@id":"https:\/\/stourm.news\/?p=2191#breadcrumb","itemListElement":[{"@type":"ListItem","position":1,"name":"Accueil","item":"https:\/\/stourm.news\/"},{"@type":"ListItem","position":2,"name":"Principes d&rsquo;un nationalisme positif"}]},{"@type":"WebSite","@id":"https:\/\/stourm.news\/#website","url":"https:\/\/stourm.news\/","name":"Stourm","description":"Kazetenn Strollad Broadel Breizh","publisher":{"@id":"https:\/\/stourm.news\/#organization"},"potentialAction":[{"@type":"SearchAction","target":{"@type":"EntryPoint","urlTemplate":"https:\/\/stourm.news\/?s={search_term_string}"},"query-input":{"@type":"PropertyValueSpecification","valueRequired":true,"valueName":"search_term_string"}}],"inLanguage":"fr-FR"},{"@type":"Organization","@id":"https:\/\/stourm.news\/#organization","name":"Stourm","url":"https:\/\/stourm.news\/","logo":{"@type":"ImageObject","inLanguage":"fr-FR","@id":"https:\/\/stourm.news\/#\/schema\/logo\/image\/","url":"https:\/\/stourm.news\/wp-content\/uploads\/2025\/11\/cropped-Capture-decran-2025-11-28-a-15.19.07.png","contentUrl":"https:\/\/stourm.news\/wp-content\/uploads\/2025\/11\/cropped-Capture-decran-2025-11-28-a-15.19.07.png","width":1855,"height":383,"caption":"Stourm"},"image":{"@id":"https:\/\/stourm.news\/#\/schema\/logo\/image\/"},"sameAs":["https:\/\/www.facebook.com\/stourmnews\/"]},{"@type":"Person","@id":"https:\/\/stourm.news\/#\/schema\/person\/c3e1dc65988632e190969234ef046cf9","name":"La r\u00e9daction","image":{"@type":"ImageObject","inLanguage":"fr-FR","@id":"https:\/\/stourm.news\/#\/schema\/person\/image\/","url":"https:\/\/secure.gravatar.com\/avatar\/7463443f194b6b5fb706b074ca0ef59a0cfcfd720cb47764b0ec5a952ce422b3?s=96&d=mm&r=g","contentUrl":"https:\/\/secure.gravatar.com\/avatar\/7463443f194b6b5fb706b074ca0ef59a0cfcfd720cb47764b0ec5a952ce422b3?s=96&d=mm&r=g","caption":"La r\u00e9daction"},"sameAs":["https:\/\/stourm.news"],"url":"https:\/\/stourm.news\/?author=1"}]}},"_links":{"self":[{"href":"https:\/\/stourm.news\/index.php?rest_route=\/wp\/v2\/posts\/2191","targetHints":{"allow":["GET"]}}],"collection":[{"href":"https:\/\/stourm.news\/index.php?rest_route=\/wp\/v2\/posts"}],"about":[{"href":"https:\/\/stourm.news\/index.php?rest_route=\/wp\/v2\/types\/post"}],"author":[{"embeddable":true,"href":"https:\/\/stourm.news\/index.php?rest_route=\/wp\/v2\/users\/1"}],"replies":[{"embeddable":true,"href":"https:\/\/stourm.news\/index.php?rest_route=%2Fwp%2Fv2%2Fcomments&post=2191"}],"version-history":[{"count":2,"href":"https:\/\/stourm.news\/index.php?rest_route=\/wp\/v2\/posts\/2191\/revisions"}],"predecessor-version":[{"id":2194,"href":"https:\/\/stourm.news\/index.php?rest_route=\/wp\/v2\/posts\/2191\/revisions\/2194"}],"wp:featuredmedia":[{"embeddable":true,"href":"https:\/\/stourm.news\/index.php?rest_route=\/wp\/v2\/media\/2192"}],"wp:attachment":[{"href":"https:\/\/stourm.news\/index.php?rest_route=%2Fwp%2Fv2%2Fmedia&parent=2191"}],"wp:term":[{"taxonomy":"category","embeddable":true,"href":"https:\/\/stourm.news\/index.php?rest_route=%2Fwp%2Fv2%2Fcategories&post=2191"},{"taxonomy":"post_tag","embeddable":true,"href":"https:\/\/stourm.news\/index.php?rest_route=%2Fwp%2Fv2%2Ftags&post=2191"}],"curies":[{"name":"wp","href":"https:\/\/api.w.org\/{rel}","templated":true}]}}