{"id":2195,"date":"2024-09-06T02:57:41","date_gmt":"2024-09-06T02:57:41","guid":{"rendered":"https:\/\/stourm.news\/?p=2195"},"modified":"2024-09-06T02:57:41","modified_gmt":"2024-09-06T02:57:41","slug":"irlande-conor-mcgregor-se-declare-candidat-a-lelection-presidentielle","status":"publish","type":"post","link":"https:\/\/stourm.news\/?p=2195","title":{"rendered":"Irlande : Conor McGregor se d\u00e9clare candidat \u00e0 l&rsquo;\u00e9lection pr\u00e9sidentielle"},"content":{"rendered":"<p style=\"text-align: justify;\">Le champion de MMA Conor MacGregor a annonc\u00e9 sa candidature \u00e0 l&rsquo;\u00e9lection pr\u00e9sidentielle irlandaise. Le boxeur irlandais, tr\u00e8s critique de la politique d&rsquo;immigration massive dict\u00e9e par le r\u00e9gime de Dublin, a communiqu\u00e9 ses intentions sur Twitter.<\/p>\n<p style=\"text-align: justify;\"><strong>\u00ab\u00a0En tant que pr\u00e9sident, j&rsquo;ai le pouvoir de convoquer le D\u00e1il et de le dissoudre. Ainsi, comme je l&rsquo;ai d\u00e9j\u00e0 dit, j&rsquo;aurais toutes les r\u00e9ponses que le peuple irlandais attend de ces voleurs de la classe laborieuse, de ces perturbateurs de l&rsquo;unit\u00e9 familiale, de ces destructeurs de petites entreprises, et ainsi de suite ! Ces charlatans en position de pouvoir seraient somm\u00e9s de r\u00e9pondre devant le peuple irlandais et je l&rsquo;aurais fait avant la fin de la journ\u00e9e. Ou alors, je n&rsquo;aurais d&rsquo;autre choix que de dissoudre enti\u00e8rement le D\u00e1il. Arr\u00eatez le train jusqu&rsquo;\u00e0 ce qu&rsquo;il s&rsquo;arr\u00eate. Le peuple irlandais m\u00e9rite les r\u00e9ponses qu&rsquo;il attend. C&rsquo;est clair et net. Ce serait mon pouvoir en tant que Pr\u00e9sident. Je le sais tr\u00e8s bien. L&rsquo;Irlande a besoin d&rsquo;un pr\u00e9sident actif employ\u00e9 enti\u00e8rement par le peuple irlandais. C&rsquo;est moi. Je suis le seul choix logique. 2025 est \u00e0 venir&#8230;\u00a0\u00bb<\/strong> \u00e9crit-il.<\/p>\n<blockquote class=\"twitter-tweet\">\n<p dir=\"ltr\" lang=\"en\">As President I hold the power to summon the D\u00e1il as well as dissolve it. So as i said before, I would have all the answers the people of Ireland seek from these thieves of the working man, these disrupters of the family unit, these destructors of small businesses, and on and on\u2026<\/p>\n<p>\u2014 Conor McGregor (@TheNotoriousMMA) <a href=\"https:\/\/twitter.com\/TheNotoriousMMA\/status\/1831676863334273494?ref_src=twsrc%5Etfw\">September 5, 2024<\/a><\/p><\/blockquote>\n<p><script async src=\"https:\/\/platform.twitter.com\/widgets.js\" charset=\"utf-8\"><\/script><\/p>\n<p style=\"text-align: justify;\">Les partis du syst\u00e8me politique irlandais, align\u00e9s sur l&rsquo;oligarchie euro-atlantique, font face \u00e0 une mont\u00e9e progressive de la col\u00e8re populaire. S&rsquo;il est trop t\u00f4t pour dire si cette candidature du c\u00e9l\u00e8bre boxeur sera l&rsquo;instrument de cette col\u00e8re, elle ne passera pas inaper\u00e7u et troublera la routine qu&rsquo;a mise en place la bourgeoisie dublinoise.<\/p>\n<p style=\"text-align: right;\"><strong>Ewen Broc&rsquo;han<\/strong><\/p>\n","protected":false},"excerpt":{"rendered":"<p>Le champion de MMA Conor MacGregor a annonc\u00e9 sa candidature \u00e0 l&rsquo;\u00e9lection pr\u00e9sidentielle irlandaise. Le boxeur irlandais, tr\u00e8s critique de la politique d&rsquo;immigration massive dict\u00e9e par le r\u00e9gime de Dublin, a communiqu\u00e9 ses intentions sur Twitter. \u00ab\u00a0En tant que pr\u00e9sident, j&rsquo;ai le pouvoir de convoquer le D\u00e1il et de le dissoudre. Ainsi, comme je l&rsquo;ai [&hellip;]<\/p>\n","protected":false},"author":1,"featured_media":2196,"comment_status":"open","ping_status":"open","sticky":false,"template":"","format":"standard","meta":{"sb_editor_width":"","footnotes":""},"categories":[66,67,65],"tags":[],"class_list":["post-2195","post","type-post","status-publish","format-standard","has-post-thumbnail","hentry","category-international","category-politique","category-principale"],"relative_dates":{"created":"2 ans ago","modified":"2 ans ago"},"yoast_head":"<!-- This site is optimized with the Yoast SEO plugin v26.3 - https:\/\/yoast.com\/wordpress\/plugins\/seo\/ -->\n<title>Irlande : Conor McGregor se d\u00e9clare candidat \u00e0 l&#039;\u00e9lection pr\u00e9sidentielle - STOURM<\/title>\n<meta name=\"robots\" content=\"index, follow, max-snippet:-1, max-image-preview:large, max-video-preview:-1\" \/>\n<link rel=\"canonical\" href=\"https:\/\/stourm.news\/?p=2195\" \/>\n<meta property=\"og:locale\" content=\"fr_FR\" \/>\n<meta property=\"og:type\" content=\"article\" \/>\n<meta property=\"og:title\" content=\"Irlande : Conor McGregor se d\u00e9clare candidat \u00e0 l&#039;\u00e9lection pr\u00e9sidentielle - STOURM\" \/>\n<meta property=\"og:description\" content=\"Le champion de MMA Conor MacGregor a annonc\u00e9 sa candidature \u00e0 l&rsquo;\u00e9lection pr\u00e9sidentielle irlandaise. Le boxeur irlandais, tr\u00e8s critique de la politique d&rsquo;immigration massive dict\u00e9e par le r\u00e9gime de Dublin, a communiqu\u00e9 ses intentions sur Twitter. \u00ab\u00a0En tant que pr\u00e9sident, j&rsquo;ai le pouvoir de convoquer le D\u00e1il et de le dissoudre. Ainsi, comme je l&rsquo;ai [&hellip;]\" \/>\n<meta property=\"og:url\" content=\"https:\/\/stourm.news\/?p=2195\" \/>\n<meta property=\"og:site_name\" content=\"STOURM\" \/>\n<meta property=\"article:publisher\" content=\"https:\/\/www.facebook.com\/stourmnews\/\" \/>\n<meta property=\"article:published_time\" content=\"2024-09-06T02:57:41+00:00\" \/>\n<meta property=\"og:image\" content=\"https:\/\/stourm.news\/wp-content\/uploads\/2024\/09\/conor-mcgregor-celebrates-first-round-knock-out-victory-over-jose-aldo-in-featherweight-title-ufc-194-2015.webp\" \/>\n\t<meta property=\"og:image:width\" content=\"1600\" \/>\n\t<meta property=\"og:image:height\" content=\"1091\" \/>\n\t<meta property=\"og:image:type\" content=\"image\/webp\" \/>\n<meta name=\"author\" content=\"La r\u00e9daction\" \/>\n<meta name=\"twitter:card\" content=\"summary_large_image\" \/>\n<meta name=\"twitter:label1\" content=\"\u00c9crit par\" \/>\n\t<meta name=\"twitter:data1\" content=\"La r\u00e9daction\" \/>\n\t<meta name=\"twitter:label2\" content=\"Dur\u00e9e de lecture estim\u00e9e\" \/>\n\t<meta name=\"twitter:data2\" content=\"2 minutes\" \/>\n<script type=\"application\/ld+json\" class=\"yoast-schema-graph\">{\"@context\":\"https:\/\/schema.org\",\"@graph\":[{\"@type\":\"Article\",\"@id\":\"https:\/\/stourm.news\/?p=2195#article\",\"isPartOf\":{\"@id\":\"https:\/\/stourm.news\/?p=2195\"},\"author\":{\"name\":\"La r\u00e9daction\",\"@id\":\"https:\/\/stourm.news\/#\/schema\/person\/c3e1dc65988632e190969234ef046cf9\"},\"headline\":\"Irlande : Conor McGregor se d\u00e9clare candidat \u00e0 l&rsquo;\u00e9lection pr\u00e9sidentielle\",\"datePublished\":\"2024-09-06T02:57:41+00:00\",\"mainEntityOfPage\":{\"@id\":\"https:\/\/stourm.news\/?p=2195\"},\"wordCount\":353,\"commentCount\":0,\"publisher\":{\"@id\":\"https:\/\/stourm.news\/#organization\"},\"image\":{\"@id\":\"https:\/\/stourm.news\/?p=2195#primaryimage\"},\"thumbnailUrl\":\"https:\/\/stourm.news\/wp-content\/uploads\/2024\/09\/conor-mcgregor-celebrates-first-round-knock-out-victory-over-jose-aldo-in-featherweight-title-ufc-194-2015.webp\",\"articleSection\":[\"International\",\"Politique\",\"Principale\"],\"inLanguage\":\"fr-FR\",\"potentialAction\":[{\"@type\":\"CommentAction\",\"name\":\"Comment\",\"target\":[\"https:\/\/stourm.news\/?p=2195#respond\"]}]},{\"@type\":\"WebPage\",\"@id\":\"https:\/\/stourm.news\/?p=2195\",\"url\":\"https:\/\/stourm.news\/?p=2195\",\"name\":\"Irlande : Conor McGregor se d\u00e9clare candidat \u00e0 l'\u00e9lection pr\u00e9sidentielle - STOURM\",\"isPartOf\":{\"@id\":\"https:\/\/stourm.news\/#website\"},\"primaryImageOfPage\":{\"@id\":\"https:\/\/stourm.news\/?p=2195#primaryimage\"},\"image\":{\"@id\":\"https:\/\/stourm.news\/?p=2195#primaryimage\"},\"thumbnailUrl\":\"https:\/\/stourm.news\/wp-content\/uploads\/2024\/09\/conor-mcgregor-celebrates-first-round-knock-out-victory-over-jose-aldo-in-featherweight-title-ufc-194-2015.webp\",\"datePublished\":\"2024-09-06T02:57:41+00:00\",\"breadcrumb\":{\"@id\":\"https:\/\/stourm.news\/?p=2195#breadcrumb\"},\"inLanguage\":\"fr-FR\",\"potentialAction\":[{\"@type\":\"ReadAction\",\"target\":[\"https:\/\/stourm.news\/?p=2195\"]}]},{\"@type\":\"ImageObject\",\"inLanguage\":\"fr-FR\",\"@id\":\"https:\/\/stourm.news\/?p=2195#primaryimage\",\"url\":\"https:\/\/stourm.news\/wp-content\/uploads\/2024\/09\/conor-mcgregor-celebrates-first-round-knock-out-victory-over-jose-aldo-in-featherweight-title-ufc-194-2015.webp\",\"contentUrl\":\"https:\/\/stourm.news\/wp-content\/uploads\/2024\/09\/conor-mcgregor-celebrates-first-round-knock-out-victory-over-jose-aldo-in-featherweight-title-ufc-194-2015.webp\",\"width\":1600,\"height\":1091},{\"@type\":\"BreadcrumbList\",\"@id\":\"https:\/\/stourm.news\/?p=2195#breadcrumb\",\"itemListElement\":[{\"@type\":\"ListItem\",\"position\":1,\"name\":\"Accueil\",\"item\":\"https:\/\/stourm.news\/\"},{\"@type\":\"ListItem\",\"position\":2,\"name\":\"Irlande : Conor McGregor se d\u00e9clare candidat \u00e0 l&rsquo;\u00e9lection pr\u00e9sidentielle\"}]},{\"@type\":\"WebSite\",\"@id\":\"https:\/\/stourm.news\/#website\",\"url\":\"https:\/\/stourm.news\/\",\"name\":\"Stourm\",\"description\":\"Kazetenn Strollad Broadel Breizh\",\"publisher\":{\"@id\":\"https:\/\/stourm.news\/#organization\"},\"potentialAction\":[{\"@type\":\"SearchAction\",\"target\":{\"@type\":\"EntryPoint\",\"urlTemplate\":\"https:\/\/stourm.news\/?s={search_term_string}\"},\"query-input\":{\"@type\":\"PropertyValueSpecification\",\"valueRequired\":true,\"valueName\":\"search_term_string\"}}],\"inLanguage\":\"fr-FR\"},{\"@type\":\"Organization\",\"@id\":\"https:\/\/stourm.news\/#organization\",\"name\":\"Stourm\",\"url\":\"https:\/\/stourm.news\/\",\"logo\":{\"@type\":\"ImageObject\",\"inLanguage\":\"fr-FR\",\"@id\":\"https:\/\/stourm.news\/#\/schema\/logo\/image\/\",\"url\":\"https:\/\/stourm.news\/wp-content\/uploads\/2025\/11\/cropped-Capture-decran-2025-11-28-a-15.19.07.png\",\"contentUrl\":\"https:\/\/stourm.news\/wp-content\/uploads\/2025\/11\/cropped-Capture-decran-2025-11-28-a-15.19.07.png\",\"width\":1855,\"height\":383,\"caption\":\"Stourm\"},\"image\":{\"@id\":\"https:\/\/stourm.news\/#\/schema\/logo\/image\/\"},\"sameAs\":[\"https:\/\/www.facebook.com\/stourmnews\/\"]},{\"@type\":\"Person\",\"@id\":\"https:\/\/stourm.news\/#\/schema\/person\/c3e1dc65988632e190969234ef046cf9\",\"name\":\"La r\u00e9daction\",\"image\":{\"@type\":\"ImageObject\",\"inLanguage\":\"fr-FR\",\"@id\":\"https:\/\/stourm.news\/#\/schema\/person\/image\/\",\"url\":\"https:\/\/secure.gravatar.com\/avatar\/7463443f194b6b5fb706b074ca0ef59a0cfcfd720cb47764b0ec5a952ce422b3?s=96&d=mm&r=g\",\"contentUrl\":\"https:\/\/secure.gravatar.com\/avatar\/7463443f194b6b5fb706b074ca0ef59a0cfcfd720cb47764b0ec5a952ce422b3?s=96&d=mm&r=g\",\"caption\":\"La r\u00e9daction\"},\"sameAs\":[\"https:\/\/stourm.news\"],\"url\":\"https:\/\/stourm.news\/?author=1\"}]}<\/script>\n<!-- \/ Yoast SEO plugin. -->","yoast_head_json":{"title":"Irlande : Conor McGregor se d\u00e9clare candidat \u00e0 l'\u00e9lection pr\u00e9sidentielle - STOURM","robots":{"index":"index","follow":"follow","max-snippet":"max-snippet:-1","max-image-preview":"max-image-preview:large","max-video-preview":"max-video-preview:-1"},"canonical":"https:\/\/stourm.news\/?p=2195","og_locale":"fr_FR","og_type":"article","og_title":"Irlande : Conor McGregor se d\u00e9clare candidat \u00e0 l'\u00e9lection pr\u00e9sidentielle - STOURM","og_description":"Le champion de MMA Conor MacGregor a annonc\u00e9 sa candidature \u00e0 l&rsquo;\u00e9lection pr\u00e9sidentielle irlandaise. Le boxeur irlandais, tr\u00e8s critique de la politique d&rsquo;immigration massive dict\u00e9e par le r\u00e9gime de Dublin, a communiqu\u00e9 ses intentions sur Twitter. \u00ab\u00a0En tant que pr\u00e9sident, j&rsquo;ai le pouvoir de convoquer le D\u00e1il et de le dissoudre. Ainsi, comme je l&rsquo;ai [&hellip;]","og_url":"https:\/\/stourm.news\/?p=2195","og_site_name":"STOURM","article_publisher":"https:\/\/www.facebook.com\/stourmnews\/","article_published_time":"2024-09-06T02:57:41+00:00","og_image":[{"width":1600,"height":1091,"url":"https:\/\/stourm.news\/wp-content\/uploads\/2024\/09\/conor-mcgregor-celebrates-first-round-knock-out-victory-over-jose-aldo-in-featherweight-title-ufc-194-2015.webp","type":"image\/webp"}],"author":"La r\u00e9daction","twitter_card":"summary_large_image","twitter_misc":{"\u00c9crit par":"La r\u00e9daction","Dur\u00e9e de lecture estim\u00e9e":"2 minutes"},"schema":{"@context":"https:\/\/schema.org","@graph":[{"@type":"Article","@id":"https:\/\/stourm.news\/?p=2195#article","isPartOf":{"@id":"https:\/\/stourm.news\/?p=2195"},"author":{"name":"La r\u00e9daction","@id":"https:\/\/stourm.news\/#\/schema\/person\/c3e1dc65988632e190969234ef046cf9"},"headline":"Irlande : Conor McGregor se d\u00e9clare candidat \u00e0 l&rsquo;\u00e9lection pr\u00e9sidentielle","datePublished":"2024-09-06T02:57:41+00:00","mainEntityOfPage":{"@id":"https:\/\/stourm.news\/?p=2195"},"wordCount":353,"commentCount":0,"publisher":{"@id":"https:\/\/stourm.news\/#organization"},"image":{"@id":"https:\/\/stourm.news\/?p=2195#primaryimage"},"thumbnailUrl":"https:\/\/stourm.news\/wp-content\/uploads\/2024\/09\/conor-mcgregor-celebrates-first-round-knock-out-victory-over-jose-aldo-in-featherweight-title-ufc-194-2015.webp","articleSection":["International","Politique","Principale"],"inLanguage":"fr-FR","potentialAction":[{"@type":"CommentAction","name":"Comment","target":["https:\/\/stourm.news\/?p=2195#respond"]}]},{"@type":"WebPage","@id":"https:\/\/stourm.news\/?p=2195","url":"https:\/\/stourm.news\/?p=2195","name":"Irlande : Conor McGregor se d\u00e9clare candidat \u00e0 l'\u00e9lection pr\u00e9sidentielle - STOURM","isPartOf":{"@id":"https:\/\/stourm.news\/#website"},"primaryImageOfPage":{"@id":"https:\/\/stourm.news\/?p=2195#primaryimage"},"image":{"@id":"https:\/\/stourm.news\/?p=2195#primaryimage"},"thumbnailUrl":"https:\/\/stourm.news\/wp-content\/uploads\/2024\/09\/conor-mcgregor-celebrates-first-round-knock-out-victory-over-jose-aldo-in-featherweight-title-ufc-194-2015.webp","datePublished":"2024-09-06T02:57:41+00:00","breadcrumb":{"@id":"https:\/\/stourm.news\/?p=2195#breadcrumb"},"inLanguage":"fr-FR","potentialAction":[{"@type":"ReadAction","target":["https:\/\/stourm.news\/?p=2195"]}]},{"@type":"ImageObject","inLanguage":"fr-FR","@id":"https:\/\/stourm.news\/?p=2195#primaryimage","url":"https:\/\/stourm.news\/wp-content\/uploads\/2024\/09\/conor-mcgregor-celebrates-first-round-knock-out-victory-over-jose-aldo-in-featherweight-title-ufc-194-2015.webp","contentUrl":"https:\/\/stourm.news\/wp-content\/uploads\/2024\/09\/conor-mcgregor-celebrates-first-round-knock-out-victory-over-jose-aldo-in-featherweight-title-ufc-194-2015.webp","width":1600,"height":1091},{"@type":"BreadcrumbList","@id":"https:\/\/stourm.news\/?p=2195#breadcrumb","itemListElement":[{"@type":"ListItem","position":1,"name":"Accueil","item":"https:\/\/stourm.news\/"},{"@type":"ListItem","position":2,"name":"Irlande : Conor McGregor se d\u00e9clare candidat \u00e0 l&rsquo;\u00e9lection pr\u00e9sidentielle"}]},{"@type":"WebSite","@id":"https:\/\/stourm.news\/#website","url":"https:\/\/stourm.news\/","name":"Stourm","description":"Kazetenn Strollad Broadel Breizh","publisher":{"@id":"https:\/\/stourm.news\/#organization"},"potentialAction":[{"@type":"SearchAction","target":{"@type":"EntryPoint","urlTemplate":"https:\/\/stourm.news\/?s={search_term_string}"},"query-input":{"@type":"PropertyValueSpecification","valueRequired":true,"valueName":"search_term_string"}}],"inLanguage":"fr-FR"},{"@type":"Organization","@id":"https:\/\/stourm.news\/#organization","name":"Stourm","url":"https:\/\/stourm.news\/","logo":{"@type":"ImageObject","inLanguage":"fr-FR","@id":"https:\/\/stourm.news\/#\/schema\/logo\/image\/","url":"https:\/\/stourm.news\/wp-content\/uploads\/2025\/11\/cropped-Capture-decran-2025-11-28-a-15.19.07.png","contentUrl":"https:\/\/stourm.news\/wp-content\/uploads\/2025\/11\/cropped-Capture-decran-2025-11-28-a-15.19.07.png","width":1855,"height":383,"caption":"Stourm"},"image":{"@id":"https:\/\/stourm.news\/#\/schema\/logo\/image\/"},"sameAs":["https:\/\/www.facebook.com\/stourmnews\/"]},{"@type":"Person","@id":"https:\/\/stourm.news\/#\/schema\/person\/c3e1dc65988632e190969234ef046cf9","name":"La r\u00e9daction","image":{"@type":"ImageObject","inLanguage":"fr-FR","@id":"https:\/\/stourm.news\/#\/schema\/person\/image\/","url":"https:\/\/secure.gravatar.com\/avatar\/7463443f194b6b5fb706b074ca0ef59a0cfcfd720cb47764b0ec5a952ce422b3?s=96&d=mm&r=g","contentUrl":"https:\/\/secure.gravatar.com\/avatar\/7463443f194b6b5fb706b074ca0ef59a0cfcfd720cb47764b0ec5a952ce422b3?s=96&d=mm&r=g","caption":"La r\u00e9daction"},"sameAs":["https:\/\/stourm.news"],"url":"https:\/\/stourm.news\/?author=1"}]}},"_links":{"self":[{"href":"https:\/\/stourm.news\/index.php?rest_route=\/wp\/v2\/posts\/2195","targetHints":{"allow":["GET"]}}],"collection":[{"href":"https:\/\/stourm.news\/index.php?rest_route=\/wp\/v2\/posts"}],"about":[{"href":"https:\/\/stourm.news\/index.php?rest_route=\/wp\/v2\/types\/post"}],"author":[{"embeddable":true,"href":"https:\/\/stourm.news\/index.php?rest_route=\/wp\/v2\/users\/1"}],"replies":[{"embeddable":true,"href":"https:\/\/stourm.news\/index.php?rest_route=%2Fwp%2Fv2%2Fcomments&post=2195"}],"version-history":[{"count":1,"href":"https:\/\/stourm.news\/index.php?rest_route=\/wp\/v2\/posts\/2195\/revisions"}],"predecessor-version":[{"id":2197,"href":"https:\/\/stourm.news\/index.php?rest_route=\/wp\/v2\/posts\/2195\/revisions\/2197"}],"wp:featuredmedia":[{"embeddable":true,"href":"https:\/\/stourm.news\/index.php?rest_route=\/wp\/v2\/media\/2196"}],"wp:attachment":[{"href":"https:\/\/stourm.news\/index.php?rest_route=%2Fwp%2Fv2%2Fmedia&parent=2195"}],"wp:term":[{"taxonomy":"category","embeddable":true,"href":"https:\/\/stourm.news\/index.php?rest_route=%2Fwp%2Fv2%2Fcategories&post=2195"},{"taxonomy":"post_tag","embeddable":true,"href":"https:\/\/stourm.news\/index.php?rest_route=%2Fwp%2Fv2%2Ftags&post=2195"}],"curies":[{"name":"wp","href":"https:\/\/api.w.org\/{rel}","templated":true}]}}