{"id":2198,"date":"2024-09-06T03:49:52","date_gmt":"2024-09-06T03:49:52","guid":{"rendered":"https:\/\/stourm.news\/?p=2198"},"modified":"2024-09-06T04:27:40","modified_gmt":"2024-09-06T04:27:40","slug":"face-a-la-pression-de-letat-francais-diwan-a-besoin-de-500-000-e-pour-financer-lannee","status":"publish","type":"post","link":"https:\/\/stourm.news\/?p=2198","title":{"rendered":"Face \u00e0 la pression de l&rsquo;\u00c9tat fran\u00e7ais, Diwan a besoin de 500 000 \u20ac pour financer l\u2019ann\u00e9e"},"content":{"rendered":"<p style=\"text-align: justify;\">Parfait symbole de la discrimination g\u00e9n\u00e9ralis\u00e9e qu&rsquo;impose l&rsquo;\u00c9tat fran\u00e7ais aux enfants bretons scolaris\u00e9s dans leur langue, Diwan continue de faire face \u00e0 la pr\u00e9carit\u00e9 financi\u00e8re.<\/p>\n<p><a href=\"https:\/\/www.letelegramme.fr\/bretagne\/en-bretagne-lecole-diwan-a-besoin-de-500-000-eur-pour-boucler-lannee-6655261.php\">Le T\u00e9l\u00e9gramme<\/a> :<\/p>\n<blockquote>\n<p style=\"text-align: justify;\">Le r\u00e9seau scolaire Diwan enregistre <strong>une baisse<\/strong> d\u2019inscrits en cette rentr\u00e9e 2024. Certes plus l\u00e9g\u00e8re que dans d\u2019autres fili\u00e8res mais avec 40 \u00e9l\u00e9ments en moins dans le primaire et 40 dans le secondaire (chiffres \u00e0 consolider) &#8211; ce qui porterait l\u2019effectif total \u00e0 environ 3 930 \u00e9l\u00e8ves -, ce sont des recettes en moins qui p\u00e8sent leur poids.<\/p>\n<p style=\"text-align: justify;\">En cette p\u00e9riode de hausse des co\u00fbts de fonctionnement, l\u2019association, qui avait d\u00e9j\u00e0 boucl\u00e9 l\u2019ann\u00e9e 2023 <strong>sur un d\u00e9ficit<\/strong>, se retrouve avec un probl\u00e8me de finance \u00e0 r\u00e9gler urgemment. \u00ab Nous avons besoin de <strong>500 000 \u20ac<\/strong> pour boucler le budget 2024 \u00bb, a annonc\u00e9 Yann Uguen, ce jeudi matin, \u00e0 Brest, \u00e0 l\u2019occasion de la conf\u00e9rence de presse de rentr\u00e9e. Pour le pr\u00e9sident du r\u00e9seau de l\u2019\u00e9cole bretonne associative, alors que la participation des partenaires publics a d\u00e9cru tout en subvenant n\u00e9anmoins \u00e0 46 % du budget actuel de 6,20 M\u20ac, le salut viendra des donateurs.<\/p>\n<p style=\"text-align: justify;\">\u00ab Aujourd\u2019hui, nous lan\u00e7ons <strong>un cri d\u2019alarme<\/strong> pour que cela mobilise et nous \u00e9vite de devoir faire des arbitrages budg\u00e9taires en fin d\u2019ann\u00e9e \u00bb, explique Yann Uguen. Avertis de cette situation financi\u00e8re pr\u00e9occupante, des parents de comit\u00e9s de soutiens montrent d\u00e9j\u00e0 l\u2019exemple : \u00ab Certains ont d\u00e9cid\u00e9 d\u2019organiser un fest-noz. La solidarit\u00e9 du r\u00e9seau, c\u2019est la force de Diwan \u00bb, se rassure Soaz Plantec-Rousic, de la direction du second degr\u00e9 de Diwan.<\/p>\n<p style=\"text-align: justify;\">Il faudra sans doute davantage de contributions ext\u00e9rieures pour atteindre l\u2019objectif. En esp\u00e9rant toujours la reconnaissance de <strong>l\u2019\u00e9cole immersive<\/strong> par la Constitution (ce qui r\u00e9glerait, en grande partie, son probl\u00e8me r\u00e9current de financement) Skol Diwan sollicite \u00e9galement la g\u00e9n\u00e9rosit\u00e9 des sympathisants \u00e0 ce mod\u00e8le (m\u00e9c\u00e9nat et versement de la taxe d\u2019apprentissage possibles).<\/p>\n<p style=\"text-align: justify;\">Le bouclage budg\u00e9taire permettrait de poursuivre les efforts d\u2019attractivit\u00e9 des 46 \u00e9coles, six coll\u00e8ges et deux lyc\u00e9es r\u00e9partis dans les cinq d\u00e9partements bretons historiques.<\/p>\n<p style=\"text-align: justify;\">La qualit\u00e9 de l\u2019accueil et le d\u00e9veloppement du r\u00e9seau par la cr\u00e9ation de nouveaux sites (notamment en Ille-et-Vilaine et dans les C\u00f4tes-d\u2019Armor) repr\u00e9sentent deux axes de travail prioritaires. \u00c0 ce titre, l\u2019inauguration du nouvel internat au coll\u00e8ge de Quimper, l\u2019ouverture d\u2019une fili\u00e8re AEPA (animation-enfance et personnes \u00e2g\u00e9es) au lyc\u00e9e de Carhaix et des projets d\u2019ouverture de cinq \u00e9tablissements (Orvault, Hennebont, Tr\u00e9guier, Pl\u00e9sidy) fondent des motifs de satisfaction, chez Diwan, en cette rentr\u00e9e.<\/p>\n<\/blockquote>\n<p><strong><a href=\"https:\/\/www.diwan.bzh\/fr\/mon-don\">Il est possible de faire un don en ligne \u00e0 Diwan ici.<\/a><\/strong><\/p>\n<p style=\"text-align: justify;\">La situation de Diwan r\u00e9sulte de l&rsquo;absence d&rsquo;opposition nationaliste en Bretagne qui soit en mesure de cr\u00e9er un rapport de force favorable pour la d\u00e9fense des int\u00e9r\u00eats primordiaux de la nation bretonne. Sans une telle opposition organis\u00e9e et pleinement engag\u00e9e \u00e0 tous les \u00e9chelons politiques, la pr\u00e9carit\u00e9 sera la r\u00e8gle, faute de pression pour faire plier l&rsquo;\u00c9tat fran\u00e7ais. C&rsquo;est \u00e0 cela qu&rsquo;il faut s&rsquo;atteler, associer \u00e0 la question ethno-culturelle l&rsquo;instrument de combat qui manque \u00e0 sa progression.<\/p>\n<p style=\"text-align: right;\"><strong>Ewen Broc&rsquo;han<\/strong><\/p>\n","protected":false},"excerpt":{"rendered":"<p>Parfait symbole de la discrimination g\u00e9n\u00e9ralis\u00e9e qu&rsquo;impose l&rsquo;\u00c9tat fran\u00e7ais aux enfants bretons scolaris\u00e9s dans leur langue, Diwan continue de faire face \u00e0 la pr\u00e9carit\u00e9 financi\u00e8re. Le T\u00e9l\u00e9gramme : Le r\u00e9seau scolaire Diwan enregistre une baisse d\u2019inscrits en cette rentr\u00e9e 2024. Certes plus l\u00e9g\u00e8re que dans d\u2019autres fili\u00e8res mais avec 40 \u00e9l\u00e9ments en moins dans le [&hellip;]<\/p>\n","protected":false},"author":1,"featured_media":2199,"comment_status":"open","ping_status":"open","sticky":false,"template":"","format":"standard","meta":{"sb_editor_width":"","footnotes":""},"categories":[38,67,65],"tags":[],"class_list":["post-2198","post","type-post","status-publish","format-standard","has-post-thumbnail","hentry","category-finistere","category-politique","category-principale"],"relative_dates":{"created":"2 ans ago","modified":"2 ans ago"},"yoast_head":"<!-- This site is optimized with the Yoast SEO plugin v26.3 - https:\/\/yoast.com\/wordpress\/plugins\/seo\/ -->\n<title>Face \u00e0 la pression de l&#039;\u00c9tat fran\u00e7ais, Diwan a besoin de 500 000 \u20ac pour financer l\u2019ann\u00e9e - STOURM<\/title>\n<meta name=\"robots\" content=\"index, follow, max-snippet:-1, max-image-preview:large, max-video-preview:-1\" \/>\n<link rel=\"canonical\" href=\"https:\/\/stourm.news\/?p=2198\" \/>\n<meta property=\"og:locale\" content=\"fr_FR\" \/>\n<meta property=\"og:type\" content=\"article\" \/>\n<meta property=\"og:title\" content=\"Face \u00e0 la pression de l&#039;\u00c9tat fran\u00e7ais, Diwan a besoin de 500 000 \u20ac pour financer l\u2019ann\u00e9e - STOURM\" \/>\n<meta property=\"og:description\" content=\"Parfait symbole de la discrimination g\u00e9n\u00e9ralis\u00e9e qu&rsquo;impose l&rsquo;\u00c9tat fran\u00e7ais aux enfants bretons scolaris\u00e9s dans leur langue, Diwan continue de faire face \u00e0 la pr\u00e9carit\u00e9 financi\u00e8re. Le T\u00e9l\u00e9gramme : Le r\u00e9seau scolaire Diwan enregistre une baisse d\u2019inscrits en cette rentr\u00e9e 2024. Certes plus l\u00e9g\u00e8re que dans d\u2019autres fili\u00e8res mais avec 40 \u00e9l\u00e9ments en moins dans le [&hellip;]\" \/>\n<meta property=\"og:url\" content=\"https:\/\/stourm.news\/?p=2198\" \/>\n<meta property=\"og:site_name\" content=\"STOURM\" \/>\n<meta property=\"article:publisher\" content=\"https:\/\/www.facebook.com\/stourmnews\/\" \/>\n<meta property=\"article:published_time\" content=\"2024-09-06T03:49:52+00:00\" \/>\n<meta property=\"article:modified_time\" content=\"2024-09-06T04:27:40+00:00\" \/>\n<meta property=\"og:image\" content=\"https:\/\/stourm.news\/wp-content\/uploads\/2024\/09\/Capture-decran-2024-09-06-a-12.43.47.png\" \/>\n\t<meta property=\"og:image:width\" content=\"1030\" \/>\n\t<meta property=\"og:image:height\" content=\"680\" \/>\n\t<meta property=\"og:image:type\" content=\"image\/png\" \/>\n<meta name=\"author\" content=\"La r\u00e9daction\" \/>\n<meta name=\"twitter:card\" content=\"summary_large_image\" \/>\n<meta name=\"twitter:label1\" content=\"\u00c9crit par\" \/>\n\t<meta name=\"twitter:data1\" content=\"La r\u00e9daction\" \/>\n\t<meta name=\"twitter:label2\" content=\"Dur\u00e9e de lecture estim\u00e9e\" \/>\n\t<meta name=\"twitter:data2\" content=\"1 minute\" \/>\n<script type=\"application\/ld+json\" class=\"yoast-schema-graph\">{\"@context\":\"https:\/\/schema.org\",\"@graph\":[{\"@type\":\"Article\",\"@id\":\"https:\/\/stourm.news\/?p=2198#article\",\"isPartOf\":{\"@id\":\"https:\/\/stourm.news\/?p=2198\"},\"author\":{\"name\":\"La r\u00e9daction\",\"@id\":\"https:\/\/stourm.news\/#\/schema\/person\/c3e1dc65988632e190969234ef046cf9\"},\"headline\":\"Face \u00e0 la pression de l&rsquo;\u00c9tat fran\u00e7ais, Diwan a besoin de 500 000 \u20ac pour financer l\u2019ann\u00e9e\",\"datePublished\":\"2024-09-06T03:49:52+00:00\",\"dateModified\":\"2024-09-06T04:27:40+00:00\",\"mainEntityOfPage\":{\"@id\":\"https:\/\/stourm.news\/?p=2198\"},\"wordCount\":584,\"commentCount\":0,\"publisher\":{\"@id\":\"https:\/\/stourm.news\/#organization\"},\"image\":{\"@id\":\"https:\/\/stourm.news\/?p=2198#primaryimage\"},\"thumbnailUrl\":\"https:\/\/stourm.news\/wp-content\/uploads\/2024\/09\/Capture-decran-2024-09-06-a-12.43.47.png\",\"articleSection\":[\"Finist\u00e8re\",\"Politique\",\"Principale\"],\"inLanguage\":\"fr-FR\",\"potentialAction\":[{\"@type\":\"CommentAction\",\"name\":\"Comment\",\"target\":[\"https:\/\/stourm.news\/?p=2198#respond\"]}]},{\"@type\":\"WebPage\",\"@id\":\"https:\/\/stourm.news\/?p=2198\",\"url\":\"https:\/\/stourm.news\/?p=2198\",\"name\":\"Face \u00e0 la pression de l'\u00c9tat fran\u00e7ais, Diwan a besoin de 500 000 \u20ac pour financer l\u2019ann\u00e9e - STOURM\",\"isPartOf\":{\"@id\":\"https:\/\/stourm.news\/#website\"},\"primaryImageOfPage\":{\"@id\":\"https:\/\/stourm.news\/?p=2198#primaryimage\"},\"image\":{\"@id\":\"https:\/\/stourm.news\/?p=2198#primaryimage\"},\"thumbnailUrl\":\"https:\/\/stourm.news\/wp-content\/uploads\/2024\/09\/Capture-decran-2024-09-06-a-12.43.47.png\",\"datePublished\":\"2024-09-06T03:49:52+00:00\",\"dateModified\":\"2024-09-06T04:27:40+00:00\",\"breadcrumb\":{\"@id\":\"https:\/\/stourm.news\/?p=2198#breadcrumb\"},\"inLanguage\":\"fr-FR\",\"potentialAction\":[{\"@type\":\"ReadAction\",\"target\":[\"https:\/\/stourm.news\/?p=2198\"]}]},{\"@type\":\"ImageObject\",\"inLanguage\":\"fr-FR\",\"@id\":\"https:\/\/stourm.news\/?p=2198#primaryimage\",\"url\":\"https:\/\/stourm.news\/wp-content\/uploads\/2024\/09\/Capture-decran-2024-09-06-a-12.43.47.png\",\"contentUrl\":\"https:\/\/stourm.news\/wp-content\/uploads\/2024\/09\/Capture-decran-2024-09-06-a-12.43.47.png\",\"width\":1030,\"height\":680},{\"@type\":\"BreadcrumbList\",\"@id\":\"https:\/\/stourm.news\/?p=2198#breadcrumb\",\"itemListElement\":[{\"@type\":\"ListItem\",\"position\":1,\"name\":\"Accueil\",\"item\":\"https:\/\/stourm.news\/\"},{\"@type\":\"ListItem\",\"position\":2,\"name\":\"Face \u00e0 la pression de l&rsquo;\u00c9tat fran\u00e7ais, Diwan a besoin de 500 000 \u20ac pour financer l\u2019ann\u00e9e\"}]},{\"@type\":\"WebSite\",\"@id\":\"https:\/\/stourm.news\/#website\",\"url\":\"https:\/\/stourm.news\/\",\"name\":\"Stourm\",\"description\":\"Kazetenn Strollad Broadel Breizh\",\"publisher\":{\"@id\":\"https:\/\/stourm.news\/#organization\"},\"potentialAction\":[{\"@type\":\"SearchAction\",\"target\":{\"@type\":\"EntryPoint\",\"urlTemplate\":\"https:\/\/stourm.news\/?s={search_term_string}\"},\"query-input\":{\"@type\":\"PropertyValueSpecification\",\"valueRequired\":true,\"valueName\":\"search_term_string\"}}],\"inLanguage\":\"fr-FR\"},{\"@type\":\"Organization\",\"@id\":\"https:\/\/stourm.news\/#organization\",\"name\":\"Stourm\",\"url\":\"https:\/\/stourm.news\/\",\"logo\":{\"@type\":\"ImageObject\",\"inLanguage\":\"fr-FR\",\"@id\":\"https:\/\/stourm.news\/#\/schema\/logo\/image\/\",\"url\":\"https:\/\/stourm.news\/wp-content\/uploads\/2025\/11\/cropped-Capture-decran-2025-11-28-a-15.19.07.png\",\"contentUrl\":\"https:\/\/stourm.news\/wp-content\/uploads\/2025\/11\/cropped-Capture-decran-2025-11-28-a-15.19.07.png\",\"width\":1855,\"height\":383,\"caption\":\"Stourm\"},\"image\":{\"@id\":\"https:\/\/stourm.news\/#\/schema\/logo\/image\/\"},\"sameAs\":[\"https:\/\/www.facebook.com\/stourmnews\/\"]},{\"@type\":\"Person\",\"@id\":\"https:\/\/stourm.news\/#\/schema\/person\/c3e1dc65988632e190969234ef046cf9\",\"name\":\"La r\u00e9daction\",\"image\":{\"@type\":\"ImageObject\",\"inLanguage\":\"fr-FR\",\"@id\":\"https:\/\/stourm.news\/#\/schema\/person\/image\/\",\"url\":\"https:\/\/secure.gravatar.com\/avatar\/7463443f194b6b5fb706b074ca0ef59a0cfcfd720cb47764b0ec5a952ce422b3?s=96&d=mm&r=g\",\"contentUrl\":\"https:\/\/secure.gravatar.com\/avatar\/7463443f194b6b5fb706b074ca0ef59a0cfcfd720cb47764b0ec5a952ce422b3?s=96&d=mm&r=g\",\"caption\":\"La r\u00e9daction\"},\"sameAs\":[\"https:\/\/stourm.news\"],\"url\":\"https:\/\/stourm.news\/?author=1\"}]}<\/script>\n<!-- \/ Yoast SEO plugin. -->","yoast_head_json":{"title":"Face \u00e0 la pression de l'\u00c9tat fran\u00e7ais, Diwan a besoin de 500 000 \u20ac pour financer l\u2019ann\u00e9e - STOURM","robots":{"index":"index","follow":"follow","max-snippet":"max-snippet:-1","max-image-preview":"max-image-preview:large","max-video-preview":"max-video-preview:-1"},"canonical":"https:\/\/stourm.news\/?p=2198","og_locale":"fr_FR","og_type":"article","og_title":"Face \u00e0 la pression de l'\u00c9tat fran\u00e7ais, Diwan a besoin de 500 000 \u20ac pour financer l\u2019ann\u00e9e - STOURM","og_description":"Parfait symbole de la discrimination g\u00e9n\u00e9ralis\u00e9e qu&rsquo;impose l&rsquo;\u00c9tat fran\u00e7ais aux enfants bretons scolaris\u00e9s dans leur langue, Diwan continue de faire face \u00e0 la pr\u00e9carit\u00e9 financi\u00e8re. Le T\u00e9l\u00e9gramme : Le r\u00e9seau scolaire Diwan enregistre une baisse d\u2019inscrits en cette rentr\u00e9e 2024. Certes plus l\u00e9g\u00e8re que dans d\u2019autres fili\u00e8res mais avec 40 \u00e9l\u00e9ments en moins dans le [&hellip;]","og_url":"https:\/\/stourm.news\/?p=2198","og_site_name":"STOURM","article_publisher":"https:\/\/www.facebook.com\/stourmnews\/","article_published_time":"2024-09-06T03:49:52+00:00","article_modified_time":"2024-09-06T04:27:40+00:00","og_image":[{"width":1030,"height":680,"url":"https:\/\/stourm.news\/wp-content\/uploads\/2024\/09\/Capture-decran-2024-09-06-a-12.43.47.png","type":"image\/png"}],"author":"La r\u00e9daction","twitter_card":"summary_large_image","twitter_misc":{"\u00c9crit par":"La r\u00e9daction","Dur\u00e9e de lecture estim\u00e9e":"1 minute"},"schema":{"@context":"https:\/\/schema.org","@graph":[{"@type":"Article","@id":"https:\/\/stourm.news\/?p=2198#article","isPartOf":{"@id":"https:\/\/stourm.news\/?p=2198"},"author":{"name":"La r\u00e9daction","@id":"https:\/\/stourm.news\/#\/schema\/person\/c3e1dc65988632e190969234ef046cf9"},"headline":"Face \u00e0 la pression de l&rsquo;\u00c9tat fran\u00e7ais, Diwan a besoin de 500 000 \u20ac pour financer l\u2019ann\u00e9e","datePublished":"2024-09-06T03:49:52+00:00","dateModified":"2024-09-06T04:27:40+00:00","mainEntityOfPage":{"@id":"https:\/\/stourm.news\/?p=2198"},"wordCount":584,"commentCount":0,"publisher":{"@id":"https:\/\/stourm.news\/#organization"},"image":{"@id":"https:\/\/stourm.news\/?p=2198#primaryimage"},"thumbnailUrl":"https:\/\/stourm.news\/wp-content\/uploads\/2024\/09\/Capture-decran-2024-09-06-a-12.43.47.png","articleSection":["Finist\u00e8re","Politique","Principale"],"inLanguage":"fr-FR","potentialAction":[{"@type":"CommentAction","name":"Comment","target":["https:\/\/stourm.news\/?p=2198#respond"]}]},{"@type":"WebPage","@id":"https:\/\/stourm.news\/?p=2198","url":"https:\/\/stourm.news\/?p=2198","name":"Face \u00e0 la pression de l'\u00c9tat fran\u00e7ais, Diwan a besoin de 500 000 \u20ac pour financer l\u2019ann\u00e9e - STOURM","isPartOf":{"@id":"https:\/\/stourm.news\/#website"},"primaryImageOfPage":{"@id":"https:\/\/stourm.news\/?p=2198#primaryimage"},"image":{"@id":"https:\/\/stourm.news\/?p=2198#primaryimage"},"thumbnailUrl":"https:\/\/stourm.news\/wp-content\/uploads\/2024\/09\/Capture-decran-2024-09-06-a-12.43.47.png","datePublished":"2024-09-06T03:49:52+00:00","dateModified":"2024-09-06T04:27:40+00:00","breadcrumb":{"@id":"https:\/\/stourm.news\/?p=2198#breadcrumb"},"inLanguage":"fr-FR","potentialAction":[{"@type":"ReadAction","target":["https:\/\/stourm.news\/?p=2198"]}]},{"@type":"ImageObject","inLanguage":"fr-FR","@id":"https:\/\/stourm.news\/?p=2198#primaryimage","url":"https:\/\/stourm.news\/wp-content\/uploads\/2024\/09\/Capture-decran-2024-09-06-a-12.43.47.png","contentUrl":"https:\/\/stourm.news\/wp-content\/uploads\/2024\/09\/Capture-decran-2024-09-06-a-12.43.47.png","width":1030,"height":680},{"@type":"BreadcrumbList","@id":"https:\/\/stourm.news\/?p=2198#breadcrumb","itemListElement":[{"@type":"ListItem","position":1,"name":"Accueil","item":"https:\/\/stourm.news\/"},{"@type":"ListItem","position":2,"name":"Face \u00e0 la pression de l&rsquo;\u00c9tat fran\u00e7ais, Diwan a besoin de 500 000 \u20ac pour financer l\u2019ann\u00e9e"}]},{"@type":"WebSite","@id":"https:\/\/stourm.news\/#website","url":"https:\/\/stourm.news\/","name":"Stourm","description":"Kazetenn Strollad Broadel Breizh","publisher":{"@id":"https:\/\/stourm.news\/#organization"},"potentialAction":[{"@type":"SearchAction","target":{"@type":"EntryPoint","urlTemplate":"https:\/\/stourm.news\/?s={search_term_string}"},"query-input":{"@type":"PropertyValueSpecification","valueRequired":true,"valueName":"search_term_string"}}],"inLanguage":"fr-FR"},{"@type":"Organization","@id":"https:\/\/stourm.news\/#organization","name":"Stourm","url":"https:\/\/stourm.news\/","logo":{"@type":"ImageObject","inLanguage":"fr-FR","@id":"https:\/\/stourm.news\/#\/schema\/logo\/image\/","url":"https:\/\/stourm.news\/wp-content\/uploads\/2025\/11\/cropped-Capture-decran-2025-11-28-a-15.19.07.png","contentUrl":"https:\/\/stourm.news\/wp-content\/uploads\/2025\/11\/cropped-Capture-decran-2025-11-28-a-15.19.07.png","width":1855,"height":383,"caption":"Stourm"},"image":{"@id":"https:\/\/stourm.news\/#\/schema\/logo\/image\/"},"sameAs":["https:\/\/www.facebook.com\/stourmnews\/"]},{"@type":"Person","@id":"https:\/\/stourm.news\/#\/schema\/person\/c3e1dc65988632e190969234ef046cf9","name":"La r\u00e9daction","image":{"@type":"ImageObject","inLanguage":"fr-FR","@id":"https:\/\/stourm.news\/#\/schema\/person\/image\/","url":"https:\/\/secure.gravatar.com\/avatar\/7463443f194b6b5fb706b074ca0ef59a0cfcfd720cb47764b0ec5a952ce422b3?s=96&d=mm&r=g","contentUrl":"https:\/\/secure.gravatar.com\/avatar\/7463443f194b6b5fb706b074ca0ef59a0cfcfd720cb47764b0ec5a952ce422b3?s=96&d=mm&r=g","caption":"La r\u00e9daction"},"sameAs":["https:\/\/stourm.news"],"url":"https:\/\/stourm.news\/?author=1"}]}},"_links":{"self":[{"href":"https:\/\/stourm.news\/index.php?rest_route=\/wp\/v2\/posts\/2198","targetHints":{"allow":["GET"]}}],"collection":[{"href":"https:\/\/stourm.news\/index.php?rest_route=\/wp\/v2\/posts"}],"about":[{"href":"https:\/\/stourm.news\/index.php?rest_route=\/wp\/v2\/types\/post"}],"author":[{"embeddable":true,"href":"https:\/\/stourm.news\/index.php?rest_route=\/wp\/v2\/users\/1"}],"replies":[{"embeddable":true,"href":"https:\/\/stourm.news\/index.php?rest_route=%2Fwp%2Fv2%2Fcomments&post=2198"}],"version-history":[{"count":2,"href":"https:\/\/stourm.news\/index.php?rest_route=\/wp\/v2\/posts\/2198\/revisions"}],"predecessor-version":[{"id":2207,"href":"https:\/\/stourm.news\/index.php?rest_route=\/wp\/v2\/posts\/2198\/revisions\/2207"}],"wp:featuredmedia":[{"embeddable":true,"href":"https:\/\/stourm.news\/index.php?rest_route=\/wp\/v2\/media\/2199"}],"wp:attachment":[{"href":"https:\/\/stourm.news\/index.php?rest_route=%2Fwp%2Fv2%2Fmedia&parent=2198"}],"wp:term":[{"taxonomy":"category","embeddable":true,"href":"https:\/\/stourm.news\/index.php?rest_route=%2Fwp%2Fv2%2Fcategories&post=2198"},{"taxonomy":"post_tag","embeddable":true,"href":"https:\/\/stourm.news\/index.php?rest_route=%2Fwp%2Fv2%2Ftags&post=2198"}],"curies":[{"name":"wp","href":"https:\/\/api.w.org\/{rel}","templated":true}]}}