{"id":2208,"date":"2024-09-06T04:31:16","date_gmt":"2024-09-06T04:31:16","guid":{"rendered":"https:\/\/stourm.news\/?p=2208"},"modified":"2024-09-06T04:31:16","modified_gmt":"2024-09-06T04:31:16","slug":"incendie-de-voitures-et-cambriolages-la-nuit-de-mercredi-a-jeudi-a-ete-agitee-a-morlaix","status":"publish","type":"post","link":"https:\/\/stourm.news\/?p=2208","title":{"rendered":"Incendie de voitures et cambriolages : la nuit de mercredi \u00e0 jeudi a \u00e9t\u00e9 agit\u00e9e \u00e0 Morlaix"},"content":{"rendered":"<p style=\"text-align: justify;\">Pas moins de <strong>cinq voitures<\/strong> ont \u00e9t\u00e9 enti\u00e8rement d\u00e9truites par le feu, dans la nuit du mercredi 4 au jeudi 5 septembre 2024, sur le parking de la rue G\u00e9n\u00e9ral-Le Fl\u00f4, \u00e0 proximit\u00e9 de la gare de Morlaix.<\/p>\n<p style=\"text-align: justify;\">Quatre autres ont \u00e9t\u00e9 <strong>endommag\u00e9es<\/strong> par la propagation des flammes. Pompiers et police nationale se rendus sur place. Selon le commissariat de Morlaix, il n\u2019y a \u00ab aucun doute que ces incendies sont <strong>criminels<\/strong> \u00bb, trois feux ayant \u00e9t\u00e9 allum\u00e9s simultan\u00e9ment.<\/p>\n<p style=\"text-align: justify;\">De quoi raviver de tr\u00e8s mauvais souvenirs \u00e0 des riverains d\u00e9j\u00e0 victimes de d\u00e9gradations en s\u00e9rie sur ce m\u00eame parking, \u00e0 l\u2019\u00e9t\u00e9 2019. Plusieurs plaintes ont \u00e9t\u00e9 d\u00e9pos\u00e9es et une enqu\u00eate ouverte. Pour l\u2019heure, aucune interpellation n\u2019a eu lieu.<\/p>\n<p style=\"text-align: justify;\">Source : <a href=\"https:\/\/www.letelegramme.fr\/finistere\/morlaix-29600\/incendie-de-voitures-et-cambriolages-la-nuit-de-mercredi-a-jeudi-a-ete-agitee-a-morlaix-6655490.php\">Le T\u00e9l\u00e9gramme<\/a><\/p>\n","protected":false},"excerpt":{"rendered":"<p>Pas moins de cinq voitures ont \u00e9t\u00e9 enti\u00e8rement d\u00e9truites par le feu, dans la nuit du mercredi 4 au jeudi 5 septembre 2024, sur le parking de la rue G\u00e9n\u00e9ral-Le Fl\u00f4, \u00e0 proximit\u00e9 de la gare de Morlaix. Quatre autres ont \u00e9t\u00e9 endommag\u00e9es par la propagation des flammes. Pompiers et police nationale se rendus sur [&hellip;]<\/p>\n","protected":false},"author":1,"featured_media":2209,"comment_status":"open","ping_status":"open","sticky":false,"template":"","format":"standard","meta":{"sb_editor_width":"","footnotes":""},"categories":[52,38,62],"tags":[],"class_list":["post-2208","post","type-post","status-publish","format-standard","has-post-thumbnail","hentry","category-faits-divers","category-finistere","category-revue-de-presse"],"relative_dates":{"created":"2 ans ago","modified":"2 ans ago"},"yoast_head":"<!-- This site is optimized with the Yoast SEO plugin v26.3 - https:\/\/yoast.com\/wordpress\/plugins\/seo\/ -->\n<title>Incendie de voitures et cambriolages : la nuit de mercredi \u00e0 jeudi a \u00e9t\u00e9 agit\u00e9e \u00e0 Morlaix - STOURM<\/title>\n<meta name=\"robots\" content=\"index, follow, max-snippet:-1, max-image-preview:large, max-video-preview:-1\" \/>\n<link rel=\"canonical\" href=\"https:\/\/stourm.news\/?p=2208\" \/>\n<meta property=\"og:locale\" content=\"fr_FR\" \/>\n<meta property=\"og:type\" content=\"article\" \/>\n<meta property=\"og:title\" content=\"Incendie de voitures et cambriolages : la nuit de mercredi \u00e0 jeudi a \u00e9t\u00e9 agit\u00e9e \u00e0 Morlaix - STOURM\" \/>\n<meta property=\"og:description\" content=\"Pas moins de cinq voitures ont \u00e9t\u00e9 enti\u00e8rement d\u00e9truites par le feu, dans la nuit du mercredi 4 au jeudi 5 septembre 2024, sur le parking de la rue G\u00e9n\u00e9ral-Le Fl\u00f4, \u00e0 proximit\u00e9 de la gare de Morlaix. Quatre autres ont \u00e9t\u00e9 endommag\u00e9es par la propagation des flammes. Pompiers et police nationale se rendus sur [&hellip;]\" \/>\n<meta property=\"og:url\" content=\"https:\/\/stourm.news\/?p=2208\" \/>\n<meta property=\"og:site_name\" content=\"STOURM\" \/>\n<meta property=\"article:publisher\" content=\"https:\/\/www.facebook.com\/stourmnews\/\" \/>\n<meta property=\"article:published_time\" content=\"2024-09-06T04:31:16+00:00\" \/>\n<meta property=\"og:image\" content=\"https:\/\/stourm.news\/wp-content\/uploads\/2024\/09\/Capture-decran-2024-09-06-a-13.30.42.png\" \/>\n\t<meta property=\"og:image:width\" content=\"1024\" \/>\n\t<meta property=\"og:image:height\" content=\"696\" \/>\n\t<meta property=\"og:image:type\" content=\"image\/png\" \/>\n<meta name=\"author\" content=\"La r\u00e9daction\" \/>\n<meta name=\"twitter:card\" content=\"summary_large_image\" \/>\n<meta name=\"twitter:label1\" content=\"\u00c9crit par\" \/>\n\t<meta name=\"twitter:data1\" content=\"La r\u00e9daction\" \/>\n\t<meta name=\"twitter:label2\" content=\"Dur\u00e9e de lecture estim\u00e9e\" \/>\n\t<meta name=\"twitter:data2\" content=\"1 minute\" \/>\n<script type=\"application\/ld+json\" class=\"yoast-schema-graph\">{\"@context\":\"https:\/\/schema.org\",\"@graph\":[{\"@type\":\"Article\",\"@id\":\"https:\/\/stourm.news\/?p=2208#article\",\"isPartOf\":{\"@id\":\"https:\/\/stourm.news\/?p=2208\"},\"author\":{\"name\":\"La r\u00e9daction\",\"@id\":\"https:\/\/stourm.news\/#\/schema\/person\/c3e1dc65988632e190969234ef046cf9\"},\"headline\":\"Incendie de voitures et cambriolages : la nuit de mercredi \u00e0 jeudi a \u00e9t\u00e9 agit\u00e9e \u00e0 Morlaix\",\"datePublished\":\"2024-09-06T04:31:16+00:00\",\"mainEntityOfPage\":{\"@id\":\"https:\/\/stourm.news\/?p=2208\"},\"wordCount\":148,\"commentCount\":0,\"publisher\":{\"@id\":\"https:\/\/stourm.news\/#organization\"},\"image\":{\"@id\":\"https:\/\/stourm.news\/?p=2208#primaryimage\"},\"thumbnailUrl\":\"https:\/\/stourm.news\/wp-content\/uploads\/2024\/09\/Capture-decran-2024-09-06-a-13.30.42.png\",\"articleSection\":[\"Faits divers\",\"Finist\u00e8re\",\"Revue de presse\"],\"inLanguage\":\"fr-FR\",\"potentialAction\":[{\"@type\":\"CommentAction\",\"name\":\"Comment\",\"target\":[\"https:\/\/stourm.news\/?p=2208#respond\"]}]},{\"@type\":\"WebPage\",\"@id\":\"https:\/\/stourm.news\/?p=2208\",\"url\":\"https:\/\/stourm.news\/?p=2208\",\"name\":\"Incendie de voitures et cambriolages : la nuit de mercredi \u00e0 jeudi a \u00e9t\u00e9 agit\u00e9e \u00e0 Morlaix - STOURM\",\"isPartOf\":{\"@id\":\"https:\/\/stourm.news\/#website\"},\"primaryImageOfPage\":{\"@id\":\"https:\/\/stourm.news\/?p=2208#primaryimage\"},\"image\":{\"@id\":\"https:\/\/stourm.news\/?p=2208#primaryimage\"},\"thumbnailUrl\":\"https:\/\/stourm.news\/wp-content\/uploads\/2024\/09\/Capture-decran-2024-09-06-a-13.30.42.png\",\"datePublished\":\"2024-09-06T04:31:16+00:00\",\"breadcrumb\":{\"@id\":\"https:\/\/stourm.news\/?p=2208#breadcrumb\"},\"inLanguage\":\"fr-FR\",\"potentialAction\":[{\"@type\":\"ReadAction\",\"target\":[\"https:\/\/stourm.news\/?p=2208\"]}]},{\"@type\":\"ImageObject\",\"inLanguage\":\"fr-FR\",\"@id\":\"https:\/\/stourm.news\/?p=2208#primaryimage\",\"url\":\"https:\/\/stourm.news\/wp-content\/uploads\/2024\/09\/Capture-decran-2024-09-06-a-13.30.42.png\",\"contentUrl\":\"https:\/\/stourm.news\/wp-content\/uploads\/2024\/09\/Capture-decran-2024-09-06-a-13.30.42.png\",\"width\":1024,\"height\":696},{\"@type\":\"BreadcrumbList\",\"@id\":\"https:\/\/stourm.news\/?p=2208#breadcrumb\",\"itemListElement\":[{\"@type\":\"ListItem\",\"position\":1,\"name\":\"Accueil\",\"item\":\"https:\/\/stourm.news\/\"},{\"@type\":\"ListItem\",\"position\":2,\"name\":\"Incendie de voitures et cambriolages : la nuit de mercredi \u00e0 jeudi a \u00e9t\u00e9 agit\u00e9e \u00e0 Morlaix\"}]},{\"@type\":\"WebSite\",\"@id\":\"https:\/\/stourm.news\/#website\",\"url\":\"https:\/\/stourm.news\/\",\"name\":\"Stourm\",\"description\":\"Kazetenn Strollad Broadel Breizh\",\"publisher\":{\"@id\":\"https:\/\/stourm.news\/#organization\"},\"potentialAction\":[{\"@type\":\"SearchAction\",\"target\":{\"@type\":\"EntryPoint\",\"urlTemplate\":\"https:\/\/stourm.news\/?s={search_term_string}\"},\"query-input\":{\"@type\":\"PropertyValueSpecification\",\"valueRequired\":true,\"valueName\":\"search_term_string\"}}],\"inLanguage\":\"fr-FR\"},{\"@type\":\"Organization\",\"@id\":\"https:\/\/stourm.news\/#organization\",\"name\":\"Stourm\",\"url\":\"https:\/\/stourm.news\/\",\"logo\":{\"@type\":\"ImageObject\",\"inLanguage\":\"fr-FR\",\"@id\":\"https:\/\/stourm.news\/#\/schema\/logo\/image\/\",\"url\":\"https:\/\/stourm.news\/wp-content\/uploads\/2025\/11\/cropped-Capture-decran-2025-11-28-a-15.19.07.png\",\"contentUrl\":\"https:\/\/stourm.news\/wp-content\/uploads\/2025\/11\/cropped-Capture-decran-2025-11-28-a-15.19.07.png\",\"width\":1855,\"height\":383,\"caption\":\"Stourm\"},\"image\":{\"@id\":\"https:\/\/stourm.news\/#\/schema\/logo\/image\/\"},\"sameAs\":[\"https:\/\/www.facebook.com\/stourmnews\/\"]},{\"@type\":\"Person\",\"@id\":\"https:\/\/stourm.news\/#\/schema\/person\/c3e1dc65988632e190969234ef046cf9\",\"name\":\"La r\u00e9daction\",\"image\":{\"@type\":\"ImageObject\",\"inLanguage\":\"fr-FR\",\"@id\":\"https:\/\/stourm.news\/#\/schema\/person\/image\/\",\"url\":\"https:\/\/secure.gravatar.com\/avatar\/7463443f194b6b5fb706b074ca0ef59a0cfcfd720cb47764b0ec5a952ce422b3?s=96&d=mm&r=g\",\"contentUrl\":\"https:\/\/secure.gravatar.com\/avatar\/7463443f194b6b5fb706b074ca0ef59a0cfcfd720cb47764b0ec5a952ce422b3?s=96&d=mm&r=g\",\"caption\":\"La r\u00e9daction\"},\"sameAs\":[\"https:\/\/stourm.news\"],\"url\":\"https:\/\/stourm.news\/?author=1\"}]}<\/script>\n<!-- \/ Yoast SEO plugin. -->","yoast_head_json":{"title":"Incendie de voitures et cambriolages : la nuit de mercredi \u00e0 jeudi a \u00e9t\u00e9 agit\u00e9e \u00e0 Morlaix - STOURM","robots":{"index":"index","follow":"follow","max-snippet":"max-snippet:-1","max-image-preview":"max-image-preview:large","max-video-preview":"max-video-preview:-1"},"canonical":"https:\/\/stourm.news\/?p=2208","og_locale":"fr_FR","og_type":"article","og_title":"Incendie de voitures et cambriolages : la nuit de mercredi \u00e0 jeudi a \u00e9t\u00e9 agit\u00e9e \u00e0 Morlaix - STOURM","og_description":"Pas moins de cinq voitures ont \u00e9t\u00e9 enti\u00e8rement d\u00e9truites par le feu, dans la nuit du mercredi 4 au jeudi 5 septembre 2024, sur le parking de la rue G\u00e9n\u00e9ral-Le Fl\u00f4, \u00e0 proximit\u00e9 de la gare de Morlaix. Quatre autres ont \u00e9t\u00e9 endommag\u00e9es par la propagation des flammes. Pompiers et police nationale se rendus sur [&hellip;]","og_url":"https:\/\/stourm.news\/?p=2208","og_site_name":"STOURM","article_publisher":"https:\/\/www.facebook.com\/stourmnews\/","article_published_time":"2024-09-06T04:31:16+00:00","og_image":[{"width":1024,"height":696,"url":"https:\/\/stourm.news\/wp-content\/uploads\/2024\/09\/Capture-decran-2024-09-06-a-13.30.42.png","type":"image\/png"}],"author":"La r\u00e9daction","twitter_card":"summary_large_image","twitter_misc":{"\u00c9crit par":"La r\u00e9daction","Dur\u00e9e de lecture estim\u00e9e":"1 minute"},"schema":{"@context":"https:\/\/schema.org","@graph":[{"@type":"Article","@id":"https:\/\/stourm.news\/?p=2208#article","isPartOf":{"@id":"https:\/\/stourm.news\/?p=2208"},"author":{"name":"La r\u00e9daction","@id":"https:\/\/stourm.news\/#\/schema\/person\/c3e1dc65988632e190969234ef046cf9"},"headline":"Incendie de voitures et cambriolages : la nuit de mercredi \u00e0 jeudi a \u00e9t\u00e9 agit\u00e9e \u00e0 Morlaix","datePublished":"2024-09-06T04:31:16+00:00","mainEntityOfPage":{"@id":"https:\/\/stourm.news\/?p=2208"},"wordCount":148,"commentCount":0,"publisher":{"@id":"https:\/\/stourm.news\/#organization"},"image":{"@id":"https:\/\/stourm.news\/?p=2208#primaryimage"},"thumbnailUrl":"https:\/\/stourm.news\/wp-content\/uploads\/2024\/09\/Capture-decran-2024-09-06-a-13.30.42.png","articleSection":["Faits divers","Finist\u00e8re","Revue de presse"],"inLanguage":"fr-FR","potentialAction":[{"@type":"CommentAction","name":"Comment","target":["https:\/\/stourm.news\/?p=2208#respond"]}]},{"@type":"WebPage","@id":"https:\/\/stourm.news\/?p=2208","url":"https:\/\/stourm.news\/?p=2208","name":"Incendie de voitures et cambriolages : la nuit de mercredi \u00e0 jeudi a \u00e9t\u00e9 agit\u00e9e \u00e0 Morlaix - STOURM","isPartOf":{"@id":"https:\/\/stourm.news\/#website"},"primaryImageOfPage":{"@id":"https:\/\/stourm.news\/?p=2208#primaryimage"},"image":{"@id":"https:\/\/stourm.news\/?p=2208#primaryimage"},"thumbnailUrl":"https:\/\/stourm.news\/wp-content\/uploads\/2024\/09\/Capture-decran-2024-09-06-a-13.30.42.png","datePublished":"2024-09-06T04:31:16+00:00","breadcrumb":{"@id":"https:\/\/stourm.news\/?p=2208#breadcrumb"},"inLanguage":"fr-FR","potentialAction":[{"@type":"ReadAction","target":["https:\/\/stourm.news\/?p=2208"]}]},{"@type":"ImageObject","inLanguage":"fr-FR","@id":"https:\/\/stourm.news\/?p=2208#primaryimage","url":"https:\/\/stourm.news\/wp-content\/uploads\/2024\/09\/Capture-decran-2024-09-06-a-13.30.42.png","contentUrl":"https:\/\/stourm.news\/wp-content\/uploads\/2024\/09\/Capture-decran-2024-09-06-a-13.30.42.png","width":1024,"height":696},{"@type":"BreadcrumbList","@id":"https:\/\/stourm.news\/?p=2208#breadcrumb","itemListElement":[{"@type":"ListItem","position":1,"name":"Accueil","item":"https:\/\/stourm.news\/"},{"@type":"ListItem","position":2,"name":"Incendie de voitures et cambriolages : la nuit de mercredi \u00e0 jeudi a \u00e9t\u00e9 agit\u00e9e \u00e0 Morlaix"}]},{"@type":"WebSite","@id":"https:\/\/stourm.news\/#website","url":"https:\/\/stourm.news\/","name":"Stourm","description":"Kazetenn Strollad Broadel Breizh","publisher":{"@id":"https:\/\/stourm.news\/#organization"},"potentialAction":[{"@type":"SearchAction","target":{"@type":"EntryPoint","urlTemplate":"https:\/\/stourm.news\/?s={search_term_string}"},"query-input":{"@type":"PropertyValueSpecification","valueRequired":true,"valueName":"search_term_string"}}],"inLanguage":"fr-FR"},{"@type":"Organization","@id":"https:\/\/stourm.news\/#organization","name":"Stourm","url":"https:\/\/stourm.news\/","logo":{"@type":"ImageObject","inLanguage":"fr-FR","@id":"https:\/\/stourm.news\/#\/schema\/logo\/image\/","url":"https:\/\/stourm.news\/wp-content\/uploads\/2025\/11\/cropped-Capture-decran-2025-11-28-a-15.19.07.png","contentUrl":"https:\/\/stourm.news\/wp-content\/uploads\/2025\/11\/cropped-Capture-decran-2025-11-28-a-15.19.07.png","width":1855,"height":383,"caption":"Stourm"},"image":{"@id":"https:\/\/stourm.news\/#\/schema\/logo\/image\/"},"sameAs":["https:\/\/www.facebook.com\/stourmnews\/"]},{"@type":"Person","@id":"https:\/\/stourm.news\/#\/schema\/person\/c3e1dc65988632e190969234ef046cf9","name":"La r\u00e9daction","image":{"@type":"ImageObject","inLanguage":"fr-FR","@id":"https:\/\/stourm.news\/#\/schema\/person\/image\/","url":"https:\/\/secure.gravatar.com\/avatar\/7463443f194b6b5fb706b074ca0ef59a0cfcfd720cb47764b0ec5a952ce422b3?s=96&d=mm&r=g","contentUrl":"https:\/\/secure.gravatar.com\/avatar\/7463443f194b6b5fb706b074ca0ef59a0cfcfd720cb47764b0ec5a952ce422b3?s=96&d=mm&r=g","caption":"La r\u00e9daction"},"sameAs":["https:\/\/stourm.news"],"url":"https:\/\/stourm.news\/?author=1"}]}},"_links":{"self":[{"href":"https:\/\/stourm.news\/index.php?rest_route=\/wp\/v2\/posts\/2208","targetHints":{"allow":["GET"]}}],"collection":[{"href":"https:\/\/stourm.news\/index.php?rest_route=\/wp\/v2\/posts"}],"about":[{"href":"https:\/\/stourm.news\/index.php?rest_route=\/wp\/v2\/types\/post"}],"author":[{"embeddable":true,"href":"https:\/\/stourm.news\/index.php?rest_route=\/wp\/v2\/users\/1"}],"replies":[{"embeddable":true,"href":"https:\/\/stourm.news\/index.php?rest_route=%2Fwp%2Fv2%2Fcomments&post=2208"}],"version-history":[{"count":1,"href":"https:\/\/stourm.news\/index.php?rest_route=\/wp\/v2\/posts\/2208\/revisions"}],"predecessor-version":[{"id":2210,"href":"https:\/\/stourm.news\/index.php?rest_route=\/wp\/v2\/posts\/2208\/revisions\/2210"}],"wp:featuredmedia":[{"embeddable":true,"href":"https:\/\/stourm.news\/index.php?rest_route=\/wp\/v2\/media\/2209"}],"wp:attachment":[{"href":"https:\/\/stourm.news\/index.php?rest_route=%2Fwp%2Fv2%2Fmedia&parent=2208"}],"wp:term":[{"taxonomy":"category","embeddable":true,"href":"https:\/\/stourm.news\/index.php?rest_route=%2Fwp%2Fv2%2Fcategories&post=2208"},{"taxonomy":"post_tag","embeddable":true,"href":"https:\/\/stourm.news\/index.php?rest_route=%2Fwp%2Fv2%2Ftags&post=2208"}],"curies":[{"name":"wp","href":"https:\/\/api.w.org\/{rel}","templated":true}]}}