{"id":2226,"date":"2024-09-08T04:41:57","date_gmt":"2024-09-08T04:41:57","guid":{"rendered":"https:\/\/stourm.news\/?p=2226"},"modified":"2024-09-08T05:32:12","modified_gmt":"2024-09-08T05:32:12","slug":"pas-de-salut-pour-la-langue-bretonne-sans-letat-breton-editorial","status":"publish","type":"post","link":"https:\/\/stourm.news\/?p=2226","title":{"rendered":"Pas de salut pour la langue bretonne sans l&rsquo;\u00c9tat breton (\u00c9ditorial)"},"content":{"rendered":"<p style=\"text-align: justify;\">\u00c0 Lamballe, les parents \u00e9l\u00e8ves de l&rsquo;\u00e9tablissement public Mathurin-M\u00e9heut ont eu la surprise de d\u00e9couvrir que l&rsquo;\u00c9tat fran\u00e7ais avait d\u00e9sign\u00e9 <strong><a href=\"https:\/\/www.letelegramme.fr\/cotes-d-armor\/lamballe-armor-22400\/a-lamballe-une-nouvelle-classe-bilingue-cherche-toujours-son-prof-sachant-parler-breton-6656191.php\">un professeur incapable de parler breton<\/a><\/strong> pour prendre en charge la troisi\u00e8me classe bilingue, arrach\u00e9e \u00e0 l&rsquo;\u00c9tat fran\u00e7ais par une forte mobilisation. \u00c0 Guingamp, une classe bilingue <strong><a href=\"https:\/\/www.letelegramme.fr\/cotes-d-armor\/guingamp-22200\/guingamp-la-filiere-francais-breton-du-college-prevert-pas-activee-a-la-rentree-6628396.php\">a \u00e9t\u00e9 ferm\u00e9e \u00e0 la rentr\u00e9e<\/a><\/strong> en d\u00e9pit de l&rsquo;opposition des familles.<\/p>\n<p style=\"text-align: justify;\">Dans le m\u00eame temps, Diwan annon\u00e7ait \u00eatre en difficult\u00e9 financi\u00e8re avec un manque de 500,000 euros pour assurer son fonctionnement.<\/p>\n<blockquote class=\"twitter-tweet\">\n<p dir=\"ltr\" lang=\"fr\">Face \u00e0 la pression de l\u2019\u00c9tat fran\u00e7ais, Diwan a besoin de 500 000 \u20ac pour financer l\u2019ann\u00e9e<\/p>\n<p>Lire \u2b07\ufe0f<a href=\"https:\/\/t.co\/8Z3flrlTzD\">https:\/\/t.co\/8Z3flrlTzD<\/a><\/p>\n<p>\u2014 Stourm! (@Stourm39280) <a href=\"https:\/\/twitter.com\/Stourm39280\/status\/1831942911908565299?ref_src=twsrc%5Etfw\">September 6, 2024<\/a><\/p><\/blockquote>\n<p><script async src=\"https:\/\/platform.twitter.com\/widgets.js\" charset=\"utf-8\"><\/script><\/p>\n<p style=\"text-align: justify;\">Ces r\u00e9cents d\u00e9veloppements refl\u00e8tent non seulement la pr\u00e9carit\u00e9 de l&rsquo;enseignement de la langue bretonne, mais surtout le sabotage tant\u00f4t actif, tant\u00f4t passif que poursuit l&rsquo;\u00c9tat fran\u00e7ais contre la langue nationale.<\/p>\n<p><strong>Un retard colossal<\/strong><\/p>\n<p style=\"text-align: justify;\">La Bretagne accuse un grave retard dans la structuration de l&rsquo;enseignement de la langue bretonne. Au Pays de Galles, l&rsquo;enseignement du gallois en deuxi\u00e8me langue est obligatoire de 5 \u00e0 16 ans. Approximativement 100,000 \u00e9l\u00e8ves re\u00e7oivent un enseignement en gallois (25%) et on d\u00e9nombre 400 \u00e9coles primaires par immersion (sur un peu plus de 1,200) qui accueillent 63,000 enfants. Dans l&rsquo;enseignement secondaire (coll\u00e8ges et lyc\u00e9es), 15% des \u00e9l\u00e8ves gallois (37,000) re\u00e7oivent un enseignement par immersion tandis que 10% re\u00e7oivent un enseignement bilingue.<\/p>\n<p><strong>Une opposition id\u00e9ologique irr\u00e9ductible<\/strong><\/p>\n<p style=\"text-align: justify;\">Comparativement, Diwan, qui pratique l&rsquo;immersion, accueille 4,000 \u00e9l\u00e8ves et maintient 46 \u00e9coles primaires, 6 coll\u00e8ges et 2 lyc\u00e9es dans un environnement institutionnel hostile car domin\u00e9 par le minist\u00e8re fran\u00e7ais de l&rsquo;\u00c9ducation nationale. Il ne s&rsquo;agit pas d&rsquo;une erreur, mais d&rsquo;une opposition frontale entre un peuple, le peuple breton, et un syst\u00e8me id\u00e9ologique et \u00e9tatique vieux de 235 ans. Le minist\u00e8re de l&rsquo;\u00c9ducation fran\u00e7ais, matrice id\u00e9ologique du syst\u00e8me r\u00e9publicain depuis Jules Ferry, poursuit en toute conscience une r\u00e9volution culturelle cens\u00e9e accoucher d&rsquo;un homme nouveau, coup\u00e9e de son pass\u00e9 et de ses racines ethno-culturelles, qui passe par l&rsquo;\u00e9radication de la langue bretonne en Bretagne.<\/p>\n<p style=\"text-align: justify;\"><span style=\"text-align: justify; font-family: var(--viral-mag-body-family, Poppins); font-size: var(--viral-mag-body-size, 16px); font-style: var(--viral-mag-body-style, normal); letter-spacing: var(--viral-mag-body-letter-spacing, 0); text-transform: var(--viral-mag-body-text-transform, none); text-decoration: var(--viral-mag-body-text-decoration, none);\">Le r\u00e9gime fran\u00e7ais est parfaitement conscient de l&rsquo;enjeu historique, puisqu&rsquo;en 2021 Michel Blanquer, ancien ministre de l&rsquo;\u00c9ducation Nationale et robespierriste orthodoxe, a fait d\u00e9clarer inconstitutionnel l&rsquo;enseignement par immersion dont Diwan, \u00e0 l&rsquo;image du syst\u00e8me gallois, est l&rsquo;organisateur dans le cadre de ses \u00e9coles sous contrat avec l&rsquo;\u00c9tat fran\u00e7ais.<\/span><\/p>\n<p><strong>La d\u00e9politisation, une erreur fatale<\/strong><\/p>\n<p style=\"text-align: justify;\">Jusqu&rsquo;ici, la c\u00e9sure qui pr\u00e9vaut entre le front politique et le front culturel, notamment linguistique, a g\u00e9n\u00e9r\u00e9 une approche d\u00e9sordonn\u00e9e de la question de l&rsquo;enseignement de la langue bretonne. C&rsquo;est le r\u00e9sultat de la d\u00e9politisation du combat linguistique, de sa s\u00e9paration radicale d&rsquo;avec la question nationale bretonne. Cette d\u00e9politisation est le r\u00e9sultat de l&rsquo;int\u00e9riorisation du fait colonial fran\u00e7ais en Bretagne par le mouvement en faveur de la langue bretonne.<\/p>\n<p style=\"text-align: justify;\">Sans coh\u00e9sion id\u00e9ologique d&rsquo;ensemble, des revendications parcellaires sont port\u00e9es par des individus et non par un mouvement organis\u00e9 conscient de la confrontation fondamentale entre la nation bretonne et l&rsquo;\u00c9tat fran\u00e7ais. La loi Molac, sanctionn\u00e9e par le conseil constitutionnel fran\u00e7ais, illustre les limites de cette m\u00e9thode opportuniste des \u00ab\u00a0petits pas\u00a0\u00bb dans le cadre de l&rsquo;\u00c9tat fran\u00e7ais.<\/p>\n<p><strong>Pas de salut pour la langue bretonne sans l&rsquo;\u00c9tat breton<\/strong><\/p>\n<p style=\"text-align: justify;\">Il ne peut pas y avoir de salut pour la langue nationale sans conception nationale de la langue. Une conception nationale est indissociable d&rsquo;un \u00e9tat national, donc de la lutte pour la restauration de l&rsquo;\u00c9tat breton. Or, aujourd&rsquo;hui, nous en sommes encore au stade colonial comme l&rsquo;illustre le terme \u00ab\u00a0langues r\u00e9gionales\u00a0\u00bb, expression qui rappelle le rang des brittophones dans la hi\u00e9rarchie politique arbitrairement d\u00e9cr\u00e9t\u00e9e par Paris. Il n&rsquo;y a pas de langues \u00ab\u00a0r\u00e9gionales\u00a0\u00bb, il n&rsquo;y a que des langues. Tant que ce cadre colonial pr\u00e9vaut dans les esprits en Bretagne, la question linguistique ne pourra pas \u00eatre pos\u00e9e dans son v\u00e9ritable cadre historique, celui de la volont\u00e9 de l&rsquo;\u00c9tat fran\u00e7ais de d\u00e9truire le peuple breton comme nation, et ne trouvera en cons\u00e9quence aucune r\u00e9ponse de nature \u00e0 changer la dynamique actuelle.<\/p>\n<p style=\"text-align: justify;\">C&rsquo;est donc bien dans le domaine politique que se trouve la r\u00e9ponse \u00e0 la question linguistique et non dans le domaine linguistique lui-m\u00eame, contrairement \u00e0 ce qu&rsquo;entretiennent par na\u00efvet\u00e9 ou l\u00e2chet\u00e9 un bien trop grand nombre de Bretons. La r\u00e9ponse \u00e0 cette question proc\u00e8de de l&rsquo;\u00e9mancipation de la nation bretonne et d\u00e9pend concr\u00e8tement de l&rsquo;instrument de cette \u00e9mancipation :<strong> l&rsquo;\u00c9tat breton<\/strong>. C&rsquo;est l&rsquo;\u00c9tat breton et seulement lui qui m\u00e8nera une politique linguistique \u00e0 la hauteur de la langue bretonne comme langue nationale en rendant son enseignement obligatoire, \u00e0 l&rsquo;instar du Pays de Galles, et en investissant massivement dans un syst\u00e8me d&rsquo;enseignement public qui le place au centre de son architecture.<\/p>\n<p style=\"text-align: justify;\">La langue bretonne ne pourra jamais vivre comme passager clandestin en Bretagne. C&rsquo;est une illusion. Pour en finir avec la pr\u00e9sente situation, il faut un front politique qui exprime l&rsquo;enjeu national en termes clairs, se portant au devant des \u00e9lecteurs bretons sans faux semblants, dans une authentique d\u00e9marche nationaliste. C&rsquo;est toute la diff\u00e9rence qu&rsquo;il y a entre la mendicit\u00e9 plaintive et la lutte pour la libert\u00e9.<\/p>\n<p style=\"text-align: right;\"><strong>Ewen Broc&rsquo;han<\/strong><\/p>\n<p>&nbsp;<\/p>\n<p>&nbsp;<\/p>\n<p>&nbsp;<\/p>\n<p>&nbsp;<\/p>\n<p>&nbsp;<\/p>\n","protected":false},"excerpt":{"rendered":"<p>\u00c0 Lamballe, les parents \u00e9l\u00e8ves de l&rsquo;\u00e9tablissement public Mathurin-M\u00e9heut ont eu la surprise de d\u00e9couvrir que l&rsquo;\u00c9tat fran\u00e7ais avait d\u00e9sign\u00e9 un professeur incapable de parler breton pour prendre en charge la troisi\u00e8me classe bilingue, arrach\u00e9e \u00e0 l&rsquo;\u00c9tat fran\u00e7ais par une forte mobilisation. \u00c0 Guingamp, une classe bilingue a \u00e9t\u00e9 ferm\u00e9e \u00e0 la rentr\u00e9e en d\u00e9pit [&hellip;]<\/p>\n","protected":false},"author":1,"featured_media":2228,"comment_status":"open","ping_status":"open","sticky":false,"template":"","format":"standard","meta":{"sb_editor_width":"","footnotes":""},"categories":[63,65],"tags":[],"class_list":["post-2226","post","type-post","status-publish","format-standard","has-post-thumbnail","hentry","category-editorial","category-principale"],"relative_dates":{"created":"2 ans ago","modified":"2 ans ago"},"yoast_head":"<!-- This site is optimized with the Yoast SEO plugin v26.3 - https:\/\/yoast.com\/wordpress\/plugins\/seo\/ -->\n<title>Pas de salut pour la langue bretonne sans l&#039;\u00c9tat breton (\u00c9ditorial) - STOURM<\/title>\n<meta name=\"robots\" content=\"index, follow, max-snippet:-1, max-image-preview:large, max-video-preview:-1\" \/>\n<link rel=\"canonical\" href=\"https:\/\/stourm.news\/?p=2226\" \/>\n<meta property=\"og:locale\" content=\"fr_FR\" \/>\n<meta property=\"og:type\" content=\"article\" \/>\n<meta property=\"og:title\" content=\"Pas de salut pour la langue bretonne sans l&#039;\u00c9tat breton (\u00c9ditorial) - STOURM\" \/>\n<meta property=\"og:description\" content=\"\u00c0 Lamballe, les parents \u00e9l\u00e8ves de l&rsquo;\u00e9tablissement public Mathurin-M\u00e9heut ont eu la surprise de d\u00e9couvrir que l&rsquo;\u00c9tat fran\u00e7ais avait d\u00e9sign\u00e9 un professeur incapable de parler breton pour prendre en charge la troisi\u00e8me classe bilingue, arrach\u00e9e \u00e0 l&rsquo;\u00c9tat fran\u00e7ais par une forte mobilisation. \u00c0 Guingamp, une classe bilingue a \u00e9t\u00e9 ferm\u00e9e \u00e0 la rentr\u00e9e en d\u00e9pit [&hellip;]\" \/>\n<meta property=\"og:url\" content=\"https:\/\/stourm.news\/?p=2226\" \/>\n<meta property=\"og:site_name\" content=\"STOURM\" \/>\n<meta property=\"article:publisher\" content=\"https:\/\/www.facebook.com\/stourmnews\/\" \/>\n<meta property=\"article:published_time\" content=\"2024-09-08T04:41:57+00:00\" \/>\n<meta property=\"article:modified_time\" content=\"2024-09-08T05:32:12+00:00\" \/>\n<meta property=\"og:image\" content=\"https:\/\/stourm.news\/wp-content\/uploads\/2024\/09\/637f3c1994267b3d1a3062ac.webp\" \/>\n\t<meta property=\"og:image:width\" content=\"960\" \/>\n\t<meta property=\"og:image:height\" content=\"600\" \/>\n\t<meta property=\"og:image:type\" content=\"image\/webp\" \/>\n<meta name=\"author\" content=\"La r\u00e9daction\" \/>\n<meta name=\"twitter:card\" content=\"summary_large_image\" \/>\n<meta name=\"twitter:label1\" content=\"\u00c9crit par\" \/>\n\t<meta name=\"twitter:data1\" content=\"La r\u00e9daction\" \/>\n\t<meta name=\"twitter:label2\" content=\"Dur\u00e9e de lecture estim\u00e9e\" \/>\n\t<meta name=\"twitter:data2\" content=\"5 minutes\" \/>\n<script type=\"application\/ld+json\" class=\"yoast-schema-graph\">{\"@context\":\"https:\/\/schema.org\",\"@graph\":[{\"@type\":\"Article\",\"@id\":\"https:\/\/stourm.news\/?p=2226#article\",\"isPartOf\":{\"@id\":\"https:\/\/stourm.news\/?p=2226\"},\"author\":{\"name\":\"La r\u00e9daction\",\"@id\":\"https:\/\/stourm.news\/#\/schema\/person\/c3e1dc65988632e190969234ef046cf9\"},\"headline\":\"Pas de salut pour la langue bretonne sans l&rsquo;\u00c9tat breton (\u00c9ditorial)\",\"datePublished\":\"2024-09-08T04:41:57+00:00\",\"dateModified\":\"2024-09-08T05:32:12+00:00\",\"mainEntityOfPage\":{\"@id\":\"https:\/\/stourm.news\/?p=2226\"},\"wordCount\":963,\"commentCount\":0,\"publisher\":{\"@id\":\"https:\/\/stourm.news\/#organization\"},\"image\":{\"@id\":\"https:\/\/stourm.news\/?p=2226#primaryimage\"},\"thumbnailUrl\":\"https:\/\/stourm.news\/wp-content\/uploads\/2024\/09\/637f3c1994267b3d1a3062ac.webp\",\"articleSection\":[\"Editorial\",\"Principale\"],\"inLanguage\":\"fr-FR\",\"potentialAction\":[{\"@type\":\"CommentAction\",\"name\":\"Comment\",\"target\":[\"https:\/\/stourm.news\/?p=2226#respond\"]}]},{\"@type\":\"WebPage\",\"@id\":\"https:\/\/stourm.news\/?p=2226\",\"url\":\"https:\/\/stourm.news\/?p=2226\",\"name\":\"Pas de salut pour la langue bretonne sans l'\u00c9tat breton (\u00c9ditorial) - STOURM\",\"isPartOf\":{\"@id\":\"https:\/\/stourm.news\/#website\"},\"primaryImageOfPage\":{\"@id\":\"https:\/\/stourm.news\/?p=2226#primaryimage\"},\"image\":{\"@id\":\"https:\/\/stourm.news\/?p=2226#primaryimage\"},\"thumbnailUrl\":\"https:\/\/stourm.news\/wp-content\/uploads\/2024\/09\/637f3c1994267b3d1a3062ac.webp\",\"datePublished\":\"2024-09-08T04:41:57+00:00\",\"dateModified\":\"2024-09-08T05:32:12+00:00\",\"breadcrumb\":{\"@id\":\"https:\/\/stourm.news\/?p=2226#breadcrumb\"},\"inLanguage\":\"fr-FR\",\"potentialAction\":[{\"@type\":\"ReadAction\",\"target\":[\"https:\/\/stourm.news\/?p=2226\"]}]},{\"@type\":\"ImageObject\",\"inLanguage\":\"fr-FR\",\"@id\":\"https:\/\/stourm.news\/?p=2226#primaryimage\",\"url\":\"https:\/\/stourm.news\/wp-content\/uploads\/2024\/09\/637f3c1994267b3d1a3062ac.webp\",\"contentUrl\":\"https:\/\/stourm.news\/wp-content\/uploads\/2024\/09\/637f3c1994267b3d1a3062ac.webp\",\"width\":960,\"height\":600},{\"@type\":\"BreadcrumbList\",\"@id\":\"https:\/\/stourm.news\/?p=2226#breadcrumb\",\"itemListElement\":[{\"@type\":\"ListItem\",\"position\":1,\"name\":\"Accueil\",\"item\":\"https:\/\/stourm.news\/\"},{\"@type\":\"ListItem\",\"position\":2,\"name\":\"Pas de salut pour la langue bretonne sans l&rsquo;\u00c9tat breton (\u00c9ditorial)\"}]},{\"@type\":\"WebSite\",\"@id\":\"https:\/\/stourm.news\/#website\",\"url\":\"https:\/\/stourm.news\/\",\"name\":\"Stourm\",\"description\":\"Kazetenn Strollad Broadel Breizh\",\"publisher\":{\"@id\":\"https:\/\/stourm.news\/#organization\"},\"potentialAction\":[{\"@type\":\"SearchAction\",\"target\":{\"@type\":\"EntryPoint\",\"urlTemplate\":\"https:\/\/stourm.news\/?s={search_term_string}\"},\"query-input\":{\"@type\":\"PropertyValueSpecification\",\"valueRequired\":true,\"valueName\":\"search_term_string\"}}],\"inLanguage\":\"fr-FR\"},{\"@type\":\"Organization\",\"@id\":\"https:\/\/stourm.news\/#organization\",\"name\":\"Stourm\",\"url\":\"https:\/\/stourm.news\/\",\"logo\":{\"@type\":\"ImageObject\",\"inLanguage\":\"fr-FR\",\"@id\":\"https:\/\/stourm.news\/#\/schema\/logo\/image\/\",\"url\":\"https:\/\/stourm.news\/wp-content\/uploads\/2025\/11\/cropped-Capture-decran-2025-11-28-a-15.19.07.png\",\"contentUrl\":\"https:\/\/stourm.news\/wp-content\/uploads\/2025\/11\/cropped-Capture-decran-2025-11-28-a-15.19.07.png\",\"width\":1855,\"height\":383,\"caption\":\"Stourm\"},\"image\":{\"@id\":\"https:\/\/stourm.news\/#\/schema\/logo\/image\/\"},\"sameAs\":[\"https:\/\/www.facebook.com\/stourmnews\/\"]},{\"@type\":\"Person\",\"@id\":\"https:\/\/stourm.news\/#\/schema\/person\/c3e1dc65988632e190969234ef046cf9\",\"name\":\"La r\u00e9daction\",\"image\":{\"@type\":\"ImageObject\",\"inLanguage\":\"fr-FR\",\"@id\":\"https:\/\/stourm.news\/#\/schema\/person\/image\/\",\"url\":\"https:\/\/secure.gravatar.com\/avatar\/7463443f194b6b5fb706b074ca0ef59a0cfcfd720cb47764b0ec5a952ce422b3?s=96&d=mm&r=g\",\"contentUrl\":\"https:\/\/secure.gravatar.com\/avatar\/7463443f194b6b5fb706b074ca0ef59a0cfcfd720cb47764b0ec5a952ce422b3?s=96&d=mm&r=g\",\"caption\":\"La r\u00e9daction\"},\"sameAs\":[\"https:\/\/stourm.news\"],\"url\":\"https:\/\/stourm.news\/?author=1\"}]}<\/script>\n<!-- \/ Yoast SEO plugin. -->","yoast_head_json":{"title":"Pas de salut pour la langue bretonne sans l'\u00c9tat breton (\u00c9ditorial) - STOURM","robots":{"index":"index","follow":"follow","max-snippet":"max-snippet:-1","max-image-preview":"max-image-preview:large","max-video-preview":"max-video-preview:-1"},"canonical":"https:\/\/stourm.news\/?p=2226","og_locale":"fr_FR","og_type":"article","og_title":"Pas de salut pour la langue bretonne sans l'\u00c9tat breton (\u00c9ditorial) - STOURM","og_description":"\u00c0 Lamballe, les parents \u00e9l\u00e8ves de l&rsquo;\u00e9tablissement public Mathurin-M\u00e9heut ont eu la surprise de d\u00e9couvrir que l&rsquo;\u00c9tat fran\u00e7ais avait d\u00e9sign\u00e9 un professeur incapable de parler breton pour prendre en charge la troisi\u00e8me classe bilingue, arrach\u00e9e \u00e0 l&rsquo;\u00c9tat fran\u00e7ais par une forte mobilisation. \u00c0 Guingamp, une classe bilingue a \u00e9t\u00e9 ferm\u00e9e \u00e0 la rentr\u00e9e en d\u00e9pit [&hellip;]","og_url":"https:\/\/stourm.news\/?p=2226","og_site_name":"STOURM","article_publisher":"https:\/\/www.facebook.com\/stourmnews\/","article_published_time":"2024-09-08T04:41:57+00:00","article_modified_time":"2024-09-08T05:32:12+00:00","og_image":[{"width":960,"height":600,"url":"https:\/\/stourm.news\/wp-content\/uploads\/2024\/09\/637f3c1994267b3d1a3062ac.webp","type":"image\/webp"}],"author":"La r\u00e9daction","twitter_card":"summary_large_image","twitter_misc":{"\u00c9crit par":"La r\u00e9daction","Dur\u00e9e de lecture estim\u00e9e":"5 minutes"},"schema":{"@context":"https:\/\/schema.org","@graph":[{"@type":"Article","@id":"https:\/\/stourm.news\/?p=2226#article","isPartOf":{"@id":"https:\/\/stourm.news\/?p=2226"},"author":{"name":"La r\u00e9daction","@id":"https:\/\/stourm.news\/#\/schema\/person\/c3e1dc65988632e190969234ef046cf9"},"headline":"Pas de salut pour la langue bretonne sans l&rsquo;\u00c9tat breton (\u00c9ditorial)","datePublished":"2024-09-08T04:41:57+00:00","dateModified":"2024-09-08T05:32:12+00:00","mainEntityOfPage":{"@id":"https:\/\/stourm.news\/?p=2226"},"wordCount":963,"commentCount":0,"publisher":{"@id":"https:\/\/stourm.news\/#organization"},"image":{"@id":"https:\/\/stourm.news\/?p=2226#primaryimage"},"thumbnailUrl":"https:\/\/stourm.news\/wp-content\/uploads\/2024\/09\/637f3c1994267b3d1a3062ac.webp","articleSection":["Editorial","Principale"],"inLanguage":"fr-FR","potentialAction":[{"@type":"CommentAction","name":"Comment","target":["https:\/\/stourm.news\/?p=2226#respond"]}]},{"@type":"WebPage","@id":"https:\/\/stourm.news\/?p=2226","url":"https:\/\/stourm.news\/?p=2226","name":"Pas de salut pour la langue bretonne sans l'\u00c9tat breton (\u00c9ditorial) - STOURM","isPartOf":{"@id":"https:\/\/stourm.news\/#website"},"primaryImageOfPage":{"@id":"https:\/\/stourm.news\/?p=2226#primaryimage"},"image":{"@id":"https:\/\/stourm.news\/?p=2226#primaryimage"},"thumbnailUrl":"https:\/\/stourm.news\/wp-content\/uploads\/2024\/09\/637f3c1994267b3d1a3062ac.webp","datePublished":"2024-09-08T04:41:57+00:00","dateModified":"2024-09-08T05:32:12+00:00","breadcrumb":{"@id":"https:\/\/stourm.news\/?p=2226#breadcrumb"},"inLanguage":"fr-FR","potentialAction":[{"@type":"ReadAction","target":["https:\/\/stourm.news\/?p=2226"]}]},{"@type":"ImageObject","inLanguage":"fr-FR","@id":"https:\/\/stourm.news\/?p=2226#primaryimage","url":"https:\/\/stourm.news\/wp-content\/uploads\/2024\/09\/637f3c1994267b3d1a3062ac.webp","contentUrl":"https:\/\/stourm.news\/wp-content\/uploads\/2024\/09\/637f3c1994267b3d1a3062ac.webp","width":960,"height":600},{"@type":"BreadcrumbList","@id":"https:\/\/stourm.news\/?p=2226#breadcrumb","itemListElement":[{"@type":"ListItem","position":1,"name":"Accueil","item":"https:\/\/stourm.news\/"},{"@type":"ListItem","position":2,"name":"Pas de salut pour la langue bretonne sans l&rsquo;\u00c9tat breton (\u00c9ditorial)"}]},{"@type":"WebSite","@id":"https:\/\/stourm.news\/#website","url":"https:\/\/stourm.news\/","name":"Stourm","description":"Kazetenn Strollad Broadel Breizh","publisher":{"@id":"https:\/\/stourm.news\/#organization"},"potentialAction":[{"@type":"SearchAction","target":{"@type":"EntryPoint","urlTemplate":"https:\/\/stourm.news\/?s={search_term_string}"},"query-input":{"@type":"PropertyValueSpecification","valueRequired":true,"valueName":"search_term_string"}}],"inLanguage":"fr-FR"},{"@type":"Organization","@id":"https:\/\/stourm.news\/#organization","name":"Stourm","url":"https:\/\/stourm.news\/","logo":{"@type":"ImageObject","inLanguage":"fr-FR","@id":"https:\/\/stourm.news\/#\/schema\/logo\/image\/","url":"https:\/\/stourm.news\/wp-content\/uploads\/2025\/11\/cropped-Capture-decran-2025-11-28-a-15.19.07.png","contentUrl":"https:\/\/stourm.news\/wp-content\/uploads\/2025\/11\/cropped-Capture-decran-2025-11-28-a-15.19.07.png","width":1855,"height":383,"caption":"Stourm"},"image":{"@id":"https:\/\/stourm.news\/#\/schema\/logo\/image\/"},"sameAs":["https:\/\/www.facebook.com\/stourmnews\/"]},{"@type":"Person","@id":"https:\/\/stourm.news\/#\/schema\/person\/c3e1dc65988632e190969234ef046cf9","name":"La r\u00e9daction","image":{"@type":"ImageObject","inLanguage":"fr-FR","@id":"https:\/\/stourm.news\/#\/schema\/person\/image\/","url":"https:\/\/secure.gravatar.com\/avatar\/7463443f194b6b5fb706b074ca0ef59a0cfcfd720cb47764b0ec5a952ce422b3?s=96&d=mm&r=g","contentUrl":"https:\/\/secure.gravatar.com\/avatar\/7463443f194b6b5fb706b074ca0ef59a0cfcfd720cb47764b0ec5a952ce422b3?s=96&d=mm&r=g","caption":"La r\u00e9daction"},"sameAs":["https:\/\/stourm.news"],"url":"https:\/\/stourm.news\/?author=1"}]}},"_links":{"self":[{"href":"https:\/\/stourm.news\/index.php?rest_route=\/wp\/v2\/posts\/2226","targetHints":{"allow":["GET"]}}],"collection":[{"href":"https:\/\/stourm.news\/index.php?rest_route=\/wp\/v2\/posts"}],"about":[{"href":"https:\/\/stourm.news\/index.php?rest_route=\/wp\/v2\/types\/post"}],"author":[{"embeddable":true,"href":"https:\/\/stourm.news\/index.php?rest_route=\/wp\/v2\/users\/1"}],"replies":[{"embeddable":true,"href":"https:\/\/stourm.news\/index.php?rest_route=%2Fwp%2Fv2%2Fcomments&post=2226"}],"version-history":[{"count":5,"href":"https:\/\/stourm.news\/index.php?rest_route=\/wp\/v2\/posts\/2226\/revisions"}],"predecessor-version":[{"id":2230,"href":"https:\/\/stourm.news\/index.php?rest_route=\/wp\/v2\/posts\/2226\/revisions\/2230"}],"wp:featuredmedia":[{"embeddable":true,"href":"https:\/\/stourm.news\/index.php?rest_route=\/wp\/v2\/media\/2228"}],"wp:attachment":[{"href":"https:\/\/stourm.news\/index.php?rest_route=%2Fwp%2Fv2%2Fmedia&parent=2226"}],"wp:term":[{"taxonomy":"category","embeddable":true,"href":"https:\/\/stourm.news\/index.php?rest_route=%2Fwp%2Fv2%2Fcategories&post=2226"},{"taxonomy":"post_tag","embeddable":true,"href":"https:\/\/stourm.news\/index.php?rest_route=%2Fwp%2Fv2%2Ftags&post=2226"}],"curies":[{"name":"wp","href":"https:\/\/api.w.org\/{rel}","templated":true}]}}